{"id":752954,"date":"2024-09-14T12:05:49","date_gmt":"2024-09-14T08:05:49","guid":{"rendered":"https:\/\/arantv.az\/?p=752954"},"modified":"2024-09-14T12:05:49","modified_gmt":"2024-09-14T08:05:49","slug":"az%c9%99rbaycan-tarixind%c9%99-muhum-gun-bakinin-qurtulusundan-106-il-otur","status":"publish","type":"post","link":"https:\/\/arantv.az\/?p=752954","title":{"rendered":"Az\u0259rbaycan tarixind\u0259 m\u00fch\u00fcm g\u00fcn &#8211; Bak\u0131n\u0131n qurtulu\u015fundan 106 il \u00f6t\u00fcr"},"content":{"rendered":"<div class=\"text-content\" data-id=\"\" data-url=\"\">\n<p><strong>Musa Qas\u0131ml\u0131: \u201c100 ild\u0259n art\u0131q, \u0259slind\u0259, bir ne\u00e7\u0259 \u0259srlik siyas\u0259ti Prezidentimiz \u0130lham \u018fliyevin r\u0259hb\u0259rliyi il\u0259 Az\u0259rbaycan d\u00f6vl\u0259ti vurub da\u011f\u0131td\u0131\u201d<\/strong><\/p>\n<p>Sabah &#8211; sentyabr\u0131n 15-i Bak\u0131n\u0131n Qafqaz \u0130slam Ordusu t\u0259r\u0259find\u0259n da\u015fnak-bol\u015fevik i\u015f\u011fal\u0131ndan azad edilm\u0259sinin 106-c\u0131 ild\u00f6n\u00fcm\u00fcd\u00fcr. Bak\u0131n\u0131n Qurtulu\u015f G\u00fcn\u00fcd\u00fcr.<\/p>\n<p>106 il \u0259vv\u0259l, 1918-ci il sentyabr\u0131n 15-d\u0259 Nuru Pa\u015fan\u0131n r\u0259hb\u0259rlik etdiyi Qafqaz \u0130slam Ordusu v\u0259 Az\u0259rbaycan \u0259sg\u0259rl\u0259ri Bak\u0131ya daxil olaraq \u015f\u0259h\u0259ri erm\u0259ni-bol\u015fevik i\u015f\u011fal\u0131ndan azad edibl\u0259r. Bel\u0259likl\u0259, h\u0259m Az\u0259rbaycan\u0131n m\u00fcst\u0259qilliyi t\u0259min olunub, h\u0259m d\u0259 erm\u0259nil\u0259rin v\u0259 bol\u015fevikl\u0259rin Bak\u0131 v\u0259 \u0259traf rayonlardak\u0131 a\u011fal\u0131\u011f\u0131na son qoyulub.<\/p>\n<p>Bak\u0131n\u0131n erm\u0259ni-bol\u015fevik i\u015f\u011fal\u0131ndan azad edilm\u0259si XX \u0259sr Az\u0259rbaycan tarixinin \u0259n \u015f\u0259r\u0259fli s\u0259hif\u0259l\u0259rind\u0259n biridir.<\/p>\n<p>1918-ci ilin may\u0131nda Az\u0259rbaycan\u0131n m\u00fcst\u0259qilliyinin elan olunmas\u0131na baxmayaraq, \u00f6lk\u0259 \u0259razisinin bir hiss\u0259si, Bak\u0131 v\u0259 \u0259traf rayonlar erm\u0259ni v\u0259 bol\u015fevikl\u0259rin n\u0259zar\u0259ti alt\u0131nda idi. Bu halda is\u0259 Az\u0259rbaycan\u0131n d\u00f6vl\u0259t m\u00fcst\u0259qilliyini t\u0259s\u0259vv\u00fcr etm\u0259k \u00e7\u0259tin idi. M\u00fcst\u0259qilliy\u0259 t\u0259z\u0259 qovu\u015fmu\u015f, beyn\u0259lxalq al\u0259md\u0259 h\u0259l\u0259 tan\u0131nmayan g\u0259nc d\u00f6vl\u0259timizin \u0259razi b\u00fct\u00f6vl\u00fcy\u00fcn\u00fc t\u0259min etm\u0259k imkanlar\u0131 yet\u0259rinc\u0259 deyildi. Bel\u0259 bir \u015f\u0259raitd\u0259 \u00f6z\u00fcn\u00fcn \u00e7ox a\u011f\u0131r durumuna r\u0259\u011fm\u0259n, Osmanl\u0131 T\u00fcrkiy\u0259si qarda\u015f Az\u0259rbaycan\u0131n \u0259razi b\u00fct\u00f6vl\u00fcy\u00fcn\u00fc t\u0259min etm\u0259k m\u0259qs\u0259dil\u0259 Nuru pa\u015fan\u0131n komandanl\u0131\u011f\u0131 il\u0259 h\u0259rbi q\u00fcvv\u0259l\u0259rini Az\u0259rbaycana g\u00f6nd\u0259rdi.<\/p>\n<p>Avropa d\u00f6vl\u0259tl\u0259rinin t\u00fcrk qo\u015funlar\u0131n\u0131n Az\u0259rbaycana g\u0259lm\u0259sin\u0259 etiraz etm\u0259sin\u0259 baxmayaraq, qarda\u015f k\u00f6m\u0259yini \u0259sirg\u0259m\u0259y\u0259n, \u00f6lk\u0259mizi t\u0259k qoymayan Osmanl\u0131 T\u00fcrkiy\u0259si 1918-ci ilin avqust-sentyabr aylar\u0131nda \u00f6z tarixi v\u0259zif\u0259sini \u015f\u0259r\u0259fl\u0259 yerin\u0259 yetirdi.<\/p>\n<p>M\u00f6ht\u0259\u015f\u0259m v\u0259 tarixi q\u0259l\u0259b\u0259d\u0259n sonra Az\u0259rbaycan Xalq C\u00fcmhuriyy\u0259ti h\u00f6kum\u0259tinin paytaxt\u0131 sentyabr\u0131n 17-d\u0259 G\u0259nc\u0259 \u015f\u0259h\u0259rind\u0259n Bak\u0131ya k\u00f6\u00e7\u00fcr\u00fcld\u00fc. Bel\u0259likl\u0259, Az\u0259rbaycanda d\u00f6vl\u0259t quruculu\u011funun \u0259sas m\u0259rh\u0259l\u0259sin\u0259 start verildi.<\/p>\n<p><strong>T\u00fcrk ordusunun Bak\u0131n\u0131 bol\u015fevik-da\u015fnak i\u015f\u011fal\u0131ndan azad etm\u0259si \u015f\u0259h\u0259rd\u0259 \u0259sl bayrama s\u0259b\u0259b olub. M\u0259\u015fhur milyon\u00e7u v\u0259 xeyriyy\u0259\u00e7i Hac\u0131 Zeynalabdin Ta\u011f\u0131yev t\u00fcrk ordusunun \u015f\u0259r\u0259fin\u0259 t\u0259nt\u0259n\u0259li ziyaf\u0259t t\u0259\u015fkil edib. Ziyaf\u0259t indiki D\u00f6vl\u0259t Filarmoniyas\u0131n\u0131n binas\u0131nda ke\u00e7irilib. H.Z.Ta\u011f\u0131yev t\u00fcrk ordusunun komandan\u0131 Nuru pa\u015faya v\u0259 onun q\u0259hr\u0259man s\u0259rk\u0259rd\u0259l\u0259rin\u0259 h\u0259diyy\u0259l\u0259r t\u0259qdim edib.<\/strong><\/p>\n<p>1918-ci il sentyabr\u0131n 15-d\u0259 Bak\u0131n\u0131n azad olunmas\u0131 Az\u0259rbaycan-T\u00fcrkiy\u0259 dostlu\u011fu v\u0259 qarda\u015fl\u0131\u011f\u0131 z\u0259minind\u0259 m\u00fcst\u0259sna \u0259h\u0259miyy\u0259t da\u015f\u0131yan b\u00f6y\u00fck hadis\u0259dir.<\/p>\n<p>Osmanl\u0131 qo\u015funlar\u0131 Bak\u0131n\u0131n azad olunmas\u0131 \u00fc\u00e7\u00fcn h\u0259yata ke\u00e7irdikl\u0259ri h\u0259rbi \u0259m\u0259liyyatlarda 1130 \u015f\u0259hid veribl\u0259r.<\/p>\n<p>Az\u0259rbaycan n\u00f6vb\u0259ti d\u0259f\u0259 m\u00fcst\u0259qillik qazand\u0131qdan sonra h\u0259r il sentyabr\u0131n 15-d\u0259 t\u0259kc\u0259 Bak\u0131da deyil, dig\u0259r \u015f\u0259h\u0259r v\u0259 rayonlarda da \u00f6lk\u0259mizin \u0259razi b\u00fct\u00f6vl\u00fcy\u00fc u\u011frunda \u015f\u0259hid olan t\u00fcrk \u0259sg\u0259rl\u0259rinin m\u0259zarlar\u0131 ziyar\u0259t olunur. H\u0259r il \u015e\u0259hidl\u0259r xiyaban\u0131nda \u015f\u0259hid t\u00fcrk \u0259sg\u0259rl\u0259rinin xatir\u0259sin\u0259 ucald\u0131lm\u0131\u015f T\u00fcrk \u015e\u0259hidliyi abid\u0259si \u00f6n\u00fcnd\u0259 an\u0131m m\u0259rasimi ke\u00e7irilir.<\/p>\n<p>T\u0259\u0259ss\u00fcf ki, ill\u0259rdir \u00e7oxsayl\u0131 t\u0259l\u0259b-t\u0259klifl\u0259r\u0259 baxmayaraq, Bak\u0131da Nuru Pa\u015faya heyk\u0259l qoymaq m\u00fcmk\u00fcn olmur. Az\u0259rbaycan\u0131n xilaskar\u0131, Az\u0259rbaycan d\u00f6vl\u0259tinin qurulmas\u0131nda \u0259n \u0259h\u0259miyy\u0259tli rol oynam\u0131\u015f tarixi \u015f\u0259xsiyy\u0259tl\u0259rd\u0259n biri olan Nuru Pa\u015fan\u0131n xatir\u0259sinin \u0259b\u0259dil\u0259\u015fdirilm\u0259si istiqam\u0259tind\u0259 Az\u0259rbaycanda he\u00e7 bir add\u0131m at\u0131lmamas\u0131n\u0131n s\u0259b\u0259bini izah etm\u0259k olduqca \u00e7\u0259tindir. Bu, b\u00f6y\u00fck tarixi \u015f\u0259xsiyy\u0259t\u0259 Az\u0259rbaycanda d\u0259y\u0259r verilm\u0259si h\u0259m d\u0259 v\u0259fa borcudur. Qarda\u015f T\u00fcrkiy\u0259 il\u0259 \u201c\u015eu\u015fa B\u0259yannam\u0259si\u201dni imzalam\u0131\u015f\u0131q. O b\u0259yannam\u0259d\u0259 \u0259slind\u0259 100 il \u00f6nc\u0259ki missiya bir d\u0259 xat\u0131rlad\u0131l\u0131r. Xat\u0131rlad\u0131l\u0131r ki, dar g\u00fcn\u00fcm\u00fczd\u0259 bir-birimiz\u0259 d\u0259st\u0259k ver\u0259k, d\u0259st\u0259k verm\u0259yi d\u0259 h\u00fcquqi c\u0259h\u0259td\u0259n \u0259sasland\u0131rm\u0131\u015f\u0131q. Bundan sonrak\u0131 yax\u0131n g\u0259l\u0259c\u0259kd\u0259 Nura pa\u015faya Bak\u0131 \u015f\u0259h\u0259rind\u0259 abid\u0259 qoyulaca\u011f\u0131na \u00fcmidl\u0259r art\u0131b.<\/p>\n<p><em>Qeyd ed\u0259k ki, regionumuzdak\u0131 m\u00f6vcud geosiyasi g\u0259rginlikl\u0259r, reall\u0131qlar hardasa 106 il \u00f6nc\u0259kini xat\u0131rlad\u0131r. Yen\u0259 b\u00f6lg\u0259mizd\u0259 b\u00f6y\u00fck s\u00fclh\u0259 \u0259sas \u0259ng\u0259l erm\u0259ni amili olaraq qal\u0131r.\u00a0<\/em><\/p>\n<p><em><img src=\"https:\/\/files.modern.az\/articles\/2024\/07\/16\/1721147340_16974530555827959060_1200x630.jpg\" alt=\"Musa Qas\u0131ml\u0131 bu dair\u0259d\u0259n namiz\u0259dliyini ir\u0259li s\u00fcrd\u00fc\" \/><\/em><\/p>\n<p>Tarix\u00e7i professor, mill\u0259t v\u0259kili Musa Qas\u0131ml\u0131 \u201cYeni M\u00fcsavat\u201da bildirdi ki, C\u0259nubi Qafqazda m\u00f6vcud olan \u015f\u0259rait y\u00fcz ild\u0259n \u00e7ox y\u00fcr\u00fcd\u00fclm\u00fc\u015f siyas\u0259tin n\u0259tic\u0259l\u0259rind\u0259n biridir. Erm\u0259nil\u0259rin Az\u0259rbaycan\u0131n \u015fimal torpaqlar\u0131na k\u00f6\u00e7\u00fcr\u00fclm\u0259si, onlar\u0131n hesab\u0131na varlanmas\u0131, siyasi terror t\u0259\u015fkilatlar\u0131n\u0131 yaratmas\u0131, b\u00f6hranl\u0131 anlarda yerli \u0259halini d\u0259d\u0259-baba torpaqlar\u0131ndan qovub \u00e7\u0131xararaq \u201cb\u00f6y\u00fck Erm\u0259nistan\u201d x\u00fclyalar\u0131na qap\u0131lmalar\u0131, Rusiya imperiyas\u0131n\u0131n bundan \u00f6z m\u0259qs\u0259dl\u0259ri \u00fc\u00e7\u00fcn istifad\u0259 etm\u0259si h\u0259mi\u015f\u0259 C\u0259nubi Qafqazda g\u0259rgin \u015f\u0259raitin yaranmas\u0131na g\u0259tirib \u00e7\u0131xar\u0131b: \u201c1917-ci ild\u0259 \u00e7arizmin s\u00fcqutundan sonra regionda ba\u015f ver\u0259n b\u00fct\u00fcn qan-qadalar, m\u0259nfilikl\u0259r \u00fc\u00e7\u00fcn m\u0259suliyy\u0259ti erm\u0259ni siyasi terror t\u0259\u015fkilatlar\u0131 v\u0259 da\u015fnak Erm\u0259nistan\u0131 da\u015f\u0131y\u0131b. 1920-ci ild\u0259 C\u0259nubi Qafqaz respublikalar\u0131, bol\u015fevik Rusiyas\u0131 t\u0259r\u0259find\u0259n i\u015f\u011fal edilib sovetl\u0259\u015fdirildikd\u0259n sonra hakimiyy\u0259t\u0259 g\u0259l\u0259n erm\u0259ni kommunistl\u0259ri \u0259slind\u0259 da\u015fnak siyas\u0259tini davam etdiribl\u0259r. Bu siyas\u0259t \u00f6z\u00fcn\u00fc indi Erm\u0259nistan adland\u0131r\u0131lan v\u0259 \u0259slind\u0259 Az\u0259rbaycan\u0131n q\u0259rbi olan \u0259razil\u0259rd\u0259 az\u0259rbaycanl\u0131lara m\u0259xsus toponiml\u0259rin d\u0259yi\u015fdirilm\u0259sind\u0259, yerli \u0259halinin s\u0131x\u0131\u015fd\u0131r\u0131l\u0131b qovulmas\u0131nda, 1988-ci ild\u0259n sonra k\u00fctl\u0259vi \u015f\u0259kild\u0259 deportasiya olunmas\u0131nda \u00f6z\u00fcn\u00fc g\u00f6st\u0259rib. B\u00fct\u00fcn bunlar azm\u0131\u015f kimi Erm\u0259nistan Az\u0259rbaycan \u0259razil\u0259rin\u0259 \u0259sass\u0131z iddialar ir\u0259li s\u00fcr\u00fcb, Az\u0259rbaycan torpaqlar\u0131n\u0131 30 ild\u0259n \u00e7ox i\u015f\u011fal alt\u0131nda saxlay\u0131b. 1918-ci ild\u0259 Bak\u0131n\u0131 bel\u0259 \u0259l\u0259 ke\u00e7irib az\u0259rbaycanl\u0131lara qar\u015f\u0131 q\u0131r\u011f\u0131nlar t\u00f6r\u0259d\u0259n erm\u0259nil\u0259r bu siyas\u0259tl\u0259rini 20-ci \u0259srin sonlar\u0131nda da daha k\u0259skin \u015f\u0259kild\u0259 davam etdirdil\u0259r. 100 ild\u0259n art\u0131q, \u0259slind\u0259 bir ne\u00e7\u0259 \u0259srlik siyas\u0259ti m\u00fcz\u0259ff\u0259r Ali Ba\u015f Komandan, c\u0259nab Prezidentimiz \u0130lham \u018fliyevin r\u0259hb\u0259rliyi il\u0259 Az\u0259rbaycan d\u00f6vl\u0259ti vurub da\u011f\u0131td\u0131. \u0130\u015f\u011fla\u00e7\u0131 \u0259razil\u0259rimizd\u0259n \u00e7\u0131xar\u0131ld\u0131, Az\u0259rbaycan \u0259razi b\u00fct\u00f6vl\u00fcy\u00fcn\u00fc, d\u00f6vl\u0259t suverenliyini b\u0259rpa etdi v\u0259 separat\u00e7\u0131l\u0131\u011f\u0131n tam k\u00f6k\u00fcn\u00fc k\u0259sdi. Qazan\u0131lan bu q\u0259l\u0259b\u0259 \u0259h\u0259miyy\u0259tinin miqyas\u0131na g\u00f6r\u0259 Az\u0259rbaycan s\u0259rh\u0259dl\u0259rini a\u015f\u0131r, Erm\u0259nistan\u0131n, onun havadarlar\u0131n\u0131n m\u0259\u011flub edilm\u0259si dem\u0259kdir. Qazan\u0131lan q\u0259l\u0259b\u0259ni Az\u0259rbaycan h\u0259rb\u00e7isi, d\u00f6vl\u0259ti v\u0259 xalq\u0131 qazand\u0131. Bu q\u0259l\u0259b\u0259nin memar\u0131 is\u0259 Az\u0259rbaycan tarixinin \u0259n b\u00f6y\u00fck strateqi \u0130lham \u018fliyevdir. Erm\u0259nistan v\u0259 erm\u0259nil\u0259r is\u0259 bu g\u00fcn d\u0259 regionda s\u00fclh\u0259 qar\u015f\u0131 olan amil olaraq qal\u0131rlar\u201d.<\/p>\n<p><strong>Etibar SEY\u0130DA\u011eA,<br \/>\n\u201cYeni M\u00fcsavat\u201d<\/strong><\/p>\n<\/div>\n<div><\/div>\n<div><\/div>\n<div class=\"inner-social-box\">\n<div class=\"subs-in-social subs-whatsapp\"><\/div>\n<\/div>\n","protected":false},"excerpt":{"rendered":"<p>Musa Qas\u0131ml\u0131: \u201c100 ild\u0259n art\u0131q, \u0259slind\u0259, bir ne\u00e7\u0259 \u0259srlik siyas\u0259ti Prezidentimiz \u0130lham \u018fliyevin r\u0259hb\u0259rliyi il\u0259 Az\u0259rbaycan d\u00f6vl\u0259ti vurub da\u011f\u0131td\u0131\u201d Sabah &#8211; sentyabr\u0131n 15-i Bak\u0131n\u0131n Qafqaz \u0130slam Ordusu t\u0259r\u0259find\u0259n da\u015fnak-bol\u015fevik i\u015f\u011fal\u0131ndan azad edilm\u0259sinin 106-c\u0131 ild\u00f6n\u00fcm\u00fcd\u00fcr. Bak\u0131n\u0131n Qurtulu\u015f G\u00fcn\u00fcd\u00fcr. 106 il \u0259vv\u0259l, 1918-ci il sentyabr\u0131n 15-d\u0259 Nuru Pa\u015fan\u0131n r\u0259hb\u0259rlik etdiyi Qafqaz \u0130slam Ordusu v\u0259 Az\u0259rbaycan \u0259sg\u0259rl\u0259ri Bak\u0131ya daxil olaraq \u015f\u0259h\u0259ri erm\u0259ni-bol\u015fevik i\u015f\u011fal\u0131ndan azad edibl\u0259r. Bel\u0259likl\u0259, h\u0259m Az\u0259rbaycan\u0131n m\u00fcst\u0259qilliyi t\u0259min olunub, h\u0259m d\u0259 erm\u0259nil\u0259rin v\u0259 bol\u015fevikl\u0259rin Bak\u0131 v\u0259 \u0259traf rayonlardak\u0131 a\u011fal\u0131\u011f\u0131na son qoyulub. Bak\u0131n\u0131n erm\u0259ni-bol\u015fevik i\u015f\u011fal\u0131ndan azad edilm\u0259si XX \u0259sr Az\u0259rbaycan tarixinin \u0259n&hellip;<\/p>\n","protected":false},"author":2,"featured_media":752955,"comment_status":"closed","ping_status":"closed","sticky":false,"template":"","format":"standard","meta":{"om_disable_all_campaigns":false,"_monsterinsights_skip_tracking":false,"_monsterinsights_sitenote_active":false,"_monsterinsights_sitenote_note":"","_monsterinsights_sitenote_category":0},"categories":[19],"tags":[],"aioseo_notices":[],"gutentor_comment":0,"rttpg_featured_image_url":{"full":["https:\/\/arantv.az\/wp-content\/uploads\/2024\/09\/e79b45ae698e1d478db83d8d07e0138c.jpg",870,500,false],"landscape":["https:\/\/arantv.az\/wp-content\/uploads\/2024\/09\/e79b45ae698e1d478db83d8d07e0138c.jpg",870,500,false],"portraits":["https:\/\/arantv.az\/wp-content\/uploads\/2024\/09\/e79b45ae698e1d478db83d8d07e0138c.jpg",870,500,false],"thumbnail":["https:\/\/arantv.az\/wp-content\/uploads\/2024\/09\/e79b45ae698e1d478db83d8d07e0138c-500x280.jpg",500,280,true],"medium":["https:\/\/arantv.az\/wp-content\/uploads\/2024\/09\/e79b45ae698e1d478db83d8d07e0138c-635x365.jpg",635,365,true],"large":["https:\/\/arantv.az\/wp-content\/uploads\/2024\/09\/e79b45ae698e1d478db83d8d07e0138c-840x483.jpg",640,368,true],"1536x1536":["https:\/\/arantv.az\/wp-content\/uploads\/2024\/09\/e79b45ae698e1d478db83d8d07e0138c.jpg",870,500,false],"2048x2048":["https:\/\/arantv.az\/wp-content\/uploads\/2024\/09\/e79b45ae698e1d478db83d8d07e0138c.jpg",870,500,false],"post-thumbnail":["https:\/\/arantv.az\/wp-content\/uploads\/2024\/09\/e79b45ae698e1d478db83d8d07e0138c-240x172.jpg",240,172,true],"advps-thumb-one":["https:\/\/arantv.az\/wp-content\/uploads\/2024\/09\/e79b45ae698e1d478db83d8d07e0138c.jpg",870,500,false]},"rttpg_author":{"display_name":"V\u00fcsal Rafiqo\u011flu","author_link":"https:\/\/arantv.az\/?author=2"},"rttpg_comment":0,"rttpg_category":"<a href=\"https:\/\/arantv.az\/?cat=19\" rel=\"category\">G\u00fcnd\u0259m<\/a>","rttpg_excerpt":"Musa Qas\u0131ml\u0131: \u201c100 ild\u0259n art\u0131q, \u0259slind\u0259, bir ne\u00e7\u0259 \u0259srlik siyas\u0259ti Prezidentimiz \u0130lham \u018fliyevin r\u0259hb\u0259rliyi il\u0259 Az\u0259rbaycan d\u00f6vl\u0259ti vurub da\u011f\u0131td\u0131\u201d Sabah &#8211; sentyabr\u0131n 15-i Bak\u0131n\u0131n Qafqaz \u0130slam Ordusu t\u0259r\u0259find\u0259n da\u015fnak-bol\u015fevik i\u015f\u011fal\u0131ndan azad edilm\u0259sinin 106-c\u0131 ild\u00f6n\u00fcm\u00fcd\u00fcr. Bak\u0131n\u0131n Qurtulu\u015f G\u00fcn\u00fcd\u00fcr. 106 il \u0259vv\u0259l, 1918-ci il sentyabr\u0131n 15-d\u0259 Nuru Pa\u015fan\u0131n r\u0259hb\u0259rlik etdiyi Qafqaz \u0130slam Ordusu v\u0259 Az\u0259rbaycan \u0259sg\u0259rl\u0259ri Bak\u0131ya&hellip;","_links":{"self":[{"href":"https:\/\/arantv.az\/index.php?rest_route=\/wp\/v2\/posts\/752954"}],"collection":[{"href":"https:\/\/arantv.az\/index.php?rest_route=\/wp\/v2\/posts"}],"about":[{"href":"https:\/\/arantv.az\/index.php?rest_route=\/wp\/v2\/types\/post"}],"author":[{"embeddable":true,"href":"https:\/\/arantv.az\/index.php?rest_route=\/wp\/v2\/users\/2"}],"replies":[{"embeddable":true,"href":"https:\/\/arantv.az\/index.php?rest_route=%2Fwp%2Fv2%2Fcomments&post=752954"}],"version-history":[{"count":1,"href":"https:\/\/arantv.az\/index.php?rest_route=\/wp\/v2\/posts\/752954\/revisions"}],"predecessor-version":[{"id":752956,"href":"https:\/\/arantv.az\/index.php?rest_route=\/wp\/v2\/posts\/752954\/revisions\/752956"}],"wp:featuredmedia":[{"embeddable":true,"href":"https:\/\/arantv.az\/index.php?rest_route=\/wp\/v2\/media\/752955"}],"wp:attachment":[{"href":"https:\/\/arantv.az\/index.php?rest_route=%2Fwp%2Fv2%2Fmedia&parent=752954"}],"wp:term":[{"taxonomy":"category","embeddable":true,"href":"https:\/\/arantv.az\/index.php?rest_route=%2Fwp%2Fv2%2Fcategories&post=752954"},{"taxonomy":"post_tag","embeddable":true,"href":"https:\/\/arantv.az\/index.php?rest_route=%2Fwp%2Fv2%2Ftags&post=752954"}],"curies":[{"name":"wp","href":"https:\/\/api.w.org\/{rel}","templated":true}]}}