{"id":752962,"date":"2024-09-14T15:38:49","date_gmt":"2024-09-14T11:38:49","guid":{"rendered":"https:\/\/arantv.az\/?p=752962"},"modified":"2024-09-14T15:38:49","modified_gmt":"2024-09-14T11:38:49","slug":"kiv-z%c9%99ng%c9%99zur-d%c9%99hlizi-m%c9%99s%c9%99l%c9%99si-iranla-rusiyani-qarsi-qarsiya-qoyub","status":"publish","type":"post","link":"https:\/\/arantv.az\/?p=752962","title":{"rendered":"K\u0130V: Z\u0259ng\u0259zur d\u0259hlizi m\u0259s\u0259l\u0259si \u0130ranla Rusiyan\u0131 qar\u015f\u0131-qar\u015f\u0131ya qoyub"},"content":{"rendered":"<div class=\"text-content\" data-id=\"\" data-url=\"\">\n<p>Z\u0259ng\u0259zur d\u0259hlizi m\u0259s\u0259l\u0259si \u0130ranla Rusiyan\u0131 qar\u015f\u0131-qar\u015f\u0131ya qoyub.<\/p>\n<p>\u201cReport\u201d x\u0259b\u0259r verir ki, bu bar\u0259d\u0259 T\u00fcrkiy\u0259 K\u0130V-i yaz\u0131b.<\/p>\n<p>Bildirilib ki, \u0130ran Z\u0259ng\u0259zur d\u0259hlizinin a\u00e7\u0131lmas\u0131na qar\u015f\u0131d\u0131r: \u201cR\u0259smi Tehran d\u00fc\u015f\u00fcn\u00fcr ki, Z\u0259ng\u0259zur d\u0259hlizinin a\u00e7\u0131lmas\u0131 il\u0259 T\u00fcrkiy\u0259 v\u0259 Az\u0259rbaycan\u0131n regiondak\u0131 n\u00fcfuzu daha da g\u00fccl\u0259n\u0259c\u0259k. \u0130ran bunu t\u0259hdid kimi q\u0259bul edir. \u0130ran bunun regionda, x\u00fcsusil\u0259 C\u0259nubi Az\u0259rbaycanda milli kimlik hissini art\u0131raca\u011f\u0131ndan narahatd\u0131r. Ba\u015fqa bir m\u0259s\u0259l\u0259 is\u0259 \u0130ran\u0131n regional m\u0259nada geosiyasi n\u00fcfuzunun azalmas\u0131 il\u0259 ba\u011fl\u0131d\u0131r. H\u0259m\u00e7inin T\u00fcrkiy\u0259 il\u0259 M\u0259rk\u0259zi Asiyadak\u0131 t\u00fcrk d\u00f6vl\u0259tl\u0259ri aras\u0131ndak\u0131 \u0259laq\u0259d\u0259 \u0130ran faktoru indiki kimi t\u0259sirli olmayacaq. N\u00f6vb\u0259ti m\u0259qam \u0130ran\u0131n Erm\u0259nistanla s\u0259rh\u0259dd\u0259ki n\u0259zar\u0259t imkanlar\u0131n\u0131n m\u0259hdudla\u015fmas\u0131d\u0131r\u201d.<\/p>\n<p>Qeyd olunub ki, b\u00fct\u00fcn bunlar \u0130ran\u0131n Z\u0259ng\u0259zur d\u0259hlizi il\u0259 ba\u011fl\u0131 m\u00f6vqeyin\u0259 t\u0259sir edir: \u201c\u0130ran Erm\u0259nistanla diplomatik \u0259laq\u0259l\u0259rinin g\u00fccl\u0259nm\u0259sin\u0259 t\u00f6hf\u0259 ver\u0259c\u0259k add\u0131mlar at\u0131r. Buna misal olaraq \u0130ran\u0131n Erm\u0259nistan\u0131n Qafan rayonunda konsulluq a\u00e7mas\u0131n\u0131 v\u0259 Erm\u0259nistan\u0131n T\u0259brizd\u0259 konsulluq a\u00e7mas\u0131n\u0131 planla\u015fd\u0131rmas\u0131n\u0131 g\u00f6st\u0259rm\u0259k olar\u201d.<\/p>\n<\/div>\n<div><\/div>\n<div><\/div>\n<div class=\"inner-social-box\">\n<div class=\"subs-in-social subs-whatsapp\"><\/div>\n<\/div>\n","protected":false},"excerpt":{"rendered":"<p>Z\u0259ng\u0259zur d\u0259hlizi m\u0259s\u0259l\u0259si \u0130ranla Rusiyan\u0131 qar\u015f\u0131-qar\u015f\u0131ya qoyub. \u201cReport\u201d x\u0259b\u0259r verir ki, bu bar\u0259d\u0259 T\u00fcrkiy\u0259 K\u0130V-i yaz\u0131b. Bildirilib ki, \u0130ran Z\u0259ng\u0259zur d\u0259hlizinin a\u00e7\u0131lmas\u0131na qar\u015f\u0131d\u0131r: \u201cR\u0259smi Tehran d\u00fc\u015f\u00fcn\u00fcr ki, Z\u0259ng\u0259zur d\u0259hlizinin a\u00e7\u0131lmas\u0131 il\u0259 T\u00fcrkiy\u0259 v\u0259 Az\u0259rbaycan\u0131n regiondak\u0131 n\u00fcfuzu daha da g\u00fccl\u0259n\u0259c\u0259k. \u0130ran bunu t\u0259hdid kimi q\u0259bul edir. \u0130ran bunun regionda, x\u00fcsusil\u0259 C\u0259nubi Az\u0259rbaycanda milli kimlik hissini art\u0131raca\u011f\u0131ndan narahatd\u0131r. Ba\u015fqa bir m\u0259s\u0259l\u0259 is\u0259 \u0130ran\u0131n regional m\u0259nada geosiyasi n\u00fcfuzunun azalmas\u0131 il\u0259 ba\u011fl\u0131d\u0131r. H\u0259m\u00e7inin T\u00fcrkiy\u0259 il\u0259 M\u0259rk\u0259zi Asiyadak\u0131 t\u00fcrk d\u00f6vl\u0259tl\u0259ri aras\u0131ndak\u0131 \u0259laq\u0259d\u0259 \u0130ran faktoru indiki kimi t\u0259sirli olmayacaq. N\u00f6vb\u0259ti m\u0259qam \u0130ran\u0131n Erm\u0259nistanla s\u0259rh\u0259dd\u0259ki n\u0259zar\u0259t imkanlar\u0131n\u0131n&hellip;<\/p>\n","protected":false},"author":2,"featured_media":752963,"comment_status":"closed","ping_status":"closed","sticky":false,"template":"","format":"standard","meta":{"om_disable_all_campaigns":false,"_monsterinsights_skip_tracking":false,"_monsterinsights_sitenote_active":false,"_monsterinsights_sitenote_note":"","_monsterinsights_sitenote_category":0},"categories":[7],"tags":[],"aioseo_notices":[],"gutentor_comment":0,"rttpg_featured_image_url":{"full":["https:\/\/arantv.az\/wp-content\/uploads\/2024\/09\/d1f0f393313cd65226c77f535d276981.jpg",870,500,false],"landscape":["https:\/\/arantv.az\/wp-content\/uploads\/2024\/09\/d1f0f393313cd65226c77f535d276981.jpg",870,500,false],"portraits":["https:\/\/arantv.az\/wp-content\/uploads\/2024\/09\/d1f0f393313cd65226c77f535d276981.jpg",870,500,false],"thumbnail":["https:\/\/arantv.az\/wp-content\/uploads\/2024\/09\/d1f0f393313cd65226c77f535d276981-500x280.jpg",500,280,true],"medium":["https:\/\/arantv.az\/wp-content\/uploads\/2024\/09\/d1f0f393313cd65226c77f535d276981-635x365.jpg",635,365,true],"large":["https:\/\/arantv.az\/wp-content\/uploads\/2024\/09\/d1f0f393313cd65226c77f535d276981-840x483.jpg",640,368,true],"1536x1536":["https:\/\/arantv.az\/wp-content\/uploads\/2024\/09\/d1f0f393313cd65226c77f535d276981.jpg",870,500,false],"2048x2048":["https:\/\/arantv.az\/wp-content\/uploads\/2024\/09\/d1f0f393313cd65226c77f535d276981.jpg",870,500,false],"post-thumbnail":["https:\/\/arantv.az\/wp-content\/uploads\/2024\/09\/d1f0f393313cd65226c77f535d276981-240x172.jpg",240,172,true],"advps-thumb-one":["https:\/\/arantv.az\/wp-content\/uploads\/2024\/09\/d1f0f393313cd65226c77f535d276981.jpg",870,500,false]},"rttpg_author":{"display_name":"V\u00fcsal Rafiqo\u011flu","author_link":"https:\/\/arantv.az\/?author=2"},"rttpg_comment":0,"rttpg_category":"<a href=\"https:\/\/arantv.az\/?cat=7\" rel=\"category\">D\u00fcnya<\/a>","rttpg_excerpt":"Z\u0259ng\u0259zur d\u0259hlizi m\u0259s\u0259l\u0259si \u0130ranla Rusiyan\u0131 qar\u015f\u0131-qar\u015f\u0131ya qoyub. \u201cReport\u201d x\u0259b\u0259r verir ki, bu bar\u0259d\u0259 T\u00fcrkiy\u0259 K\u0130V-i yaz\u0131b. Bildirilib ki, \u0130ran Z\u0259ng\u0259zur d\u0259hlizinin a\u00e7\u0131lmas\u0131na qar\u015f\u0131d\u0131r: \u201cR\u0259smi Tehran d\u00fc\u015f\u00fcn\u00fcr ki, Z\u0259ng\u0259zur d\u0259hlizinin a\u00e7\u0131lmas\u0131 il\u0259 T\u00fcrkiy\u0259 v\u0259 Az\u0259rbaycan\u0131n regiondak\u0131 n\u00fcfuzu daha da g\u00fccl\u0259n\u0259c\u0259k. \u0130ran bunu t\u0259hdid kimi q\u0259bul edir. \u0130ran bunun regionda, x\u00fcsusil\u0259 C\u0259nubi Az\u0259rbaycanda milli kimlik hissini art\u0131raca\u011f\u0131ndan&hellip;","_links":{"self":[{"href":"https:\/\/arantv.az\/index.php?rest_route=\/wp\/v2\/posts\/752962"}],"collection":[{"href":"https:\/\/arantv.az\/index.php?rest_route=\/wp\/v2\/posts"}],"about":[{"href":"https:\/\/arantv.az\/index.php?rest_route=\/wp\/v2\/types\/post"}],"author":[{"embeddable":true,"href":"https:\/\/arantv.az\/index.php?rest_route=\/wp\/v2\/users\/2"}],"replies":[{"embeddable":true,"href":"https:\/\/arantv.az\/index.php?rest_route=%2Fwp%2Fv2%2Fcomments&post=752962"}],"version-history":[{"count":2,"href":"https:\/\/arantv.az\/index.php?rest_route=\/wp\/v2\/posts\/752962\/revisions"}],"predecessor-version":[{"id":752965,"href":"https:\/\/arantv.az\/index.php?rest_route=\/wp\/v2\/posts\/752962\/revisions\/752965"}],"wp:featuredmedia":[{"embeddable":true,"href":"https:\/\/arantv.az\/index.php?rest_route=\/wp\/v2\/media\/752963"}],"wp:attachment":[{"href":"https:\/\/arantv.az\/index.php?rest_route=%2Fwp%2Fv2%2Fmedia&parent=752962"}],"wp:term":[{"taxonomy":"category","embeddable":true,"href":"https:\/\/arantv.az\/index.php?rest_route=%2Fwp%2Fv2%2Fcategories&post=752962"},{"taxonomy":"post_tag","embeddable":true,"href":"https:\/\/arantv.az\/index.php?rest_route=%2Fwp%2Fv2%2Ftags&post=752962"}],"curies":[{"name":"wp","href":"https:\/\/api.w.org\/{rel}","templated":true}]}}