{"id":752966,"date":"2024-09-14T15:40:27","date_gmt":"2024-09-14T11:40:27","guid":{"rendered":"https:\/\/arantv.az\/?p=752966"},"modified":"2024-09-14T15:40:27","modified_gmt":"2024-09-14T11:40:27","slug":"bas-nazir-%c9%99li-%c9%99s%c9%99dov-turkiy%c9%99nin-ali-m%c9%99hk%c9%99m%c9%99sinin-s%c9%99dri-il%c9%99-gorusub-2","status":"publish","type":"post","link":"https:\/\/arantv.az\/?p=752966","title":{"rendered":"Ba\u015f nazir \u018fli \u018fs\u0259dov T\u00fcrkiy\u0259nin Ali M\u0259hk\u0259m\u0259sinin s\u0259dri il\u0259 g\u00f6r\u00fc\u015f\u00fcb"},"content":{"rendered":"<p>Sentyabr\u0131n 14-d\u0259 Az\u0259rbaycan\u0131n Ba\u015f naziri \u018fli \u018fs\u0259dov T\u00fcrkiy\u0259 Ali M\u0259hk\u0259m\u0259sinin s\u0259dri \u00d6m\u0259r K\u0259rk\u0259zin r\u0259hb\u0259rlik etdiyi n\u00fcmay\u0259nd\u0259 hey\u0259ti il\u0259 g\u00f6r\u00fc\u015f\u00fcb.<\/p>\n<p>&#8220;Report&#8221;un x\u0259b\u0259rin\u0259 g\u00f6r\u0259, g\u00f6r\u00fc\u015f zaman\u0131 Az\u0259rbaycan il\u0259 T\u00fcrkiy\u0259 aras\u0131nda \u0259laq\u0259l\u0259rin b\u00fct\u00fcn sah\u0259l\u0259rd\u0259 u\u011furlu inki\u015faf\u0131ndan m\u0259mnunluq ifad\u0259 olunub, prezidentl\u0259r \u0130lham \u018fliyevin v\u0259 R\u0259c\u0259b Tayyib \u018frdo\u011fan\u0131n r\u0259hb\u0259rliyi v\u0259 birg\u0259 s\u0259yl\u0259ri il\u0259 d\u00f6vl\u0259tl\u0259raras\u0131 m\u00fcnasib\u0259tl\u0259rin strateji t\u0259r\u0259fda\u015fl\u0131\u011f\u0131n v\u0259 m\u00fctt\u0259fiqliyin \u0259n y\u00fcks\u0259k zirv\u0259sin\u0259 \u00e7atd\u0131\u011f\u0131 vur\u011fulan\u0131b.<\/p>\n<p>\u0130ki \u00f6lk\u0259nin m\u0259hk\u0259m\u0259-h\u00fcquq sisteml\u0259ri aras\u0131nda \u0259m\u0259kda\u015fl\u0131\u011f\u0131n s\u0259viyy\u0259si y\u00fcks\u0259k qiym\u0259tl\u0259ndirilib. Bu \u0259m\u0259kda\u015fl\u0131\u011f\u0131n h\u0259m ikit\u0259r\u0259fli formatda, h\u0259m d\u0259 beyn\u0259lxalq t\u0259\u015fkilatlar \u00e7\u0259r\u00e7iv\u0259sind\u0259 davam etdirilm\u0259sinin vacibliyi vur\u011fulan\u0131b. Bu bax\u0131mdan \u00f6t\u0259n ilin oktyabr ay\u0131nda \u015eu\u015fada T\u00fcrk D\u00f6vl\u0259tl\u0259ri Ali M\u0259hk\u0259m\u0259l\u0259rinin Konfrans\u0131n\u0131n t\u0259sis edilm\u0259sinin \u0259h\u0259miyy\u0259ti qeyd olunub.<\/p>\n<p>G\u00f6r\u00fc\u015fd\u0259 Az\u0259rbaycan il\u0259 T\u00fcrkiy\u0259 aras\u0131nda m\u00fcxt\u0259lif istiqam\u0259tl\u0259rd\u0259, o c\u00fcml\u0259d\u0259n m\u0259hk\u0259m\u0259-h\u00fcquq sah\u0259sind\u0259 \u0259m\u0259kda\u015fl\u0131\u011f\u0131n geni\u015fl\u0259ndirilm\u0259si perspektivl\u0259ri m\u00fczakir\u0259 edilib.<\/p>\n<p>Az\u0259rbaycan Respublikas\u0131 Ali M\u0259hk\u0259m\u0259sinin s\u0259dri \u0130nam K\u0259rimov g\u00f6r\u00fc\u015fd\u0259 i\u015ftirak edib.<\/p>\n","protected":false},"excerpt":{"rendered":"<p>Sentyabr\u0131n 14-d\u0259 Az\u0259rbaycan\u0131n Ba\u015f naziri \u018fli \u018fs\u0259dov T\u00fcrkiy\u0259 Ali M\u0259hk\u0259m\u0259sinin s\u0259dri \u00d6m\u0259r K\u0259rk\u0259zin r\u0259hb\u0259rlik etdiyi n\u00fcmay\u0259nd\u0259 hey\u0259ti il\u0259 g\u00f6r\u00fc\u015f\u00fcb. &#8220;Report&#8221;un x\u0259b\u0259rin\u0259 g\u00f6r\u0259, g\u00f6r\u00fc\u015f zaman\u0131 Az\u0259rbaycan il\u0259 T\u00fcrkiy\u0259 aras\u0131nda \u0259laq\u0259l\u0259rin b\u00fct\u00fcn sah\u0259l\u0259rd\u0259 u\u011furlu inki\u015faf\u0131ndan m\u0259mnunluq ifad\u0259 olunub, prezidentl\u0259r \u0130lham \u018fliyevin v\u0259 R\u0259c\u0259b Tayyib \u018frdo\u011fan\u0131n r\u0259hb\u0259rliyi v\u0259 birg\u0259 s\u0259yl\u0259ri il\u0259 d\u00f6vl\u0259tl\u0259raras\u0131 m\u00fcnasib\u0259tl\u0259rin strateji t\u0259r\u0259fda\u015fl\u0131\u011f\u0131n v\u0259 m\u00fctt\u0259fiqliyin \u0259n y\u00fcks\u0259k zirv\u0259sin\u0259 \u00e7atd\u0131\u011f\u0131 vur\u011fulan\u0131b. \u0130ki \u00f6lk\u0259nin m\u0259hk\u0259m\u0259-h\u00fcquq sisteml\u0259ri aras\u0131nda \u0259m\u0259kda\u015fl\u0131\u011f\u0131n s\u0259viyy\u0259si y\u00fcks\u0259k qiym\u0259tl\u0259ndirilib. Bu \u0259m\u0259kda\u015fl\u0131\u011f\u0131n h\u0259m ikit\u0259r\u0259fli formatda, h\u0259m d\u0259 beyn\u0259lxalq t\u0259\u015fkilatlar \u00e7\u0259r\u00e7iv\u0259sind\u0259 davam etdirilm\u0259sinin vacibliyi vur\u011fulan\u0131b. Bu bax\u0131mdan \u00f6t\u0259n ilin oktyabr ay\u0131nda \u015eu\u015fada T\u00fcrk&hellip;<\/p>\n","protected":false},"author":2,"featured_media":752967,"comment_status":"closed","ping_status":"closed","sticky":false,"template":"","format":"standard","meta":{"om_disable_all_campaigns":false,"_monsterinsights_skip_tracking":false,"_monsterinsights_sitenote_active":false,"_monsterinsights_sitenote_note":"","_monsterinsights_sitenote_category":0},"categories":[19],"tags":[],"aioseo_notices":[],"gutentor_comment":0,"rttpg_featured_image_url":{"full":["https:\/\/arantv.az\/wp-content\/uploads\/2024\/09\/0d53628bf3977eef56b6129e0c43abe1.jpg",850,500,false],"landscape":["https:\/\/arantv.az\/wp-content\/uploads\/2024\/09\/0d53628bf3977eef56b6129e0c43abe1.jpg",850,500,false],"portraits":["https:\/\/arantv.az\/wp-content\/uploads\/2024\/09\/0d53628bf3977eef56b6129e0c43abe1.jpg",850,500,false],"thumbnail":["https:\/\/arantv.az\/wp-content\/uploads\/2024\/09\/0d53628bf3977eef56b6129e0c43abe1-500x280.jpg",500,280,true],"medium":["https:\/\/arantv.az\/wp-content\/uploads\/2024\/09\/0d53628bf3977eef56b6129e0c43abe1-621x365.jpg",621,365,true],"large":["https:\/\/arantv.az\/wp-content\/uploads\/2024\/09\/0d53628bf3977eef56b6129e0c43abe1-840x494.jpg",640,376,true],"1536x1536":["https:\/\/arantv.az\/wp-content\/uploads\/2024\/09\/0d53628bf3977eef56b6129e0c43abe1.jpg",850,500,false],"2048x2048":["https:\/\/arantv.az\/wp-content\/uploads\/2024\/09\/0d53628bf3977eef56b6129e0c43abe1.jpg",850,500,false],"post-thumbnail":["https:\/\/arantv.az\/wp-content\/uploads\/2024\/09\/0d53628bf3977eef56b6129e0c43abe1-240x172.jpg",240,172,true],"advps-thumb-one":["https:\/\/arantv.az\/wp-content\/uploads\/2024\/09\/0d53628bf3977eef56b6129e0c43abe1.jpg",850,500,false]},"rttpg_author":{"display_name":"V\u00fcsal Rafiqo\u011flu","author_link":"https:\/\/arantv.az\/?author=2"},"rttpg_comment":0,"rttpg_category":"<a href=\"https:\/\/arantv.az\/?cat=19\" rel=\"category\">G\u00fcnd\u0259m<\/a>","rttpg_excerpt":"Sentyabr\u0131n 14-d\u0259 Az\u0259rbaycan\u0131n Ba\u015f naziri \u018fli \u018fs\u0259dov T\u00fcrkiy\u0259 Ali M\u0259hk\u0259m\u0259sinin s\u0259dri \u00d6m\u0259r K\u0259rk\u0259zin r\u0259hb\u0259rlik etdiyi n\u00fcmay\u0259nd\u0259 hey\u0259ti il\u0259 g\u00f6r\u00fc\u015f\u00fcb. &#8220;Report&#8221;un x\u0259b\u0259rin\u0259 g\u00f6r\u0259, g\u00f6r\u00fc\u015f zaman\u0131 Az\u0259rbaycan il\u0259 T\u00fcrkiy\u0259 aras\u0131nda \u0259laq\u0259l\u0259rin b\u00fct\u00fcn sah\u0259l\u0259rd\u0259 u\u011furlu inki\u015faf\u0131ndan m\u0259mnunluq ifad\u0259 olunub, prezidentl\u0259r \u0130lham \u018fliyevin v\u0259 R\u0259c\u0259b Tayyib \u018frdo\u011fan\u0131n r\u0259hb\u0259rliyi v\u0259 birg\u0259 s\u0259yl\u0259ri il\u0259 d\u00f6vl\u0259tl\u0259raras\u0131 m\u00fcnasib\u0259tl\u0259rin strateji t\u0259r\u0259fda\u015fl\u0131\u011f\u0131n v\u0259 m\u00fctt\u0259fiqliyin \u0259n&hellip;","_links":{"self":[{"href":"https:\/\/arantv.az\/index.php?rest_route=\/wp\/v2\/posts\/752966"}],"collection":[{"href":"https:\/\/arantv.az\/index.php?rest_route=\/wp\/v2\/posts"}],"about":[{"href":"https:\/\/arantv.az\/index.php?rest_route=\/wp\/v2\/types\/post"}],"author":[{"embeddable":true,"href":"https:\/\/arantv.az\/index.php?rest_route=\/wp\/v2\/users\/2"}],"replies":[{"embeddable":true,"href":"https:\/\/arantv.az\/index.php?rest_route=%2Fwp%2Fv2%2Fcomments&post=752966"}],"version-history":[{"count":2,"href":"https:\/\/arantv.az\/index.php?rest_route=\/wp\/v2\/posts\/752966\/revisions"}],"predecessor-version":[{"id":752969,"href":"https:\/\/arantv.az\/index.php?rest_route=\/wp\/v2\/posts\/752966\/revisions\/752969"}],"wp:featuredmedia":[{"embeddable":true,"href":"https:\/\/arantv.az\/index.php?rest_route=\/wp\/v2\/media\/752967"}],"wp:attachment":[{"href":"https:\/\/arantv.az\/index.php?rest_route=%2Fwp%2Fv2%2Fmedia&parent=752966"}],"wp:term":[{"taxonomy":"category","embeddable":true,"href":"https:\/\/arantv.az\/index.php?rest_route=%2Fwp%2Fv2%2Fcategories&post=752966"},{"taxonomy":"post_tag","embeddable":true,"href":"https:\/\/arantv.az\/index.php?rest_route=%2Fwp%2Fv2%2Ftags&post=752966"}],"curies":[{"name":"wp","href":"https:\/\/api.w.org\/{rel}","templated":true}]}}