{"id":752970,"date":"2024-09-14T15:41:34","date_gmt":"2024-09-14T11:41:34","guid":{"rendered":"https:\/\/arantv.az\/?p=752970"},"modified":"2024-09-14T15:41:34","modified_gmt":"2024-09-14T11:41:34","slug":"erm%c9%99nistan-v%c9%99-fransa-xin-bascilari-g%c9%99l%c9%99n-h%c9%99ft%c9%99-danisiqlar-aparacaqlar","status":"publish","type":"post","link":"https:\/\/arantv.az\/?p=752970","title":{"rendered":"Erm\u0259nistan v\u0259 Fransa X\u0130N ba\u015f\u00e7\u0131lar\u0131 g\u0259l\u0259n h\u0259ft\u0259 dan\u0131\u015f\u0131qlar aparacaqlar"},"content":{"rendered":"<div class=\"text-content\" data-id=\"\" data-url=\"\">\n<p>Sentyabr\u0131n 16-da Erm\u0259nistan v\u0259 Fransa xarici i\u015fl\u0259r nazirl\u0259ri aras\u0131nda dan\u0131\u015f\u0131qlar apar\u0131lacaq.<\/p>\n<p>\u201cReport\u201d Erm\u0259nistan Xarici \u0130\u015fl\u0259r Nazirliyin\u0259 (X\u0130N) istinad\u0259n x\u0259b\u0259r verir ki, bu bar\u0259d\u0259 X\u0130N-in m\u0259tbuat katibi Ani Badalyan m\u0259lumat verib.<\/p>\n<p>O, Fransa xarici i\u015fl\u0259r naziri Stefan Sejurnenin sentyabr\u0131n 15-16-da Erm\u0259nistana s\u0259f\u0259r ed\u0259c\u0259yini t\u0259sdiql\u0259yib.<\/p>\n<p>\u201cSentyabr\u0131n 16-da Erm\u0259nistan X\u0130N-d\u0259 h\u0259r iki \u00f6lk\u0259nin xarici i\u015fl\u0259r nazirl\u0259ri Ararat Mirzoyan v\u0259 Stefan Sejurnenin r\u0259smi g\u00f6r\u00fc\u015f\u00fc, daha sonra is\u0259 birg\u0259 m\u0259tbuat konfrans\u0131 ke\u00e7iril\u0259c\u0259k\u201d, &#8211; o qeyd edib.<\/p>\n<\/div>\n<div><\/div>\n<div><\/div>\n<div class=\"inner-social-box\">\n<div class=\"subs-in-social subs-whatsapp\"><\/div>\n<\/div>\n","protected":false},"excerpt":{"rendered":"<p>Sentyabr\u0131n 16-da Erm\u0259nistan v\u0259 Fransa xarici i\u015fl\u0259r nazirl\u0259ri aras\u0131nda dan\u0131\u015f\u0131qlar apar\u0131lacaq. \u201cReport\u201d Erm\u0259nistan Xarici \u0130\u015fl\u0259r Nazirliyin\u0259 (X\u0130N) istinad\u0259n x\u0259b\u0259r verir ki, bu bar\u0259d\u0259 X\u0130N-in m\u0259tbuat katibi Ani Badalyan m\u0259lumat verib. O, Fransa xarici i\u015fl\u0259r naziri Stefan Sejurnenin sentyabr\u0131n 15-16-da Erm\u0259nistana s\u0259f\u0259r ed\u0259c\u0259yini t\u0259sdiql\u0259yib. \u201cSentyabr\u0131n 16-da Erm\u0259nistan X\u0130N-d\u0259 h\u0259r iki \u00f6lk\u0259nin xarici i\u015fl\u0259r nazirl\u0259ri Ararat Mirzoyan v\u0259 Stefan Sejurnenin r\u0259smi g\u00f6r\u00fc\u015f\u00fc, daha sonra is\u0259 birg\u0259 m\u0259tbuat konfrans\u0131 ke\u00e7iril\u0259c\u0259k\u201d, &#8211; o qeyd edib.<\/p>\n","protected":false},"author":2,"featured_media":752971,"comment_status":"closed","ping_status":"closed","sticky":false,"template":"","format":"standard","meta":{"om_disable_all_campaigns":false,"_monsterinsights_skip_tracking":false,"_monsterinsights_sitenote_active":false,"_monsterinsights_sitenote_note":"","_monsterinsights_sitenote_category":0},"categories":[7],"tags":[],"aioseo_notices":[],"gutentor_comment":0,"rttpg_featured_image_url":{"full":["https:\/\/arantv.az\/wp-content\/uploads\/2024\/09\/b9a9c4333b0157fa2310ac7b03875018.jpg",850,500,false],"landscape":["https:\/\/arantv.az\/wp-content\/uploads\/2024\/09\/b9a9c4333b0157fa2310ac7b03875018.jpg",850,500,false],"portraits":["https:\/\/arantv.az\/wp-content\/uploads\/2024\/09\/b9a9c4333b0157fa2310ac7b03875018.jpg",850,500,false],"thumbnail":["https:\/\/arantv.az\/wp-content\/uploads\/2024\/09\/b9a9c4333b0157fa2310ac7b03875018-500x280.jpg",500,280,true],"medium":["https:\/\/arantv.az\/wp-content\/uploads\/2024\/09\/b9a9c4333b0157fa2310ac7b03875018-621x365.jpg",621,365,true],"large":["https:\/\/arantv.az\/wp-content\/uploads\/2024\/09\/b9a9c4333b0157fa2310ac7b03875018-840x494.jpg",640,376,true],"1536x1536":["https:\/\/arantv.az\/wp-content\/uploads\/2024\/09\/b9a9c4333b0157fa2310ac7b03875018.jpg",850,500,false],"2048x2048":["https:\/\/arantv.az\/wp-content\/uploads\/2024\/09\/b9a9c4333b0157fa2310ac7b03875018.jpg",850,500,false],"post-thumbnail":["https:\/\/arantv.az\/wp-content\/uploads\/2024\/09\/b9a9c4333b0157fa2310ac7b03875018-240x172.jpg",240,172,true],"advps-thumb-one":["https:\/\/arantv.az\/wp-content\/uploads\/2024\/09\/b9a9c4333b0157fa2310ac7b03875018.jpg",850,500,false]},"rttpg_author":{"display_name":"V\u00fcsal Rafiqo\u011flu","author_link":"https:\/\/arantv.az\/?author=2"},"rttpg_comment":0,"rttpg_category":"<a href=\"https:\/\/arantv.az\/?cat=7\" rel=\"category\">D\u00fcnya<\/a>","rttpg_excerpt":"Sentyabr\u0131n 16-da Erm\u0259nistan v\u0259 Fransa xarici i\u015fl\u0259r nazirl\u0259ri aras\u0131nda dan\u0131\u015f\u0131qlar apar\u0131lacaq. \u201cReport\u201d Erm\u0259nistan Xarici \u0130\u015fl\u0259r Nazirliyin\u0259 (X\u0130N) istinad\u0259n x\u0259b\u0259r verir ki, bu bar\u0259d\u0259 X\u0130N-in m\u0259tbuat katibi Ani Badalyan m\u0259lumat verib. O, Fransa xarici i\u015fl\u0259r naziri Stefan Sejurnenin sentyabr\u0131n 15-16-da Erm\u0259nistana s\u0259f\u0259r ed\u0259c\u0259yini t\u0259sdiql\u0259yib. \u201cSentyabr\u0131n 16-da Erm\u0259nistan X\u0130N-d\u0259 h\u0259r iki \u00f6lk\u0259nin xarici i\u015fl\u0259r nazirl\u0259ri Ararat Mirzoyan&hellip;","_links":{"self":[{"href":"https:\/\/arantv.az\/index.php?rest_route=\/wp\/v2\/posts\/752970"}],"collection":[{"href":"https:\/\/arantv.az\/index.php?rest_route=\/wp\/v2\/posts"}],"about":[{"href":"https:\/\/arantv.az\/index.php?rest_route=\/wp\/v2\/types\/post"}],"author":[{"embeddable":true,"href":"https:\/\/arantv.az\/index.php?rest_route=\/wp\/v2\/users\/2"}],"replies":[{"embeddable":true,"href":"https:\/\/arantv.az\/index.php?rest_route=%2Fwp%2Fv2%2Fcomments&post=752970"}],"version-history":[{"count":2,"href":"https:\/\/arantv.az\/index.php?rest_route=\/wp\/v2\/posts\/752970\/revisions"}],"predecessor-version":[{"id":752973,"href":"https:\/\/arantv.az\/index.php?rest_route=\/wp\/v2\/posts\/752970\/revisions\/752973"}],"wp:featuredmedia":[{"embeddable":true,"href":"https:\/\/arantv.az\/index.php?rest_route=\/wp\/v2\/media\/752971"}],"wp:attachment":[{"href":"https:\/\/arantv.az\/index.php?rest_route=%2Fwp%2Fv2%2Fmedia&parent=752970"}],"wp:term":[{"taxonomy":"category","embeddable":true,"href":"https:\/\/arantv.az\/index.php?rest_route=%2Fwp%2Fv2%2Fcategories&post=752970"},{"taxonomy":"post_tag","embeddable":true,"href":"https:\/\/arantv.az\/index.php?rest_route=%2Fwp%2Fv2%2Ftags&post=752970"}],"curies":[{"name":"wp","href":"https:\/\/api.w.org\/{rel}","templated":true}]}}