{"id":752981,"date":"2024-09-14T15:46:38","date_gmt":"2024-09-14T11:46:38","guid":{"rendered":"https:\/\/arantv.az\/?p=752981"},"modified":"2024-09-14T15:46:38","modified_gmt":"2024-09-14T11:46:38","slug":"ferrari-pilotu-bakida-q%c9%99za-tor%c9%99tm%c9%99sinin-s%c9%99b%c9%99bini-aciqlayib","status":"publish","type":"post","link":"https:\/\/arantv.az\/?p=752981","title":{"rendered":"&#8220;Ferrari&#8221; pilotu Bak\u0131da q\u0259za t\u00f6r\u0259tm\u0259sinin s\u0259b\u0259bini a\u00e7\u0131qlay\u0131b"},"content":{"rendered":"<p><strong>&#8220;Ferrari&#8221; pilotu \u015earl Lekler &#8220;Formula 1&#8221; \u00fczr\u0259 Az\u0259rbaycan Qran-prisinin birinci s\u0259rb\u0259st y\u00fcr\u00fc\u015f\u00fcnd\u0259 q\u0259za t\u00f6r\u0259tm\u0259sinin s\u0259b\u0259bini a\u00e7\u0131qlay\u0131b.<\/strong><\/p>\n<p>&#8220;Report&#8221; &#8220;Motorsport Week&#8221; n\u0259\u015frin\u0259 istinad\u0259n x\u0259b\u0259r verir ki, 26 ya\u015fl\u0131 s\u00fcr\u00fcc\u00fc sa\u011fa d\u00f6nm\u0259zd\u0259n \u0259vv\u0259l \u0259yl\u0259c\u0259 \u00e7ox b\u0259rk basd\u0131\u011f\u0131n\u0131 s\u00f6yl\u0259yib: &#8220;Bel\u0259likl\u0259, \u00f6z\u00fcm\u00fc yolun pal\u00e7\u0131ql\u0131 hiss\u0259sind\u0259 tapd\u0131m. Sonra t\u0259k\u0259rl\u0259ri ba\u011flasam da, \u00e7ox gec idi. Bu s\u0259b\u0259bd\u0259n baryer\u0259 \u00e7\u0131rp\u0131ld\u0131m. H\u0259ft\u0259sonu \u00fc\u00e7\u00fcn yax\u015f\u0131 ba\u015flan\u011f\u0131c deyildi. Amma bolid\u0259 arxay\u0131n idim v\u0259 he\u00e7 bir ciddi problem yoxdur&#8221;.<\/p>\n<p>Lekler ikinci s\u0259rb\u0259st y\u00fcr\u00fc\u015fd\u0259ki probleml\u0259rin q\u0259zan\u0131n n\u0259tic\u0259l\u0259ri il\u0259 ba\u011fl\u0131 olmad\u0131\u011f\u0131n\u0131 vur\u011fulay\u0131b: &#8220;Sad\u0259c\u0259, avtomobil\u0259 qura\u015fd\u0131rd\u0131\u011f\u0131m\u0131z yeni hiss\u0259d\u0259 problem yarand\u0131. Bu, s\u00fckanda m\u0259n\u0259 \u00e7\u0259tinlik yaratd\u0131&#8221;.<\/p>\n<p>Qeyd ed\u0259k ki, &#8220;Formula 1&#8243;d\u0259 bu g\u00fcn \u00fc\u00e7\u00fcnc\u00fc s\u0259rb\u0259st y\u00fcr\u00fc\u015f v\u0259 s\u0131ralama turu ke\u00e7iril\u0259c\u0259k.<\/p>\n","protected":false},"excerpt":{"rendered":"<p>&#8220;Ferrari&#8221; pilotu \u015earl Lekler &#8220;Formula 1&#8221; \u00fczr\u0259 Az\u0259rbaycan Qran-prisinin birinci s\u0259rb\u0259st y\u00fcr\u00fc\u015f\u00fcnd\u0259 q\u0259za t\u00f6r\u0259tm\u0259sinin s\u0259b\u0259bini a\u00e7\u0131qlay\u0131b. &#8220;Report&#8221; &#8220;Motorsport Week&#8221; n\u0259\u015frin\u0259 istinad\u0259n x\u0259b\u0259r verir ki, 26 ya\u015fl\u0131 s\u00fcr\u00fcc\u00fc sa\u011fa d\u00f6nm\u0259zd\u0259n \u0259vv\u0259l \u0259yl\u0259c\u0259 \u00e7ox b\u0259rk basd\u0131\u011f\u0131n\u0131 s\u00f6yl\u0259yib: &#8220;Bel\u0259likl\u0259, \u00f6z\u00fcm\u00fc yolun pal\u00e7\u0131ql\u0131 hiss\u0259sind\u0259 tapd\u0131m. Sonra t\u0259k\u0259rl\u0259ri ba\u011flasam da, \u00e7ox gec idi. Bu s\u0259b\u0259bd\u0259n baryer\u0259 \u00e7\u0131rp\u0131ld\u0131m. H\u0259ft\u0259sonu \u00fc\u00e7\u00fcn yax\u015f\u0131 ba\u015flan\u011f\u0131c deyildi. Amma bolid\u0259 arxay\u0131n idim v\u0259 he\u00e7 bir ciddi problem yoxdur&#8221;. Lekler ikinci s\u0259rb\u0259st y\u00fcr\u00fc\u015fd\u0259ki probleml\u0259rin q\u0259zan\u0131n n\u0259tic\u0259l\u0259ri il\u0259 ba\u011fl\u0131 olmad\u0131\u011f\u0131n\u0131 vur\u011fulay\u0131b: &#8220;Sad\u0259c\u0259, avtomobil\u0259 qura\u015fd\u0131rd\u0131\u011f\u0131m\u0131z yeni hiss\u0259d\u0259 problem yarand\u0131. Bu, s\u00fckanda m\u0259n\u0259 \u00e7\u0259tinlik yaratd\u0131&#8221;.&hellip;<\/p>\n","protected":false},"author":2,"featured_media":752982,"comment_status":"closed","ping_status":"closed","sticky":false,"template":"","format":"standard","meta":{"om_disable_all_campaigns":false,"_monsterinsights_skip_tracking":false,"_monsterinsights_sitenote_active":false,"_monsterinsights_sitenote_note":"","_monsterinsights_sitenote_category":0},"categories":[6],"tags":[],"aioseo_notices":[],"gutentor_comment":0,"rttpg_featured_image_url":{"full":["https:\/\/arantv.az\/wp-content\/uploads\/2024\/09\/3927cd5831885af3f589e7e07aba00a9.jpg",850,500,false],"landscape":["https:\/\/arantv.az\/wp-content\/uploads\/2024\/09\/3927cd5831885af3f589e7e07aba00a9.jpg",850,500,false],"portraits":["https:\/\/arantv.az\/wp-content\/uploads\/2024\/09\/3927cd5831885af3f589e7e07aba00a9.jpg",850,500,false],"thumbnail":["https:\/\/arantv.az\/wp-content\/uploads\/2024\/09\/3927cd5831885af3f589e7e07aba00a9-500x280.jpg",500,280,true],"medium":["https:\/\/arantv.az\/wp-content\/uploads\/2024\/09\/3927cd5831885af3f589e7e07aba00a9-621x365.jpg",621,365,true],"large":["https:\/\/arantv.az\/wp-content\/uploads\/2024\/09\/3927cd5831885af3f589e7e07aba00a9-840x494.jpg",640,376,true],"1536x1536":["https:\/\/arantv.az\/wp-content\/uploads\/2024\/09\/3927cd5831885af3f589e7e07aba00a9.jpg",850,500,false],"2048x2048":["https:\/\/arantv.az\/wp-content\/uploads\/2024\/09\/3927cd5831885af3f589e7e07aba00a9.jpg",850,500,false],"post-thumbnail":["https:\/\/arantv.az\/wp-content\/uploads\/2024\/09\/3927cd5831885af3f589e7e07aba00a9-240x172.jpg",240,172,true],"advps-thumb-one":["https:\/\/arantv.az\/wp-content\/uploads\/2024\/09\/3927cd5831885af3f589e7e07aba00a9.jpg",850,500,false]},"rttpg_author":{"display_name":"V\u00fcsal Rafiqo\u011flu","author_link":"https:\/\/arantv.az\/?author=2"},"rttpg_comment":0,"rttpg_category":"<a href=\"https:\/\/arantv.az\/?cat=6\" rel=\"category\">\u0130dman<\/a>","rttpg_excerpt":"&#8220;Ferrari&#8221; pilotu \u015earl Lekler &#8220;Formula 1&#8221; \u00fczr\u0259 Az\u0259rbaycan Qran-prisinin birinci s\u0259rb\u0259st y\u00fcr\u00fc\u015f\u00fcnd\u0259 q\u0259za t\u00f6r\u0259tm\u0259sinin s\u0259b\u0259bini a\u00e7\u0131qlay\u0131b. &#8220;Report&#8221; &#8220;Motorsport Week&#8221; n\u0259\u015frin\u0259 istinad\u0259n x\u0259b\u0259r verir ki, 26 ya\u015fl\u0131 s\u00fcr\u00fcc\u00fc sa\u011fa d\u00f6nm\u0259zd\u0259n \u0259vv\u0259l \u0259yl\u0259c\u0259 \u00e7ox b\u0259rk basd\u0131\u011f\u0131n\u0131 s\u00f6yl\u0259yib: &#8220;Bel\u0259likl\u0259, \u00f6z\u00fcm\u00fc yolun pal\u00e7\u0131ql\u0131 hiss\u0259sind\u0259 tapd\u0131m. Sonra t\u0259k\u0259rl\u0259ri ba\u011flasam da, \u00e7ox gec idi. Bu s\u0259b\u0259bd\u0259n baryer\u0259 \u00e7\u0131rp\u0131ld\u0131m. H\u0259ft\u0259sonu \u00fc\u00e7\u00fcn yax\u015f\u0131&hellip;","_links":{"self":[{"href":"https:\/\/arantv.az\/index.php?rest_route=\/wp\/v2\/posts\/752981"}],"collection":[{"href":"https:\/\/arantv.az\/index.php?rest_route=\/wp\/v2\/posts"}],"about":[{"href":"https:\/\/arantv.az\/index.php?rest_route=\/wp\/v2\/types\/post"}],"author":[{"embeddable":true,"href":"https:\/\/arantv.az\/index.php?rest_route=\/wp\/v2\/users\/2"}],"replies":[{"embeddable":true,"href":"https:\/\/arantv.az\/index.php?rest_route=%2Fwp%2Fv2%2Fcomments&post=752981"}],"version-history":[{"count":2,"href":"https:\/\/arantv.az\/index.php?rest_route=\/wp\/v2\/posts\/752981\/revisions"}],"predecessor-version":[{"id":752984,"href":"https:\/\/arantv.az\/index.php?rest_route=\/wp\/v2\/posts\/752981\/revisions\/752984"}],"wp:featuredmedia":[{"embeddable":true,"href":"https:\/\/arantv.az\/index.php?rest_route=\/wp\/v2\/media\/752982"}],"wp:attachment":[{"href":"https:\/\/arantv.az\/index.php?rest_route=%2Fwp%2Fv2%2Fmedia&parent=752981"}],"wp:term":[{"taxonomy":"category","embeddable":true,"href":"https:\/\/arantv.az\/index.php?rest_route=%2Fwp%2Fv2%2Fcategories&post=752981"},{"taxonomy":"post_tag","embeddable":true,"href":"https:\/\/arantv.az\/index.php?rest_route=%2Fwp%2Fv2%2Ftags&post=752981"}],"curies":[{"name":"wp","href":"https:\/\/api.w.org\/{rel}","templated":true}]}}