{"id":752985,"date":"2024-09-14T15:47:44","date_gmt":"2024-09-14T11:47:44","guid":{"rendered":"https:\/\/arantv.az\/?p=752985"},"modified":"2024-09-14T15:47:44","modified_gmt":"2024-09-14T11:47:44","slug":"prezident-fatma-s%c9%99ttarovanin-v%c9%99fati-il%c9%99-bagli-bassagligi-verib","status":"publish","type":"post","link":"https:\/\/arantv.az\/?p=752985","title":{"rendered":"Prezident Fatma S\u0259ttarovan\u0131n v\u0259fat\u0131 il\u0259 ba\u011fl\u0131 ba\u015fsa\u011fl\u0131\u011f\u0131 verib"},"content":{"rendered":"<p>Prezident \u0130lham \u018fliyev Az\u0259rbaycan Respublikas\u0131 M\u00fcharib\u0259, \u018fm\u0259k v\u0259 Silahl\u0131 Q\u00fcvv\u0259l\u0259r Veteranlar\u0131 T\u0259\u015fkilat\u0131n\u0131n s\u0259dri, \u0130kinci d\u00fcnya m\u00fcharib\u0259si i\u015ftirak\u00e7\u0131s\u0131 Fatma S\u0259ttarovan\u0131n v\u0259fat\u0131 il\u0259 ba\u011fl\u0131 ba\u015fsa\u011fl\u0131\u011f\u0131 verib.<\/p>\n<p><strong>ARANTV.AZ<\/strong>\u00a0 x\u0259b\u0259r verir ki, ba\u015fsa\u011fl\u0131\u011f\u0131nda deyilir:<\/p>\n<p>\u201cAz\u0259rbaycan Respublikas\u0131 M\u00fcharib\u0259, \u018fm\u0259k v\u0259 Silahl\u0131 Q\u00fcvv\u0259l\u0259r Veteranlar\u0131 T\u0259\u015fkilat\u0131n\u0131n s\u0259dri, \u0130kinci d\u00fcnya m\u00fcharib\u0259si i\u015ftirak\u00e7\u0131s\u0131, \u00f6lk\u0259mizin ictimai h\u0259yat\u0131nda uzunm\u00fcdd\u0259tli s\u0259m\u0259r\u0259li f\u0259aliyy\u0259tin\u0259 g\u00f6r\u0259 \u201c\u0130stiqlal\u201d ordeni il\u0259 t\u0259ltif edilmi\u015f Fatma S\u0259ttarovan\u0131n v\u0259fat\u0131 x\u0259b\u0259ri bizi son d\u0259r\u0259c\u0259 k\u0259d\u0259rl\u0259ndirdi. Fatma S\u0259ttarova V\u0259t\u0259n\u0259 s\u0259daq\u0259tl\u0259 xidm\u0259t ed\u0259r\u0259k, g\u0259ncl\u0259r\u0259 v\u0259 g\u0259l\u0259c\u0259k n\u0259sill\u0259r\u0259 \u00f6rn\u0259k olan n\u00fcmun\u0259vi h\u0259yat yolu ke\u00e7mi\u015fdir.<\/p>\n<p>Bu a\u011f\u0131r anlarda d\u0259rdinizi b\u00f6l\u00fc\u015f\u00fcr, ail\u0259nizin b\u00fct\u00fcn \u00fczvl\u0259rin\u0259 \u00f6z ad\u0131mdan v\u0259 Mehriban xan\u0131m\u0131n ad\u0131ndan d\u0259rin h\u00fcznl\u0259 ba\u015fsa\u011fl\u0131\u011f\u0131 verir\u0259m.<\/p>\n<p>Allah r\u0259hm\u0259t el\u0259sin!\u201d<\/p>\n","protected":false},"excerpt":{"rendered":"<p>Prezident \u0130lham \u018fliyev Az\u0259rbaycan Respublikas\u0131 M\u00fcharib\u0259, \u018fm\u0259k v\u0259 Silahl\u0131 Q\u00fcvv\u0259l\u0259r Veteranlar\u0131 T\u0259\u015fkilat\u0131n\u0131n s\u0259dri, \u0130kinci d\u00fcnya m\u00fcharib\u0259si i\u015ftirak\u00e7\u0131s\u0131 Fatma S\u0259ttarovan\u0131n v\u0259fat\u0131 il\u0259 ba\u011fl\u0131 ba\u015fsa\u011fl\u0131\u011f\u0131 verib. ARANTV.AZ\u00a0 x\u0259b\u0259r verir ki, ba\u015fsa\u011fl\u0131\u011f\u0131nda deyilir: \u201cAz\u0259rbaycan Respublikas\u0131 M\u00fcharib\u0259, \u018fm\u0259k v\u0259 Silahl\u0131 Q\u00fcvv\u0259l\u0259r Veteranlar\u0131 T\u0259\u015fkilat\u0131n\u0131n s\u0259dri, \u0130kinci d\u00fcnya m\u00fcharib\u0259si i\u015ftirak\u00e7\u0131s\u0131, \u00f6lk\u0259mizin ictimai h\u0259yat\u0131nda uzunm\u00fcdd\u0259tli s\u0259m\u0259r\u0259li f\u0259aliyy\u0259tin\u0259 g\u00f6r\u0259 \u201c\u0130stiqlal\u201d ordeni il\u0259 t\u0259ltif edilmi\u015f Fatma S\u0259ttarovan\u0131n v\u0259fat\u0131 x\u0259b\u0259ri bizi son d\u0259r\u0259c\u0259 k\u0259d\u0259rl\u0259ndirdi. Fatma S\u0259ttarova V\u0259t\u0259n\u0259 s\u0259daq\u0259tl\u0259 xidm\u0259t ed\u0259r\u0259k, g\u0259ncl\u0259r\u0259 v\u0259 g\u0259l\u0259c\u0259k n\u0259sill\u0259r\u0259 \u00f6rn\u0259k olan n\u00fcmun\u0259vi h\u0259yat yolu ke\u00e7mi\u015fdir. Bu a\u011f\u0131r anlarda d\u0259rdinizi b\u00f6l\u00fc\u015f\u00fcr, ail\u0259nizin b\u00fct\u00fcn \u00fczvl\u0259rin\u0259 \u00f6z ad\u0131mdan&hellip;<\/p>\n","protected":false},"author":2,"featured_media":752986,"comment_status":"closed","ping_status":"closed","sticky":false,"template":"","format":"standard","meta":{"om_disable_all_campaigns":false,"_monsterinsights_skip_tracking":false,"_monsterinsights_sitenote_active":false,"_monsterinsights_sitenote_note":"","_monsterinsights_sitenote_category":0},"categories":[4],"tags":[],"aioseo_notices":[],"gutentor_comment":0,"rttpg_featured_image_url":{"full":["https:\/\/arantv.az\/wp-content\/uploads\/2024\/09\/d96e07dea9fbe542fc1b2fcf3ad50f7b.jpg",870,500,false],"landscape":["https:\/\/arantv.az\/wp-content\/uploads\/2024\/09\/d96e07dea9fbe542fc1b2fcf3ad50f7b.jpg",870,500,false],"portraits":["https:\/\/arantv.az\/wp-content\/uploads\/2024\/09\/d96e07dea9fbe542fc1b2fcf3ad50f7b.jpg",870,500,false],"thumbnail":["https:\/\/arantv.az\/wp-content\/uploads\/2024\/09\/d96e07dea9fbe542fc1b2fcf3ad50f7b-500x280.jpg",500,280,true],"medium":["https:\/\/arantv.az\/wp-content\/uploads\/2024\/09\/d96e07dea9fbe542fc1b2fcf3ad50f7b-635x365.jpg",635,365,true],"large":["https:\/\/arantv.az\/wp-content\/uploads\/2024\/09\/d96e07dea9fbe542fc1b2fcf3ad50f7b-840x483.jpg",640,368,true],"1536x1536":["https:\/\/arantv.az\/wp-content\/uploads\/2024\/09\/d96e07dea9fbe542fc1b2fcf3ad50f7b.jpg",870,500,false],"2048x2048":["https:\/\/arantv.az\/wp-content\/uploads\/2024\/09\/d96e07dea9fbe542fc1b2fcf3ad50f7b.jpg",870,500,false],"post-thumbnail":["https:\/\/arantv.az\/wp-content\/uploads\/2024\/09\/d96e07dea9fbe542fc1b2fcf3ad50f7b-240x172.jpg",240,172,true],"advps-thumb-one":["https:\/\/arantv.az\/wp-content\/uploads\/2024\/09\/d96e07dea9fbe542fc1b2fcf3ad50f7b.jpg",870,500,false]},"rttpg_author":{"display_name":"V\u00fcsal Rafiqo\u011flu","author_link":"https:\/\/arantv.az\/?author=2"},"rttpg_comment":0,"rttpg_category":"<a href=\"https:\/\/arantv.az\/?cat=4\" rel=\"category\">Siyas\u0259t<\/a>","rttpg_excerpt":"Prezident \u0130lham \u018fliyev Az\u0259rbaycan Respublikas\u0131 M\u00fcharib\u0259, \u018fm\u0259k v\u0259 Silahl\u0131 Q\u00fcvv\u0259l\u0259r Veteranlar\u0131 T\u0259\u015fkilat\u0131n\u0131n s\u0259dri, \u0130kinci d\u00fcnya m\u00fcharib\u0259si i\u015ftirak\u00e7\u0131s\u0131 Fatma S\u0259ttarovan\u0131n v\u0259fat\u0131 il\u0259 ba\u011fl\u0131 ba\u015fsa\u011fl\u0131\u011f\u0131 verib. ARANTV.AZ\u00a0 x\u0259b\u0259r verir ki, ba\u015fsa\u011fl\u0131\u011f\u0131nda deyilir: \u201cAz\u0259rbaycan Respublikas\u0131 M\u00fcharib\u0259, \u018fm\u0259k v\u0259 Silahl\u0131 Q\u00fcvv\u0259l\u0259r Veteranlar\u0131 T\u0259\u015fkilat\u0131n\u0131n s\u0259dri, \u0130kinci d\u00fcnya m\u00fcharib\u0259si i\u015ftirak\u00e7\u0131s\u0131, \u00f6lk\u0259mizin ictimai h\u0259yat\u0131nda uzunm\u00fcdd\u0259tli s\u0259m\u0259r\u0259li f\u0259aliyy\u0259tin\u0259 g\u00f6r\u0259 \u201c\u0130stiqlal\u201d ordeni il\u0259 t\u0259ltif&hellip;","_links":{"self":[{"href":"https:\/\/arantv.az\/index.php?rest_route=\/wp\/v2\/posts\/752985"}],"collection":[{"href":"https:\/\/arantv.az\/index.php?rest_route=\/wp\/v2\/posts"}],"about":[{"href":"https:\/\/arantv.az\/index.php?rest_route=\/wp\/v2\/types\/post"}],"author":[{"embeddable":true,"href":"https:\/\/arantv.az\/index.php?rest_route=\/wp\/v2\/users\/2"}],"replies":[{"embeddable":true,"href":"https:\/\/arantv.az\/index.php?rest_route=%2Fwp%2Fv2%2Fcomments&post=752985"}],"version-history":[{"count":1,"href":"https:\/\/arantv.az\/index.php?rest_route=\/wp\/v2\/posts\/752985\/revisions"}],"predecessor-version":[{"id":752987,"href":"https:\/\/arantv.az\/index.php?rest_route=\/wp\/v2\/posts\/752985\/revisions\/752987"}],"wp:featuredmedia":[{"embeddable":true,"href":"https:\/\/arantv.az\/index.php?rest_route=\/wp\/v2\/media\/752986"}],"wp:attachment":[{"href":"https:\/\/arantv.az\/index.php?rest_route=%2Fwp%2Fv2%2Fmedia&parent=752985"}],"wp:term":[{"taxonomy":"category","embeddable":true,"href":"https:\/\/arantv.az\/index.php?rest_route=%2Fwp%2Fv2%2Fcategories&post=752985"},{"taxonomy":"post_tag","embeddable":true,"href":"https:\/\/arantv.az\/index.php?rest_route=%2Fwp%2Fv2%2Ftags&post=752985"}],"curies":[{"name":"wp","href":"https:\/\/api.w.org\/{rel}","templated":true}]}}