{"id":753470,"date":"2024-09-16T16:25:34","date_gmt":"2024-09-16T12:25:34","guid":{"rendered":"https:\/\/arantv.az\/?p=753470"},"modified":"2024-09-16T16:25:34","modified_gmt":"2024-09-16T12:25:34","slug":"mehriban-%c9%99liyeva-butun-m%c9%99kt%c9%99blil%c9%99r%c9%99-mohk%c9%99m-cansagligi-tuk%c9%99nm%c9%99z-enerji-%c9%99zmkarliq-v%c9%99-%c9%99la-qiym%c9%99tl%c9%99r-arzulayiram","status":"publish","type":"post","link":"https:\/\/arantv.az\/?p=753470","title":{"rendered":"Mehriban \u018fliyeva: B\u00fct\u00fcn m\u0259kt\u0259blil\u0259r\u0259 m\u00f6hk\u0259m cansa\u011fl\u0131\u011f\u0131, t\u00fck\u0259nm\u0259z enerji, \u0259zmkarl\u0131q v\u0259 \u0259la qiym\u0259tl\u0259r arzulay\u0131ram"},"content":{"rendered":"<div class=\"text-content\" data-id=\"\" data-url=\"\">\n<p>Az\u0259rbaycan Respublikas\u0131n\u0131n Birinci vitse-prezidenti Mehriban \u018fliyeva Heyd\u0259r \u018fliyev Fondu t\u0259r\u0259find\u0259n \u00f6lk\u0259nin m\u00fcxt\u0259lif b\u00f6lg\u0259l\u0259rind\u0259 in\u015fa v\u0259 t\u0259mir olunan t\u0259hsil m\u00fc\u0259ssis\u0259l\u0259ri il\u0259 \u0259laq\u0259dar sosial \u015f\u0259b\u0259k\u0259 hesablar\u0131nda payla\u015f\u0131m edib.<\/p>\n<p><strong>ARANTV.AZ\u00a0<\/strong> payla\u015f\u0131m\u0131 t\u0259qdim edir:<\/p>\n<p>\u201cHeyd\u0259r \u018fliyev Fondunun \u00f6lk\u0259nin t\u0259hsil sistemin\u0259 n\u00f6vb\u0259ti t\u00f6hf\u0259si. Fondun d\u0259st\u0259yi il\u0259 respublikan\u0131n m\u00fcxt\u0259lif b\u00f6lg\u0259l\u0259rind\u0259 in\u015fa v\u0259 t\u0259mir edil\u0259n t\u0259hsil m\u00fc\u0259ssis\u0259l\u0259rinin a\u00e7\u0131l\u0131\u015flar\u0131 davam edir. B\u00fct\u00fcn m\u0259kt\u0259blil\u0259r\u0259 m\u00f6hk\u0259m cansa\u011fl\u0131\u011f\u0131, g\u00fcmrahl\u0131q, t\u00fck\u0259nm\u0259z enerji, \u0259zmkarl\u0131q v\u0259 \u0259la qiym\u0259tl\u0259r arzulay\u0131ram! 16.09.2024\u201d.<\/p>\n<p><iframe loading=\"lazy\" id=\"instagram-embed-0\" class=\"instagram-media instagram-media-rendered\" src=\"https:\/\/www.instagram.com\/p\/C_-g2MsAMf5\/embed\/captioned\/?cr=1&amp;v=14&amp;wp=594&amp;rd=https%3A%2F%2Freport.az&amp;rp=%2Fdaxili-siyaset%2Fbirinci-vitse-prezident-butun-mekteblilere-mohkem-cansagligi-tukenmez-enerji-ezmkarliq-ve-ela-qiymetler-arzulayiram%2F#%7B%22ci%22%3A0%2C%22os%22%3A1186.199999999255%2C%22ls%22%3A134.09999999962747%2C%22le%22%3A1180.5999999996275%7D\" width=\"750\" height=\"1990\" frameborder=\"0\" scrolling=\"no\" allowfullscreen=\"allowfullscreen\" data-instgrm-payload-id=\"instagram-media-payload-0\" data-mce-fragment=\"1\"><\/iframe><\/p>\n<\/div>\n<div><\/div>\n<div><\/div>\n<div class=\"inner-social-box\">\n<div class=\"subs-in-social subs-whatsapp\"><\/div>\n<\/div>\n","protected":false},"excerpt":{"rendered":"<p>Az\u0259rbaycan Respublikas\u0131n\u0131n Birinci vitse-prezidenti Mehriban \u018fliyeva Heyd\u0259r \u018fliyev Fondu t\u0259r\u0259find\u0259n \u00f6lk\u0259nin m\u00fcxt\u0259lif b\u00f6lg\u0259l\u0259rind\u0259 in\u015fa v\u0259 t\u0259mir olunan t\u0259hsil m\u00fc\u0259ssis\u0259l\u0259ri il\u0259 \u0259laq\u0259dar sosial \u015f\u0259b\u0259k\u0259 hesablar\u0131nda payla\u015f\u0131m edib. ARANTV.AZ\u00a0 payla\u015f\u0131m\u0131 t\u0259qdim edir: \u201cHeyd\u0259r \u018fliyev Fondunun \u00f6lk\u0259nin t\u0259hsil sistemin\u0259 n\u00f6vb\u0259ti t\u00f6hf\u0259si. Fondun d\u0259st\u0259yi il\u0259 respublikan\u0131n m\u00fcxt\u0259lif b\u00f6lg\u0259l\u0259rind\u0259 in\u015fa v\u0259 t\u0259mir edil\u0259n t\u0259hsil m\u00fc\u0259ssis\u0259l\u0259rinin a\u00e7\u0131l\u0131\u015flar\u0131 davam edir. B\u00fct\u00fcn m\u0259kt\u0259blil\u0259r\u0259 m\u00f6hk\u0259m cansa\u011fl\u0131\u011f\u0131, g\u00fcmrahl\u0131q, t\u00fck\u0259nm\u0259z enerji, \u0259zmkarl\u0131q v\u0259 \u0259la qiym\u0259tl\u0259r arzulay\u0131ram! 16.09.2024\u201d.<\/p>\n","protected":false},"author":2,"featured_media":753471,"comment_status":"closed","ping_status":"closed","sticky":false,"template":"","format":"standard","meta":{"om_disable_all_campaigns":false,"_monsterinsights_skip_tracking":false,"_monsterinsights_sitenote_active":false,"_monsterinsights_sitenote_note":"","_monsterinsights_sitenote_category":0},"categories":[4],"tags":[],"aioseo_notices":[],"gutentor_comment":0,"rttpg_featured_image_url":{"full":["https:\/\/arantv.az\/wp-content\/uploads\/2024\/09\/63431ffc7cf92d895ffcd634de69057c.jpg",850,500,false],"landscape":["https:\/\/arantv.az\/wp-content\/uploads\/2024\/09\/63431ffc7cf92d895ffcd634de69057c.jpg",850,500,false],"portraits":["https:\/\/arantv.az\/wp-content\/uploads\/2024\/09\/63431ffc7cf92d895ffcd634de69057c.jpg",850,500,false],"thumbnail":["https:\/\/arantv.az\/wp-content\/uploads\/2024\/09\/63431ffc7cf92d895ffcd634de69057c-500x280.jpg",500,280,true],"medium":["https:\/\/arantv.az\/wp-content\/uploads\/2024\/09\/63431ffc7cf92d895ffcd634de69057c-621x365.jpg",621,365,true],"large":["https:\/\/arantv.az\/wp-content\/uploads\/2024\/09\/63431ffc7cf92d895ffcd634de69057c-840x494.jpg",640,376,true],"1536x1536":["https:\/\/arantv.az\/wp-content\/uploads\/2024\/09\/63431ffc7cf92d895ffcd634de69057c.jpg",850,500,false],"2048x2048":["https:\/\/arantv.az\/wp-content\/uploads\/2024\/09\/63431ffc7cf92d895ffcd634de69057c.jpg",850,500,false],"post-thumbnail":["https:\/\/arantv.az\/wp-content\/uploads\/2024\/09\/63431ffc7cf92d895ffcd634de69057c-240x172.jpg",240,172,true],"advps-thumb-one":["https:\/\/arantv.az\/wp-content\/uploads\/2024\/09\/63431ffc7cf92d895ffcd634de69057c.jpg",850,500,false]},"rttpg_author":{"display_name":"V\u00fcsal Rafiqo\u011flu","author_link":"https:\/\/arantv.az\/?author=2"},"rttpg_comment":0,"rttpg_category":"<a href=\"https:\/\/arantv.az\/?cat=4\" rel=\"category\">Siyas\u0259t<\/a>","rttpg_excerpt":"Az\u0259rbaycan Respublikas\u0131n\u0131n Birinci vitse-prezidenti Mehriban \u018fliyeva Heyd\u0259r \u018fliyev Fondu t\u0259r\u0259find\u0259n \u00f6lk\u0259nin m\u00fcxt\u0259lif b\u00f6lg\u0259l\u0259rind\u0259 in\u015fa v\u0259 t\u0259mir olunan t\u0259hsil m\u00fc\u0259ssis\u0259l\u0259ri il\u0259 \u0259laq\u0259dar sosial \u015f\u0259b\u0259k\u0259 hesablar\u0131nda payla\u015f\u0131m edib. ARANTV.AZ\u00a0 payla\u015f\u0131m\u0131 t\u0259qdim edir: \u201cHeyd\u0259r \u018fliyev Fondunun \u00f6lk\u0259nin t\u0259hsil sistemin\u0259 n\u00f6vb\u0259ti t\u00f6hf\u0259si. Fondun d\u0259st\u0259yi il\u0259 respublikan\u0131n m\u00fcxt\u0259lif b\u00f6lg\u0259l\u0259rind\u0259 in\u015fa v\u0259 t\u0259mir edil\u0259n t\u0259hsil m\u00fc\u0259ssis\u0259l\u0259rinin a\u00e7\u0131l\u0131\u015flar\u0131 davam edir. B\u00fct\u00fcn m\u0259kt\u0259blil\u0259r\u0259&hellip;","_links":{"self":[{"href":"https:\/\/arantv.az\/index.php?rest_route=\/wp\/v2\/posts\/753470"}],"collection":[{"href":"https:\/\/arantv.az\/index.php?rest_route=\/wp\/v2\/posts"}],"about":[{"href":"https:\/\/arantv.az\/index.php?rest_route=\/wp\/v2\/types\/post"}],"author":[{"embeddable":true,"href":"https:\/\/arantv.az\/index.php?rest_route=\/wp\/v2\/users\/2"}],"replies":[{"embeddable":true,"href":"https:\/\/arantv.az\/index.php?rest_route=%2Fwp%2Fv2%2Fcomments&post=753470"}],"version-history":[{"count":1,"href":"https:\/\/arantv.az\/index.php?rest_route=\/wp\/v2\/posts\/753470\/revisions"}],"predecessor-version":[{"id":753472,"href":"https:\/\/arantv.az\/index.php?rest_route=\/wp\/v2\/posts\/753470\/revisions\/753472"}],"wp:featuredmedia":[{"embeddable":true,"href":"https:\/\/arantv.az\/index.php?rest_route=\/wp\/v2\/media\/753471"}],"wp:attachment":[{"href":"https:\/\/arantv.az\/index.php?rest_route=%2Fwp%2Fv2%2Fmedia&parent=753470"}],"wp:term":[{"taxonomy":"category","embeddable":true,"href":"https:\/\/arantv.az\/index.php?rest_route=%2Fwp%2Fv2%2Fcategories&post=753470"},{"taxonomy":"post_tag","embeddable":true,"href":"https:\/\/arantv.az\/index.php?rest_route=%2Fwp%2Fv2%2Ftags&post=753470"}],"curies":[{"name":"wp","href":"https:\/\/api.w.org\/{rel}","templated":true}]}}