{"id":753944,"date":"2024-09-18T09:59:40","date_gmt":"2024-09-18T05:59:40","guid":{"rendered":"https:\/\/arantv.az\/?p=753944"},"modified":"2024-09-18T09:59:40","modified_gmt":"2024-09-18T05:59:40","slug":"h%c9%99rbi-canil%c9%99rin-q%c9%99rbli-hamil%c9%99ri-h%c9%99l%c9%99-dansmaga-dill%c9%99ri-d%c9%99-var","status":"publish","type":"post","link":"https:\/\/arantv.az\/?p=753944","title":{"rendered":"H\u0259rbi canil\u0259rin q\u0259rbli hamil\u0259ri \u2013 H\u0259l\u0259 dan\u015fma\u011fa dill\u0259ri d\u0259 var"},"content":{"rendered":"<p><strong>Erm\u0259nil\u0259r\u0259 qahmar \u00e7\u0131xmaq m\u0259s\u0259l\u0259sind\u0259 Niderland Fransaya \u00e7atma\u011f\u0131 v\u0259 onu \u00f6tm\u0259yi planla\u015fd\u0131r\u0131r, dey\u0259s\u0259n. Bu \u00f6lk\u0259nin h\u00f6kum\u0259tinin kursu bunu g\u00f6st\u0259rir.<\/strong><\/p>\n<p>Az\u0259rbaycan\u0131n Xarici \u0130\u015fl\u0259r Nazirliyinin bu x\u00fcsusda yayd\u0131\u011f\u0131 b\u0259yanatdan bel\u0259 anla\u015f\u0131l\u0131r ki, Niderland t\u0259r\u0259finin bu davran\u0131\u015f\u0131 ilk d\u0259f\u0259 deyil, \u201cn\u00f6vb\u0259ti d\u0259f\u0259\u201ddir.<\/p>\n<p>Niderland Krall\u0131\u011f\u0131 anti-Az\u0259rbaycan xarakteri da\u015f\u0131yan m\u00fclahiz\u0259l\u0259ri art\u0131q \u015fifahi nitql\u0259rd\u0259 s\u0259sl\u0259ndirmir, sentyabr\u0131n 13-d\u0259 d\u0259rc etdirdiyi h\u00f6kum\u0259t proqram\u0131na sal\u0131b.<\/p>\n<p>Proqram\u0131n &#8220;Beyn\u0259lxalq t\u0259hl\u00fck\u0259sizlik&#8221; b\u00f6lm\u0259sind\u0259 Az\u0259rbaycan t\u0259r\u0259find\u0259n Da\u011fl\u0131q Qaraba\u011f\u0131n i\u015f\u011fal edilm\u0259si\u201d kimi bir c\u0259f\u0259ng ifad\u0259 yer al\u0131r.<\/p>\n<p>X\u0130N bu ifad\u0259y\u0259 cavab verib, ancaq, bu m\u0259s\u0259l\u0259ni daha geni\u015f \u015f\u0259rh etm\u0259y\u0259 ehtiyac var.<\/p>\n<p>Baxaq, g\u00f6r\u0259k, Niderland h\u00f6kum\u0259ti \u00f6z proqram\u0131nda bel\u0259 bir ifad\u0259 i\u015fl\u0259d\u0259rk\u0259n, he\u00e7 olmasa, m\u00fc\u0259yy\u0259n q\u0259d\u0259r haql\u0131d\u0131rm\u0131?<\/p>\n<p>Beyn\u0259lxalq h\u00fcquqa g\u00f6r\u0259, Niderland bu c\u00fcr ifad\u0259y\u0259 yol ver\u0259rk\u0259n z\u0259rr\u0259 q\u0259d\u0259r d\u0259 haql\u0131 deyil.<\/p>\n<p>Birincisi, bel\u0259 bir ifad\u0259ni h\u00f6kum\u0259t proqram\u0131na salmaq, art\u0131q Az\u0259rbaycan\u0131n \u0259razi b\u00fct\u00f6vl\u00fcy\u00fcn\u0259 qar\u015f\u0131 \u00e7\u0131xmaq v\u0259 qeyri-qanuni, separat\u00e7\u0131 rejimi legitim saymaq c\u0259hdidir.<\/p>\n<p>\u0130kincisi, he\u00e7 bir \u00f6lk\u0259ni, x\u00fcsusil\u0259 d\u0259 unitar qurulu\u015fa malik d\u00f6vl\u0259ti \u00f6z \u0259razisinin bir hiss\u0259sind\u0259 qanun\u00e7ulu b\u0259rpa etm\u0259sini \u201ci\u015f\u011fal\u201d adland\u0131rmaq absurd s\u00f6hb\u0259tdir.<\/p>\n<p>Ona da diqq\u0259t ed\u0259k ki, Niderland indiy\u0259 q\u0259d\u0259r separatizml\u0259 \u00fczl\u0259\u015f\u0259n hans\u0131 \u00f6lk\u0259y\u0259 qar\u015f\u0131 bel\u0259 bir iddia ir\u0259li s\u00fcr\u00fcb? M\u0259s\u0259l\u0259n, Rusiya \u00f6z federal subyekti olan \u00c7e\u00e7enistanda yursidiksiyas\u0131n\u0131 minl\u0259rl\u0259 m\u00fclki \u015f\u0259xsin qan\u0131 bahas\u0131na b\u0259rpa ed\u0259nd\u0259 Niderland Rusiyan\u0131 \u00c7e\u00e7enistan\u0131 i\u015f\u011fal etm\u0259kd\u0259 q\u0131nay\u0131bm\u0131?<\/p>\n<p>Yaxud \u0130spaniya 5-6 il \u00f6nc\u0259 s\u0131rf siyasi m\u00fcbariz\u0259 il\u0259, se\u00e7ki v\u0259 referendum yoluyla m\u00fcst\u0259qil d\u00f6vl\u0259t\u00e7iliyini elan etmi\u015f Kataloniyan\u0131 ram ed\u0259nd\u0259, separat\u00e7\u0131 liderl\u0259ri (Karlos Pu\u00e7demon xaric) h\u0259bs\u0259 atanda Niderland \u0130spaniyan\u0131 i\u015f\u011falda su\u00e7lay\u0131bm\u0131?<\/p>\n<p>Bel\u0259 \u015feyl\u0259r olmay\u0131b. Krallar (\u0130spaniya v\u0259 Niderland\u0131n taxt-tac sahibl\u0259ri) bir-birini s\u00f6zs\u00fcz anlay\u0131blar v\u0259 bel\u0259c\u0259, Avropan\u0131n g\u00f6b\u0259yind\u0259 \u00f6z m\u00fcq\u0259dd\u0259rat\u0131n\u0131 h\u0259ll em\u0259k ist\u0259y\u0259n katalon xalq\u0131n\u0131n azadl\u0131q m\u00fcbariz\u0259si d\u0259st\u0259k qazanmay\u0131b.<\/p>\n<p>Eyni \u015feyi Fransa da edib. Qafqazda ya\u015fayan v\u0259 z m\u00fcq\u0259dd\u0259rat\u0131n\u0131 h\u0259ll etmi\u015f 3 milyondan az erm\u0259niy\u0259 ikinci d\u00f6vl\u0259tin qurulmas\u0131ndan \u00f6tr\u00fc canf\u0259\u015fanl\u0131q ed\u0259n, BMT-nin s\u0259n\u0259dl\u0259rin\u0259 qar\u015f\u0131 \u00e7\u0131xan \u00f6lk\u0259 \u00f6z \u00f6lk\u0259sind\u0259ki basklara he\u00e7 muxtariyyat da verm\u0259k ist\u0259mir.<\/p>\n<p>Ancaq i\u015f\u0259 bax\u0131n ki, bu iki d\u00f6vl\u0259t Kipr problemin\u0259 yana\u015fmada art\u0131q beyn\u0259lxalq s\u0259n\u0259dl\u0259r\u0259 istinad edir, adada ya\u015fayan v\u0259 soyq\u0131r\u0131m akt\u0131na, m\u0259cburi deportasiya t\u0259hdidin\u0259 m\u0259ruz qald\u0131\u011f\u0131 \u00fc\u00e7\u00fcn T\u00fcrkiy\u0259nin k\u00f6m\u0259yi il\u0259 \u00f6z\u00fcn\u00fc m\u00fcdafi\u0259 ed\u0259n t\u00fcrkl\u0259ri separatizmd\u0259 su\u00e7lay\u0131rlar v\u0259 onlar\u0131n qurdu\u011fu \u015eKTC-ni tan\u0131maqdan imtina edirl\u0259r.<\/p>\n<p>Bununla paralel, h\u0259r iki \u00f6lk\u0259, el\u0259c\u0259 d\u0259 Avropan\u0131n dig\u0259r d\u00f6vl\u0259tl\u0259ri T\u00fcrkiy\u0259nin c\u0259nub-\u015f\u0259rqini par\u00e7alamaq ist\u0259y\u0259n PKK separatizmin\u0259 d\u0259st\u0259k verirl\u0259r.<\/p>\n<p>Y\u0259ni iki halda xristian d\u00f6vl\u0259tl\u0259rin \u0259razi b\u00fct\u00f6vl\u00fcy\u00fcn\u00fc d\u0259st\u0259kl\u0259y\u0259n v\u0259 separatizm\u0259 qar\u015f\u0131 \u00e7\u0131xan \u00f6lk\u0259l\u0259r dig\u0259r iki halda m\u00fcs\u0259lman d\u00f6vl\u0259tl\u0259rin \u0259razi b\u00fct\u00f6vl\u00fcy\u00fcn\u00fcn pozulmas\u0131na \u00e7al\u0131\u015f\u0131r, separatizmi m\u00fcdafi\u0259 edirl\u0259r.<\/p>\n<p>\u018fn pisi d\u0259 odur ki, bu d\u00f6vl\u0259tl\u0259r b\u00fct\u00fcn hallarda \u00f6zl\u0259rini haql\u0131 say\u0131r v\u0259 \u00f6z m\u00f6vqel\u0259rini \u0259sasland\u0131rmaq \u00fc\u00e7\u00fcn demaqoji arqumentl\u0259r\u0259 \u0259l at\u0131rlar.<\/p>\n<p>Vaxtil\u0259 Qaraba\u011f\u0131n da\u011fl\u0131q hiss\u0259sind\u0259 ya\u015fayan erm\u0259nil\u0259r h\u0259r zaman Az\u0259rbaycan\u0131n v\u0259t\u0259nda\u015f\u0131 olublar v\u0259 1988-ci ild\u0259 onlar\u0131n ba\u015flad\u0131\u011f\u0131 qiyam silsil\u0259vi h\u0259rbi-siyasi cinay\u0259tl\u0259rl\u0259 m\u00fc\u015fayi\u0259t olunub.<\/p>\n<p>Bu separatizm h\u0259r\u0259kat\u0131n\u0131n n\u0259tic\u0259sind\u0259 30 min\u0259 yax\u0131n v\u0259t\u0259nda\u015f\u0131m\u0131z h\u0259lak olub v\u0259 onlar\u0131n yar\u0131s\u0131 m\u00fclki insanlar idi. Bu a\u011f\u0131rl\u0131qda cinay\u0259tl\u0259rd\u0259 qondarma, tan\u0131nmam\u0131\u015f, qeyri-legitim \u201cDQR\u201d rejimin\u0259 qulluq ed\u0259n minl\u0259rl\u0259 erm\u0259ni i\u015ftirak edib v\u0259 haz\u0131rda onlardan \u00e7ox az bir qismi h\u0259bsd\u0259dir.<\/p>\n<p>Kataloniyan\u0131n r\u0259hb\u0259r \u015f\u0259xsl\u0259rin\u0259 qar\u015f\u0131 ir\u0259li s\u00fcr\u00fclm\u00fc\u015f ittihamlar s\u0131rf siyasi xarakterlidirs\u0259, Qaraba\u011f erm\u0259nil\u0259rinin liderl\u0259rin\u0259 qar\u015f\u0131 ir\u0259li s\u00fcr\u00fcl\u0259n ittihamlar m\u00fclki insanlar\u0131n \u00f6l\u00fcm\u00fc il\u0259 ba\u011fl\u0131d\u0131r. M\u0259hz onlar\u0131n \u0259mrl\u0259ri il\u0259 insanlara qar\u015f\u0131 h\u0259rbi cinay\u0259t t\u00f6r\u0259dilib.<\/p>\n<p>\u018fslind\u0259 Niderland \u0259dal\u0259tli d\u00f6vl\u0259t olsayd\u0131, insanl\u0131\u011fa qar\u015f\u0131 cinay\u0259tl\u0259r t\u00f6r\u0259tm\u0259kd\u0259 serbiyal\u0131 komandanlardan (Milo\u015fevi\u00e7, Karaci\u00e7, Mladi\u00e7 v\u0259 b.) geri qalmayan erm\u0259ni c\u0259lladlar\u0131 m\u00fchakim\u0259 olunmaq \u00fc\u00e7\u00fcn Haaqa \u015f\u0259h\u0259rind\u0259 yerl\u0259\u015f\u0259n m\u0259hk\u0259m\u0259y\u0259 ekstradisiya edilm\u0259sini ist\u0259m\u0259liydi.<\/p>\n<p>Ancaq h\u0259rbi canil\u0259ri m\u00fchakim\u0259 etm\u0259li olan m\u0259hk\u0259m\u0259y\u0259 ev sahibliyi ed\u0259n Niderland h\u0259min \u015f\u0259xsl\u0259r\u0259 azadl\u0131q t\u0259l\u0259b edir, \u00fcst\u0259lik, onlar\u0131n basq\u0131ya, i\u015f\u011fala m\u0259ruz qald\u0131\u011f\u0131 bar\u0259d\u0259 \u0259sass\u0131z iddialar\u0131 h\u00f6kum\u0259t proqram\u0131na sal\u0131r.<\/p>\n<p>\u0130ndi bayraqlar\u0131n\u0131n r\u0259ngl\u0259ri kimi, siyas\u0259tl\u0259ri d\u0259 b\u0259nz\u0259r olan bu d\u00f6vl\u0259tl\u0259r \u201ci\u015f\u011fal\u201ddan dan\u0131\u015f\u0131rlar. \u018fsl i\u015f\u011fal okeanlar\u0131n \u00f6t\u0259sind\u0259ki m\u0259ml\u0259k\u0259tl\u0259ri i\u015f\u011fal edib \u0259srl\u0259rl\u0259 \u0259sar\u0259td\u0259 saxlamaq v\u0259 h\u0259l\u0259 d\u0259 onlara azadl\u0131q verm\u0259m\u0259kdir. Bunu is\u0259 Niderland da edib, Fransa da.<\/p>\n<p>Bax, bel\u0259 davran\u0131\u015flar \u00fcz\u00fcnd\u0259ndir ki, ild\u0259n-il\u0259 b\u0259zi Avropa \u00f6lk\u0259l\u0259rinin \u0259dal\u0259tin\u0259, obyektivliyin\u0259 inam azal\u0131r. Bir vaxtlar onlar\u0131 d\u00fcnyada haqq-\u0259dal\u0259tin ke\u015fik\u00e7isi, m\u00fcdafi\u0259\u00e7isi sayan insanlar m\u0259yus olurlar. Art\u0131q he\u00e7 k\u0259s onlar\u0131n beyn\u0259lxalq m\u00fcnaqi\u015f\u0259l\u0259rd\u0259 arbitr, vasit\u0259\u00e7i, h\u0259tta s\u00fclhm\u0259raml\u0131 olmas\u0131n\u0131 ist\u0259mir.<\/p>\n<p>Yeri g\u0259lmi\u015fk\u0259n, 1995-ci ilin iyul ay\u0131nda t\u00f6r\u0259dil\u0259n \u201cSrebrenitsa genosidi\u201d s\u0131rf niderlandl\u0131 s\u00fclhm\u0259raml\u0131lar\u0131n m\u00fclki insanlar\u0131 serbl\u0259r\u0259 t\u0259slim etm\u0259si \u00fcz\u00fcnd\u0259n ba\u015f verib. Fransal\u0131 s\u00fclhm\u0259raml\u0131lar is\u0259 1994-c\u00fc ilin aprel-iyul aylar\u0131nda Ruandada q\u0131r\u011f\u0131na m\u0259ruz qalan 1 milyona yax\u0131n tutsinin m\u0259hvin\u0259 g\u00f6r\u0259 g\u00fcnahkard\u0131rlar.<\/p>\n<p>Bu q\u0259d\u0259r b\u00f6y\u00fck h\u0259rbi cinay\u0259tl\u0259rd\u0259 \u0259li, rolu olan \u00f6lk\u0259l\u0259rin h\u0259l\u0259 dan\u0131\u015fma\u011fa dill\u0259ri d\u0259 var.<\/p>\n<div class=\"news-author text-left\"><a href=\"https:\/\/musavat.com\/author\/xalid-kazimli_38\"><img class=\"img-responsive img-author\" src=\"https:\/\/cdn.musavat.com\/authors\/thumbnails\/7b4a53a5a5343a43be46eaabb8cf36a0.jpg\" \/>Xalid KAZIMLI<\/a><\/div>\n","protected":false},"excerpt":{"rendered":"<p>Erm\u0259nil\u0259r\u0259 qahmar \u00e7\u0131xmaq m\u0259s\u0259l\u0259sind\u0259 Niderland Fransaya \u00e7atma\u011f\u0131 v\u0259 onu \u00f6tm\u0259yi planla\u015fd\u0131r\u0131r, dey\u0259s\u0259n. Bu \u00f6lk\u0259nin h\u00f6kum\u0259tinin kursu bunu g\u00f6st\u0259rir. Az\u0259rbaycan\u0131n Xarici \u0130\u015fl\u0259r Nazirliyinin bu x\u00fcsusda yayd\u0131\u011f\u0131 b\u0259yanatdan bel\u0259 anla\u015f\u0131l\u0131r ki, Niderland t\u0259r\u0259finin bu davran\u0131\u015f\u0131 ilk d\u0259f\u0259 deyil, \u201cn\u00f6vb\u0259ti d\u0259f\u0259\u201ddir. Niderland Krall\u0131\u011f\u0131 anti-Az\u0259rbaycan xarakteri da\u015f\u0131yan m\u00fclahiz\u0259l\u0259ri art\u0131q \u015fifahi nitql\u0259rd\u0259 s\u0259sl\u0259ndirmir, sentyabr\u0131n 13-d\u0259 d\u0259rc etdirdiyi h\u00f6kum\u0259t proqram\u0131na sal\u0131b. Proqram\u0131n &#8220;Beyn\u0259lxalq t\u0259hl\u00fck\u0259sizlik&#8221; b\u00f6lm\u0259sind\u0259 Az\u0259rbaycan t\u0259r\u0259find\u0259n Da\u011fl\u0131q Qaraba\u011f\u0131n i\u015f\u011fal edilm\u0259si\u201d kimi bir c\u0259f\u0259ng ifad\u0259 yer al\u0131r. X\u0130N bu ifad\u0259y\u0259 cavab verib, ancaq, bu m\u0259s\u0259l\u0259ni daha geni\u015f \u015f\u0259rh etm\u0259y\u0259 ehtiyac var. Baxaq, g\u00f6r\u0259k, Niderland h\u00f6kum\u0259ti \u00f6z&hellip;<\/p>\n","protected":false},"author":2,"featured_media":753945,"comment_status":"closed","ping_status":"closed","sticky":false,"template":"","format":"standard","meta":{"om_disable_all_campaigns":false,"_monsterinsights_skip_tracking":false,"_monsterinsights_sitenote_active":false,"_monsterinsights_sitenote_note":"","_monsterinsights_sitenote_category":0},"categories":[19],"tags":[],"aioseo_notices":[],"gutentor_comment":0,"rttpg_featured_image_url":{"full":["https:\/\/arantv.az\/wp-content\/uploads\/2024\/09\/c87452b6b722620fd5c19434738ba0d7.jpg",870,500,false],"landscape":["https:\/\/arantv.az\/wp-content\/uploads\/2024\/09\/c87452b6b722620fd5c19434738ba0d7.jpg",870,500,false],"portraits":["https:\/\/arantv.az\/wp-content\/uploads\/2024\/09\/c87452b6b722620fd5c19434738ba0d7.jpg",870,500,false],"thumbnail":["https:\/\/arantv.az\/wp-content\/uploads\/2024\/09\/c87452b6b722620fd5c19434738ba0d7-500x280.jpg",500,280,true],"medium":["https:\/\/arantv.az\/wp-content\/uploads\/2024\/09\/c87452b6b722620fd5c19434738ba0d7-635x365.jpg",635,365,true],"large":["https:\/\/arantv.az\/wp-content\/uploads\/2024\/09\/c87452b6b722620fd5c19434738ba0d7-840x483.jpg",640,368,true],"1536x1536":["https:\/\/arantv.az\/wp-content\/uploads\/2024\/09\/c87452b6b722620fd5c19434738ba0d7.jpg",870,500,false],"2048x2048":["https:\/\/arantv.az\/wp-content\/uploads\/2024\/09\/c87452b6b722620fd5c19434738ba0d7.jpg",870,500,false],"post-thumbnail":["https:\/\/arantv.az\/wp-content\/uploads\/2024\/09\/c87452b6b722620fd5c19434738ba0d7-240x172.jpg",240,172,true],"advps-thumb-one":["https:\/\/arantv.az\/wp-content\/uploads\/2024\/09\/c87452b6b722620fd5c19434738ba0d7.jpg",870,500,false]},"rttpg_author":{"display_name":"V\u00fcsal Rafiqo\u011flu","author_link":"https:\/\/arantv.az\/?author=2"},"rttpg_comment":0,"rttpg_category":"<a href=\"https:\/\/arantv.az\/?cat=19\" rel=\"category\">G\u00fcnd\u0259m<\/a>","rttpg_excerpt":"Erm\u0259nil\u0259r\u0259 qahmar \u00e7\u0131xmaq m\u0259s\u0259l\u0259sind\u0259 Niderland Fransaya \u00e7atma\u011f\u0131 v\u0259 onu \u00f6tm\u0259yi planla\u015fd\u0131r\u0131r, dey\u0259s\u0259n. Bu \u00f6lk\u0259nin h\u00f6kum\u0259tinin kursu bunu g\u00f6st\u0259rir. Az\u0259rbaycan\u0131n Xarici \u0130\u015fl\u0259r Nazirliyinin bu x\u00fcsusda yayd\u0131\u011f\u0131 b\u0259yanatdan bel\u0259 anla\u015f\u0131l\u0131r ki, Niderland t\u0259r\u0259finin bu davran\u0131\u015f\u0131 ilk d\u0259f\u0259 deyil, \u201cn\u00f6vb\u0259ti d\u0259f\u0259\u201ddir. Niderland Krall\u0131\u011f\u0131 anti-Az\u0259rbaycan xarakteri da\u015f\u0131yan m\u00fclahiz\u0259l\u0259ri art\u0131q \u015fifahi nitql\u0259rd\u0259 s\u0259sl\u0259ndirmir, sentyabr\u0131n 13-d\u0259 d\u0259rc etdirdiyi h\u00f6kum\u0259t proqram\u0131na sal\u0131b.&hellip;","_links":{"self":[{"href":"https:\/\/arantv.az\/index.php?rest_route=\/wp\/v2\/posts\/753944"}],"collection":[{"href":"https:\/\/arantv.az\/index.php?rest_route=\/wp\/v2\/posts"}],"about":[{"href":"https:\/\/arantv.az\/index.php?rest_route=\/wp\/v2\/types\/post"}],"author":[{"embeddable":true,"href":"https:\/\/arantv.az\/index.php?rest_route=\/wp\/v2\/users\/2"}],"replies":[{"embeddable":true,"href":"https:\/\/arantv.az\/index.php?rest_route=%2Fwp%2Fv2%2Fcomments&post=753944"}],"version-history":[{"count":1,"href":"https:\/\/arantv.az\/index.php?rest_route=\/wp\/v2\/posts\/753944\/revisions"}],"predecessor-version":[{"id":753946,"href":"https:\/\/arantv.az\/index.php?rest_route=\/wp\/v2\/posts\/753944\/revisions\/753946"}],"wp:featuredmedia":[{"embeddable":true,"href":"https:\/\/arantv.az\/index.php?rest_route=\/wp\/v2\/media\/753945"}],"wp:attachment":[{"href":"https:\/\/arantv.az\/index.php?rest_route=%2Fwp%2Fv2%2Fmedia&parent=753944"}],"wp:term":[{"taxonomy":"category","embeddable":true,"href":"https:\/\/arantv.az\/index.php?rest_route=%2Fwp%2Fv2%2Fcategories&post=753944"},{"taxonomy":"post_tag","embeddable":true,"href":"https:\/\/arantv.az\/index.php?rest_route=%2Fwp%2Fv2%2Ftags&post=753944"}],"curies":[{"name":"wp","href":"https:\/\/api.w.org\/{rel}","templated":true}]}}