{"id":75395,"date":"2019-08-26T11:28:17","date_gmt":"2019-08-26T08:28:17","guid":{"rendered":"http:\/\/arantv.az\/?p=75395"},"modified":"2019-08-26T11:28:17","modified_gmt":"2019-08-26T08:28:17","slug":"mehriban-%c9%99liyeva-xaricd%c9%99n-olan-baxis","status":"publish","type":"post","link":"https:\/\/arantv.az\/?p=75395","title":{"rendered":"Mehriban \u018fliyeva. Xaricd\u0259n olan bax\u0131\u015f"},"content":{"rendered":"<p>Bu g\u00fcn Az\u0259rbaycan\u0131n Birinci vitse-prezidenti, Heyd\u0259r \u018fliyev Fondunun prezidenti Mehriban \u018fliyevan\u0131n ad g\u00fcn\u00fcd\u00fcr. Mehriban \u018fliyeva Az\u0259rbaycan xalq\u0131n\u0131n h\u0259qiqi m\u0259h\u0259bb\u0259t v\u0259 h\u00f6rm\u0259tini qazanm\u0131\u015f n\u00fcfuzlu d\u00f6vl\u0259t v\u0259 ictimai xadimdir.<\/p>\n<p>Mehriban \u018fliyeva Az\u0259rbaycan\u0131n \u00e7i\u00e7\u0259kl\u0259nm\u0259si v\u0259 d\u00f6vl\u0259t\u00e7iliyinin m\u00f6hk\u0259ml\u0259nm\u0259si \u00fc\u00e7\u00fcn b\u00f6y\u00fck i\u015fl\u0259r g\u00f6r\u00fcr. Mehriban xan\u0131m\u0131n f\u0259aliyy\u0259ti irimiqyasl\u0131 sosial layih\u0259l\u0259ri, Erm\u0259nistan-Az\u0259rbaycan Da\u011fl\u0131q Qaraba\u011f m\u00fcnaqi\u015f\u0259si bar\u0259d\u0259 h\u0259qiq\u0259tl\u0259rin d\u00fcnya ictimaiyy\u0259tin\u0259 \u00e7atd\u0131r\u0131lmas\u0131, Az\u0259rbaycan h\u0259qiq\u0259tl\u0259rinin, m\u0259d\u0259niyy\u0259tinin d\u00fcnyada t\u0259bli\u011fi, \u00f6lk\u0259 daxilind\u0259 v\u0259 xaricd\u0259 \u00e7oxsayl\u0131 humanitar aksiyalar\u0131, el\u0259c\u0259 d\u0259 bir \u00e7ox dig\u0259r istiqam\u0259tl\u0259ri \u0259hat\u0259 edir.<\/p>\n<p>Mehriban \u018fliyevan\u0131n Az\u0259rbaycan\u0131n inki\u015faf\u0131na, onun beyn\u0259lxalq n\u00fcfuzunun m\u00f6hk\u0259ml\u0259nm\u0259sin\u0259 \u015f\u0259xsi t\u00f6hf\u0259sini qiym\u0259tl\u0259ndirm\u0259k \u00e7\u0259tindir. Mehriban \u018fliyevan\u0131n f\u0259aliyy\u0259ti h\u0259m Az\u0259rbaycanda, h\u0259m d\u0259 \u00f6lk\u0259 xaricind\u0259 y\u00fcks\u0259k qiym\u0259tl\u0259ndirilir.<\/p>\n<p>Bolqar\u0131stan\u0131n Kirill v\u0259 Mefodi ad\u0131na Veliko-T\u0131rnovo Universitetinin rektoru\u00a0<strong>Xristo Boncolov<\/strong>\u00a0Trend-\u0259 m\u00fcsahib\u0259sind\u0259 bildirib ki, Mehriban \u018fliyeva t\u0259r\u0259find\u0259n Veliko-T\u0131rnovo \u015f\u0259h\u0259rin\u0259 diqq\u0259t bolqarlar t\u0259r\u0259find\u0259n b\u00f6y\u00fck r\u0259\u011fb\u0259tl\u0259 qar\u015f\u0131lan\u0131r.<\/p>\n<p>Rektorun s\u00f6zl\u0259rin\u0259 g\u00f6r\u0259, Heyd\u0259r \u018fliyev Fondu t\u0259r\u0259find\u0259n h\u0259r bir bolqar \u00fc\u00e7\u00fcn \u0259ziz olan &#8220;Trapezitsa&#8221; muzey-qoru\u011funun b\u0259rpas\u0131 Bolqar\u0131standa s\u00fclh v\u0259 iki \u00f6lk\u0259 aras\u0131nda dostluq r\u0259mzi kimi q\u0259bul edilir:<\/p>\n<p>&#8220;Biz tarixi abid\u0259l\u0259rimiz\u0259, tarix v\u0259 m\u0259d\u0259niyy\u0259timiz\u0259 g\u00f6st\u0259ril\u0259n d\u0259st\u0259yi y\u00fcks\u0259k qiym\u0259tl\u0259ndiririk. \u015e\u0259h\u0259rimizin sakinl\u0259rinin Mehriban \u018fliyevan\u0131 minn\u0259tdarl\u0131q v\u0259 h\u00f6rm\u0259tl\u0259 qar\u015f\u0131lamalar\u0131 bunun s\u00fcbutudur&#8221;.<\/p>\n<p>Rektor xat\u0131rlad\u0131b ki, Veliko-T\u0131rnovo \u015f\u0259h\u0259rinin tarixi-m\u0259d\u0259ni irsinin b\u0259rpas\u0131 v\u0259 m\u00fchafiz\u0259sin\u0259 verdiyi t\u00f6hf\u0259y\u0259 g\u00f6r\u0259, sakinl\u0259r Mehriban \u018fliyevaya \u015f\u0259h\u0259rin f\u0259xri v\u0259t\u0259nda\u015f\u0131, el\u0259c\u0259 d\u0259 Kirill v\u0259 Mefodi ad\u0131na Veliko-T\u0131rnovo Universitetinin f\u0259xri doktoru diplomlar\u0131n\u0131 t\u0259qdim edibl\u0259r.<\/p>\n<p>X.Boncolov \u00fcmidvar oldu\u011funu bildirib ki, Heyd\u0259r \u018fliyev Fondu il\u0259 Bolqar\u0131stan aras\u0131nda m\u0259hsuldar \u0259m\u0259kda\u015fl\u0131q g\u0259l\u0259c\u0259kd\u0259 d\u0259 davam ed\u0259c\u0259k v\u0259 iki dost \u00f6lk\u0259 aras\u0131ndak\u0131 m\u00fcnasib\u0259tl\u0259r\u0259 \u0259lav\u0259 t\u00f6hf\u0259 ver\u0259c\u0259k:<\/p>\n<p>&#8220;M\u0259n bilir\u0259m ki, Heyd\u0259r \u018fliyev Fondu t\u0259kc\u0259 \u00f6z \u00f6lk\u0259sind\u0259 yox, h\u0259m d\u0259 b\u00fct\u00fcn d\u00fcnyada t\u0259hsil, m\u0259d\u0259niyy\u0259t, idman, s\u0259hiyy\u0259, elm v\u0259 texnologiya, \u0259traf m\u00fchit sah\u0259l\u0259rind\u0259 layih\u0259l\u0259rin realla\u015fd\u0131r\u0131lmas\u0131nda f\u0259al i\u015ftirak edir. Heyd\u0259r \u018fliyev Fondunun ali m\u0259qs\u0259di var &#8211; m\u00fcxt\u0259lif m\u0259d\u0259niyy\u0259t v\u0259 sivilizasiyalar\u0131n qar\u015f\u0131l\u0131ql\u0131 z\u0259nginl\u0259\u015fm\u0259si, m\u00fcxt\u0259lif xalqlar aras\u0131nda dialoqun geni\u015fl\u0259ndirilm\u0259si v\u0259 tolerantl\u0131q \u0259n\u0259n\u0259l\u0259rinin qorunmas\u0131. M\u0259n \u015fadam ki, Heyd\u0259r \u018fliyev Fondu \u015e\u0259rqi Avropada m\u0259d\u0259niyy\u0259t sah\u0259sind\u0259 m\u00fcvafiq layih\u0259nin h\u0259yata ke\u00e7irilm\u0259si \u00fc\u00e7\u00fcn m\u0259hz Veliko-T\u0131rnovo \u015f\u0259h\u0259rini se\u00e7ib v\u0259 n\u0259tic\u0259d\u0259 &#8220;Trapezitsa&#8221; d\u00fcnya m\u0259d\u0259niyy\u0259t abid\u0259l\u0259ri x\u0259zin\u0259si siyah\u0131s\u0131na daxil edilib. Bolqarlar \u00fc\u00e7\u00fcn Heyd\u0259r \u018fliyev Fondunun v\u0259 \u015f\u0259xs\u0259n Mehriban \u018fliyevan\u0131n etdikl\u0259ri \u00e7ox vacibdir, \u00e7\u00fcnki bu, m\u0259d\u0259niyy\u0259tl\u0259raras\u0131 dialoq, tolerantl\u0131q v\u0259 qar\u015f\u0131l\u0131ql\u0131 h\u00f6rm\u0259tin bir hiss\u0259sidir&#8221;.<\/p>\n<p>\u00d6z n\u00f6vb\u0259sind\u0259 Fransada Az\u0259rbaycan Dostlar\u0131 Assosiasiyas\u0131n\u0131n prezidenti\u00a0<strong>Jan-Fransua Mansel<\/strong>\u00a0hesab edir ki, Heyd\u0259r \u018fliyev Fondu v\u0259 onun prezidenti Mehriban \u018fliyeva Fransa-Az\u0259rbaycan m\u00fcnasib\u0259tl\u0259rinin qurulmas\u0131nda m\u00fch\u00fcm rol oynay\u0131b:<\/p>\n<p>&#8220;Mehriban \u018fliyeva Fransada Heyd\u0259r \u018fliyev Fondunun t\u0259dbirl\u0259rind\u0259 f\u0259al i\u015ftirak\u0131 il\u0259 bizim ictimaiyy\u0259timizd\u0259 m\u00fcs\u0259lman \u00f6lk\u0259sini t\u0259msil ed\u0259n parlaq, n\u0259cib, m\u00fcasir v\u0259 savadl\u0131 qad\u0131n\u0131n t\u0259c\u0259ss\u00fcm\u00fcn\u0259 \u00e7evrilib. Bel\u0259likl\u0259, Fransa il\u0259 Az\u0259rbaycan\u0131n yax\u0131nla\u015fmas\u0131 \u00fc\u00e7\u00fcn qap\u0131 a\u00e7\u0131l\u0131b&#8221;.<\/p>\n<p>Assosiasiya prezidenti Mehriban \u018fliyevan\u0131n 2019-cu ilin mart\u0131nda Fransaya s\u0259f\u0259rinin ikit\u0259r\u0259fli m\u00fcnasib\u0259tl\u0259rin m\u00f6hk\u0259ml\u0259nm\u0259sind\u0259ki \u0259h\u0259miyy\u0259tini x\u00fcsusi vur\u011fulay\u0131b:<\/p>\n<p>&#8220;\u0130st\u0259nil\u0259n dostluq m\u00fcnasib\u0259tl\u0259rind\u0259 eni\u015fl\u0259r v\u0259 yoxu\u015flar ola bil\u0259r. Bu s\u0259f\u0259r\u0259 q\u0259d\u0259r b\u0259zi xo\u015fag\u0259lm\u0259z hadis\u0259l\u0259r iki \u00f6lk\u0259 aras\u0131nda anla\u015f\u0131lmazl\u0131\u011fa s\u0259b\u0259b olmu\u015fdu. Az\u0259rbaycan\u0131n Birinci vitse-prezidentinin Fransaya s\u0259f\u0259ri v\u0259 y\u00fcks\u0259k s\u0259viyy\u0259d\u0259 g\u00f6r\u00fc\u015fl\u0259rin ke\u00e7irilm\u0259si qara buludlar\u0131 qovdu v\u0259 Fransa-Az\u0259rbaycan dostlu\u011funu m\u00f6hk\u0259ml\u0259ndirdi. Mehriban \u018fliyevan\u0131n Fransa haqq\u0131nda d\u0259rin bilikl\u0259ri, \u00f6lk\u0259miz\u0259 mara\u011f\u0131 fransal\u0131 h\u0259ms\u00f6hb\u0259tl\u0259ri m\u00fct\u0259\u0259ssir etdi v\u0259 onun vacib sah\u0259l\u0259rd\u0259ki bilikl\u0259ri y\u00fcks\u0259k qiym\u0259tl\u0259ndirildi&#8221;.<\/p>\n<p>J.F.Mansel vur\u011fulay\u0131b ki, Heyd\u0259r \u018fliyev Fondunun Fransada ke\u00e7irdiyi humanitar v\u0259 m\u0259d\u0259ni t\u0259dbirl\u0259r say\u0259sind\u0259 fransal\u0131lar \u00f6zl\u0259ri \u00fc\u00e7\u00fcn Az\u0259rbaycan\u0131 k\u0259\u015ff ed\u0259 bildil\u0259r v\u0259 \u00f6lk\u0259nin orijinall\u0131\u011f\u0131n\u0131, m\u0259d\u0259niyy\u0259tini, el\u0259c\u0259 d\u0259 m\u00fcxt\u0259lif xalqlar\u0131n v\u0259 dinl\u0259rin birg\u0259ya\u015fay\u0131\u015f\u0131n\u0131 t\u0259min etm\u0259k bacar\u0131\u011f\u0131n\u0131 qiym\u0259tl\u0259ndirdil\u0259r.<\/p>\n<p>Ox\u015far fikirl\u0259ri Trend-\u0259 m\u00fcsahib\u0259sind\u0259 Fransan\u0131n Az\u0259rbaycandak\u0131 s\u0259firi\u00a0<strong>Oreliya Bu\u015fe<\/strong>\u00a0d\u0259 s\u0259sl\u0259ndirib:<\/p>\n<p>&#8220;Az\u0259rbaycan\u0131n Birinci vitse-prezidenti Mehriban \u018fliyeva Fransa-Az\u0259rbaycan m\u00fcnasib\u0259tl\u0259rin\u0259 yeni m\u0259zmun g\u0259tirib. Mehriban \u018fliyevan\u0131n vur\u011fulad\u0131\u011f\u0131 kimi, ikit\u0259r\u0259fli m\u00fcnasib\u0259tl\u0259rd\u0259 h\u0259l\u0259 d\u0259 istifad\u0259 edilm\u0259mi\u015f potensial m\u00f6vcuddur&#8221;.<\/p>\n<p>S\u0259fir qeyd edib ki, Mehriban \u018fliyeva t\u0259hsil v\u0259 m\u0259d\u0259niyy\u0259t sah\u0259sind\u0259 onsuz da y\u00fcks\u0259k olan Fransa-Az\u0259rbaycan \u0259m\u0259kda\u015fl\u0131\u011f\u0131n\u0131n daha da geni\u015fl\u0259ndirilm\u0259si m\u00f6vqeyind\u0259n \u00e7\u0131x\u0131\u015f edir:<\/p>\n<p>&#8220;Birinci vitse-prezident Mehriban \u018fliyeva uzun ill\u0259rdir t\u0259hsil v\u0259 m\u0259d\u0259niyy\u0259t sah\u0259sind\u0259, o c\u00fcml\u0259d\u0259n, Heyd\u0259r \u018fliyev Fondunun prezidenti kimi f\u0259al \u015f\u0259kild\u0259 \u00e7al\u0131\u015f\u0131r v\u0259 bu sah\u0259l\u0259rd\u0259 b\u00f6y\u00fck u\u011furlar \u0259ld\u0259 edib. Mehriban \u018fliyevan\u0131n Paris\u0259 u\u011furlu s\u0259f\u0259rind\u0259n sonra yeni add\u0131mlar at\u0131ld\u0131. O, Parisd\u0259 ba\u015f nazir, iqtisadiyyat v\u0259 m\u0259d\u0259niyy\u0259t nazirl\u0259ri kimi y\u00fcks\u0259k v\u0259zif\u0259li \u015f\u0259xsl\u0259rl\u0259 g\u00f6r\u00fc\u015fl\u0259r ke\u00e7irdi. Bu g\u00f6r\u00fc\u015fl\u0259r iyul ay\u0131nda &#8220;Az\u0259rbaycan m\u0259d\u0259ni irsi Luvr Muzeyind\u0259&#8221; v\u0259 10 il Az\u0259rbaycan\u0131n m\u00fcxt\u0259lif yerl\u0259rind\u0259 \u00e7al\u0131\u015fan Fransa-Az\u0259rbaycan komandalar\u0131n\u0131n apard\u0131\u011f\u0131 arxeoloji qaz\u0131nt\u0131lar\u0131n n\u0259tic\u0259l\u0259rini t\u0259qdim ed\u0259n &#8220;Fransa-Az\u0259rbaycan arxeoloji qaz\u0131nt\u0131lar\u0131n\u0131n 10 illiyi&#8221;n\u0259 h\u0259sr olunmu\u015f iki b\u00f6y\u00fck s\u0259rginin Bak\u0131da ke\u00e7irilm\u0259sin\u0259 s\u0259b\u0259b oldu. Bu s\u0259rgi C\u0259nubi Qafqazda q\u0259dim ya\u015fay\u0131\u015f m\u0259sk\u0259nl\u0259rinin v\u0259 sivilizasiyalar\u0131n nec\u0259 yarand\u0131\u011f\u0131n\u0131 g\u00f6st\u0259rir. \u018flb\u0259tt\u0259, yax\u0131n aylarda daha \u00e7ox i\u015fl\u0259r g\u00f6rm\u0259k niyy\u0259tind\u0259yik. Biz tan\u0131nm\u0131\u015f frans\u0131z fotoqraf\u0131 Robert Duanonun Heyd\u0259r \u018fliyev M\u0259rk\u0259zind\u0259 s\u0259rgisinin realla\u015fd\u0131r\u0131lmas\u0131 \u00fcz\u0259rind\u0259 i\u015fl\u0259yirik. Bizim bir \u00e7ox ba\u015fqa layih\u0259l\u0259rimiz d\u0259 var. Biz yeni vacib add\u0131mlar\u0131n \u015fahidi olduq v\u0259 n\u00f6vb\u0259ti aylarda, qar\u015f\u0131dak\u0131 ill\u0259rd\u0259 daha da \u00e7ox i\u015f g\u00f6rm\u0259k arzusunday\u0131q&#8221;.<\/p>\n<p>TASS informasiya agentliyinin ba\u015f direktorunun birinci m\u00fcavini, Rusiyan\u0131n \u0259m\u0259kdar m\u0259d\u0259niyy\u0259t i\u015f\u00e7isi, Rusiya D\u00f6vl\u0259t m\u00fckafat\u0131 laureat\u0131\u00a0<strong>Mixail Qusman<\/strong>\u00a0Trend-\u0259 m\u00fcsahib\u0259sind\u0259 vur\u011fulay\u0131b ki, Az\u0259rbaycan\u0131n Birinci vitse-prezidenti Mehriban \u018fliyevan\u0131n h\u0259m \u00f6z \u00f6lk\u0259sind\u0259, h\u0259m d\u0259 d\u00fcnyada multikulturalizmin inki\u015faf\u0131ndak\u0131 xidm\u0259tl\u0259rini qiym\u0259tl\u0259ndirm\u0259k \u00e7\u0259tindir:<\/p>\n<p>&#8220;Az\u0259rbaycan Prezidenti \u0130lham \u018fliyev h\u0259mi\u015f\u0259 vur\u011fulay\u0131r ki, multikulturalizm Az\u0259rbaycan\u0131n m\u0259d\u0259ni, el\u0259c\u0259 d\u0259 sosial h\u0259yat\u0131n\u0131n t\u0259bii v\u0259 vacib t\u0259rkib hiss\u0259sidir. Bu kontekstd\u0259 Mehriban \u018fliyeva UNESKO-nun xo\u015fm\u0259raml\u0131 s\u0259firi qismind\u0259 t\u0259kc\u0259 \u00f6lk\u0259nin beyn\u0259lxalq miqyasda tan\u0131nmas\u0131na deyil, h\u0259m d\u0259 paytaxt Bak\u0131n\u0131n d\u00fcnyan\u0131n multikulturalizm m\u0259rk\u0259zi kimi tan\u0131nmas\u0131na b\u00f6y\u00fck t\u00f6hf\u0259 verir. Ba\u015fqa c\u00fcr ola da bilm\u0259z, \u00e7\u00fcnki tarix\u0259n Bak\u0131 d\u00fcnya m\u0259d\u0259niyy\u0259tl\u0259rinin, Q\u0259rb v\u0259 \u015e\u0259rq sivilizasiyalar\u0131n\u0131n v\u0259 d\u00fcnya dinl\u0259rinin k\u0259si\u015fdiyi m\u0259kan olub&#8221;.<\/p>\n<p>M.Qusman Mehriban \u018fliyevan\u0131n Heyd\u0259r \u018fliyev Fondunun prezidenti qismind\u0259 f\u0259aliyy\u0259tini x\u00fcsusi qeyd edib:<\/p>\n<p>&#8220;G\u00fccl\u00fc v\u0259 m\u00fcst\u0259qil Az\u0259rbaycan\u0131n da t\u0259rkib hiss\u0259si oldu\u011fu m\u00fcasir d\u00fcnyada v\u0259t\u0259nda\u015f c\u0259miyy\u0259tinin rolu getdikc\u0259 daha da aktualla\u015f\u0131r. Ona g\u00f6r\u0259 d\u0259 \u00f6lk\u0259d\u0259 \u0259n vacib ictimai prosesl\u0259rin ba\u015f\u0131nda dayanan Heyd\u0259r \u018fliyev Fondu kimi t\u0259\u015fkilat\u0131n olmas\u0131na b\u00f6y\u00fck t\u0259l\u0259bat var. Heyd\u0259r \u018fliyev Fondunun u\u011furlu f\u0259aliyy\u0259ti, \u0259sas\u0259n, onun prezidenti, m\u00fcasir Az\u0259rbaycan ictimaiyy\u0259tinin t\u0259l\u0259bat\u0131n\u0131, onun qar\u015f\u0131s\u0131nda duran vacib tap\u015f\u0131r\u0131qlar\u0131 h\u0259ssasl\u0131qla duyan Mehriban \u018fliyevan\u0131n f\u0259aliyy\u0259ti il\u0259 ba\u011fl\u0131d\u0131r&#8221;.<\/p>\n<p>M.Qusman qeyd edib ki, Fond t\u0259r\u0259find\u0259n h\u0259m \u00f6lk\u0259d\u0259, h\u0259m d\u0259 xaricd\u0259 Az\u0259rbaycan xalq\u0131n\u0131n xeyrin\u0259, Az\u0259rbaycan namin\u0259 realla\u015fd\u0131r\u0131lan onlarla, h\u0259tta y\u00fczl\u0259rl\u0259 layih\u0259 saymaq olar:<\/p>\n<p>&#8220;Bu layih\u0259l\u0259r h\u0259r k\u0259s\u0259 m\u0259lumdur. Heyd\u0259r \u018fliyev Fondunda v\u0259t\u0259nda\u015flar\u0131n minl\u0259rl\u0259 f\u0259rdi m\u00fcraci\u0259tin\u0259 bax\u0131l\u0131b v\u0259 m\u00fcxt\u0259lif kateqoriyadan olan insanlara yard\u0131m edilib. Vacib olan odur ki, onun f\u0259aliyy\u0259ti yaln\u0131z xeyriyy\u0259 i\u015fl\u0259ri il\u0259 m\u0259hdudla\u015fm\u0131r. Elm, t\u0259hsil, maarif sah\u0259l\u0259rind\u0259 d\u0259 ciddi layih\u0259l\u0259r var. H\u0259m\u00e7inin, Fondun Az\u0259rbaycan\u0131n v\u0259 xarici \u00f6lk\u0259l\u0259rin v\u0259t\u0259nda\u015f c\u0259miyy\u0259ti t\u0259\u015fkilatlar\u0131 aras\u0131nda \u0259laq\u0259l\u0259rin qurulmas\u0131nda rolunu qiym\u0259tl\u0259ndirm\u0259k \u00e7\u0259tindir. M\u0259n h\u0259l\u0259 Az\u0259rbaycanda v\u0259 xaricd\u0259 m\u0259d\u0259niyy\u0259t abid\u0259l\u0259rinin restavrasiyas\u0131 kimi ciddi layih\u0259l\u0259rd\u0259n dan\u0131\u015fm\u0131ram&#8221;.<\/p>\n<p>Pu\u015fkin ad\u0131na D\u00f6vl\u0259t Rus Dili \u0130nstitutunun rektoru\u00a0<strong>Marqarita Rusetskaya<\/strong>\u00a0Trend-\u0259 m\u00fcsahib\u0259sind\u0259 bildirib ki, Az\u0259rbaycan\u0131n Birinci vitse-prezidenti Mehriban \u018fliyeva say\u0259sind\u0259 Az\u0259rbaycanla Rusiya aras\u0131nda \u0259m\u0259kda\u015fl\u0131q yeni s\u0259viyy\u0259y\u0259 qalx\u0131b v\u0259 u\u011furla inki\u015faf edir:<\/p>\n<p>&#8220;Bir m\u00fcdd\u0259t \u0259vv\u0259l Mehriban \u018fliyeva Rusiya-Az\u0259rbaycan m\u00fcnasib\u0259tl\u0259rinin inki\u015faf\u0131na verdiyi t\u00f6hf\u0259y\u0259 g\u00f6r\u0259 Rusiyan\u0131n Dostluq Ordeni il\u0259 t\u0259ltif olundu. Biz bu add\u0131m\u0131 \u00fcr\u0259kd\u0259n alq\u0131\u015flay\u0131r\u0131q. Az\u0259rbaycan\u0131n Birinci vitse-prezidenti g\u00fcnd\u0259lik olaraq dem\u0259k olar ki, h\u0259yat\u0131n b\u00fct\u00fcn sah\u0259l\u0259rind\u0259 &#8211; t\u0259hsil, m\u0259d\u0259niyy\u0259t, elm, s\u0259hiyy\u0259, ekologiya &#8211; ikit\u0259r\u0259fli v\u0259 \u00e7oxt\u0259r\u0259fli \u0259m\u0259kda\u015fl\u0131\u011f\u0131n inki\u015faf\u0131na b\u00f6y\u00fck t\u00f6hf\u0259 verir. Onun r\u0259hb\u0259rliyi alt\u0131nda h\u0259min sah\u0259l\u0259rd\u0259 \u00e7oxsayl\u0131 Rusiya-Az\u0259rbaycan layih\u0259l\u0259ri realla\u015fd\u0131r\u0131l\u0131r. Bundan ba\u015fqa, Mehriban \u018fliyeva h\u0259m \u00f6lk\u0259 daxilind\u0259, h\u0259m d\u0259 xaricd\u0259 geni\u015f xeyriyy\u0259 f\u0259aliyy\u0259tini h\u0259yata ke\u00e7irir&#8221;.<\/p>\n<p>M.Rusetskaya, h\u0259m\u00e7inin, Mehriban \u018fliyevan\u0131n rus dilinin Az\u0259rbaycanda inki\u015faf\u0131ndak\u0131 rolunu vur\u011fulay\u0131b v\u0259 qeyd edib ki, \u00f6lk\u0259d\u0259 rus dilin\u0259 b\u00f6y\u00fck diqq\u0259t h\u0259m d\u0259 t\u0259l\u0259b\u0259lik h\u0259yat\u0131n\u0131 Moskvada ke\u00e7mi\u015f Birinci vitse-prezident Mehriban \u018fliyevan\u0131n xidm\u0259tidir.<\/p>\n","protected":false},"excerpt":{"rendered":"<p>Bu g\u00fcn Az\u0259rbaycan\u0131n Birinci vitse-prezidenti, Heyd\u0259r \u018fliyev Fondunun prezidenti Mehriban \u018fliyevan\u0131n ad g\u00fcn\u00fcd\u00fcr. Mehriban \u018fliyeva Az\u0259rbaycan xalq\u0131n\u0131n h\u0259qiqi m\u0259h\u0259bb\u0259t v\u0259 h\u00f6rm\u0259tini qazanm\u0131\u015f n\u00fcfuzlu d\u00f6vl\u0259t v\u0259 ictimai xadimdir. Mehriban \u018fliyeva Az\u0259rbaycan\u0131n \u00e7i\u00e7\u0259kl\u0259nm\u0259si v\u0259 d\u00f6vl\u0259t\u00e7iliyinin m\u00f6hk\u0259ml\u0259nm\u0259si \u00fc\u00e7\u00fcn b\u00f6y\u00fck i\u015fl\u0259r g\u00f6r\u00fcr. Mehriban xan\u0131m\u0131n f\u0259aliyy\u0259ti irimiqyasl\u0131 sosial layih\u0259l\u0259ri, Erm\u0259nistan-Az\u0259rbaycan Da\u011fl\u0131q Qaraba\u011f m\u00fcnaqi\u015f\u0259si bar\u0259d\u0259 h\u0259qiq\u0259tl\u0259rin d\u00fcnya ictimaiyy\u0259tin\u0259 \u00e7atd\u0131r\u0131lmas\u0131, Az\u0259rbaycan h\u0259qiq\u0259tl\u0259rinin, m\u0259d\u0259niyy\u0259tinin d\u00fcnyada t\u0259bli\u011fi, \u00f6lk\u0259 daxilind\u0259 v\u0259 xaricd\u0259 \u00e7oxsayl\u0131 humanitar aksiyalar\u0131, el\u0259c\u0259 d\u0259 bir \u00e7ox dig\u0259r istiqam\u0259tl\u0259ri \u0259hat\u0259 edir. Mehriban \u018fliyevan\u0131n Az\u0259rbaycan\u0131n inki\u015faf\u0131na, onun beyn\u0259lxalq n\u00fcfuzunun m\u00f6hk\u0259ml\u0259nm\u0259sin\u0259 \u015f\u0259xsi t\u00f6hf\u0259sini qiym\u0259tl\u0259ndirm\u0259k \u00e7\u0259tindir. Mehriban \u018fliyevan\u0131n f\u0259aliyy\u0259ti h\u0259m Az\u0259rbaycanda,&hellip;<\/p>\n","protected":false},"author":2,"featured_media":75396,"comment_status":"closed","ping_status":"closed","sticky":false,"template":"","format":"standard","meta":{"om_disable_all_campaigns":false,"_monsterinsights_skip_tracking":false,"_monsterinsights_sitenote_active":false,"_monsterinsights_sitenote_note":"","_monsterinsights_sitenote_category":0},"categories":[4],"tags":[],"aioseo_notices":[],"gutentor_comment":0,"rttpg_featured_image_url":{"full":["https:\/\/arantv.az\/wp-content\/uploads\/2019\/08\/743743.jpg",800,600,false],"landscape":["https:\/\/arantv.az\/wp-content\/uploads\/2019\/08\/743743.jpg",800,600,false],"portraits":["https:\/\/arantv.az\/wp-content\/uploads\/2019\/08\/743743.jpg",800,600,false],"thumbnail":["https:\/\/arantv.az\/wp-content\/uploads\/2019\/08\/743743-150x150.jpg",150,150,true],"medium":["https:\/\/arantv.az\/wp-content\/uploads\/2019\/08\/743743-300x225.jpg",300,225,true],"large":["https:\/\/arantv.az\/wp-content\/uploads\/2019\/08\/743743.jpg",640,480,false],"1536x1536":["https:\/\/arantv.az\/wp-content\/uploads\/2019\/08\/743743.jpg",800,600,false],"2048x2048":["https:\/\/arantv.az\/wp-content\/uploads\/2019\/08\/743743.jpg",800,600,false],"post-thumbnail":["https:\/\/arantv.az\/wp-content\/uploads\/2019\/08\/743743-240x172.jpg",240,172,true],"advps-thumb-one":["https:\/\/arantv.az\/wp-content\/uploads\/2019\/08\/743743.jpg",800,600,false]},"rttpg_author":{"display_name":"V\u00fcsal Rafiqo\u011flu","author_link":"https:\/\/arantv.az\/?author=2"},"rttpg_comment":0,"rttpg_category":"<a href=\"https:\/\/arantv.az\/?cat=4\" rel=\"category\">Siyas\u0259t<\/a>","rttpg_excerpt":"Bu g\u00fcn Az\u0259rbaycan\u0131n Birinci vitse-prezidenti, Heyd\u0259r \u018fliyev Fondunun prezidenti Mehriban \u018fliyevan\u0131n ad g\u00fcn\u00fcd\u00fcr. Mehriban \u018fliyeva Az\u0259rbaycan xalq\u0131n\u0131n h\u0259qiqi m\u0259h\u0259bb\u0259t v\u0259 h\u00f6rm\u0259tini qazanm\u0131\u015f n\u00fcfuzlu d\u00f6vl\u0259t v\u0259 ictimai xadimdir. Mehriban \u018fliyeva Az\u0259rbaycan\u0131n \u00e7i\u00e7\u0259kl\u0259nm\u0259si v\u0259 d\u00f6vl\u0259t\u00e7iliyinin m\u00f6hk\u0259ml\u0259nm\u0259si \u00fc\u00e7\u00fcn b\u00f6y\u00fck i\u015fl\u0259r g\u00f6r\u00fcr. Mehriban xan\u0131m\u0131n f\u0259aliyy\u0259ti irimiqyasl\u0131 sosial layih\u0259l\u0259ri, Erm\u0259nistan-Az\u0259rbaycan Da\u011fl\u0131q Qaraba\u011f m\u00fcnaqi\u015f\u0259si bar\u0259d\u0259 h\u0259qiq\u0259tl\u0259rin d\u00fcnya ictimaiyy\u0259tin\u0259 \u00e7atd\u0131r\u0131lmas\u0131, Az\u0259rbaycan h\u0259qiq\u0259tl\u0259rinin,&hellip;","_links":{"self":[{"href":"https:\/\/arantv.az\/index.php?rest_route=\/wp\/v2\/posts\/75395"}],"collection":[{"href":"https:\/\/arantv.az\/index.php?rest_route=\/wp\/v2\/posts"}],"about":[{"href":"https:\/\/arantv.az\/index.php?rest_route=\/wp\/v2\/types\/post"}],"author":[{"embeddable":true,"href":"https:\/\/arantv.az\/index.php?rest_route=\/wp\/v2\/users\/2"}],"replies":[{"embeddable":true,"href":"https:\/\/arantv.az\/index.php?rest_route=%2Fwp%2Fv2%2Fcomments&post=75395"}],"version-history":[{"count":0,"href":"https:\/\/arantv.az\/index.php?rest_route=\/wp\/v2\/posts\/75395\/revisions"}],"wp:featuredmedia":[{"embeddable":true,"href":"https:\/\/arantv.az\/index.php?rest_route=\/wp\/v2\/media\/75396"}],"wp:attachment":[{"href":"https:\/\/arantv.az\/index.php?rest_route=%2Fwp%2Fv2%2Fmedia&parent=75395"}],"wp:term":[{"taxonomy":"category","embeddable":true,"href":"https:\/\/arantv.az\/index.php?rest_route=%2Fwp%2Fv2%2Fcategories&post=75395"},{"taxonomy":"post_tag","embeddable":true,"href":"https:\/\/arantv.az\/index.php?rest_route=%2Fwp%2Fv2%2Ftags&post=75395"}],"curies":[{"name":"wp","href":"https:\/\/api.w.org\/{rel}","templated":true}]}}