{"id":753970,"date":"2024-09-18T10:56:06","date_gmt":"2024-09-18T06:56:06","guid":{"rendered":"https:\/\/arantv.az\/?p=753970"},"modified":"2024-09-18T10:56:06","modified_gmt":"2024-09-18T06:56:06","slug":"erm%c9%99nistan-terroru-dovl%c9%99t-s%c9%99viyy%c9%99sind%c9%99-himay%c9%99-ed%c9%99n-yegan%c9%99-dovl%c9%99tdir","status":"publish","type":"post","link":"https:\/\/arantv.az\/?p=753970","title":{"rendered":"Erm\u0259nistan terroru d\u00f6vl\u0259t s\u0259viyy\u0259sind\u0259 himay\u0259 ed\u0259n yegan\u0259 d\u00f6vl\u0259tdir"},"content":{"rendered":"<p><em><strong>Bu g\u00fcn d\u00fcnyadak\u0131 \u0259n q\u0259ddar 27 terror t\u0259\u015fkilat\u0131n\u0131n 12-si m\u0259hz erm\u0259nil\u0259r\u0259 aiddir<\/strong><\/em><\/p>\n<p>Bu g\u00fcn Erm\u0259nistan yegan\u0259 d\u00f6vl\u0259tdir ki, i\u015f\u011fal\u00e7\u0131l\u0131\u011f\u0131 v\u0259 terroru d\u00f6vl\u0259t siyas\u0259ti s\u0259viyy\u0259sind\u0259 h\u0259yata ke\u00e7irir. H\u0259tta bu barbar \u00f6lk\u0259nin Konstitusiyas\u0131nda beyn\u0259lxalq h\u00fcququn prinsipl\u0259rin\u0259 tamamil\u0259 zidd olan qon\u015fu \u00f6lk\u0259l\u0259r\u0259 \u0259razi iddias\u0131 var. Eyni zamanda, Erm\u0259nistan\u0131n d\u00f6vl\u0259t gerbind\u0259 T\u00fcrkiy\u0259 Respublikas\u0131n\u0131n \u0259razisind\u0259ki A\u011fr\u0131 da\u011f\u0131n\u0131n simvolu yer al\u0131b. Bundan ba\u015fqa, Erm\u0259nistan bayra\u011f\u0131ndak\u0131 g\u00fcn\u0259\u015fin \u00e7\u0131x\u0131\u015f v\u0259 bat\u0131\u015f\u0131n\u0131 simvoliz\u0259 ed\u0259n r\u0259ngl\u0259rd\u0259 is\u0259 \u00abg\u00fcndo\u011fandan g\u00fcnbatana q\u0259d\u0259r bizimdir\u00bb s\u0259rs\u0259ml\u0259m\u0259si m\u00f6vcuddur.<\/p>\n<p>\u018fn ac\u0131nacaql\u0131s\u0131 is\u0259 odur ki, erm\u0259nil\u0259rin terror ideologiyas\u0131 h\u0259mi\u015f\u0259 kils\u0259 t\u0259r\u0259find\u0259n d\u0259st\u0259kl\u0259nib. H\u0259tta v\u0259h\u015fi erm\u0259ni xisl\u0259tind\u0259\u00a0 terrorla, soyq\u0131r\u0131mla f\u0259xr etm\u0259k kimi iyr\u0259nclikl\u0259r\u00a0 yer al\u0131r. Bu g\u00fcn d\u00fcnyadak\u0131\u00a0 \u0259n amans\u0131z 27 terror t\u0259\u015fkilat\u0131n\u0131n 12-si m\u0259hz erm\u0259nil\u0259r\u0259 aiddi. Onlar\u0131n son 100 il \u0259rzind\u0259 Almaniyada, AB\u015e-da, Avstriyada, Suriyada, Rusiyada, Livanda, \u0130taliyada, T\u00fcrkiy\u0259d\u0259, Az\u0259rbaycanda\u00a0 t\u00f6r\u0259tdikl\u0259ri y\u00fczl\u0259rl\u0259 terror aktlar\u0131 n\u0259tic\u0259sind\u0259 minl\u0259rl\u0259 insan h\u0259lak olub. H\u0259min terror t\u0259\u015fkilatlar\u0131 a\u015fa\u011f\u0131dak\u0131\u00a0 adlarla f\u0259aliyy\u0259t g\u00f6st\u0259ribl\u0259r: \u00abArmenakan\u00bb, \u00abHn\u00e7ak\u00bb, \u00abDa\u015fnaks\u00fctyun\u00bb, \u00abSasna Tser\u00bb, \u00abASOA\u00bb, \u00abASALA\u00bb, \u00abGeqaron\u00bb, \u00abOrli qrupu\u00bb, \u00abApostol\u00bb\u2026 H\u0259tta h\u0259min terror t\u0259\u015fkilat\u0131ndan biri olan \u00abDa\u015fnaks\u00fctyun\u00bb siyasi partiya kimi d\u0259 f\u0259aliyy\u0259td\u0259dir.<\/p>\n<p>Erm\u0259ni terrorundan \u0259n \u00e7ox \u0259ziyy\u0259t \u00e7\u0259k\u0259n qarda\u015f T\u00fcrkiy\u0259 il\u0259 Az\u0259rbaycand\u0131r. Bel\u0259 ki, h\u0259l\u0259 Osmanl\u0131 imperiyas\u0131 d\u00f6vr\u00fcnd\u0259, 1872-ci ild\u0259 Van \u015f\u0259h\u0259rind\u0259 qurulan \u00abQara Xa\u00e7 C\u0259miyy\u0259ti\u00bb ilk erm\u0259ni terror t\u0259\u015fkilatlar\u0131ndan say\u0131l\u0131r. C\u0259miyy\u0259t erm\u0259ni g\u0259ncl\u0259ri\u00a0 Osmanl\u0131 imperiyas\u0131na qar\u015f\u0131 silahland\u0131r\u0131b \u00fcsyanlar t\u0259\u015fkil edir, \u00abtarixi hayastan\u0131n\u00bb d\u00fc\u015fm\u0259n tapda\u011f\u0131ndan xilas\u0131na s\u0259sl\u0259yirdil\u0259r. Erm\u0259ni terrorunda Osmanl\u0131 imperiyas\u0131n\u0131n \u00e7\u00f6k\u00fc\u015f\u00fcn\u00fc arzulayan Q\u0259rb \u00f6lk\u0259l\u0259ri x\u00fcsusi canf\u0259\u015fanl\u0131q g\u00f6st\u0259rirdil\u0259r. Onlar Osmanl\u0131dak\u0131 erm\u0259nil\u0259rl\u0259 birl\u0259\u015f\u0259r\u0259k yerl\u0259rd\u0259 \u00fcsyanlar qald\u0131r\u0131rd\u0131lar. Bu zaman ucqar k\u0259ndl\u0259r\u0259 daxil olan silahl\u0131 erm\u0259nil\u0259r dinc \u0259haliy\u0259 divan tutur, qoca, ya\u015fl\u0131, u\u015faq, qad\u0131n dem\u0259d\u0259n h\u0259r k\u0259si v\u0259h\u015fic\u0259sin\u0259 q\u0259tl\u0259 yetirir, meyitl\u0259ri t\u0259hqir edir, \u00a0insanlara olmaz\u0131n i\u015fg\u0259nc\u0259l\u0259r verirdil\u0259r. Arxiv s\u0259n\u0259dl\u0259rind\u0259 y\u00fczl\u0259rl\u0259 bel\u0259 qanl\u0131 hadis\u0259l\u0259r var. M\u0259hz bu s\u0259b\u0259bd\u0259n d\u0259 1915-ci il hadis\u0259l\u0259rini siyasi manipulyasiya vasit\u0259si ed\u0259n Erm\u0259nistan T\u00fcrkiy\u0259nin \u00abarxivl\u0259ri a\u00e7aq\u00bb t\u0259klifind\u0259n h\u0259l\u0259 d\u0259 yay\u0131nma\u011fa \u00e7al\u0131\u015f\u0131r.<\/p>\n<p>Bundan ba\u015fqa, haylar\u0131n yaratd\u0131qlar\u0131 \u0259n q\u0259ddar \u00abDa\u015fnaks\u00fctyun\u00bb ( qisas tanr\u0131s\u0131 ) terror t\u0259\u015fkilat\u0131n\u0131 \u00fczvl\u0259ri 1920-ci ild\u0259n ba\u015flayaraq Az\u0259rbaycan Demokratik Respublikas\u0131n\u0131n (ADR) ke\u00e7mi\u015f ba\u015f naziri F\u0259t\u0259li Xan Xoyskini, ke\u00e7mi\u015f daxili i\u015fl\u0259r naziri Behbud xan Cavan\u015firi q\u0259tl\u0259 yetirir, ke\u00e7mi\u015f \u0259dliyy\u0259 naziri X\u0259lil b\u0259y Xasm\u0259mm\u0259dovu is\u0259 yaralay\u0131rlar. Terror\u00e7u t\u0259\u015fkilat\u0131n h\u0259d\u0259fl\u0259ri siyah\u0131s\u0131nda Zeynalabdin Ta\u011f\u0131yev, \u018flia\u011fa \u015e\u0131xlinski, S\u0259m\u0259d b\u0259y Mehmandarov, M\u0259mm\u0259d\u0259min R\u0259sulzad\u0259, Top\u00e7uba\u015fov kimi \u015f\u0259xsl\u0259rin d\u0259 adlar\u0131 olub.<\/p>\n<p>Q\u0259tll\u0259r bununla bitmir v\u0259 \u00fcmumiyy\u0259tl\u0259, T\u00fcrkiy\u0259 v\u0259 Az\u0259rbaycandan olan 650 n\u0259f\u0259rin ad\u0131 qara siyah\u0131ya sal\u0131naraq T\u00fcrkiy\u0259d\u0259n olan bir s\u0131ra m\u0259\u015fhur \u015f\u0259xs d\u0259 erm\u0259ni terrorunun qurban\u0131na \u00e7evrilir. M\u0259s\u0259l\u0259n, Osmanl\u0131 imperiyas\u0131n\u0131n sabiq daxili i\u015fl\u0259r naziri T\u0259l\u0259t Pa\u015fa, S\u0259id Hilmi Pa\u015fa, Trabzon valisi Camal \u018fzim, k\u0259\u015ffiyyat\u00e7\u0131 Bah\u0259ddin \u015eakir, h\u0259rbi d\u0259niz q\u00fcvv\u0259l\u0259ri naziri Camal Pa\u015fa da terror qurban\u0131 olublar. D\u0259h\u015f\u0259tli faktd\u0131r ki, T\u0259l\u0259t Pa\u015fan\u0131 q\u0259tl\u0259 yetir\u0259n Somoqon Teyleryan m\u0259hk\u0259m\u0259nin h\u00f6km\u00fc il\u0259 azadl\u0131\u011fa burax\u0131l\u0131r. Bu is\u0259 yuxar\u0131da qeyd edil\u0259n fakt\u0131, erm\u0259ni terrorunun hamil\u0259rind\u0259n birinin Q\u0259rbin siyasi dair\u0259l\u0259ri olmas\u0131n\u0131 t\u0259sdiql\u0259yir.<\/p>\n<p>Erm\u0259nil\u0259rin daha bir q\u0259ddar terror t\u0259\u015fkilat\u0131 Erm\u0259nistan\u0131n Azadl\u0131\u011f\u0131 U\u011frunda Gizli Erm\u0259ni Ordusu- ASALA-d\u0131r. Bu terror t\u0259\u015fkilat\u0131 1975-ci ild\u0259 yarad\u0131lan t\u0259\u015fkilat\u0131n q\u0259rargah\u0131 Beyrutda, t\u0259lim-m\u0259\u015fq bazalar\u0131 is\u0259 Suriyada yerl\u0259\u015fir.\u00a0ASALA-n\u0131n m\u0259qs\u0259di guya T\u00fcrkiy\u0259 h\u00f6kum\u0259tini 1915-ci ild\u0259 erm\u0259ni soyq\u0131r\u0131m\u0131na g\u00f6r\u0259 m\u0259suliyy\u0259tini a\u00e7\u0131q \u015f\u0259kild\u0259 etiraf etm\u0259y\u0259, t\u0259zminat \u00f6d\u0259m\u0259y\u0259 v\u0259 erm\u0259ni v\u0259t\u0259ni \u00fc\u00e7\u00fcn \u0259razi verm\u0259y\u0259 m\u0259cbur etm\u0259k idi. Bunun \u00fc\u00e7\u00fcn\u00a0 Avropa \u00f6lk\u0259l\u0259rind\u0259 f\u0259aliyy\u0259t g\u00f6st\u0259r\u0259n t\u00fcrk diplomatlar\u0131n\u0131 q\u0259tl\u0259 yetirm\u0259y\u0259 ba\u015flad\u0131lar. ASALA-n\u0131n tan\u0131nm\u0131\u015f terror\u00e7u liderl\u0259ri \u00a0Aleks Yenikom\u015fiyan v\u0259 Monte Melkonyan idil\u0259r. Monte Melkonyan Birinci Qaraba\u011f m\u00fcharib\u0259si zaman\u0131 Az\u0259rbaycan h\u0259rb\u00e7il\u0259ri t\u0259r\u0259find\u0259n g\u0259b\u0259rdildi. \u00a0ASALA f\u0259aliyy\u0259t g\u00f6st\u0259rdiyi m\u00fcdd\u0259td\u0259 Sovet h\u00f6kum\u0259ti, Yunan\u0131stan, Suriya, \u0130ran v\u0259 F\u0259l\u0259stin onlara geni\u015f himay\u0259darl\u0131q edirdi. H\u0259m\u00e7inin xaricd\u0259ki erm\u0259ni kils\u0259l\u0259rind\u0259n d\u0259ideoloji v\u0259 maddi\u00a0 yard\u0131mlar al\u0131rd\u0131lar.<\/p>\n<p>ASALA-n\u0131n 1983-c\u00fc ilin 15 iyul tarixind\u0259 Fransadak\u0131 T\u00fcrk Hava Yollar\u0131n\u0131n ofisi qar\u015f\u0131s\u0131nda t\u00f6r\u0259tdiyi terrorda 8 n\u0259f\u0259r \u00f6ld\u00fc, 55 n\u0259f\u0259r yaraland\u0131. Bu terror\u00e7u t\u0259\u015fkilat\u0131n Livanda v\u0259 Yunan\u0131standa t\u0259lim d\u00fc\u015f\u0259rg\u0259l\u0259ri f\u0259aliyy\u0259t g\u00f6st\u0259rirdi. T\u00fcrkiy\u0259nin Fransadak\u0131 s\u0259firi \u0130smay\u0131l Erez v\u0259 s\u00fcr\u00fcc\u00fcs\u00fc Talib Yenerin q\u0259tli, s\u0259fir Z\u0259ki K\u00fcneralp, B\u0259\u015fir Balso\u011flu, Neqla K\u00fcneralp\u0131n da \u00f6ld\u00fcr\u00fclm\u0259si onlar\u0131n n\u00f6vb\u0259ti qanl\u0131 cinay\u0259ti idi. H\u0259min ill\u0259rd\u0259 Los-Anceles, Sidney, Boston, Belqrad kimi \u015f\u0259h\u0259rl\u0259rd\u0259 d\u0259 t\u00fcrk diplomatlar\u0131na qar\u015f\u0131 silsil\u0259 qanl\u0131 terror akt\u0131 t\u00f6r\u0259dilib. T\u0259\u015fkilat\u0131n sonuncu terror akt\u0131 is\u0259 \u0130r\u0259vanda realla\u015f\u0131b. Bel\u0259 ki, \u00a02023-c\u00fc ilin \u00a0oktyabr\u0131n 3- d\u0259 \u0130r\u0259vanda f\u0259aliyy\u0259t g\u00f6st\u0259r\u0259n yegan\u0259 y\u0259hudi sinaqoquna h\u00fccum t\u0259\u015fkil edilib. Onlar \u0130sraili Az\u0259rbaycana d\u0259st\u0259k verm\u0259kd\u0259 ittiham edibl\u0259r.<\/p>\n<p>Erm\u0259ni terror t\u0259\u015fkilatlar\u0131n\u0131n dig\u0259r qanl\u0131\u00a0 h\u0259d\u0259fi \u00a0Az\u0259rbaycan idi. Vandal mill\u0259tin \u015f\u0259r\u0259f v\u0259 l\u0259yaq\u0259ti, \u0259dal\u0259ti olmad\u0131\u011f\u0131 kimi, m\u0259rh\u0259m\u0259td\u0259n d\u0259 kasad olduqlar\u0131 onlar\u0131n xalq\u0131m\u0131za qar\u015f\u0131 t\u00f6r\u0259tdikl\u0259ri qanl\u0131 terrorlar\u0131n miqyas\u0131ndan da ayd\u0131n g\u00f6r\u00fcn\u00fcr. \u00d6t\u0259n \u0259srin sonlar\u0131na yax\u0131n m\u00fcxt\u0259lif \u00f6lk\u0259l\u0259rd\u0259 f\u0259aliyy\u0259t g\u00f6st\u0259r\u0259n erm\u0259ni terror qrupla\u015fmalar\u0131 Az\u0259rbaycana qar\u015f\u0131 f\u0259alla\u015fma\u011fa ba\u015flad\u0131lar. M\u0259qs\u0259d \u00a0Birinci Qaraba\u011f m\u00fcharib\u0259sinin getdiyi \u0259razid\u0259n xeyli k\u0259narda terror aktlar\u0131 t\u00f6r\u0259d\u0259r\u0259k \u00e7oxsayl\u0131 insan t\u0259l\u0259fat\u0131na s\u0259b\u0259b olmaqla xalq\u0131m\u0131z\u0131 qorxutmaq idi. Bel\u0259 ki, 1989-cu ilin 16 sentyabr tarixind\u0259 Tbilisi-Bak\u0131 mar\u015frutu \u00fczr\u0259\u00a0 h\u0259r\u0259k\u0259t ed\u0259n s\u0259rni\u015fin avtobusu partlad\u0131ld\u0131. N\u0259tic\u0259d\u0259 5 n\u0259f\u0259r h\u0259lak olmaqla 25 n\u0259f\u0259r yaraland\u0131. 1990-c\u0131 ilin fevral\u0131n 18-d\u0259 \u015eu\u015fa-Bak\u0131, h\u0259min ilin iyul 11-d\u0259 is\u0259 \u00a0T\u0259rt\u0259r-K\u0259lb\u0259c\u0259r s\u0259rni\u015fin avtobusu terrora m\u0259ruz qalmaqla 14 n\u0259f\u0259r \u00f6ld\u00fcr\u00fcl\u00fcr, 35 n\u0259f\u0259r yaralan\u0131r. Avqustun 10-da Tbilisi-A\u011fdam avtobusunun partlad\u0131lmas\u0131 20 n\u0259f\u0259rin \u00f6l\u00fcm\u00fcn\u0259, 30 n\u0259f\u0259rin yaralanmas\u0131na s\u0259b\u0259b olur. Eyni g\u00fcnd\u0259 is\u0259 \u015e\u0259mkir-G\u0259nc\u0259 avtomobil yolunda Xanlar rayonunun Nadel k\u0259ndi yax\u0131nl\u0131\u011f\u0131nda \u00abLAZ\u00bb markal\u0131 avtobus partlad\u0131l\u0131r. N\u0259tic\u0259d\u0259 17 n\u0259f\u0259r h\u0259lak olur, 26 n\u0259f\u0259r is\u0259 yaralan\u0131r. T\u0259bii ki, bu terror hadis\u0259l\u0259rinin ham\u0131s\u0131 deyil v\u0259 bu qara siyah\u0131n\u0131 uzatmaq da olar.<\/p>\n<p>Haylar\u0131n v\u0259t\u0259nda\u015flar\u0131m\u0131za qar\u015f\u0131 terror aktlar\u0131 dig\u0259r \u00f6lk\u0259l\u0259rd\u0259, x\u00fcsus\u0259n Rusiyada da davam edib. M\u0259s\u0259l\u0259n, 1991-ci ilin 30 may tarixind\u0259 Da\u011f\u0131stan\u0131n Xasavyurd stansiyas\u0131 yax\u0131nl\u0131\u011f\u0131nda Moskva-Bak\u0131 s\u0259rni\u015fin qatar\u0131 partlad\u0131l\u0131b. N\u0259tic\u0259d\u0259 \u00a011 n\u0259f\u0259r h\u0259lak olub, 22 n\u0259f\u0259r \u00a0yaralan\u0131b. Ondan iki ay sonra \u00a0Da\u011f\u0131stan\u0131n Temirtau stansiyas\u0131 yax\u0131nl\u0131\u011f\u0131nda n\u00f6vb\u0259ti d\u0259v\u0259 Moskva-Bak\u0131 s\u0259rni\u015fin qatar\u0131 partlad\u0131l\u0131r. \u00a016 n\u0259f\u0259r h\u0259lak olub, 20 n\u0259f\u0259r a\u011f\u0131r yaralan\u0131b. \u00a01992-ci ilin\u00a0 yanvar\u0131n 8-d\u0259 T\u00fcrkm\u0259nistandan Krasnovodsk-Bak\u0131 mar\u015frutu il\u0259 h\u0259r\u0259k\u0259t ed\u0259n d\u0259niz b\u0259r\u0259sind\u0259 t\u00f6r\u0259dil\u0259n terror akt\u0131 25 n\u0259f\u0259rin \u00f6l\u00fcm\u00fcn\u0259, 88 n\u0259f\u0259rin yaralanmas\u0131na s\u0259b\u0259b olur. 1993-c\u00fc ilin fevral\u0131n 28-d\u0259 \u015eimali Qafqaz\u0131n Qudermes stansiyas\u0131nda Kislovodsk-Bak\u0131 s\u0259rni\u015fin qatar\u0131n\u0131n partlad\u0131lmas\u0131 n\u0259tic\u0259sind\u0259 11 n\u0259f\u0259r h\u0259lak olub, 18 n\u0259f\u0259r yaralan\u0131b. H\u0259m\u00e7inin 1992-ci ild\u0259 t\u00f6r\u0259dil\u0259n Xocal\u0131, Qarada\u011fl\u0131, Me\u015f\u0259li soyq\u0131r\u0131mlar\u0131 d\u0259 m\u0259hz erm\u0259ni terrorunun qanl\u0131 sif\u0259tinin g\u00f6st\u0259ricisidir.<\/p>\n<p>H\u0259tta onlar bu \u00e7oxsayl\u0131 terror aktlar\u0131 il\u0259 kifay\u0259tl\u0259nm\u0259y\u0259r\u0259k\u00a0 paytaxt\u0131m\u0131zda yeni terror hadis\u0259l\u0259ri t\u00f6r\u0259tm\u0259y\u0259 ba\u015flam\u0131\u015fd\u0131lar. 1993-c\u00fc ilin iyununda erm\u0259nil\u0259r t\u0259r\u0259find\u0259n Bak\u0131ya g\u00f6nd\u0259ril\u0259n \u0130qor Xatkovski Bak\u0131 d\u0259mir yolu va\u011fzal\u0131nda s\u0259rni\u015fin qatar\u0131n\u0131 partlad\u0131b. 1994-c\u00fc ilin 1 fevral tarixind\u0259 Bak\u0131 d\u0259mir yolu va\u011fzal\u0131nda Kislovodsk-Bak\u0131 s\u0259rni\u015fin qatar\u0131nda t\u00f6r\u0259dil\u0259n terror akt\u0131 3 n\u0259f\u0259rin \u00f6l\u00fcm\u00fcn\u0259, 20 n\u0259f\u0259rin yaralanmas\u0131na, h\u0259m\u00e7inin h\u0259min ilin mart\u0131n 19-da Bak\u0131 metropoliteninin \u00ab20 Yanvar\u00bb stansiyas\u0131nda t\u00f6r\u0259dil\u0259n terror akt\u0131 is\u0259 \u00a014 n\u0259f\u0259rin \u00f6l\u00fcm\u00fcn\u0259, 49 n\u0259f\u0259rin yaralanmas\u0131na s\u0259b\u0259b olmu\u015fdu.<\/p>\n<p>T\u0259bii ki, erm\u0259nil\u0259rin t\u00f6r\u0259tdikl\u0259ri terror hadis\u0259l\u0259rini\u00a0 sadalamaqla qurtaran deyil. Lakin h\u0259m \u0130kinci Qaraba\u011f m\u00fcharib\u0259sind\u0259, h\u0259m d\u0259 \u00f6t\u0259n ilin sentyabr\u0131n 20 \u2013d\u0259 birg\u00fcnl\u00fck antiterror t\u0259dbirl\u0259rind\u0259 \u0259ld\u0259 edil\u0259n tarixi q\u0259l\u0259b\u0259l\u0259rimiz, ist\u0259r i\u015f\u011fal\u00e7\u0131 Erm\u0259nistana, ist\u0259rs\u0259 d\u0259 onun himay\u0259 etdiyi terror\u00e7u t\u0259\u015fkilatlara \u0259n a\u011f\u0131r z\u0259rb\u0259 oldu. X\u00fcsusil\u0259 on ill\u0259rdir ki, qat\u0131 terror\u00e7ular\u0131n m\u0259skunla\u015fd\u0131\u011f\u0131 Xank\u0259ndid\u0259 xuntan\u0131n bird\u0259f\u0259lik l\u0259\u011fvi haylar\u0131n \u00abd\u0259nizd\u0259n- d\u0259niz\u0259\u00a0 b\u00f6y\u00fck Erm\u0259nistan \u00bb s\u0259rs\u0259m ideologiyas\u0131n\u0131 bird\u0259f\u0259lik tarixin zibilliyin\u0259 atd\u0131.\u00a0 \u018fn ba\u015fl\u0131cas\u0131 is\u0259 terror qurbanlar\u0131 olan v\u0259t\u0259nda\u015flar\u0131m\u0131z\u0131n qan\u0131 yerd\u0259 qalmad\u0131. \u0130ndi onlar\u0131n incik v\u0259 narahat ruhlar\u0131n\u0131n dinc\u0259l\u0259n vaxtlar\u0131d\u0131r.<\/p>\n<p><strong>El\u00e7in Zaman, \u00ab\u0130ki sahil\u00bb<\/strong><\/p>\n","protected":false},"excerpt":{"rendered":"<p>Bu g\u00fcn d\u00fcnyadak\u0131 \u0259n q\u0259ddar 27 terror t\u0259\u015fkilat\u0131n\u0131n 12-si m\u0259hz erm\u0259nil\u0259r\u0259 aiddir Bu g\u00fcn Erm\u0259nistan yegan\u0259 d\u00f6vl\u0259tdir ki, i\u015f\u011fal\u00e7\u0131l\u0131\u011f\u0131 v\u0259 terroru d\u00f6vl\u0259t siyas\u0259ti s\u0259viyy\u0259sind\u0259 h\u0259yata ke\u00e7irir. H\u0259tta bu barbar \u00f6lk\u0259nin Konstitusiyas\u0131nda beyn\u0259lxalq h\u00fcququn prinsipl\u0259rin\u0259 tamamil\u0259 zidd olan qon\u015fu \u00f6lk\u0259l\u0259r\u0259 \u0259razi iddias\u0131 var. Eyni zamanda, Erm\u0259nistan\u0131n d\u00f6vl\u0259t gerbind\u0259 T\u00fcrkiy\u0259 Respublikas\u0131n\u0131n \u0259razisind\u0259ki A\u011fr\u0131 da\u011f\u0131n\u0131n simvolu yer al\u0131b. Bundan ba\u015fqa, Erm\u0259nistan bayra\u011f\u0131ndak\u0131 g\u00fcn\u0259\u015fin \u00e7\u0131x\u0131\u015f v\u0259 bat\u0131\u015f\u0131n\u0131 simvoliz\u0259 ed\u0259n r\u0259ngl\u0259rd\u0259 is\u0259 \u00abg\u00fcndo\u011fandan g\u00fcnbatana q\u0259d\u0259r bizimdir\u00bb s\u0259rs\u0259ml\u0259m\u0259si m\u00f6vcuddur. \u018fn ac\u0131nacaql\u0131s\u0131 is\u0259 odur ki, erm\u0259nil\u0259rin terror ideologiyas\u0131 h\u0259mi\u015f\u0259 kils\u0259 t\u0259r\u0259find\u0259n d\u0259st\u0259kl\u0259nib. H\u0259tta v\u0259h\u015fi erm\u0259ni xisl\u0259tind\u0259\u00a0 terrorla,&hellip;<\/p>\n","protected":false},"author":2,"featured_media":753971,"comment_status":"closed","ping_status":"closed","sticky":false,"template":"","format":"standard","meta":{"om_disable_all_campaigns":false,"_monsterinsights_skip_tracking":false,"_monsterinsights_sitenote_active":false,"_monsterinsights_sitenote_note":"","_monsterinsights_sitenote_category":0},"categories":[19],"tags":[],"aioseo_notices":[],"gutentor_comment":0,"rttpg_featured_image_url":{"full":["https:\/\/arantv.az\/wp-content\/uploads\/2024\/09\/4c4c937b159723114928392439410314174.jpg",975,540,false],"landscape":["https:\/\/arantv.az\/wp-content\/uploads\/2024\/09\/4c4c937b159723114928392439410314174.jpg",975,540,false],"portraits":["https:\/\/arantv.az\/wp-content\/uploads\/2024\/09\/4c4c937b159723114928392439410314174.jpg",975,540,false],"thumbnail":["https:\/\/arantv.az\/wp-content\/uploads\/2024\/09\/4c4c937b159723114928392439410314174-500x280.jpg",500,280,true],"medium":["https:\/\/arantv.az\/wp-content\/uploads\/2024\/09\/4c4c937b159723114928392439410314174-660x365.jpg",660,365,true],"large":["https:\/\/arantv.az\/wp-content\/uploads\/2024\/09\/4c4c937b159723114928392439410314174-840x465.jpg",640,354,true],"1536x1536":["https:\/\/arantv.az\/wp-content\/uploads\/2024\/09\/4c4c937b159723114928392439410314174.jpg",975,540,false],"2048x2048":["https:\/\/arantv.az\/wp-content\/uploads\/2024\/09\/4c4c937b159723114928392439410314174.jpg",975,540,false],"post-thumbnail":["https:\/\/arantv.az\/wp-content\/uploads\/2024\/09\/4c4c937b159723114928392439410314174-240x172.jpg",240,172,true],"advps-thumb-one":["https:\/\/arantv.az\/wp-content\/uploads\/2024\/09\/4c4c937b159723114928392439410314174.jpg",975,540,false]},"rttpg_author":{"display_name":"V\u00fcsal Rafiqo\u011flu","author_link":"https:\/\/arantv.az\/?author=2"},"rttpg_comment":0,"rttpg_category":"<a href=\"https:\/\/arantv.az\/?cat=19\" rel=\"category\">G\u00fcnd\u0259m<\/a>","rttpg_excerpt":"Bu g\u00fcn d\u00fcnyadak\u0131 \u0259n q\u0259ddar 27 terror t\u0259\u015fkilat\u0131n\u0131n 12-si m\u0259hz erm\u0259nil\u0259r\u0259 aiddir Bu g\u00fcn Erm\u0259nistan yegan\u0259 d\u00f6vl\u0259tdir ki, i\u015f\u011fal\u00e7\u0131l\u0131\u011f\u0131 v\u0259 terroru d\u00f6vl\u0259t siyas\u0259ti s\u0259viyy\u0259sind\u0259 h\u0259yata ke\u00e7irir. H\u0259tta bu barbar \u00f6lk\u0259nin Konstitusiyas\u0131nda beyn\u0259lxalq h\u00fcququn prinsipl\u0259rin\u0259 tamamil\u0259 zidd olan qon\u015fu \u00f6lk\u0259l\u0259r\u0259 \u0259razi iddias\u0131 var. Eyni zamanda, Erm\u0259nistan\u0131n d\u00f6vl\u0259t gerbind\u0259 T\u00fcrkiy\u0259 Respublikas\u0131n\u0131n \u0259razisind\u0259ki A\u011fr\u0131 da\u011f\u0131n\u0131n simvolu yer al\u0131b.&hellip;","_links":{"self":[{"href":"https:\/\/arantv.az\/index.php?rest_route=\/wp\/v2\/posts\/753970"}],"collection":[{"href":"https:\/\/arantv.az\/index.php?rest_route=\/wp\/v2\/posts"}],"about":[{"href":"https:\/\/arantv.az\/index.php?rest_route=\/wp\/v2\/types\/post"}],"author":[{"embeddable":true,"href":"https:\/\/arantv.az\/index.php?rest_route=\/wp\/v2\/users\/2"}],"replies":[{"embeddable":true,"href":"https:\/\/arantv.az\/index.php?rest_route=%2Fwp%2Fv2%2Fcomments&post=753970"}],"version-history":[{"count":1,"href":"https:\/\/arantv.az\/index.php?rest_route=\/wp\/v2\/posts\/753970\/revisions"}],"predecessor-version":[{"id":753972,"href":"https:\/\/arantv.az\/index.php?rest_route=\/wp\/v2\/posts\/753970\/revisions\/753972"}],"wp:featuredmedia":[{"embeddable":true,"href":"https:\/\/arantv.az\/index.php?rest_route=\/wp\/v2\/media\/753971"}],"wp:attachment":[{"href":"https:\/\/arantv.az\/index.php?rest_route=%2Fwp%2Fv2%2Fmedia&parent=753970"}],"wp:term":[{"taxonomy":"category","embeddable":true,"href":"https:\/\/arantv.az\/index.php?rest_route=%2Fwp%2Fv2%2Fcategories&post=753970"},{"taxonomy":"post_tag","embeddable":true,"href":"https:\/\/arantv.az\/index.php?rest_route=%2Fwp%2Fv2%2Ftags&post=753970"}],"curies":[{"name":"wp","href":"https:\/\/api.w.org\/{rel}","templated":true}]}}