{"id":75408,"date":"2019-08-26T11:43:39","date_gmt":"2019-08-26T08:43:39","guid":{"rendered":"http:\/\/arantv.az\/?p=75408"},"modified":"2019-08-26T11:43:39","modified_gmt":"2019-08-26T08:43:39","slug":"m%c9%99d%c9%99t-quliyev-ilk-d%c9%99f%c9%99-nazir-postunda-yurus%c9%99-qatildi-foto","status":"publish","type":"post","link":"https:\/\/arantv.az\/?p=75408","title":{"rendered":"M\u0259d\u0259t Quliyev ilk d\u0259f\u0259 nazir postunda y\u00fcr\u00fc\u015f\u0259 qat\u0131ld\u0131 &#8211; FOTO"},"content":{"rendered":"<p>Az\u0259rbaycan Respublikas\u0131n\u0131n m\u00fcdafi\u0259 s\u0259nayesi naziri M\u0259d\u0259t Quliyev yeni postunda ilk d\u0259f\u0259 olaraq Az\u0259rbaycan Avtomobil Federasiyas\u0131n\u0131n t\u0259\u015fkilat\u00e7\u0131l\u0131\u011f\u0131 il\u0259 Bak\u0131da n\u00f6vb\u0259ti d\u0259f\u0259 klassik avtomobill\u0259rin y\u00fcr\u00fc\u015f\u00fc v\u0259 s\u0259rgisind\u0259 i\u015ftirak edib.<\/p>\n<p><strong>ARANTV.AZ\u00a0<\/strong> x\u0259b\u0259r verir ki, Heyd\u0259r \u018fliyev Fondunun vitse-prezidenti Leyla \u018fliyevan\u0131n v\u0259 bir \u00e7ox tan\u0131nm\u0131\u015f \u015f\u0259xsl\u0259rin izl\u0259dikl\u0259ri y\u00fcr\u00fc\u015f\u0259 M\u0259d\u0259t Quliyev d\u0259 qat\u0131l\u0131b. Nazir Heyd\u0259r \u018fliyev Fondunun icra\u00e7\u0131 direktoru Anar \u018fl\u0259kb\u0259rovla g\u00f6r\u00fc\u015fd\u00fckd\u0259n sonra, 1980-ci il\u0259d\u0259k istehsal olunmu\u015f &#8220;Qaz-21&#8221; avtomobili idar\u0259 edib.<br \/>\n<img class=\"imgbcode\" src=\"https:\/\/sonxeber.az\/uploads\/1566807547_medet.jpg\" alt=\"M\u0259d\u0259t Quliyev ilk d\u0259f\u0259 nazir postunda y\u00fcr\u00fc\u015f\u0259 qat\u0131ld\u0131 - FOTO\" \/><\/p>\n<p>Unikal.org<\/p>\n<p>&nbsp;<\/p>\n","protected":false},"excerpt":{"rendered":"<p>Az\u0259rbaycan Respublikas\u0131n\u0131n m\u00fcdafi\u0259 s\u0259nayesi naziri M\u0259d\u0259t Quliyev yeni postunda ilk d\u0259f\u0259 olaraq Az\u0259rbaycan Avtomobil Federasiyas\u0131n\u0131n t\u0259\u015fkilat\u00e7\u0131l\u0131\u011f\u0131 il\u0259 Bak\u0131da n\u00f6vb\u0259ti d\u0259f\u0259 klassik avtomobill\u0259rin y\u00fcr\u00fc\u015f\u00fc v\u0259 s\u0259rgisind\u0259 i\u015ftirak edib. ARANTV.AZ\u00a0 x\u0259b\u0259r verir ki, Heyd\u0259r \u018fliyev Fondunun vitse-prezidenti Leyla \u018fliyevan\u0131n v\u0259 bir \u00e7ox tan\u0131nm\u0131\u015f \u015f\u0259xsl\u0259rin izl\u0259dikl\u0259ri y\u00fcr\u00fc\u015f\u0259 M\u0259d\u0259t Quliyev d\u0259 qat\u0131l\u0131b. Nazir Heyd\u0259r \u018fliyev Fondunun icra\u00e7\u0131 direktoru Anar \u018fl\u0259kb\u0259rovla g\u00f6r\u00fc\u015fd\u00fckd\u0259n sonra, 1980-ci il\u0259d\u0259k istehsal olunmu\u015f &#8220;Qaz-21&#8221; avtomobili idar\u0259 edib. Unikal.org &nbsp;<\/p>\n","protected":false},"author":2,"featured_media":75409,"comment_status":"closed","ping_status":"closed","sticky":false,"template":"","format":"standard","meta":{"om_disable_all_campaigns":false,"_monsterinsights_skip_tracking":false,"_monsterinsights_sitenote_active":false,"_monsterinsights_sitenote_note":"","_monsterinsights_sitenote_category":0},"categories":[1],"tags":[],"aioseo_notices":[],"gutentor_comment":0,"rttpg_featured_image_url":{"full":["https:\/\/arantv.az\/wp-content\/uploads\/2019\/08\/1566807547_medet1_1.jpg",549,309,false],"landscape":["https:\/\/arantv.az\/wp-content\/uploads\/2019\/08\/1566807547_medet1_1.jpg",549,309,false],"portraits":["https:\/\/arantv.az\/wp-content\/uploads\/2019\/08\/1566807547_medet1_1.jpg",549,309,false],"thumbnail":["https:\/\/arantv.az\/wp-content\/uploads\/2019\/08\/1566807547_medet1_1-150x150.jpg",150,150,true],"medium":["https:\/\/arantv.az\/wp-content\/uploads\/2019\/08\/1566807547_medet1_1-300x169.jpg",300,169,true],"large":["https:\/\/arantv.az\/wp-content\/uploads\/2019\/08\/1566807547_medet1_1.jpg",549,309,false],"1536x1536":["https:\/\/arantv.az\/wp-content\/uploads\/2019\/08\/1566807547_medet1_1.jpg",549,309,false],"2048x2048":["https:\/\/arantv.az\/wp-content\/uploads\/2019\/08\/1566807547_medet1_1.jpg",549,309,false],"post-thumbnail":["https:\/\/arantv.az\/wp-content\/uploads\/2019\/08\/1566807547_medet1_1-240x172.jpg",240,172,true],"advps-thumb-one":["https:\/\/arantv.az\/wp-content\/uploads\/2019\/08\/1566807547_medet1_1.jpg",549,309,false]},"rttpg_author":{"display_name":"V\u00fcsal Rafiqo\u011flu","author_link":"https:\/\/arantv.az\/?author=2"},"rttpg_comment":0,"rttpg_category":"<a href=\"https:\/\/arantv.az\/?cat=1\" rel=\"category\">C\u0259miyy\u0259t<\/a>","rttpg_excerpt":"Az\u0259rbaycan Respublikas\u0131n\u0131n m\u00fcdafi\u0259 s\u0259nayesi naziri M\u0259d\u0259t Quliyev yeni postunda ilk d\u0259f\u0259 olaraq Az\u0259rbaycan Avtomobil Federasiyas\u0131n\u0131n t\u0259\u015fkilat\u00e7\u0131l\u0131\u011f\u0131 il\u0259 Bak\u0131da n\u00f6vb\u0259ti d\u0259f\u0259 klassik avtomobill\u0259rin y\u00fcr\u00fc\u015f\u00fc v\u0259 s\u0259rgisind\u0259 i\u015ftirak edib. ARANTV.AZ\u00a0 x\u0259b\u0259r verir ki, Heyd\u0259r \u018fliyev Fondunun vitse-prezidenti Leyla \u018fliyevan\u0131n v\u0259 bir \u00e7ox tan\u0131nm\u0131\u015f \u015f\u0259xsl\u0259rin izl\u0259dikl\u0259ri y\u00fcr\u00fc\u015f\u0259 M\u0259d\u0259t Quliyev d\u0259 qat\u0131l\u0131b. Nazir Heyd\u0259r \u018fliyev Fondunun icra\u00e7\u0131 direktoru Anar&hellip;","_links":{"self":[{"href":"https:\/\/arantv.az\/index.php?rest_route=\/wp\/v2\/posts\/75408"}],"collection":[{"href":"https:\/\/arantv.az\/index.php?rest_route=\/wp\/v2\/posts"}],"about":[{"href":"https:\/\/arantv.az\/index.php?rest_route=\/wp\/v2\/types\/post"}],"author":[{"embeddable":true,"href":"https:\/\/arantv.az\/index.php?rest_route=\/wp\/v2\/users\/2"}],"replies":[{"embeddable":true,"href":"https:\/\/arantv.az\/index.php?rest_route=%2Fwp%2Fv2%2Fcomments&post=75408"}],"version-history":[{"count":0,"href":"https:\/\/arantv.az\/index.php?rest_route=\/wp\/v2\/posts\/75408\/revisions"}],"wp:featuredmedia":[{"embeddable":true,"href":"https:\/\/arantv.az\/index.php?rest_route=\/wp\/v2\/media\/75409"}],"wp:attachment":[{"href":"https:\/\/arantv.az\/index.php?rest_route=%2Fwp%2Fv2%2Fmedia&parent=75408"}],"wp:term":[{"taxonomy":"category","embeddable":true,"href":"https:\/\/arantv.az\/index.php?rest_route=%2Fwp%2Fv2%2Fcategories&post=75408"},{"taxonomy":"post_tag","embeddable":true,"href":"https:\/\/arantv.az\/index.php?rest_route=%2Fwp%2Fv2%2Ftags&post=75408"}],"curies":[{"name":"wp","href":"https:\/\/api.w.org\/{rel}","templated":true}]}}