{"id":75414,"date":"2019-08-26T11:45:41","date_gmt":"2019-08-26T08:45:41","guid":{"rendered":"http:\/\/arantv.az\/?p=75414"},"modified":"2019-08-26T11:45:41","modified_gmt":"2019-08-26T08:45:41","slug":"qudr%c9%99t-h%c9%99s%c9%99nquliyev-mehriban-%c9%99liyevani-t%c9%99brik-etdi","status":"publish","type":"post","link":"https:\/\/arantv.az\/?p=75414","title":{"rendered":"Q\u00fcdr\u0259t H\u0259s\u0259nquliyev Mehriban \u018fliyevan\u0131 t\u0259brik etdi"},"content":{"rendered":"<p><strong>B\u00fct\u00f6v Az\u0259rbaycan Xalq C\u0259bh\u0259si Partiyas\u0131n\u0131n (BAXCP) s\u0259dri, mill\u0259t v\u0259kili Q\u00fcdr\u0259t H\u0259s\u0259nquliyev Az\u0259rbaycan Respublikas\u0131n\u0131n Birinci vitse-prezidenti, Birinci xan\u0131m Mehriban \u018fliyevan\u0131 ad g\u00fcn\u00fc m\u00fcnasib\u0259til\u0259 t\u0259brik edib.<\/strong><\/p>\n<p><strong>ARANTV.AZ\u00a0\u00a0<\/strong>x\u0259b\u0259r verir ki, t\u0259brik m\u0259ktubunda deyilir:<\/p>\n<p>\u201cH\u00f6rm\u0259tli Mehriban xan\u0131m,<br \/>\nSizi ad g\u00fcn\u00fcn\u00fcz m\u00fcnasib\u0259til\u0259 t\u0259brik edir, Az\u0259rbaycan\u0131n daha sivil v\u0259 m\u0259d\u0259ni \u00f6lk\u0259 olmas\u0131n\u0131n qar\u015f\u0131s\u0131nda b\u00f6y\u00fck \u0259ng\u0259l\u0259 \u00e7evrilmi\u015f mane\u0259l\u0259rin d\u0259f edilm\u0259si istiqam\u0259tind\u0259 g\u00f6st\u0259rdiyiniz s\u0259yl\u0259rin u\u011furla n\u0259tic\u0259l\u0259nm\u0259sini arzulay\u0131r, Siz\u0259 v\u0259 ail\u0259 \u00fczvl\u0259riniz\u0259 m\u00f6hk\u0259m can sa\u011fl\u0131\u011f\u0131 v\u0259 xo\u015fb\u0259xtlik dil\u0259yir\u0259m\u201d.Publika.az<\/p>\n","protected":false},"excerpt":{"rendered":"<p>B\u00fct\u00f6v Az\u0259rbaycan Xalq C\u0259bh\u0259si Partiyas\u0131n\u0131n (BAXCP) s\u0259dri, mill\u0259t v\u0259kili Q\u00fcdr\u0259t H\u0259s\u0259nquliyev Az\u0259rbaycan Respublikas\u0131n\u0131n Birinci vitse-prezidenti, Birinci xan\u0131m Mehriban \u018fliyevan\u0131 ad g\u00fcn\u00fc m\u00fcnasib\u0259til\u0259 t\u0259brik edib. ARANTV.AZ\u00a0\u00a0x\u0259b\u0259r verir ki, t\u0259brik m\u0259ktubunda deyilir: \u201cH\u00f6rm\u0259tli Mehriban xan\u0131m, Sizi ad g\u00fcn\u00fcn\u00fcz m\u00fcnasib\u0259til\u0259 t\u0259brik edir, Az\u0259rbaycan\u0131n daha sivil v\u0259 m\u0259d\u0259ni \u00f6lk\u0259 olmas\u0131n\u0131n qar\u015f\u0131s\u0131nda b\u00f6y\u00fck \u0259ng\u0259l\u0259 \u00e7evrilmi\u015f mane\u0259l\u0259rin d\u0259f edilm\u0259si istiqam\u0259tind\u0259 g\u00f6st\u0259rdiyiniz s\u0259yl\u0259rin u\u011furla n\u0259tic\u0259l\u0259nm\u0259sini arzulay\u0131r, Siz\u0259 v\u0259 ail\u0259 \u00fczvl\u0259riniz\u0259 m\u00f6hk\u0259m can sa\u011fl\u0131\u011f\u0131 v\u0259 xo\u015fb\u0259xtlik dil\u0259yir\u0259m\u201d.Publika.az<\/p>\n","protected":false},"author":2,"featured_media":75415,"comment_status":"closed","ping_status":"closed","sticky":false,"template":"","format":"standard","meta":{"om_disable_all_campaigns":false,"_monsterinsights_skip_tracking":false,"_monsterinsights_sitenote_active":false,"_monsterinsights_sitenote_note":"","_monsterinsights_sitenote_category":0},"categories":[4],"tags":[],"aioseo_notices":[],"gutentor_comment":0,"rttpg_featured_image_url":{"full":["https:\/\/arantv.az\/wp-content\/uploads\/2019\/08\/qudret_43434343.jpg",800,450,false],"landscape":["https:\/\/arantv.az\/wp-content\/uploads\/2019\/08\/qudret_43434343.jpg",800,450,false],"portraits":["https:\/\/arantv.az\/wp-content\/uploads\/2019\/08\/qudret_43434343.jpg",800,450,false],"thumbnail":["https:\/\/arantv.az\/wp-content\/uploads\/2019\/08\/qudret_43434343-150x150.jpg",150,150,true],"medium":["https:\/\/arantv.az\/wp-content\/uploads\/2019\/08\/qudret_43434343-300x169.jpg",300,169,true],"large":["https:\/\/arantv.az\/wp-content\/uploads\/2019\/08\/qudret_43434343.jpg",640,360,false],"1536x1536":["https:\/\/arantv.az\/wp-content\/uploads\/2019\/08\/qudret_43434343.jpg",800,450,false],"2048x2048":["https:\/\/arantv.az\/wp-content\/uploads\/2019\/08\/qudret_43434343.jpg",800,450,false],"post-thumbnail":["https:\/\/arantv.az\/wp-content\/uploads\/2019\/08\/qudret_43434343-240x172.jpg",240,172,true],"advps-thumb-one":["https:\/\/arantv.az\/wp-content\/uploads\/2019\/08\/qudret_43434343.jpg",800,450,false]},"rttpg_author":{"display_name":"V\u00fcsal Rafiqo\u011flu","author_link":"https:\/\/arantv.az\/?author=2"},"rttpg_comment":0,"rttpg_category":"<a href=\"https:\/\/arantv.az\/?cat=4\" rel=\"category\">Siyas\u0259t<\/a>","rttpg_excerpt":"B\u00fct\u00f6v Az\u0259rbaycan Xalq C\u0259bh\u0259si Partiyas\u0131n\u0131n (BAXCP) s\u0259dri, mill\u0259t v\u0259kili Q\u00fcdr\u0259t H\u0259s\u0259nquliyev Az\u0259rbaycan Respublikas\u0131n\u0131n Birinci vitse-prezidenti, Birinci xan\u0131m Mehriban \u018fliyevan\u0131 ad g\u00fcn\u00fc m\u00fcnasib\u0259til\u0259 t\u0259brik edib. ARANTV.AZ\u00a0\u00a0x\u0259b\u0259r verir ki, t\u0259brik m\u0259ktubunda deyilir: \u201cH\u00f6rm\u0259tli Mehriban xan\u0131m, Sizi ad g\u00fcn\u00fcn\u00fcz m\u00fcnasib\u0259til\u0259 t\u0259brik edir, Az\u0259rbaycan\u0131n daha sivil v\u0259 m\u0259d\u0259ni \u00f6lk\u0259 olmas\u0131n\u0131n qar\u015f\u0131s\u0131nda b\u00f6y\u00fck \u0259ng\u0259l\u0259 \u00e7evrilmi\u015f mane\u0259l\u0259rin d\u0259f edilm\u0259si istiqam\u0259tind\u0259 g\u00f6st\u0259rdiyiniz&hellip;","_links":{"self":[{"href":"https:\/\/arantv.az\/index.php?rest_route=\/wp\/v2\/posts\/75414"}],"collection":[{"href":"https:\/\/arantv.az\/index.php?rest_route=\/wp\/v2\/posts"}],"about":[{"href":"https:\/\/arantv.az\/index.php?rest_route=\/wp\/v2\/types\/post"}],"author":[{"embeddable":true,"href":"https:\/\/arantv.az\/index.php?rest_route=\/wp\/v2\/users\/2"}],"replies":[{"embeddable":true,"href":"https:\/\/arantv.az\/index.php?rest_route=%2Fwp%2Fv2%2Fcomments&post=75414"}],"version-history":[{"count":0,"href":"https:\/\/arantv.az\/index.php?rest_route=\/wp\/v2\/posts\/75414\/revisions"}],"wp:featuredmedia":[{"embeddable":true,"href":"https:\/\/arantv.az\/index.php?rest_route=\/wp\/v2\/media\/75415"}],"wp:attachment":[{"href":"https:\/\/arantv.az\/index.php?rest_route=%2Fwp%2Fv2%2Fmedia&parent=75414"}],"wp:term":[{"taxonomy":"category","embeddable":true,"href":"https:\/\/arantv.az\/index.php?rest_route=%2Fwp%2Fv2%2Fcategories&post=75414"},{"taxonomy":"post_tag","embeddable":true,"href":"https:\/\/arantv.az\/index.php?rest_route=%2Fwp%2Fv2%2Ftags&post=75414"}],"curies":[{"name":"wp","href":"https:\/\/api.w.org\/{rel}","templated":true}]}}