{"id":75417,"date":"2019-08-26T11:49:11","date_gmt":"2019-08-26T08:49:11","guid":{"rendered":"http:\/\/arantv.az\/?p=75417"},"modified":"2019-08-26T11:49:11","modified_gmt":"2019-08-26T08:49:11","slug":"mehriban-xanim-%c9%99liyeva-muasir-az%c9%99rbaycan-qadin-h%c9%99r%c9%99katinin-lideri-kimi-dovl%c9%99timizin-t%c9%99r%c9%99qqisi-namin%c9%99-genis-f%c9%99aliyy%c9%99t-gost%c9%99rir","status":"publish","type":"post","link":"https:\/\/arantv.az\/?p=75417","title":{"rendered":"Mehriban xan\u0131m \u018fliyeva m\u00fcasir Az\u0259rbaycan qad\u0131n h\u0259r\u0259kat\u0131n\u0131n lideri kimi d\u00f6vl\u0259timizin t\u0259r\u0259qqisi namin\u0259 geni\u015f f\u0259aliyy\u0259t g\u00f6st\u0259rir"},"content":{"rendered":"<p>Az\u0259rbaycan Respublikas\u0131 Ail\u0259, Qad\u0131n v\u0259 U\u015faq Probleml\u0259ri \u00fczr\u0259 D\u00f6vl\u0259t Komit\u0259sinin s\u0259dri Hicran H\u00fcseynovan\u0131n www.yap.org.az sayt\u0131na m\u00fcsahib\u0259si<\/p>\n<p><strong>&#8211; Hicran xan\u0131m,\u00a0 Az\u0259rbaycan qad\u0131n\u0131 \u00f6z idar\u0259si v\u0259 m\u0259rdliyi, safl\u0131\u011f\u0131 v\u0259 s\u0259daq\u0259ti il\u0259 c\u0259miyy\u0259timizin h\u0259yat\u0131nda, xalq\u0131m\u0131z\u0131n milli-m\u0259n\u0259vi d\u0259y\u0259rl\u0259r sisteminin formala\u015fd\u0131r\u0131lmas\u0131nda m\u00fcst\u0259sna rol oynay\u0131r. Bu g\u00fcn\u00a0 qad\u0131nlar\u0131n \u00f6lk\u0259mizin ictimai-siyasi h\u0259yat\u0131nda yeri v\u0259 roluna sizin n\u0259z\u0259r-n\u00f6qteyinizd\u0259n diqq\u0259t yetirm\u0259k ist\u0259rdik\u2026<\/strong><\/p>\n<p>&#8211;\u00a0 B\u0259li, h\u0259qiq\u0259t\u0259n tariximizin b\u00fct\u00fcn m\u0259rh\u0259l\u0259l\u0259rind\u0259\u00a0 Az\u0259rbaycan qad\u0131n\u0131n\u0131n ad\u0131 b\u00f6y\u00fck \u015f\u0259r\u0259fl\u0259 ke\u00e7ir. O, qay\u011f\u0131ke\u015f ana, fitri istedada malik \u015fair, m\u00f6hk\u0259m irad\u0259li h\u00f6kmdar, d\u0259rin z\u0259kal\u0131 m\u00fct\u0259f\u0259kkir olaraq\u00a0 \u00a0\u00f6z ad\u0131n\u0131 \u00a0tariximizin ayr\u0131-ayr\u0131 s\u0259hif\u0259l\u0259rin\u0259 yazd\u0131ra bilmi\u015fdir. H\u0259tta b\u0259z\u0259n xarici \u00f6lk\u0259l\u0259rd\u0259n g\u0259l\u0259n t\u0259dqiqat\u00e7\u0131lar, aliml\u0259r, siyas\u0259t\u00e7il\u0259r qeyd edirl\u0259r ki, \u201cBiz Az\u0259rbaycana g\u0259l\u0259n\u0259d\u0259k el\u0259 bilirdik ki, qad\u0131nlar\u0131n\u0131z h\u00fcququnu bilm\u0259y\u0259n, z\u0259if v\u0259 passivdirl\u0259r, lakin s\u0259f\u0259r zaman\u0131 tam \u0259ksini g\u00f6r\u00fcr\u00fck, bunun s\u0259b\u0259bi n\u0259dir?\u201d \u018flb\u0259tt\u0259 ki, biz cavab veririk ki, bu, bizim m\u0259xsus oldu\u011fumuz m\u0259d\u0259niyy\u0259tdir, d\u0259y\u0259rdir, etik kodeksidir.<\/p>\n<p>El\u0259 buna g\u00f6r\u0259 d\u0259 c\u0259miyy\u0259tin inki\u015faf\u0131n\u0131n b\u00fct\u00fcn d\u00f6vrl\u0259rind\u0259 qad\u0131nlar ki\u015fil\u0259rl\u0259 b\u0259rab\u0259r d\u00f6vl\u0259t quruculu\u011funda, siyasi q\u0259rarlar\u0131n verilm\u0259sind\u0259 f\u0259al i\u015ftirak etmi\u015fl\u0259r. \u00d6lk\u0259mizd\u0259 milli qad\u0131n siyas\u0259ti tariximizin \u015fanl\u0131 s\u0259hif\u0259si olan Az\u0259rbaycan Xalq C\u00fcmhuriyy\u0259ti d\u00f6vr\u00fcnd\u0259 d\u00f6vl\u0259t statusu alm\u0131\u015fd\u0131r. H\u0259min d\u00f6vrd\u0259 (1918-cu ild\u0259) ilk d\u0259f\u0259 olaraq m\u00fcs\u0259lman \u015e\u0259rqind\u0259 qad\u0131na se\u00e7m\u0259k v\u0259 se\u00e7ilm\u0259k h\u00fcququnun verilm\u0259si tarixi nailiyy\u0259t hesab olunurdu. Bununla da n\u0259inki \u015e\u0259rqd\u0259, h\u0259tta demokratiyan\u0131n be\u015fiyi say\u0131lan bir s\u0131ra Avropa \u00f6lk\u0259l\u0259rind\u0259n v\u0259 AB\u015e-dan \u0259vv\u0259l qad\u0131na c\u0259miyy\u0259t h\u0259yat\u0131nda siyasi prosesl\u0259r\u0259 qo\u015fulmaq h\u00fcququ verilmi\u015fdir. B\u00fct\u00fcn m\u00fcs\u0259lman d\u00fcnyas\u0131nda q\u0131zlar \u00fc\u00e7\u00fcn ilk d\u00fcny\u0259vi m\u0259kt\u0259b (1901-ci ild\u0259) 118 il bundan qabaq Bak\u0131da yarad\u0131lm\u0131\u015fd\u0131r. Az\u0259rbaycan qad\u0131n\u0131 \u00f6z f\u0259aliyy\u0259tini\u00a0 maarif\u00e7ilik v\u0259 xeyriyy\u0259\u00e7ilik ideyalar\u0131n\u0131n yay\u0131lmas\u0131ndan ba\u015flayaraq, m\u0259d\u0259ni, dini, milli- m\u0259n\u0259vi d\u0259y\u0259r v\u0259\u00a0 \u0259n\u0259n\u0259l\u0259ri d\u0259 n\u0259z\u0259r\u0259 almaqla davam etdirir. Onlar\u0131n aras\u0131nda g\u00f6rk\u0259mli d\u00f6vl\u0259t, elm, m\u0259d\u0259niyy\u0259t v\u0259 ictimai-siyasi xadiml\u0259ri vard\u0131r. Qad\u0131nlar\u0131n c\u0259miyy\u0259td\u0259ki yeri v\u0259 rolunun\u00a0 m\u00fch\u00fcm g\u00f6st\u0259ricisi onlar\u0131n m\u00fcxt\u0259lif d\u00f6vl\u0259t v\u0259zif\u0259l\u0259rini tutmalar\u0131, \u00fcmumiyy\u0259tl\u0259, aktiv \u0259m\u0259k f\u0259aliyy\u0259ti il\u0259 m\u0259\u015f\u011ful olmalar\u0131d\u0131r.<\/p>\n<p>Bu qad\u0131nlar\u00a0 b\u00fct\u00fcn tarixi d\u00f6vrl\u0259rd\u0259 f\u0259al i\u015ftirak ed\u0259r\u0259k, c\u0259miyy\u0259timizin inki\u015faf etm\u0259sin\u0259 \u00f6z t\u00f6hf\u0259l\u0259rini vermi\u015fl\u0259r. Tarixin ist\u0259nil\u0259n an\u0131nda bizim \u00f6rn\u0259k kimi q\u0259bul etdiyimiz qad\u0131nlar olub v\u0259 indi d\u0259 vard\u0131r.\u00a0 Onlardan bir ne\u00e7\u0259sinin adlar\u0131n\u0131 qeyd etm\u0259k olar. M\u0259s\u0259l\u0259n, \u0130lk qad\u0131n pedaqoq M\u0259din\u0259 Qiyasb\u0259yli, ilk\u00a0 dramaturq S\u0259kin\u0259 Axundzad\u0259.\u00a0 A\u011fabac\u0131\u00a0 Rzayeva\u00a0 h\u0259m Az\u0259rbaycanda, h\u0259m d\u0259 b\u00fct\u00fcn \u015e\u0259rqd\u0259 pe\u015f\u0259kar musiqi t\u0259hsilini alm\u0131\u015f ilk qad\u0131n-b\u0259st\u0259kard\u0131r. Onun ard\u0131nca dig\u0259r istedadl\u0131 xan\u0131mlar \u018fdil\u0259 H\u00fcseynzad\u0259, H\u00f6k\u00fcm\u0259 N\u0259c\u0259fova, \u015e\u0259fiq\u0259 Axundova b\u0259st\u0259karl\u0131q sah\u0259sin\u0259 g\u0259libl\u0259r. \u015e\u0259rqd\u0259 ilk opera yazan b\u0259st\u0259kar qad\u0131n \u015e\u0259fiq\u0259 Axundova, ilk xan\u0131m opera m\u00fc\u011f\u0259nnisi \u015e\u00f6vk\u0259t M\u0259mm\u0259dova, balet \u00a0sah\u0259sind\u0259 ilk qaranqu\u015f olan Q\u0259m\u0259r Almaszad\u0259, ilk pe\u015f\u0259kar\u00a0 r\u0259ssam Maral R\u0259hmanzad\u0259, ilk qad\u0131n heyk\u0259lt\u0259ra\u015f\u0131 Ziv\u0259r M\u0259mm\u0259dova, ilk h\u0259kim-ginekoloq\u00a0 \u018fdil\u0259 \u015eaxtaxtinskaya ilk kinoaktrisa, ilk xan\u0131m neft m\u00fch\u0259ndisi v\u0259 ilk xan\u0131m kimya\u00e7\u0131 akademik &#8211;\u00a0 \u0130zz\u0259t Orucova: ilk qad\u0131n akademik \u2013\u00a0 Valid\u0259 Tutayuq\u00a0 biologiya sah\u0259sind\u0259 ilk qad\u0131n elml\u0259r doktoru, professordur. 1968-ci ild\u0259 Az\u0259rbaycan SSR Elml\u0259r Akademiyas\u0131n\u0131n h\u0259qiqi \u00fczv\u00fc se\u00e7il\u0259r\u0259k b\u00f6y\u00fck ilk\u0259 imza\u00a0 at\u0131b. M\u0259hz akademiyan\u0131n h\u0259qiqi \u00fczv\u00fc se\u00e7ildikd\u0259n sonra, n\u0259hay\u0259t, Az\u0259rbaycan elminin d\u0259 qad\u0131n akademiki olub. Az\u0259rbaycan\u0131n ilk qad\u0131n akademiki se\u00e7il\u0259n bu xan\u0131m sonradan bir \u00e7ox ilkl\u0259r\u0259 imza at\u0131b. \u018fn \u0259sas\u0131 is\u0259 ondan sonra qad\u0131n elmi kadrlar\u0131 ir\u0259li \u00e7\u0259kilib. \u0130lk qad\u0131n nazirimiz\u00a0 xarici i\u015fl\u0259r naziri\u00a0 Tahir\u0259 Tahirova olub. O,\u00a0 h\u0259m d\u0259 neft s\u0259nayesi \u00fczr\u0259 ali t\u0259hsil alan ilk az\u0259rbaycanl\u0131 qad\u0131n-m\u00fct\u0259x\u0259ssis idi.\u00a0 Az\u0259rbaycanda ilk d\u0259f\u0259 qad\u0131nlar aras\u0131nda riyaziyyat \u00fczr\u0259 elml\u0259r doktoru ad\u0131n\u0131 almaq Tamilla N\u0259sirovaya n\u0259sib olub. \u0130lk u\u015faq pediatr\u0131 Adil\u0259 Namazova beyn\u0259lxalq al\u0259md\u0259 tan\u0131nan pediatr-kardioloqlardan biridir. \u0130lk qad\u0131n oftalmoloq Z\u0259rif\u0259 \u018fliyeva Az\u0259rbaycanda oftalmologiya sah\u0259sind\u0259\u00a0 h\u0259m d\u0259 ilk akademik olmu\u015fdur. Onun s\u0259yi v\u0259 t\u0259\u015f\u0259bb\u00fcs\u00fc il\u0259 \u00f6lk\u0259d\u0259 ilk d\u0259f\u0259 pe\u015f\u0259kar g\u00f6z patologiyas\u0131 laboratoriyalar\u0131 yarad\u0131lm\u0131\u015fd\u0131. \u00a0\u00a0H\u0259min s\u0131rada\u00a0 elmimizin f\u0259xri, tan\u0131nm\u0131\u015f \u015f\u0259rq\u015f\u00fcnas, professor Aida xan\u0131m \u0130manquliyevan\u0131n ad\u0131n\u0131 x\u00fcsusi qeyd etm\u0259k laz\u0131md\u0131r. \u0130stedadl\u0131 \u0259r\u0259b\u015f\u00fcnas alim b\u00fct\u00fcn \u00f6mr\u00fcn\u00fc elmi yarad\u0131c\u0131l\u0131\u011fa h\u0259sr ed\u0259r\u0259k \u015f\u0259rq\u015f\u00fcnasl\u0131\u011f\u0131n inki\u015faf\u0131na \u00f6z layiqli t\u00f6hf\u0259l\u0259rini vermi\u015fdir.<\/p>\n<p>M\u00fcasir Az\u0259rbaycan qad\u0131n\u0131 ana olmaqla yana\u015f\u0131, h\u0259m d\u0259 bacar\u0131ql\u0131 siyas\u0259t\u00e7i, i\u015f adam\u0131, d\u00f6vl\u0259t m\u0259muru, xalq\u0131n inan\u0131b s\u0259s verdiyi deputatd\u0131r. Bu f\u0259all\u0131q, malik oldu\u011fumuz tarixi \u0259n\u0259n\u0259l\u0259rl\u0259 yana\u015f\u0131, \u00f6lk\u0259mizd\u0259 h\u0259yata ke\u00e7iril\u0259n gender siyas\u0259tinin mahiyy\u0259tind\u0259n, onlara c\u0259miyy\u0259tin tamh\u00fcquqlu \u00fczv\u00fc kimi b\u00fct\u00fcn imkanlardan b\u0259rab\u0259r istifad\u0259 \u00fc\u00e7\u00fcn z\u0259ruri \u015f\u0259raitin yarad\u0131lmas\u0131ndan ir\u0259li g\u0259lir.\u00a0 Az\u0259rbaycan qad\u0131n\u0131 h\u0259r zaman oldu\u011fu kimi, bu g\u00fcn d\u0259 d\u00f6vl\u0259tin d\u0259st\u0259yini hiss ed\u0259r\u0259k, \u00f6z\u00fcn\u00fcn\u00a0 f\u0259all\u0131\u011f\u0131 il\u0259 c\u0259miyy\u0259td\u0259 b\u0259rab\u0259rh\u00fcquqlu m\u00f6vqey\u0259 nail olma\u011f\u0131\u00a0 bacar\u0131r.<\/p>\n<p><strong>&#8211; Reall\u0131qlara \u0259saslanaraq, bu fikri b\u00f6y\u00fck inamla qeyd edirik ki, Az\u0259rbaycan\u0131n Birinci vitse-prezidenti,\u00a0 Heyd\u0259r \u018fliyev Fondunun prezidenti, UNESKO-nun v\u0259 \u0130SESKO-nun xo\u015fm\u0259raml\u0131 s\u0259firi Mehriban xan\u0131m \u018fliyevan\u0131n f\u0259aliyy\u0259ti Az\u0259rbaycan qad\u0131nlar\u0131 \u00fc\u00e7\u00fcn bir \u00f6rn\u0259kdir&#8230;<\/strong><\/p>\n<p>&#8211; Tarixin ist\u0259nil\u0259n an\u0131nda bizim \u00f6rn\u0259k kimi q\u0259bul etdiyimiz qad\u0131nlar olub v\u0259 indi d\u0259 vard\u0131r. Bu bax\u0131mdan m\u00fcasir d\u00f6vrd\u0259 \u00f6lk\u0259mizin birinci xan\u0131m\u0131, respublikan\u0131n Birinci vitse-prezidenti, Heyd\u0259r \u018fliyev Fondunun prezidenti Mehriban \u018fliyeva \u00f6z\u00fcn\u00fcn h\u0259m ictimai- siyasi f\u0259aliyy\u0259ti, h\u0259m d\u0259 elmi yarad\u0131c\u0131l\u0131\u011f\u0131 il\u0259 Az\u0259rbaycan qad\u0131nlar\u0131na\u00a0 n\u00fcmun\u0259dir. O, m\u00fcasir Az\u0259rbaycan\u00a0 qad\u0131n h\u0259r\u0259kat\u0131n\u0131n lideri kimi d\u00f6vl\u0259timizin\u00a0 t\u0259r\u0259qqisi namin\u0259\u00a0 geni\u015f\u00a0 f\u0259aliyy\u0259t g\u00f6st\u0259rir. Mehriban xan\u0131m\u0131 \u015f\u0259xsiyy\u0259t kimi, xarakteriz\u0259 ed\u0259rk\u0259n bir\u00a0 m\u0259qam\u0131 n\u0259z\u0259rd\u0259n qa\u00e7\u0131rmaq olmaz ki, onun f\u0259aliyy\u0259tind\u0259 \u0259n\u0259n\u0259vilikl\u0259 m\u00fcasirlik, tarixi k\u00f6kl\u0259r\u0259 ba\u011fl\u0131l\u0131qla d\u00fcny\u0259vilik \u0259sas prinsipl\u0259rd\u0259ndir.<\/p>\n<p>Mehriban xan\u0131m\u0131n ictimai-siyasi f\u0259aliyy\u0259ti o q\u0259d\u0259r z\u0259ngin v\u0259 parlaqd\u0131r ki, onu b\u00fct\u00fcn inc\u0259likl\u0259rin\u0259 q\u0259d\u0259r t\u0259svir etm\u0259k, sadalamaq, xat\u0131rlamaq qeyri-m\u00fcmk\u00fcnd\u00fcr. Bu m\u0259nada Mehriban xan\u0131m\u0131n g\u0259nc v\u0259 m\u00fcst\u0259qil d\u00f6vl\u0259timizin m\u00f6hk\u0259ml\u0259nm\u0259si yolunda apard\u0131\u011f\u0131 ideoloji m\u00fcbariz\u0259sin\u0259, \u00fcmum\u0259n g\u00f6rd\u00fcy\u00fc i\u015fl\u0259rin miqyas\u0131na \u00a0n\u0259z\u0259r yetir\u0259nd\u0259 bu xidm\u0259tin h\u0259cmini t\u0259s\u0259vv\u00fcr etm\u0259k, \u00f6lk\u0259nin v\u0259 xalq\u0131n h\u0259yat\u0131nda yenilikl\u0259rl\u0259 m\u00fc\u015fayi\u0259t olunan inki\u015faf\u0131n\u0131 g\u00f6rm\u0259k, duymaq el\u0259 d\u0259 \u00e7\u0259tin deyil. M\u0259n x\u00fcsusil\u0259 Mehriban xan\u0131m\u0131n birinci xan\u0131m institutunun yaranmas\u0131ndak\u0131 rolunu qeyd etm\u0259k ist\u0259rdim. Postsovet m\u0259kan\u0131nda ictimai h\u0259yatda f\u0259al i\u015ftirak ed\u0259n \u00e7ox az \u00f6lk\u0259 ba\u015f\u00e7\u0131s\u0131n\u0131n xan\u0131m\u0131n\u0131n ad\u0131 \u00e7\u0259km\u0259k olar. Lakin Mehriban xan\u0131m\u0131n f\u0259aliyy\u0259ti dig\u0259r birinci xan\u0131mlar\u0131 da\u00a0 aktiv olma\u011fa s\u00f6vq etdi. Mehrinan xan\u0131m m\u00fcsahib\u0259l\u0259rinin birind\u0259 birinci xan\u0131m olma\u011f\u0131n m\u0259suliyy\u0259ti haqq\u0131nda dediyi fikri xat\u0131rlatmaq ist\u0259rdim:\u00a0\u201cH\u0259r \u015fey bu v\u0259 ya dig\u0259r insan\u0131n \u00f6z v\u0259zif\u0259l\u0259rin\u0259 n\u0259 d\u0259r\u0259c\u0259d\u0259 ciddi yana\u015fmas\u0131ndan as\u0131l\u0131d\u0131r. Ayd\u0131n \u015f\u0259kild\u0259 d\u0259rk etm\u0259k laz\u0131md\u0131r ki, m\u00fc\u0259yy\u0259n anda s\u0259n f\u0259rdi \u015f\u0259xsd\u0259n ictimai \u015f\u0259xsiyy\u0259t\u0259 \u00e7evrilirs\u0259n. S\u0259n art\u0131q t\u0259kc\u0259 \u00f6z\u00fcn\u00fc v\u0259 ya \u00f6z ail\u0259ni yox, \u00f6z \u00f6lk\u0259ni t\u0259msil edirs\u0259n. Bu bar\u0259d\u0259 \u00f6z\u00fcn\u0259 hesabat verm\u0259li, s\u00f6zl\u0259rind\u0259, q\u0259rarlar\u0131nda, h\u0259r\u0259k\u0259tl\u0259rind\u0259 daha t\u0259mkinli olmal\u0131san. Bu, \u00e7ox m\u0259suliyy\u0259tli y\u00fckd\u00fcr&#8230;\u201d Mehriban \u018fliyevan\u0131n humanizm, m\u0259rh\u0259m\u0259t v\u0259 n\u0259ciblik kimi ali m\u0259n\u0259vi keyfiyy\u0259tl\u0259rind\u0259n ir\u0259li g\u0259l\u0259n \u0259zmkar v\u0259 \u00e7ox\u015fax\u0259li f\u0259aliyy\u0259tinin t\u0259m\u0259lind\u0259 m\u0259hz mill\u0259t\u0259 layiqli xidm\u0259t dayan\u0131r. \u018flb\u0259tt\u0259 ki, he\u00e7\u00a0 t\u0259sad\u00fcfi deyil ki, c\u0259nab Prezident onun ictimai-sosial h\u0259yatda aktiv f\u0259aliyy\u0259tini, u\u011furlu layih\u0259l\u0259rini n\u0259z\u0259r\u0259 alaraq, respublikan\u0131n Birinci vitse-prezidenti t\u0259yin etdi.<\/p>\n<p><strong>&#8211; Mehriban xan\u0131m \u018fliyevan\u0131n m\u00fcsahib\u0259l\u0259rinin birind\u0259 s\u00f6yl\u0259diyi bu fikirl\u0259r\u0259 istinad etm\u0259k ist\u0259rdik: \u00a0\u00abH\u0259yatda h\u0259r k\u0259sin yerini\u00a0 v\u0259 taleyini tarix m\u00fc\u0259yy\u0259n edir\u00bb. Bu fikri tarixd\u0259 rolu olan \u015f\u0259xsiyy\u0259tl\u0259rin timsal\u0131nda \u00a0nec\u0259 \u015f\u0259rh ed\u0259rdiniz?<\/strong><\/p>\n<p>&#8211; O, tarixd\u0259 ya\u015fam\u0131\u015f v\u0259t\u0259np\u0259rv\u0259r, maarifp\u0259rv\u0259r qad\u0131nlar\u0131m\u0131z\u0131n \u00f6rn\u0259k olan h\u0259yat\u0131n\u0131 \u00f6z f\u0259aliyy\u0259tind\u0259 yeni keyfiyy\u0259td\u0259, h\u0259m d\u0259 l\u0259yaq\u0259tl\u0259 davam etdirir. O, ictimai d\u00fc\u015f\u00fcnc\u0259d\u0259\u00a0\u201cbir \u00e7ox sosial probleml\u0259ri yaln\u0131z d\u00f6vl\u0259t h\u0259ll etm\u0259lidir\u201d\u00a0 kimi stereotipi d\u0259yi\u015fdirm\u0259y\u0259 c\u0259hd etdi v\u0259 c\u0259miyy\u0259tin b\u00fct\u00fcn t\u0259b\u0259q\u0259l\u0259rinin k\u0259nar m\u00fc\u015fahid\u0259\u00e7i m\u00f6vqeyind\u0259n konkret f\u0259aliyy\u0259t\u0259 ke\u00e7m\u0259sin\u0259 nail oldu. Bu, \u00e7ox \u00f6n\u0259mli m\u0259s\u0259l\u0259dir. Mehriban xan\u0131m insanlarda sosial m\u0259suliyy\u0259t hissinin yaranmas\u0131na v\u0259 ictimai i\u015fl\u0259rd\u0259 f\u0259al olma\u011fa s\u00f6vq etdi. V\u0259 bu g\u00fcn xeyli sahibkarl\u0131q strukturlar\u0131, t\u0259\u015fkilatlar xeyriyy\u0259 i\u015fl\u0259ri g\u00f6r\u00fcr, bunu bir borc kimi q\u0259bul edirl\u0259r. N\u0259 \u00fc\u00e7\u00fcn\u00a0 xalq\u00a0 \u00f6lk\u0259nin ba\u015f\u00e7\u0131s\u0131n\u0131 v\u0259\u00a0 Birinci vitse-prezidenti bu q\u0259d\u0259r sevir?\u00a0 \u00c7\u00fcnki v\u0259t\u0259nda\u015flar\u00a0c\u0259nab Prezidentin v\u0259 Mehriban xan\u0131m\u0131n\u00a0timsal\u0131nda\u00a0\u00a0 onlar\u0131n ist\u0259kl\u0259ri il\u0259 maraqlanan, protokol \u00e7\u0259r\u00e7iv\u0259sind\u0259n k\u0259nara \u00e7\u0131xma\u011f\u0131, h\u0259r bir ciddi problem\u0259 m\u00fcnasib\u0259t bildirm\u0259yi bacaran insanlar\u0131 g\u00f6r\u00fcrl\u0259r. \u00a0Onlar daim \u0259halinin yan\u0131ndad\u0131rlar, \u00fcnsiyy\u0259td\u0259n \u00e7\u0259kinmirl\u0259r, \u0259ksin\u0259 insanlar\u0131n g\u00f6r\u00fc\u015f\u00fcn\u0259 can at\u0131rlar. Bu onu g\u00f6st\u0259rir ki, xeyirxahl\u0131q v\u0259 \u015f\u0259fq\u0259t insan\u0131n daxilind\u0259n g\u0259lm\u0259lidir, yoxsa ictimaiyy\u0259t onu q\u0259bul etm\u0259y\u0259c\u0259k.\u00a0\u00a0\u00a0 Mehriban \u018fliyevan\u0131n humanizm, m\u0259rh\u0259m\u0259t v\u0259 n\u0259ciblik kimi ali m\u0259n\u0259vi\u00a0 keyfiyy\u0259tl\u0259rd\u0259n ir\u0259li g\u0259l\u0259n \u0259zmkar v\u0259 geni\u015f miqyasl\u0131 f\u0259aliyy\u0259tinin t\u0259m\u0259lind\u0259 m\u0259hz mill\u0259t\u0259 layiqli xidm\u0259t m\u0259ram\u0131 dayan\u0131r. H\u0259m v\u0259t\u0259nda\u015f, h\u0259m ictimai xadim kimi Az\u0259rbaycan\u0131n ictimai-siyasi h\u0259yat\u0131nda m\u00fch\u00fcm rol oynay\u0131r, \u00f6lk\u0259nin inki\u015faf\u0131na \u00f6z layiqli t\u00f6hf\u0259l\u0259rini verir. \u201cM\u0259n Prezidentin etimad\u0131n\u0131 do\u011frultmal\u0131yam v\u0259 \u0259n ba\u015fl\u0131cas\u0131 is\u0259 inam\u0131, \u00fcmidi olan insanlar\u0131n etimad\u0131n\u0131 do\u011frultmal\u0131yam. M\u0259n d\u0259 buna nail olma\u011fa \u00e7al\u0131\u015faca\u011fam\u201d &#8211;\u00a0 Mehriban xan\u0131m\u0131n h\u0259yat f\u0259ls\u0259f\u0259sinin \u0259sas\u0131n\u0131 bu fikirl\u0259r t\u0259\u015fkil edir. Onun b\u00fct\u00fcn t\u0259\u015f\u0259bb\u00fcsl\u0259rinin, ger\u00e7\u0259kl\u0259\u015fdirdiyi layih\u0259l\u0259rin m\u0259rk\u0259zind\u0259 insan dayan\u0131r.<\/p>\n<p><strong>&#8211; Hicran xan\u0131m,\u00a0 h\u0259r bir insan\u0131n\u00a0 formala\u015fmas\u0131nda ail\u0259nin rolu inkaredilm\u0259zdir. Mehriban xan\u0131m \u018fliyeva \u015f\u0259xsiyy\u0259tind\u0259\u00a0 beyn\u0259lxalq ictimaiyy\u0259tin\u00a0 r\u0259\u011fb\u0259tini qazanan ideal qad\u0131n obraz\u0131n\u0131 \u015f\u0259rtl\u0259ndir\u0259n amill\u0259r hans\u0131lard\u0131r?<\/strong><\/p>\n<p>&#8211; \u018flb\u0259tt\u0259, h\u0259r \u015f\u0259xsin formala\u015fmas\u0131nda ail\u0259nin, ail\u0259 m\u00fchitinin, ail\u0259 t\u0259rbiy\u0259sinin rolu \u0259v\u0259zsizdir. Ail\u0259y\u0259 ba\u011fl\u0131l\u0131q, ail\u0259 d\u0259y\u0259rl\u0259ri, u\u015faqlara qay\u011f\u0131, b\u00f6y\u00fckl\u0259r\u0259 h\u00f6rm\u0259t Az\u0259rbaycan xalq\u0131na m\u0259xsus olan \u0259n g\u00f6z\u0259l x\u00fcsusiyy\u0259tl\u0259rd\u0259n biridir. Mehriban xan\u0131m\u0131m \u00a0s\u0259mimiyy\u0259ti, f\u0259dakarl\u0131\u011f\u0131, xalqa sevgisi \u00f6z soy-k\u00f6k\u00fcnd\u0259n qaynaqlan\u0131r. O, m\u0259nsub oldu\u011fu ail\u0259nin z\u0259ngin m\u0259n\u0259viyyat\u0131ndan b\u0259hr\u0259l\u0259n\u0259r\u0259rk ist\u0259r \u015f\u0259xsi h\u0259yat\u0131nda, ist\u0259rs\u0259 d\u0259 ictimai f\u0259aliyy\u0259tind\u0259 onlar\u0131n n\u0259cib \u0259m\u0259ll\u0259rini ya\u015fad\u0131r, bu genetik kodu l\u0259yaq\u0259tl\u0259 davam etdirir. \u00a0Mehriban \u018fliyeva ziyal\u0131 ail\u0259sind\u0259 do\u011fulub. Valideynl\u0259ri Az\u0259rbaycan elmind\u0259 a\u011f\u0131r \u00e7\u0259kiy\u0259 malik insanlard\u0131r. Babalar\u0131 da \u0259d\u0259biyyat\u0131m\u0131zda, s\u00f6z s\u0259n\u0259timizd\u0259 izi olan, s\u00f6z\u00fc, s\u0259si e\u015fidil\u0259n, q\u0259bul edil\u0259n, y\u00fcks\u0259k v\u0259t\u0259nda\u015fl\u0131q n\u00fcmun\u0259si il\u0259 se\u00e7il\u0259n ziyal\u0131lar olub.<\/p>\n<p>O, h\u0259m d\u0259 Az\u0259rbaycan tarixind\u0259 \u0259b\u0259di qalacaq m\u00fcdrik bir d\u00f6vl\u0259t ba\u015f\u00e7\u0131s\u0131n\u0131n, \u00f6lk\u0259 birincisinin ail\u0259sin\u0259 g\u0259lin k\u00f6\u00e7\u00fcb. Bu da qism\u0259tin i\u015fidir. V\u0259 tale onu h\u0259m d\u0259 Az\u0259rbaycan\u0131n birinci xan\u0131m\u0131 edib. Prezidentin \u00f6m\u00fcr-g\u00fcn yolda\u015f\u0131, xan\u0131m\u0131 olmaq da al\u0131n yaz\u0131s\u0131d\u0131r. Amma xalq\u0131n sevimli \u00f6vlad\u0131 olmaq, mill\u0259tin sevgisini qazanmaq taleyin, qism\u0259tin i\u015fi deyil \u2013 bu M\u018fH\u018fBB\u018fT\u0130 qazanmaq laz\u0131md\u0131r.<\/p>\n<p>G\u00f6z\u0259llik, Xeyrxahl\u0131q, S\u0259daq\u0259t v\u0259 Anal\u0131q kimi \u00fclvi keyfiyy\u0259tl\u0259ri t\u0259c\u0259ss\u00fcm etdir\u0259n Mehriban xan\u0131m\u0131, s\u00f6z\u00fcn \u0259sl m\u0259nas\u0131nda b\u00f6y\u00fck h\u0259rfl\u0259 yaz\u0131lan Az\u0259rbaycan Qad\u0131n\u0131 adland\u0131ra bil\u0259rik. Mehriban xan\u0131m parlaq ictimai xadim olmaqla b\u0259rab\u0259r, f\u0259dakar h\u0259yat yolda\u015f\u0131, qay\u011f\u0131ke\u015f ana, \u015f\u0259fq\u0259tli n\u0259n\u0259 kimi \u015f\u0259r\u0259fli missiyan\u0131 l\u0259yaq\u0259tl\u0259 yerin\u0259 yetirir. O \u00f6vladlar\u0131n\u0131 Az\u0259rbaycan\u0131 \u00fcr\u0259kd\u0259n sev\u0259n, milli-m\u0259n\u0259vi d\u0259y\u0259rl\u0259r\u0259 ba\u011fl\u0131 \u0259sl v\u0259t\u0259nda\u015f kimi t\u0259rbiy\u0259 etmi\u015fdir.\u00a0 Ail\u0259 qay\u011f\u0131lar\u0131, ictimai v\u0259 siyasi f\u0259aliyy\u0259ti bir arada v\u0259 y\u00fcks\u0259k s\u0259viyy\u0259d\u0259 yerin\u0259 yetirm\u0259k b\u00fcy\u00fck pe\u015f\u0259karl\u0131q v\u0259 s\u0259br t\u0259l\u0259b edir. Bununla ba\u011fl\u0131 Mehriban xan\u0131m\u00a0 qeyd edir ki, \u201cM\u0259n \u00f6z v\u0259zif\u0259l\u0259rimi vaxt\u0131nda yerin\u0259 yetirm\u0259k \u00fc\u00e7\u00fcn d\u00fczg\u00fcn i\u015f formas\u0131, d\u00fczg\u00fcn tarazl\u0131q tapma\u011fa \u00e7al\u0131\u015f\u0131ram. \u018flb\u0259tt\u0259, m\u0259n ilk n\u00f6vb\u0259d\u0259 h\u0259yat yolda\u015f\u0131m\u0131n xan\u0131m\u0131yam, u\u015faqlar\u0131m\u0131n anas\u0131yam, be\u015f n\u0259v\u0259m var v\u0259 h\u0259yat\u0131m\u0131n bu hiss\u0259sin\u0259 ay\u0131rd\u0131\u011f\u0131m diqq\u0259tin ikinci plana ke\u00e7m\u0259sini \u0259sla ist\u0259mir\u0259m. \u018fsla. \u0130ndiy\u0259 q\u0259d\u0259r bunu bacarm\u0131\u015fam. \u00dcmidvaram ki, g\u0259l\u0259c\u0259kd\u0259 d\u0259 bunu bacaraca\u011fam. M\u0259n bi\u015firib-d\u00fc\u015f\u00fcrm\u0259yi \u00e7ox xo\u015flay\u0131ram. Bu i\u015fl\u0259 m\u0259\u015f\u011ful olanda yax\u015f\u0131ca dinc\u0259l\u0259 bilir\u0259m. Ax\u0131 dadl\u0131 yem\u0259kl\u0259r haz\u0131rlamaq da m\u00fc\u0259yy\u0259n m\u0259nada yarad\u0131c\u0131 i\u015fdir. M\u0259n bu i\u015fi sevir\u0259m, bu i\u015fi g\u00f6r\u00fcr\u0259m v\u0259 bacar\u0131ram\u201d.<\/p>\n<p>M\u0259n ist\u0259rdim\u00a0Mehriban xan\u0131m\u0131n qad\u0131n\u0131n ail\u0259d\u0259ki rolu v\u0259 ail\u0259y\u0259 m\u00fcnasib\u0259tini\u00a0 il\u0259 ba\u011fl\u0131 dedikl\u0259ri b\u0259zi fikirl\u0259ri misal g\u00f6st\u0259rim .\u00a0\u201cH\u0259r bir qad\u0131n \u00fc\u00e7\u00fcn onun ail\u0259si, onun u\u015faqlar\u0131 h\u0259yat\u0131n\u0131n \u0259n vacib, \u0259n m\u00fch\u00fcm hiss\u0259sidir. M\u0259n \u00f6z\u00fcm \u00fc\u00e7 u\u015faq anas\u0131 olaraq anal\u0131q missiyas\u0131n\u0131 h\u0259yat\u0131m\u0131n \u0259n vacib missiyas\u0131 kimi d\u0259y\u0259rl\u0259ndirir\u0259m\u201d. Mehriban xan\u0131m, eyni zamanda, qad\u0131n\u0131 ail\u0259d\u0259 s\u00fclh\u00fcn, raz\u0131l\u0131\u011f\u0131n v\u0259 m\u0259h\u0259bb\u0259tin t\u0259minat\u00e7\u0131s\u0131 hesab edir:\u00a0\u201cM\u0259nim \u00fc\u00e7\u00fcn \u00e7ox vacibdir ki, h\u0259yat yolda\u015f\u0131m olduqca dol\u011fun v\u0259 g\u0259rgin i\u015f g\u00fcn\u00fcnd\u0259n sonra ev\u0259 g\u0259lir v\u0259 burada onu anlay\u0131r v\u0259 d\u0259st\u0259kl\u0259yirl\u0259r, onu qiym\u0259tl\u0259ndirir v\u0259 sevirl\u0259r\u201d. Bu ifad\u0259l\u0259r \u00e7ox sad\u0259dir, eyni zamanda b\u00f6y\u00fck v\u0259 d\u0259rin m\u0259na k\u0259sb edir.<\/p>\n<p><strong>&#8211; Mehriban xan\u0131m \u018fliyevan\u0131n \u00e7ox\u015fax\u0259li f\u0259aliyy\u0259tinin \u0259sas istiqam\u0259tl\u0259rind\u0259n biri t\u0259bii ki, m\u00fcasir m\u00fcst\u0259qil Az\u0259rbaycan d\u00f6vl\u0259tinin qurucusu, ulu \u00f6nd\u0259r Heyd\u0259r \u018fliyevin irsinin t\u0259bli\u011fidir. Onun r\u0259hb\u0259rlik etdiyi Heyd\u0259r \u018fliyev Fondunun xidm\u0259tl\u0259rini nec\u0259 \u015f\u0259rh ed\u0259rdiniz?<\/strong><\/p>\n<p>&#8211; Mehriban xan\u0131m\u00a0 Heyd\u0259r \u018fliyev Fondunu yaratmaqla ulu \u00f6nd\u0259r Heyd\u0259r \u018fliyevin V\u0259t\u0259nimiz v\u0259 xalq\u0131m\u0131z\u0131n inki\u015faf\u0131 namin\u0259 g\u00f6rd\u00fcy\u00fc i\u015fl\u0259ri, i\u015f\u0131ql\u0131 ideyalar\u0131n\u0131 y\u00fcks\u0259k s\u0259viyy\u0259d\u0259 davam etdirir.\u00a0 Fondun qar\u015f\u0131ya qoydu\u011fu m\u0259qs\u0259d dem\u0259k olar ki, h\u0259yat\u0131m\u0131z\u0131n m\u00fch\u00fcm sah\u0259l\u0259rinin inki\u015faf\u0131na y\u00f6n\u0259lmi\u015f layih\u0259l\u0259r, milli-m\u0259n\u0259vi d\u0259y\u0259rl\u0259ri \u00f6z\u00fcnd\u0259 ehtiva ed\u0259n prinsipl\u0259r \u00fcz\u0259rind\u0259 qurulmu\u015fdu. Bu m\u0259qs\u0259d Fondun f\u0259aliyy\u0259t proqram\u0131nda daha d\u0259qiq ifad\u0259 olundu\u011fu kimi, \u201cmilli-m\u0259n\u0259vi d\u0259y\u0259rl\u0259rin qorunmas\u0131 v\u0259 Az\u0259rbaycan m\u0259d\u0259niyy\u0259tinin geni\u015f t\u0259bli\u011f olunmas\u0131 il\u0259 ba\u011fl\u0131 i\u015fl\u0259rin apar\u0131lmas\u0131na k\u00f6m\u0259k etm\u0259k, \u0259halinin rifah\u0131n\u0131n y\u00fcks\u0259ldilm\u0259sin\u0259 y\u00f6n\u0259ldilmi\u015f m\u00fcxt\u0259lif proqram v\u0259 t\u0259dbirl\u0259ri, elm, t\u0259hsil, m\u0259d\u0259niyy\u0259t, s\u0259hiyy\u0259 v\u0259 idman\u0131n inki\u015faf\u0131n\u0131 t\u0259min ed\u0259n layih\u0259l\u0259ri d\u0259st\u0259kl\u0259m\u0259k, u\u015faq v\u0259 g\u0259ncl\u0259rin sa\u011flam, milli-m\u0259n\u0259vi d\u0259y\u0259rl\u0259r\u0259 sadiq, h\u0259rt\u0259r\u0259fli bilikl\u0259r\u0259 malik v\u0259t\u0259nda\u015f kimi yeti\u015fdirilm\u0259si i\u015fin\u0259 xidm\u0259t etm\u0259k, Az\u0259rbaycan\u0131n beyn\u0259lxalq n\u00fcfuzunun art\u0131r\u0131lmas\u0131 il\u0259 ba\u011fl\u0131 t\u0259dbirl\u0259rin realla\u015fd\u0131r\u0131lmas\u0131na yard\u0131m g\u00f6st\u0259rm\u0259kd\u0259n ibar\u0259tdir\u201d. Qeyd etm\u0259k ist\u0259rdim ki, Fondun f\u0259aliyy\u0259ti \u00e7ox unikald\u0131r. Mehriban xan\u0131m\u0131n r\u0259hb\u0259rliyi il\u0259 bu \u00e7ox ki\u00e7ik, lakin bacar\u0131ql\u0131, yarad\u0131c\u0131 insanlardan ibar\u0259t\u00a0 kollektiv b\u0259z\u0259n bir ne\u00e7\u0259\u00a0 d\u00f6vl\u0259t qurumlar\u0131n\u0131n i\u015fini yerin\u0259 yetirir. \u00a0Heyd\u0259r \u018fliyev Fondu n\u0259inki irimiqyasl\u0131, m\u00f6ht\u0259\u015f\u0259m layih\u0259l\u0259ri h\u0259yata ke\u00e7irib, h\u0259tta f\u0259aliyy\u0259t g\u00f6st\u0259rdiyi bu 15 ild\u0259 \u00f6lk\u0259nin h\u0259m daxild\u0259, h\u0259m d\u0259 xaricd\u0259 v\u00fcs\u0259tli inki\u015faf\u0131na, b\u00f6y\u00fck n\u00fcfuz qazanmas\u0131na, yeni d\u00fcnya c\u0259miyy\u0259tinin \u00f6nd\u0259 olan \u00f6lk\u0259l\u0259rind\u0259n birin\u0259 \u00e7evrilm\u0259sin\u0259 \u00f6z f\u0259aliyy\u0259til\u0259 g\u00fccl\u00fc d\u0259st\u0259k olmu\u015fdur. Bu, \u0259n \u00e7ox insan faktoruna ali m\u00fcnasib\u0259ti, \u00f6lk\u0259mizin beyn\u0259lxalq arenada layiq oldu\u011fu m\u0259rt\u0259b\u0259d\u0259 q\u0259rarla\u015fmas\u0131 il\u0259 d\u0259y\u0259rli olmu\u015fdur.\u00a0 El\u0259 c\u0259nab Prezident \u0130lham \u018fliyev, Fondun f\u0259aliyy\u0259tini y\u00fcks\u0259k qiym\u0259tl\u0259ndir\u0259r\u0259k qeyd etmi\u015fdir ki, \u201cMehriban \u018fliyevan\u0131n r\u0259hb\u0259rliyi il\u0259 Fond n\u0259inki Az\u0259rbaycanda, eyni zamanda, regionda g\u00f6r\u00fcl\u0259n i\u015fl\u0259rin h\u0259cmin\u0259 g\u00f6r\u0259 \u0259n b\u00f6y\u00fck ictimai t\u0259\u015fkilata \u00e7evrilmi\u015fdir\u201d.<\/p>\n<p>Heyd\u0259r \u018fliyev Fondu m\u0259hz milli-b\u0259\u015f\u0259ri ideyalar\u0131n t\u0259r\u0259nn\u00fcm\u00e7\u00fcs\u00fc, da\u015f\u0131y\u0131c\u0131s\u0131 olmas\u0131 il\u0259 q\u00fcdr\u0259tlidir. Mehriban \u018fliyevan\u0131n Fondun r\u0259hb\u0259ri kimi, \u0259n b\u00f6y\u00fck m\u0259qs\u0259di d\u0259 Heyd\u0259r \u018fliyev irsinin bir m\u0259kt\u0259b kimi yeni n\u0259sl\u0259 \u00f6yr\u0259dilm\u0259si, t\u0259bli\u011f olunmas\u0131d\u0131r. Bu, Ulu \u00d6nd\u0259rin apard\u0131\u011f\u0131 yarad\u0131c\u0131l\u0131q v\u0259 quruculuq i\u015fl\u0259rinin davam\u0131 olaraq v\u0259t\u0259n v\u0259 xalq namin\u0259 f\u0259aliyy\u0259t g\u00f6st\u0259rm\u0259yin \u0259n do\u011fru yoludur.<\/p>\n<p><strong>&#8211; T\u0259bii ki, d\u00fcnyaya \u00e7\u0131x\u0131\u015f \u00f6nc\u0259 \u00f6lk\u0259 daxilind\u0259 g\u00f6r\u00fcl\u0259n i\u015fl\u0259rd\u0259n, \u0259ld\u0259 olunan u\u011furlardan ba\u015flan\u0131r.\u00a0 Az\u0259rbaycan\u0131n beyn\u0259lxalq \u0259h\u0259miyy\u0259tli t\u0259dbirl\u0259r \u00fc\u00e7\u00fcn ideal m\u0259kan se\u00e7ilm\u0259sind\u0259\u00a0 Az\u0259rbaycan\u0131n Birinci vitse-prezidenti, Heyd\u0259r \u018fliyev Fondunun prezidenti, UNESCO-nun v\u0259 \u0130SESCO-nun xo\u015fm\u0259raml\u0131 s\u0259firi Mehriban xan\u0131m \u018fliyevan\u0131n xidm\u0259tl\u0259ri inkaredilm\u0259zdir&#8230;<\/strong><\/p>\n<p>&#8211; Bilirsiniz, m\u00fcasir d\u00fcnyan\u0131n \u00f6z t\u0259l\u0259bl\u0259ri var. Qloballa\u015fma \u015f\u0259raitinin t\u0259l\u0259bl\u0259rin\u0259 uy\u011fun olaraq h\u0259r bir mill\u0259t, d\u00f6vl\u0259t \u00f6z\u00fcn\u00fcn varl\u0131\u011f\u0131n\u0131 qoruyub saxlamaq v\u0259 dig\u0259rl\u0259rin\u0259 tan\u0131td\u0131rmaq \u00fc\u00e7\u00fcn m\u00fcxt\u0259lif m\u0259d\u0259ni &#8211; k\u00fctl\u0259vi, ictimai, sosial layih\u0259l\u0259r h\u0259yata ke\u00e7irir. Az\u0259rbaycan\u0131n m\u00fcharib\u0259 \u00a0v\u0259ziyy\u0259td\u0259 olmas\u0131na baxmayaraq \u00f6z tarixini, m\u0259d\u0259niyy\u0259tini, ad\u0259t v\u0259 \u0259n\u0259n\u0259l\u0259rini d\u00fcnya ictimaiyy\u0259tin\u0259 \u00e7atd\u0131r\u0131r.\u00a0 \u018flb\u0259tt\u0259, bu proses s\u0259br v\u0259 irad\u0259 t\u0259l\u0259b edir. Mehriban xan\u0131m\u0131n Az\u0259rbaycan\u0131n \u015fifahi xalq \u0259d\u0259biyyat\u0131n\u0131n,\u00a0 milli &#8211; m\u0259d\u0259ni v\u0259 musiqi irsinin qorunub saxlan\u0131lmas\u0131, inki\u015faf etdirilm\u0259si v\u0259 d\u00fcnyada t\u0259bli\u011fi, xarici \u00f6lk\u0259l\u0259rd\u0259 xalq\u0131m\u0131z\u0131n m\u00fcsb\u0259t imicinin m\u00f6hk\u0259ml\u0259nm\u0259si \u00fc\u00e7\u00fcn g\u00f6rd\u00fcy\u00fc i\u015fl\u0259rin,\u00a0 yorulmadan, ancaq davaml\u0131 apar\u0131lan s\u0259yl\u0259rin bu g\u00fcn biz m\u00fcsb\u0259t n\u0259tic\u0259l\u0259rini g\u00f6r\u00fcr\u00fck. Onun s\u0259yl\u0259ri n\u0259tic\u0259sind\u0259 Az\u0259rbaycan\u0131n maddi v\u0259 qeyri-maddi m\u0259d\u0259ni irs n\u00fcmun\u0259l\u0259ri UNESCO-nun m\u00fcvafiq siyah\u0131lar\u0131nda yer alm\u0131\u015fd\u0131r. Mu\u011fam s\u0259n\u0259tinin, a\u015f\u0131q s\u0259n\u0259tinin, Novruz Bayram\u0131n\u0131n, \u0130\u00e7\u0259ri\u015f\u0259h\u0259rin, tar ifa\u00e7\u0131l\u0131\u011f\u0131 s\u0259n\u0259tinin UNESKO-nun nadir, \u015fah \u0259s\u0259rl\u0259ri siyah\u0131s\u0131na daxil edilm\u0259si Az\u0259rbaycanla bu t\u0259\u015fkilat aras\u0131nda\u00a0 \u0259m\u0259kda\u015fl\u0131\u011f\u0131n davaml\u0131l\u0131\u011f\u0131na xidm\u0259t ed\u0259n t\u00f6hf\u0259l\u0259rdir.<\/p>\n<p>O, \u0130SESCO v\u0259 UNESCO-nun xo\u015fm\u0259raml\u0131 s\u0259firi kimi m\u00fcst\u0259qil Az\u0259rbaycan\u0131n nailiyy\u0259tl\u0259rini, \u00f6lk\u0259mizd\u0259 h\u00f6km s\u00fcr\u0259n tolerantl\u0131\u011f\u0131 t\u0259bli\u011f edir, m\u0259d\u0259niyy\u0259tl\u0259raras\u0131 v\u0259 \u00a0sivilizasiyalararas\u0131 dialoqun b\u0259raq\u0259rar olmas\u0131 \u00fc\u00e7\u00fcn b\u00fct\u00fcn s\u0259yl\u0259rini g\u00f6st\u0259rir. Mehriban xan\u0131m \u018fliyevan\u0131n r\u0259hb\u0259rliyi il\u0259 h\u0259yata ke\u00e7iril\u0259n layih\u0259l\u0259r s\u0259hiyy\u0259, m\u0259d\u0259niyy\u0259t, sosial sah\u0259, ekologiya sah\u0259l\u0259rind\u0259n \u0259lav\u0259, idman\u0131 da geni\u015f \u0259hat\u0259 edir. \u0130lk Avropa Oyunlar\u0131n\u0131n y\u00fcks\u0259k, g\u00fccl\u00fc v\u0259 pe\u015f\u0259kar s\u0259viyy\u0259d\u0259 t\u0259\u015fkil olunmas\u0131 v\u0259 h\u0259yata ke\u00e7irilm\u0259sind\u0259\u00a0 T\u0259\u015fkilat Komit\u0259sinin r\u0259hb\u0259ri kimi Az\u0259rbaycan\u0131n birinci xan\u0131m\u0131 Mehriban xan\u0131m \u018fliyevan\u0131n b\u00f6y\u00fck v\u0259 \u0259v\u0259zolunmaz \u0259m\u0259yi vard\u0131r.\u00a0\u00a0\u00a0 Baxmayaraq ki, Avropa Oyunl\u0131ar\u0131 \u0259r\u0259f\u0259sind\u0259 v\u0259 ke\u00e7iril\u0259n m\u00fcdd\u0259td\u0259 bizi ist\u0259m\u0259y\u0259n b\u0259zi q\u00fcvv\u0259l\u0259r \u00f6lk\u0259mizin \u0259leyhin\u0259 m\u00fc\u0259yy\u0259n t\u0259xribatlar t\u00f6r\u0259tdil\u0259r. Lakin biz b\u00fct\u00fcn xalq \u00f6lk\u0259 Prezidenti, birinci xan\u0131m\u0131 bir milli ideya \u0259traf\u0131nda birl\u0259\u015fdil\u0259r. \u018flb\u0259tt\u0259, bu, xalq\u0131m\u0131z\u0131n onlara y\u00fcks\u0259k inam v\u0259 etibar\u0131ndan ir\u0259li g\u0259lir.<\/p>\n<p>Mehriban xan\u0131m\u0131n y\u00fcks\u0259k s\u0259ri\u015ft\u0259si, m\u0259har\u0259ti, a\u00e7\u0131l\u0131\u015f v\u0259 ba\u011flan\u0131\u015f m\u0259rasimind\u0259ki \u00e7\u0131x\u0131\u015f\u0131\u00a0 b\u00fct\u00fcn d\u00fcnyaya n\u00fcmayi\u015f olundu. O, \u00f6z timsal\u0131nda Az\u0259rbaycan qad\u0131n\u0131 obraz\u0131n\u0131 yaradaraq qad\u0131nlar\u0131m\u0131z\u0131n n\u0259l\u0259r\u0259 qadir oldu\u011funu g\u00f6st\u0259rdi. B\u00fct\u00fcn d\u00fcnya bir daha \u015fahid oldu ki, I Avropa Oyunlar\u0131n\u0131n T\u0259\u015fkilat Komit\u0259sinin s\u0259dri kimi Az\u0259rbaycan qad\u0131n\u0131 beyn\u0259lxalq s\u0259viyy\u0259li t\u0259dbirl\u0259ri t\u0259\u015fkil etm\u0259y\u0259 v\u0259 ke\u00e7irm\u0259y\u0259 qadirdir. IV \u0130slam H\u0259mr\u0259yliyi Oyunlar\u0131n\u0131n u\u011furla ke\u00e7irilm\u0259sind\u0259 d\u0259 bu oyunlar\u0131n T\u0259\u015fkilat Komut\u0259sinin s\u0259dri kimi onun z\u0259hm\u0259ti t\u0259qdir\u0259layiqdir.<\/p>\n<p>X\u00fcsusil\u0259 vur\u011fulamaq ist\u0259rdim ki,\u00a0 b\u00fct\u00fcn bu beyn\u0259lxalq t\u0259dbirl\u0259rd\u0259 qad\u0131n h\u00fcquqlar\u0131n\u0131n m\u00fcdafi\u0259si m\u0259s\u0259l\u0259si daim diqq\u0259td\u0259 saxlan\u0131lm\u0131\u015fd\u0131r. \u00a0Fondun t\u0259\u015fkilat\u00e7\u0131l\u0131\u011f\u0131 il\u0259 \u201cM\u0259d\u0259niyy\u0259tl\u0259raras\u0131 dialoqda qad\u0131nlar\u0131n rolunun geni\u015fl\u0259ndirilm\u0259si\u201d m\u00f6vzusunda beyn\u0259lxalq Forumun Bak\u0131da ke\u00e7irilm\u0259si qad\u0131nlar\u0131n c\u0259miyy\u0259tin h\u0259yat\u0131ndak\u0131 f\u0259al m\u00f6vqeyini bir daha t\u0259sdiq edir.<\/p>\n<p>Avropa \u015euras\u0131n\u0131n qad\u0131nlar v\u0259 ki\u015fil\u0259r aras\u0131nda b\u0259rab\u0259rlik m\u0259s\u0259l\u0259l\u0259rin\u0259 m\u0259sul nazirl\u0259rin \u201cGender b\u0259rab\u0259rliyi: de-yure v\u0259 de-fakto b\u0259rab\u0259rliyinin t\u0259min olunmas\u0131\u201d m\u00f6vzusunda VII konfarans\u0131nda Mehriban \u018fliyevan\u0131n proqram \u00e7\u0131x\u0131\u015f\u0131 c\u0259miyy\u0259timizd\u0259 y\u00fcks\u0259k \u0259ks-s\u0259daya v\u0259 m\u00fczakir\u0259l\u0259r\u0259 s\u0259b\u0259b olmu\u015fdur. 2012-ci ild\u0259 Bak\u0131da ke\u00e7iril\u0259n beyn\u0259lxalq Krans Montana Forumu \u00e7\u0259r\u00e7iv\u0259sind\u0259 \u201cQad\u0131n h\u00fcquqlar\u0131 insan h\u00fcquqlar\u0131d\u0131r, insan h\u00fcquqlar\u0131 is\u0259 qad\u0131nlar\u0131n h\u00fcququdur, m\u00f6vzusunda konfransda qald\u0131r\u0131lan m\u0259s\u0259l\u0259l\u0259r, eyni zamanda, Heyd\u0259r \u018fliyev Fondunun prezidenti Mehriban \u018fliyevan\u0131n qad\u0131n h\u00fcquqlar\u0131 il\u0259 ba\u011fl\u0131 geni\u015f v\u0259 \u0259hat\u0259li \u00e7\u0131x\u0131\u015f\u0131 beyn\u0259lxalq diqq\u0259tin \u00f6lk\u0259miz\u0259 y\u00f6n\u0259ldilm\u0259sin\u0259\u00a0 imkan yaratm\u0131\u015fd\u0131r.\u00a0\u00a0\u00a0\u00a0 Bu ilin may ay\u0131nda IV \u00dcmumd\u00fcnya M\u0259d\u0259niyy\u0259tl\u0259raras\u0131 Dialoq Forumu \u00e7\u0259r\u00e7iv\u0259sind\u0259 Az\u0259rbaycan\u0131n Birinci vitse-prezidenti Mehriban \u018fliyevan\u0131n i\u015ftirak\u0131 il\u0259 \u201cQ\u0131zlara t\u0259hsil verm\u0259kl\u0259 zorak\u0131 ekstremizm\u0259 qar\u015f\u0131 m\u00fcbariz\u0259\u201d m\u00f6vzusunda \u201cd\u0259yirmi masa\u201dn\u0131n t\u0259\u015fkil olunmas\u0131, onun t\u0259\u015f\u0259bb\u00fcs\u00fc il\u0259 ayr\u0131ca sessiyan\u0131n ke\u00e7irilm\u0259si, bu m\u00f6vzu \u0259traf\u0131nda f\u0259al m\u00fczakir\u0259l\u0259rin apar\u0131lmas\u0131 v\u0259 t\u00f6vsiy\u0259l\u0259rin q\u0259bul edilm\u0259si\u00a0 d\u00fcnyada qad\u0131nlar\u0131n, \u0259sas\u0259n d\u0259 q\u0131zlar\u0131n h\u00fcquqlar\u0131n\u0131n m\u00fcadfi\u0259si istiqam\u0259tind\u0259 x\u00fcsusi \u0259h\u0259miyy\u0259t k\u0259sb edir.<\/p>\n<p>Mehriban \u018fliyeva bu ill\u0259rd\u0259 \u00e7ox titullara, t\u0259ltifl\u0259r\u0259, m\u00fckafatlara layiq g\u00f6r\u00fcl\u00fcb. El\u0259 bu g\u00fcnl\u0259rd\u0259 Rusiya Federasiyas\u0131n\u0131n Prezidenti Vladimir Putin Az\u0259rbaycan Respublikas\u0131n\u0131n Birinci vitse-prezidenti Mehriban \u018fliyevan\u0131 \u201cDostluq\u201d ordeni il\u0259 t\u0259ltif edib. Onun beyn\u0259lxalq al\u0259md\u0259ki n\u00fcfuzu, ald\u0131\u011f\u0131 m\u00fckafatlar t\u0259bii ki, \u00f6lk\u0259mizin, xalq\u0131m\u0131z\u0131n ad\u0131na ba\u015fucal\u0131\u011f\u0131 g\u0259tirir. Amma onlar\u0131n i\u00e7\u0259risind\u0259 bir m\u00fckafat\u0131n yeri \u0259lahidd\u0259 oldu\u011fundan burda onu xat\u0131rlatma\u011f\u0131 vacib say\u0131r\u0131q. Bu, Az\u0259rbaycanda ke\u00e7irilmi\u015f I Avropa Oyunlar\u0131n\u0131n u\u011furla, b\u00f6y\u00fck q\u0259l\u0259b\u0259 il\u0259 ba\u015fa \u00e7atmas\u0131nda \u0259sl f\u0259dakarl\u0131q n\u00fcmayi\u015f etdir\u0259n \u201cBak\u0131-2015\u201d I Avropa Oyunlar\u0131 T\u0259\u015fkilat Komit\u0259sinin s\u0259dri Mehriban \u018fliyevan\u0131n 29 iyun 2015-ci il tarixind\u0259 \u201cHeyd\u0259r \u018fliyev\u201d ordeni il\u0259 t\u0259ltif olunmas\u0131 idi. Z\u0259nnimizc\u0259, bu m\u00fckafat ona daha \u00e7ox sevinc hissi ya\u015fatd\u0131, onu \u00e7ox duy\u011fuland\u0131rd\u0131. M\u00fckafat\u0131n t\u0259qdimolunma m\u0259rasimind\u0259ki \u00e7\u0131x\u0131\u015f\u0131\u00a0 is\u0259 iki il yar\u0131mda \u00e7\u0259kdiyi \u0259ziyy\u0259tl\u0259ri, ke\u00e7irdiyi narahatl\u0131\u011f\u0131, duydu\u011fu m\u0259suliyy\u0259td\u0259n do\u011fan f\u0259r\u0259h hissini b\u00fct\u00fcnl\u00fckd\u0259 ifad\u0259 edirdi. Eyni zamanda, bir\u00a0 \u00f6hd\u0259lik v\u0259 v\u0259t\u0259nda\u015flara \u00e7a\u011f\u0131r\u0131\u015f idi. Mehriban xan\u0131m\u00a0 \u00e7\u0131x\u0131\u015f\u0131ndan bu fikirl\u0259ri bir daha yada salma ist\u0259rdim. O, c\u0259nab Prezident\u0259 minn\u0259tdarl\u0131q ed\u0259r\u0259k bildirdi: \u201cSizin \u00f6lk\u0259miz\u0259, xalq\u0131m\u0131za olan inam\u0131n\u0131z he\u00e7 bir \u015f\u00fcbh\u0259 qoymurdu ki, h\u0259r \u015fey \u0259la olacaq v\u0259 biz yen\u0259 d\u0259 q\u0259l\u0259b\u0259 \u00e7alaca\u011f\u0131q. Siz bir daha b\u00fct\u00fcn d\u00fcnyaya s\u00fcbut etdiniz ki, he\u00e7 bir qara q\u00fcvv\u0259 bizi h\u0259d\u0259f se\u00e7ib qorxuda bilm\u0259z v\u0259 \u0259dal\u0259t, xo\u015f niyy\u0259t, xalqla birlik h\u0259r zaman z\u0259f\u0259r \u00e7alacaq. Bu 17 g\u00fcn \u0259rzind\u0259 ya\u015fad\u0131\u011f\u0131m\u0131z xo\u015f anlar \u00fc\u00e7\u00fcn Siz\u0259 d\u0259rin minn\u0259tdarl\u0131\u011f\u0131m\u0131z\u0131 bildiririk. M\u0259n idman leksikas\u0131ndan istifad\u0259 ets\u0259m dey\u0259 bil\u0259r\u0259m ki, bu 17 g\u00fcn \u0259rzind\u0259 Az\u0259rbaycan xalq\u0131 bir komanda idi v\u0259 Siz bu komandan\u0131n \u015f\u0259r\u0259fli kapitan\u0131 idiniz. Bel\u0259 olan halda, \u0259lb\u0259tt\u0259, qalib g\u0259lm\u0259m\u0259k m\u00fcmk\u00fcn deyildi. V\u0259t\u0259nimiz\u0259, do\u011fma Az\u0259rbaycan\u0131m\u0131za xidm\u0259t etm\u0259k \u0259n b\u00f6y\u00fck \u015f\u0259r\u0259fdir v\u0259 xidm\u0259timizin n\u0259tic\u0259l\u0259rini g\u00f6r\u00fcb ya\u015famaq \u0259n b\u00f6y\u00fck xo\u015fb\u0259xtlikdir. C\u0259nab Prezident, biz h\u0259r birimiz \u00f6lk\u0259mizin \u0259sg\u0259riyik v\u0259 Az\u0259rbaycan\u0131n g\u0259l\u0259c\u0259yi namin\u0259 daha da tam g\u00fcc\u00fcm\u00fczl\u0259 xidm\u0259t etm\u0259y\u0259 haz\u0131r\u0131q\u201d. B\u0259li,\u00a0 xalq\u0131m\u0131z, h\u0259r bir v\u0259t\u0259nda\u015f\u0131m\u0131z m\u00f6ht\u0259r\u0259m Prezidentimizin \u0259sg\u0259riyik v\u0259 onun \u0259traf\u0131nda s\u0131x birl\u0259\u015fmi\u015fik. Bu birlik \u00f6lk\u0259mizin inki\u015faf\u0131n\u0131n m\u00fch\u00fcm t\u0259m\u0259l da\u015f\u0131d\u0131r.<\/p>\n<p><strong>&#8211; Hicran xan\u0131m,\u00a0 Mehriban xan\u0131m \u018fliyevan\u0131n f\u0259aliyy\u0259tinin \u0259sas prinsipl\u0259ri xeyirxahl\u0131q v\u0259 humanistlikdir. Bu prinsipl\u0259rd\u0259n ir\u0259li g\u0259l\u0259n add\u0131mlar\u0131na bir bax\u0131\u015f ke\u00e7irm\u0259yinizi ist\u0259rdik&#8230;<\/strong><\/p>\n<p>&#8211; Mehriban xan\u0131m \u018fliyevan\u0131n \u00e7ox\u015fax\u0259li f\u0259aliyy\u0259tinin \u00a0h\u0259r add\u0131m\u0131n\u0131n \u0259sas\u0131nda xeyirxahl\u0131\u011f\u0131n, humanizmin, s\u0259mimiyy\u0259tin, v\u0259t\u0259nda\u015fl\u0131q t\u0259\u0259ss\u00fcbke\u015fliyinin y\u00fcks\u0259k s\u0259viyy\u0259d\u0259 qorundu\u011funun \u015fahidi olar\u0131q. Onun \u201c\u00d6z h\u0259yat kitab\u0131n\u0131 yazma\u011fa ancaq s\u0259nin \u015f\u0259xsi, d\u0259rk edilmi\u015f m\u0259suliyy\u0259tin imkan verir\u201d fikri\u00a0 qazand\u0131\u011f\u0131 u\u011furlar\u0131n, g\u00f6rd\u00fcy\u00fc i\u015fl\u0259rin b\u0259l\u0259d\u00e7isidir. Mehriban xan\u0131m \u00a0 Az\u0259rbaycan\u0131n Birinci vitse-prezidenti kimi t\u0259qdimat\u0131nda bu prinsipl\u0259ri d\u0259 diqq\u0259t\u0259 \u00e7atd\u0131rm\u0131\u015fd\u0131r: \u201cG\u00fcnd\u0259lik f\u0259aliyy\u0259timizd\u0259 insansev\u0259rlik, m\u0259rh\u0259m\u0259t, qar\u015f\u0131l\u0131ql\u0131 h\u00f6rm\u0259t, mehriban\u00e7\u0131l\u0131q unudulmamal\u0131d\u0131r. \u018fksin\u0259, m\u0259hz bu m\u0259n\u0259vi d\u0259y\u0259rl\u0259ri uca tutaraq \u0259n y\u00fcks\u0259k q\u0259l\u0259b\u0259l\u0259r \u0259ld\u0259 etm\u0259k, \u0259n b\u00f6y\u00fck zirv\u0259l\u0259r\u0259 qalxmaq olar.\u201d<\/p>\n<p>Bilirsiniz ki, xeyriyy\u0259\u00e7ilik bizim maarifp\u0259rv\u0259r, v\u0259t\u0259nsev\u0259r ziyal\u0131lar\u0131m\u0131z\u0131n \u0259sas f\u0259aliyy\u0259t\u00a0 prinsipl\u0259rind\u0259ndir. M\u00fcasir d\u00f6vrd\u0259 is\u0259 xeyriyy\u0259\u00e7ilik haqq\u0131nda \u0259n qiym\u0259tli m\u0259qamlar\u0131\u00a0 el\u0259 Mehriban xan\u0131m\u0131n \u00f6z fikirl\u0259rind\u0259n \u00f6yr\u0259nm\u0259k m\u00fcmk\u00fcnd\u00fcr: \u201cXeyriyy\u0259\u00e7iliyin ictimai \u0259h\u0259miyy\u0259tind\u0259n dan\u0131\u015fark\u0259n vur\u011fulamal\u0131y\u0131q ki, o, c\u0259miyy\u0259td\u0259 m\u0259n\u0259vi-psixoloji ab-havan\u0131n yax\u015f\u0131la\u015fmas\u0131na \u015f\u0259rait yarad\u0131r, insanlar aras\u0131nda m\u00fcnasib\u0259tl\u0259ri humanistl\u0259\u015fdirir, \u00a0onlar\u0131n \u00a0daha xeyirxah, s\u0259mimi v\u0259 h\u0259ssas olmas\u0131na m\u00fcsb\u0259t t\u0259sir g\u00f6st\u0259rir. \u00a0Ax\u0131, \u00e7\u0259tin m\u0259qamda ba\u015fqalar\u0131ndan d\u0259st\u0259k alm\u0131\u015f insan \u00f6z\u00fc d\u0259, imkan daxilind\u0259 ba\u015fqalar\u0131na k\u00f6m\u0259k g\u00f6st\u0259rm\u0259y\u0259 daha \u00e7ox meyil ed\u0259c\u0259kdir.\u00a0Bel\u0259likl\u0259, c\u0259miyy\u0259timizd\u0259 \u201cxeyirxah i\u015fl\u0259r dair\u0259si\u201d, qar\u015f\u0131l\u0131ql\u0131 k\u00f6m\u0259k v\u0259 d\u0259st\u0259k sistemi yaran\u0131r ki, bu da son n\u0259tic\u0259d\u0259 insanlar\u0131n qar\u015f\u0131l\u0131ql\u0131 m\u00fcnasib\u0259tl\u0259rin\u0259, onlar\u0131n ovqat\u0131na v\u0259 sosial \u0259hval-ruhiyy\u0259sin\u0259 m\u00fcsb\u0259t t\u0259sir g\u00f6st\u0259rir.\u00a0\u201c<\/p>\n<p>Mehriban xan\u0131m\u0131n simas\u0131nda v\u0259t\u0259nda\u015flar\u0131m\u0131z k\u00f6m\u0259y\u0259 ehtiyac\u0131 olanlara yard\u0131m \u0259lini uzatma\u011fa haz\u0131r etibarl\u0131 dayaq, do\u011fma insan g\u00f6r\u00fcrl\u0259r. Minl\u0259rl\u0259 insana, x\u00fcsusi il\u0259 u\u015faq v\u0259 qad\u0131nlara\u00a0 sa\u011flaml\u0131\u011f\u0131n\u0131 v\u0259 \u00fcmidini qaytar\u0131r. Az\u0259rbaycan ail\u0259sinin\u00a0 probleml\u0259rini h\u0259mi\u015f\u0259 diqq\u0259t m\u0259rk\u0259zind\u0259 saxlay\u0131r,\u00a0 \u00f6lk\u0259d\u0259 ail\u0259, qad\u0131n v\u0259 u\u015faq probleml\u0259rinin h\u0259llin\u0259 b\u00f6y\u00fck d\u0259st\u0259k verir. Valideyn qay\u011f\u0131s\u0131ndan v\u0259 himay\u0259sind\u0259n m\u0259hrum olmu\u015f, el\u0259c\u0259 d\u0259 sa\u011flaml\u0131q imkanlar\u0131 m\u0259hdud u\u015faqlarla ba\u011fl\u0131 h\u0259r bir problem\u0259 h\u0259ssasl\u0131qla yana\u015f\u0131r, onlar\u0131 qay\u011f\u0131 il\u0259 \u0259hat\u0259 edir. Onun \u015f\u0259xsi d\u0259st\u0259yi v\u0259 k\u00f6m\u0259yi n\u0259tic\u0259sind\u0259 realla\u015fan geni\u015fmiqyasl\u0131 t\u0259dbirl\u0259r ana v\u0259 u\u015faq \u00f6l\u00fcm\u00fcn\u00fcn qar\u015f\u0131s\u0131n\u0131n al\u0131nmas\u0131, hemofiliya, talassemiya v\u0259 \u015f\u0259k\u0259rli diabet x\u0259st\u0259likl\u0259rinin azalmas\u0131 istiqam\u0259tind\u0259\u00a0 profilaktik v\u0259 m\u00fcalic\u0259vi i\u015fl\u0259rin apar\u0131lmas\u0131na m\u00fcsb\u0259t t\u0259sir g\u00f6st\u0259rir. Son ill\u0259r \u0259rzind\u0259 y\u00fczd\u0259n \u00e7ox k\u00f6\u00e7k\u00fcn \u015f\u0259h\u0259rciyi tikilib,\u015f\u0259hid ail\u0259l\u0259ri, m\u00fcharib\u0259 veteranlar\u0131, m\u00fcharib\u0259 \u0259lill\u0259ri\u00a0 \u00fc\u00e7\u00fcn\u00a0 m\u0259nzill\u0259r\u00a0 t\u0259qdim edilmi\u015fdir. C\u0259miyy\u0259timizin h\u0259ssas t\u0259b\u0259q\u0259l\u0259rind\u0259n olan qa\u00e7q\u0131n v\u0259 m\u0259cburi k\u00f6\u00e7k\u00fcnl\u0259rin h\u0259yat \u015f\u0259raitinin yax\u015f\u0131la\u015fd\u0131r\u0131lmas\u0131, onlar\u0131n daha \u0259lveri\u015fli \u015f\u0259raitd\u0259 ya\u015famas\u0131 \u00fc\u00e7\u00fcn g\u00f6rd\u00fcy\u00fc i\u015fl\u0259rin n\u0259tic\u0259l\u0259ri onlarda g\u0259l\u0259c\u0259y\u0259 inam yarad\u0131r.<\/p>\n<p>Avqust ay\u0131n\u0131n 26-s\u0131 Birinci vitse-prezident Mehriban \u018fliyevan\u0131n do\u011fum g\u00fcn\u00fcd\u00fcr. Alic\u0259nabl\u0131q, insanp\u0259rv\u0259rlik, k\u00fcbarl\u0131q kimi ali insani d\u0259y\u0259rl\u0259r, kreativ, y\u00fcks\u0259k erudisiya \u00a0sahibi\u00a0olan, m\u00fcdrik, c\u0259sar\u0259tli, g\u00fccl\u00fc, eyni zamanda, z\u0259rif \u00a0m\u0259rh\u0259m\u0259tli, \u015f\u0259fq\u0259tli Mehriban xan\u0131m\u0131 t\u0259brik edir, Az\u0259rbaycan\u00e7\u0131l\u0131q m\u0259fkur\u0259sinin inki\u015faf etdirilm\u0259sind\u0259 h\u0259r zaman yeni yollar axtar\u0131\u015f\u0131nda olan Mehriban \u018fliyevaya cansa\u011fl\u0131\u011f\u0131, ail\u0259 s\u0259ad\u0259ti arzulay\u0131r\u0131q.<\/p>\n","protected":false},"excerpt":{"rendered":"<p>Az\u0259rbaycan Respublikas\u0131 Ail\u0259, Qad\u0131n v\u0259 U\u015faq Probleml\u0259ri \u00fczr\u0259 D\u00f6vl\u0259t Komit\u0259sinin s\u0259dri Hicran H\u00fcseynovan\u0131n www.yap.org.az sayt\u0131na m\u00fcsahib\u0259si &#8211; Hicran xan\u0131m,\u00a0 Az\u0259rbaycan qad\u0131n\u0131 \u00f6z idar\u0259si v\u0259 m\u0259rdliyi, safl\u0131\u011f\u0131 v\u0259 s\u0259daq\u0259ti il\u0259 c\u0259miyy\u0259timizin h\u0259yat\u0131nda, xalq\u0131m\u0131z\u0131n milli-m\u0259n\u0259vi d\u0259y\u0259rl\u0259r sisteminin formala\u015fd\u0131r\u0131lmas\u0131nda m\u00fcst\u0259sna rol oynay\u0131r. Bu g\u00fcn\u00a0 qad\u0131nlar\u0131n \u00f6lk\u0259mizin ictimai-siyasi h\u0259yat\u0131nda yeri v\u0259 roluna sizin n\u0259z\u0259r-n\u00f6qteyinizd\u0259n diqq\u0259t yetirm\u0259k ist\u0259rdik\u2026 &#8211;\u00a0 B\u0259li, h\u0259qiq\u0259t\u0259n tariximizin b\u00fct\u00fcn m\u0259rh\u0259l\u0259l\u0259rind\u0259\u00a0 Az\u0259rbaycan qad\u0131n\u0131n\u0131n ad\u0131 b\u00f6y\u00fck \u015f\u0259r\u0259fl\u0259 ke\u00e7ir. O, qay\u011f\u0131ke\u015f ana, fitri istedada malik \u015fair, m\u00f6hk\u0259m irad\u0259li h\u00f6kmdar, d\u0259rin z\u0259kal\u0131 m\u00fct\u0259f\u0259kkir olaraq\u00a0 \u00a0\u00f6z ad\u0131n\u0131 \u00a0tariximizin ayr\u0131-ayr\u0131 s\u0259hif\u0259l\u0259rin\u0259 yazd\u0131ra bilmi\u015fdir. H\u0259tta b\u0259z\u0259n xarici \u00f6lk\u0259l\u0259rd\u0259n&hellip;<\/p>\n","protected":false},"author":2,"featured_media":75418,"comment_status":"closed","ping_status":"closed","sticky":false,"template":"","format":"standard","meta":{"om_disable_all_campaigns":false,"_monsterinsights_skip_tracking":false,"_monsterinsights_sitenote_active":false,"_monsterinsights_sitenote_note":"","_monsterinsights_sitenote_category":0},"categories":[8],"tags":[],"aioseo_notices":[],"gutentor_comment":0,"rttpg_featured_image_url":{"full":["https:\/\/arantv.az\/wp-content\/uploads\/2019\/08\/1bf0c592155239617022306691810254389.jpg",975,540,false],"landscape":["https:\/\/arantv.az\/wp-content\/uploads\/2019\/08\/1bf0c592155239617022306691810254389.jpg",975,540,false],"portraits":["https:\/\/arantv.az\/wp-content\/uploads\/2019\/08\/1bf0c592155239617022306691810254389.jpg",975,540,false],"thumbnail":["https:\/\/arantv.az\/wp-content\/uploads\/2019\/08\/1bf0c592155239617022306691810254389-150x150.jpg",150,150,true],"medium":["https:\/\/arantv.az\/wp-content\/uploads\/2019\/08\/1bf0c592155239617022306691810254389-300x166.jpg",300,166,true],"large":["https:\/\/arantv.az\/wp-content\/uploads\/2019\/08\/1bf0c592155239617022306691810254389.jpg",640,354,false],"1536x1536":["https:\/\/arantv.az\/wp-content\/uploads\/2019\/08\/1bf0c592155239617022306691810254389.jpg",975,540,false],"2048x2048":["https:\/\/arantv.az\/wp-content\/uploads\/2019\/08\/1bf0c592155239617022306691810254389.jpg",975,540,false],"post-thumbnail":["https:\/\/arantv.az\/wp-content\/uploads\/2019\/08\/1bf0c592155239617022306691810254389-240x172.jpg",240,172,true],"advps-thumb-one":["https:\/\/arantv.az\/wp-content\/uploads\/2019\/08\/1bf0c592155239617022306691810254389.jpg",975,540,false]},"rttpg_author":{"display_name":"V\u00fcsal Rafiqo\u011flu","author_link":"https:\/\/arantv.az\/?author=2"},"rttpg_comment":0,"rttpg_category":"<a href=\"https:\/\/arantv.az\/?cat=8\" rel=\"category\">\u018fsas s\u0259hif\u0259<\/a>","rttpg_excerpt":"Az\u0259rbaycan Respublikas\u0131 Ail\u0259, Qad\u0131n v\u0259 U\u015faq Probleml\u0259ri \u00fczr\u0259 D\u00f6vl\u0259t Komit\u0259sinin s\u0259dri Hicran H\u00fcseynovan\u0131n www.yap.org.az sayt\u0131na m\u00fcsahib\u0259si &#8211; Hicran xan\u0131m,\u00a0 Az\u0259rbaycan qad\u0131n\u0131 \u00f6z idar\u0259si v\u0259 m\u0259rdliyi, safl\u0131\u011f\u0131 v\u0259 s\u0259daq\u0259ti il\u0259 c\u0259miyy\u0259timizin h\u0259yat\u0131nda, xalq\u0131m\u0131z\u0131n milli-m\u0259n\u0259vi d\u0259y\u0259rl\u0259r sisteminin formala\u015fd\u0131r\u0131lmas\u0131nda m\u00fcst\u0259sna rol oynay\u0131r. Bu g\u00fcn\u00a0 qad\u0131nlar\u0131n \u00f6lk\u0259mizin ictimai-siyasi h\u0259yat\u0131nda yeri v\u0259 roluna sizin n\u0259z\u0259r-n\u00f6qteyinizd\u0259n diqq\u0259t yetirm\u0259k ist\u0259rdik\u2026 &#8211;\u00a0 B\u0259li,&hellip;","_links":{"self":[{"href":"https:\/\/arantv.az\/index.php?rest_route=\/wp\/v2\/posts\/75417"}],"collection":[{"href":"https:\/\/arantv.az\/index.php?rest_route=\/wp\/v2\/posts"}],"about":[{"href":"https:\/\/arantv.az\/index.php?rest_route=\/wp\/v2\/types\/post"}],"author":[{"embeddable":true,"href":"https:\/\/arantv.az\/index.php?rest_route=\/wp\/v2\/users\/2"}],"replies":[{"embeddable":true,"href":"https:\/\/arantv.az\/index.php?rest_route=%2Fwp%2Fv2%2Fcomments&post=75417"}],"version-history":[{"count":0,"href":"https:\/\/arantv.az\/index.php?rest_route=\/wp\/v2\/posts\/75417\/revisions"}],"wp:featuredmedia":[{"embeddable":true,"href":"https:\/\/arantv.az\/index.php?rest_route=\/wp\/v2\/media\/75418"}],"wp:attachment":[{"href":"https:\/\/arantv.az\/index.php?rest_route=%2Fwp%2Fv2%2Fmedia&parent=75417"}],"wp:term":[{"taxonomy":"category","embeddable":true,"href":"https:\/\/arantv.az\/index.php?rest_route=%2Fwp%2Fv2%2Fcategories&post=75417"},{"taxonomy":"post_tag","embeddable":true,"href":"https:\/\/arantv.az\/index.php?rest_route=%2Fwp%2Fv2%2Ftags&post=75417"}],"curies":[{"name":"wp","href":"https:\/\/api.w.org\/{rel}","templated":true}]}}