{"id":75439,"date":"2019-08-26T12:32:47","date_gmt":"2019-08-26T09:32:47","guid":{"rendered":"http:\/\/arantv.az\/?p=75439"},"modified":"2019-08-26T12:32:47","modified_gmt":"2019-08-26T09:32:47","slug":"vilay%c9%99t-eyvazovdan-yeni-t%c9%99yinat","status":"publish","type":"post","link":"https:\/\/arantv.az\/?p=75439","title":{"rendered":"Vilay\u0259t Eyvazovdan YEN\u0130 T\u018fY\u0130NAT"},"content":{"rendered":"<p>Daxili \u0130\u015fl\u0259r Nazirliyind\u0259 (D\u0130N) n\u00f6vb\u0259ti kadr d\u0259yi\u015fikliyi olub.<\/p>\n<p><strong>ARANTV.AZ<\/strong>\u00a0 azvision.az-a istinad\u0259n x\u0259b\u0259r verir ki, Daxili \u0130\u015fl\u0259r naziri, general-polkovnik Vilay\u0259t Eyvazovun imzalad\u0131\u011f\u0131 m\u00fcvafiq \u0259mr\u0259 \u0259sas\u0259n, Al\u0131yev Elvin Al\u0131 o\u011flu X\u0259tai rayon Polis \u0130dar\u0259sinin 34-c\u00fc Polis B\u00f6lm\u0259sinin r\u0259is m\u00fcavini v\u0259zif\u0259sin\u0259 t\u0259yinat al\u0131b.<\/p>\n<p>Elvin Al\u0131yev \u0259vv\u0259ll\u0259r F\u00fczuli rayon Polis \u015e\u00f6b\u0259sind\u0259 v\u0259 Bin\u0259q\u0259di rayon Polis \u0130dar\u0259sind\u0259 \u0259m\u0259liyyat m\u00fcv\u0259kkili v\u0259zif\u0259sind\u0259 \u00e7al\u0131\u015f\u0131b.<\/p>\n<p>Qeyd ed\u0259k ki, Elvin Al\u0131yev F\u00fczuli rayon \u0130cra Hakimiyy\u0259tinin ba\u015f\u00e7\u0131s\u0131 Al\u0131 Al\u0131yevin o\u011fludur.<\/p>\n","protected":false},"excerpt":{"rendered":"<p>Daxili \u0130\u015fl\u0259r Nazirliyind\u0259 (D\u0130N) n\u00f6vb\u0259ti kadr d\u0259yi\u015fikliyi olub. ARANTV.AZ\u00a0 azvision.az-a istinad\u0259n x\u0259b\u0259r verir ki, Daxili \u0130\u015fl\u0259r naziri, general-polkovnik Vilay\u0259t Eyvazovun imzalad\u0131\u011f\u0131 m\u00fcvafiq \u0259mr\u0259 \u0259sas\u0259n, Al\u0131yev Elvin Al\u0131 o\u011flu X\u0259tai rayon Polis \u0130dar\u0259sinin 34-c\u00fc Polis B\u00f6lm\u0259sinin r\u0259is m\u00fcavini v\u0259zif\u0259sin\u0259 t\u0259yinat al\u0131b. Elvin Al\u0131yev \u0259vv\u0259ll\u0259r F\u00fczuli rayon Polis \u015e\u00f6b\u0259sind\u0259 v\u0259 Bin\u0259q\u0259di rayon Polis \u0130dar\u0259sind\u0259 \u0259m\u0259liyyat m\u00fcv\u0259kkili v\u0259zif\u0259sind\u0259 \u00e7al\u0131\u015f\u0131b. Qeyd ed\u0259k ki, Elvin Al\u0131yev F\u00fczuli rayon \u0130cra Hakimiyy\u0259tinin ba\u015f\u00e7\u0131s\u0131 Al\u0131 Al\u0131yevin o\u011fludur.<\/p>\n","protected":false},"author":2,"featured_media":75440,"comment_status":"closed","ping_status":"closed","sticky":false,"template":"","format":"standard","meta":{"om_disable_all_campaigns":false,"_monsterinsights_skip_tracking":false,"_monsterinsights_sitenote_active":false,"_monsterinsights_sitenote_note":"","_monsterinsights_sitenote_category":0},"categories":[1],"tags":[],"aioseo_notices":[],"gutentor_comment":0,"rttpg_featured_image_url":{"full":["https:\/\/arantv.az\/wp-content\/uploads\/2019\/08\/781024.jpg",800,600,false],"landscape":["https:\/\/arantv.az\/wp-content\/uploads\/2019\/08\/781024.jpg",800,600,false],"portraits":["https:\/\/arantv.az\/wp-content\/uploads\/2019\/08\/781024.jpg",800,600,false],"thumbnail":["https:\/\/arantv.az\/wp-content\/uploads\/2019\/08\/781024-150x150.jpg",150,150,true],"medium":["https:\/\/arantv.az\/wp-content\/uploads\/2019\/08\/781024-300x225.jpg",300,225,true],"large":["https:\/\/arantv.az\/wp-content\/uploads\/2019\/08\/781024.jpg",640,480,false],"1536x1536":["https:\/\/arantv.az\/wp-content\/uploads\/2019\/08\/781024.jpg",800,600,false],"2048x2048":["https:\/\/arantv.az\/wp-content\/uploads\/2019\/08\/781024.jpg",800,600,false],"post-thumbnail":["https:\/\/arantv.az\/wp-content\/uploads\/2019\/08\/781024-240x172.jpg",240,172,true],"advps-thumb-one":["https:\/\/arantv.az\/wp-content\/uploads\/2019\/08\/781024.jpg",800,600,false]},"rttpg_author":{"display_name":"V\u00fcsal Rafiqo\u011flu","author_link":"https:\/\/arantv.az\/?author=2"},"rttpg_comment":0,"rttpg_category":"<a href=\"https:\/\/arantv.az\/?cat=1\" rel=\"category\">C\u0259miyy\u0259t<\/a>","rttpg_excerpt":"Daxili \u0130\u015fl\u0259r Nazirliyind\u0259 (D\u0130N) n\u00f6vb\u0259ti kadr d\u0259yi\u015fikliyi olub. ARANTV.AZ\u00a0 azvision.az-a istinad\u0259n x\u0259b\u0259r verir ki, Daxili \u0130\u015fl\u0259r naziri, general-polkovnik Vilay\u0259t Eyvazovun imzalad\u0131\u011f\u0131 m\u00fcvafiq \u0259mr\u0259 \u0259sas\u0259n, Al\u0131yev Elvin Al\u0131 o\u011flu X\u0259tai rayon Polis \u0130dar\u0259sinin 34-c\u00fc Polis B\u00f6lm\u0259sinin r\u0259is m\u00fcavini v\u0259zif\u0259sin\u0259 t\u0259yinat al\u0131b. Elvin Al\u0131yev \u0259vv\u0259ll\u0259r F\u00fczuli rayon Polis \u015e\u00f6b\u0259sind\u0259 v\u0259 Bin\u0259q\u0259di rayon Polis \u0130dar\u0259sind\u0259 \u0259m\u0259liyyat m\u00fcv\u0259kkili v\u0259zif\u0259sind\u0259&hellip;","_links":{"self":[{"href":"https:\/\/arantv.az\/index.php?rest_route=\/wp\/v2\/posts\/75439"}],"collection":[{"href":"https:\/\/arantv.az\/index.php?rest_route=\/wp\/v2\/posts"}],"about":[{"href":"https:\/\/arantv.az\/index.php?rest_route=\/wp\/v2\/types\/post"}],"author":[{"embeddable":true,"href":"https:\/\/arantv.az\/index.php?rest_route=\/wp\/v2\/users\/2"}],"replies":[{"embeddable":true,"href":"https:\/\/arantv.az\/index.php?rest_route=%2Fwp%2Fv2%2Fcomments&post=75439"}],"version-history":[{"count":0,"href":"https:\/\/arantv.az\/index.php?rest_route=\/wp\/v2\/posts\/75439\/revisions"}],"wp:featuredmedia":[{"embeddable":true,"href":"https:\/\/arantv.az\/index.php?rest_route=\/wp\/v2\/media\/75440"}],"wp:attachment":[{"href":"https:\/\/arantv.az\/index.php?rest_route=%2Fwp%2Fv2%2Fmedia&parent=75439"}],"wp:term":[{"taxonomy":"category","embeddable":true,"href":"https:\/\/arantv.az\/index.php?rest_route=%2Fwp%2Fv2%2Fcategories&post=75439"},{"taxonomy":"post_tag","embeddable":true,"href":"https:\/\/arantv.az\/index.php?rest_route=%2Fwp%2Fv2%2Ftags&post=75439"}],"curies":[{"name":"wp","href":"https:\/\/api.w.org\/{rel}","templated":true}]}}