{"id":75442,"date":"2019-08-26T12:34:48","date_gmt":"2019-08-26T09:34:48","guid":{"rendered":"http:\/\/arantv.az\/?p=75442"},"modified":"2019-08-26T12:35:06","modified_gmt":"2019-08-26T09:35:06","slug":"m%c9%99kt%c9%99b%c9%99q%c9%99d%c9%99r-hazirliq-qruplarinda-d%c9%99rs-dey%c9%99n-mu%c9%99lliml%c9%99r-ucun-t%c9%99liml%c9%99r","status":"publish","type":"post","link":"https:\/\/arantv.az\/?p=75442","title":{"rendered":"M\u0259kt\u0259b\u0259q\u0259d\u0259r haz\u0131rl\u0131q qruplar\u0131nda d\u0259rs dey\u0259n m\u00fc\u0259lliml\u0259r \u00fc\u00e7\u00fcn t\u0259liml\u0259r"},"content":{"rendered":"<p><strong>&#8220;M\u0259kt\u0259b\u0259q\u0259d\u0259r haz\u0131rl\u0131q qruplar\u0131nda d\u0259rs dey\u0259n m\u00fc\u0259lliml\u0259r \u00fc\u00e7\u00fcn t\u0259liml\u0259r n\u0259z\u0259rd\u0259 tutulub&#8221;.<\/strong><\/p>\n<p><strong>ARANTV.AZ\u00a0<\/strong><a href=\"https:\/\/az.trend.az\/\" target=\"_blank\" rel=\"noopener\">Trend<\/a>-\u0259 istinad\u0259n x\u0259b\u0259r verir ki, bunu m\u0259kt\u0259b\u0259haz\u0131rl\u0131q qruplar\u0131na s\u0259n\u0259d q\u0259bulu il\u0259 ba\u011fl\u0131 m\u0259tbuat konfrans\u0131nda T\u0259hsil Nazirliyinin \u00dcmumi t\u0259hsil sektorunun m\u00fcdiri Firidun H\u0259mz\u0259yev deyib.<\/p>\n<p>O qeyd edib ki, Bak\u0131da art\u0131q bu t\u0259liml\u0259r\u0259 ba\u015flan\u0131l\u0131b:<\/p>\n<p>&#8220;Regionlarda m\u00fc\u0259lliml\u0259r \u00fc\u00e7\u00fcn t\u0259liml\u0259r\u0259 ba\u015flan\u0131lacaq. M\u0259qs\u0259dimiz m\u00fc\u0259lliml\u0259rin proses\u0259 maksimum c\u0259lb edilm\u0259sidir&#8221;.<\/p>\n","protected":false},"excerpt":{"rendered":"<p>&#8220;M\u0259kt\u0259b\u0259q\u0259d\u0259r haz\u0131rl\u0131q qruplar\u0131nda d\u0259rs dey\u0259n m\u00fc\u0259lliml\u0259r \u00fc\u00e7\u00fcn t\u0259liml\u0259r n\u0259z\u0259rd\u0259 tutulub&#8221;. ARANTV.AZ\u00a0Trend-\u0259 istinad\u0259n x\u0259b\u0259r verir ki, bunu m\u0259kt\u0259b\u0259haz\u0131rl\u0131q qruplar\u0131na s\u0259n\u0259d q\u0259bulu il\u0259 ba\u011fl\u0131 m\u0259tbuat konfrans\u0131nda T\u0259hsil Nazirliyinin \u00dcmumi t\u0259hsil sektorunun m\u00fcdiri Firidun H\u0259mz\u0259yev deyib. O qeyd edib ki, Bak\u0131da art\u0131q bu t\u0259liml\u0259r\u0259 ba\u015flan\u0131l\u0131b: &#8220;Regionlarda m\u00fc\u0259lliml\u0259r \u00fc\u00e7\u00fcn t\u0259liml\u0259r\u0259 ba\u015flan\u0131lacaq. M\u0259qs\u0259dimiz m\u00fc\u0259lliml\u0259rin proses\u0259 maksimum c\u0259lb edilm\u0259sidir&#8221;.<\/p>\n","protected":false},"author":2,"featured_media":75443,"comment_status":"closed","ping_status":"closed","sticky":false,"template":"","format":"standard","meta":{"om_disable_all_campaigns":false,"_monsterinsights_skip_tracking":false,"_monsterinsights_sitenote_active":false,"_monsterinsights_sitenote_note":"","_monsterinsights_sitenote_category":0},"categories":[23],"tags":[],"aioseo_notices":[],"gutentor_comment":0,"rttpg_featured_image_url":{"full":["https:\/\/arantv.az\/wp-content\/uploads\/2019\/08\/muellim_0298-1.jpg",800,600,false],"landscape":["https:\/\/arantv.az\/wp-content\/uploads\/2019\/08\/muellim_0298-1.jpg",800,600,false],"portraits":["https:\/\/arantv.az\/wp-content\/uploads\/2019\/08\/muellim_0298-1.jpg",800,600,false],"thumbnail":["https:\/\/arantv.az\/wp-content\/uploads\/2019\/08\/muellim_0298-1-150x150.jpg",150,150,true],"medium":["https:\/\/arantv.az\/wp-content\/uploads\/2019\/08\/muellim_0298-1-300x225.jpg",300,225,true],"large":["https:\/\/arantv.az\/wp-content\/uploads\/2019\/08\/muellim_0298-1.jpg",640,480,false],"1536x1536":["https:\/\/arantv.az\/wp-content\/uploads\/2019\/08\/muellim_0298-1.jpg",800,600,false],"2048x2048":["https:\/\/arantv.az\/wp-content\/uploads\/2019\/08\/muellim_0298-1.jpg",800,600,false],"post-thumbnail":["https:\/\/arantv.az\/wp-content\/uploads\/2019\/08\/muellim_0298-1-240x172.jpg",240,172,true],"advps-thumb-one":["https:\/\/arantv.az\/wp-content\/uploads\/2019\/08\/muellim_0298-1.jpg",800,600,false]},"rttpg_author":{"display_name":"V\u00fcsal Rafiqo\u011flu","author_link":"https:\/\/arantv.az\/?author=2"},"rttpg_comment":0,"rttpg_category":"<a href=\"https:\/\/arantv.az\/?cat=23\" rel=\"category\">T\u0259hsil<\/a>","rttpg_excerpt":"&#8220;M\u0259kt\u0259b\u0259q\u0259d\u0259r haz\u0131rl\u0131q qruplar\u0131nda d\u0259rs dey\u0259n m\u00fc\u0259lliml\u0259r \u00fc\u00e7\u00fcn t\u0259liml\u0259r n\u0259z\u0259rd\u0259 tutulub&#8221;. ARANTV.AZ\u00a0Trend-\u0259 istinad\u0259n x\u0259b\u0259r verir ki, bunu m\u0259kt\u0259b\u0259haz\u0131rl\u0131q qruplar\u0131na s\u0259n\u0259d q\u0259bulu il\u0259 ba\u011fl\u0131 m\u0259tbuat konfrans\u0131nda T\u0259hsil Nazirliyinin \u00dcmumi t\u0259hsil sektorunun m\u00fcdiri Firidun H\u0259mz\u0259yev deyib. O qeyd edib ki, Bak\u0131da art\u0131q bu t\u0259liml\u0259r\u0259 ba\u015flan\u0131l\u0131b: &#8220;Regionlarda m\u00fc\u0259lliml\u0259r \u00fc\u00e7\u00fcn t\u0259liml\u0259r\u0259 ba\u015flan\u0131lacaq. M\u0259qs\u0259dimiz m\u00fc\u0259lliml\u0259rin proses\u0259 maksimum c\u0259lb edilm\u0259sidir&#8221;.","_links":{"self":[{"href":"https:\/\/arantv.az\/index.php?rest_route=\/wp\/v2\/posts\/75442"}],"collection":[{"href":"https:\/\/arantv.az\/index.php?rest_route=\/wp\/v2\/posts"}],"about":[{"href":"https:\/\/arantv.az\/index.php?rest_route=\/wp\/v2\/types\/post"}],"author":[{"embeddable":true,"href":"https:\/\/arantv.az\/index.php?rest_route=\/wp\/v2\/users\/2"}],"replies":[{"embeddable":true,"href":"https:\/\/arantv.az\/index.php?rest_route=%2Fwp%2Fv2%2Fcomments&post=75442"}],"version-history":[{"count":0,"href":"https:\/\/arantv.az\/index.php?rest_route=\/wp\/v2\/posts\/75442\/revisions"}],"wp:featuredmedia":[{"embeddable":true,"href":"https:\/\/arantv.az\/index.php?rest_route=\/wp\/v2\/media\/75443"}],"wp:attachment":[{"href":"https:\/\/arantv.az\/index.php?rest_route=%2Fwp%2Fv2%2Fmedia&parent=75442"}],"wp:term":[{"taxonomy":"category","embeddable":true,"href":"https:\/\/arantv.az\/index.php?rest_route=%2Fwp%2Fv2%2Fcategories&post=75442"},{"taxonomy":"post_tag","embeddable":true,"href":"https:\/\/arantv.az\/index.php?rest_route=%2Fwp%2Fv2%2Ftags&post=75442"}],"curies":[{"name":"wp","href":"https:\/\/api.w.org\/{rel}","templated":true}]}}