{"id":75500,"date":"2019-08-27T08:20:54","date_gmt":"2019-08-27T05:20:54","guid":{"rendered":"http:\/\/arantv.az\/?p=75500"},"modified":"2019-08-27T08:20:54","modified_gmt":"2019-08-27T05:20:54","slug":"birinci-vitse-prezident-v%c9%99-leyla-%c9%99liyeva-ahillarla-gorusdu-foto","status":"publish","type":"post","link":"https:\/\/arantv.az\/?p=75500","title":{"rendered":"Birinci vitse-prezident v\u0259 Leyla \u018fliyeva ah\u0131llarla g\u00f6r\u00fc\u015fd\u00fc &#8211; FOTO"},"content":{"rendered":"<p>Avqustun 26-da Az\u0259rbaycan Respublikas\u0131n\u0131n Birinci vitse-prezidenti Mehriban \u018fliyeva v\u0259 q\u0131z\u0131 Leyla \u018fliyeva Bilg\u0259hd\u0259ki Pensiya ya\u015f\u0131na \u00e7atm\u0131\u015f \u015f\u0259xsl\u0259r \u00fc\u00e7\u00fcn sosial xidm\u0259t m\u00fc\u0259ssis\u0259sind\u0259 olublar.<\/p>\n<p>AZ\u018fRTAC x\u0259b\u0259r verir ki, Birinci vitse-prezident Mehriban \u018fliyeva \u0259vv\u0259lc\u0259 burada sa\u011flaml\u0131\u011f\u0131 m\u0259hdud insanlar\u0131n ya\u015fay\u0131\u015f\u0131 il\u0259 maraqland\u0131, onlarla s\u00f6hb\u0259t etdi.<\/p>\n<article class=\"news\">\n<div class=\"news-inner\">\n<p>M\u00fc\u0259ssis\u0259 sakinl\u0259ri il\u0259 g\u00f6r\u00fc\u015fd\u0259 ah\u0131l insanlar d\u00f6vl\u0259tin onlara diqq\u0259t v\u0259 qay\u011f\u0131s\u0131ndan raz\u0131l\u0131qlar\u0131n\u0131 bildirdil\u0259r, rahat ya\u015famalar\u0131 \u00fc\u00e7\u00fcn h\u0259r c\u00fcr \u015f\u0259raitin yarad\u0131ld\u0131\u011f\u0131n\u0131 vur\u011fulad\u0131lar. Qeyd olundu ki, m\u00fc\u0259ssis\u0259nin sakinl\u0259ri aras\u0131nda yarad\u0131c\u0131 insanlar, m\u00fcxt\u0259lif s\u0259n\u0259t sahibl\u0259ri var. Burada ya\u015fayan ah\u0131llar m\u00fcxt\u0259lif s\u0259hiyy\u0259 ocaqlar\u0131nda m\u00fcayin\u0259 edilir, onlar \u00fc\u00e7\u00fcn m\u00fct\u0259madi olaraq konsertl\u0259r, bayram \u015f\u0259nlikl\u0259ri t\u0259\u015fkil olunur.<\/p>\n<p>Pensiya ya\u015f\u0131na \u00e7atm\u0131\u015f \u015f\u0259xsl\u0259r \u00fc\u00e7\u00fcn sosial xidm\u0259t m\u00fc\u0259ssis\u0259sind\u0259 haz\u0131rda 235 n\u0259f\u0259r ya\u015fay\u0131r.<\/p>\n<div class=\"gallery\">\n<div class=\"gallery-i\"><img src=\"https:\/\/assets.oxu.az\/uploads\/W1siZiIsIjIwMTkvMDgvMjYvMjIvMDYvMzUvNDRhMGVhNjgtNjM0ZC00ZmFjLTkxMTgtNThmYjJmMmY0ZDQxLzE1NjY4NDA0ODIyOTAzNjQ4MjE4XzEwMDB4NjY5LmpwZyJdLFsicCIsImVuY29kZSIsImpwZyIsIi1xdWFsaXR5IDgwIl0sWyJwIiwidGh1bWIiLCI1OTB4NTkwXHUwMDNlIl1d?sha=22f39b4a64044ff8\" alt=\"\" \/><\/p>\n<div class=\"gallery-i-caption\"><\/div>\n<\/div>\n<div class=\"gallery-i\"><img src=\"https:\/\/assets.oxu.az\/uploads\/W1siZiIsIjIwMTkvMDgvMjYvMjIvMDYvMzYvN2Y4NWVhODItNDViZC00OGY3LTg4YWYtNTM5ODUzNzRiZjVmLzE1NjY4NDA0ODIzMTU3NTk3NzhfMTAwMHg2NjkuanBnIl0sWyJwIiwiZW5jb2RlIiwianBnIiwiLXF1YWxpdHkgODAiXSxbInAiLCJ0aHVtYiIsIjU5MHg1OTBcdTAwM2UiXV0?sha=f24730a828bfe496\" alt=\"\" \/><\/p>\n<div class=\"gallery-i-caption\"><\/div>\n<\/div>\n<div class=\"gallery-i\"><img src=\"https:\/\/assets.oxu.az\/uploads\/W1siZiIsIjIwMTkvMDgvMjYvMjIvMDYvMzYvMzc5ZDgxZDItNzhmYS00NzQ1LWE0MTgtOTFlYjcyNGI1NjM5LzE1NjY4NDA0ODI0MDkwMTE5MTgwXzEwMDB4NjY5LmpwZyJdLFsicCIsImVuY29kZSIsImpwZyIsIi1xdWFsaXR5IDgwIl0sWyJwIiwidGh1bWIiLCI1OTB4NTkwXHUwMDNlIl1d?sha=416c40ae738cc9c6\" alt=\"\" \/><\/p>\n<div class=\"gallery-i-caption\"><\/div>\n<\/div>\n<div class=\"gallery-i\"><img src=\"https:\/\/assets.oxu.az\/uploads\/W1siZiIsIjIwMTkvMDgvMjYvMjIvMDYvMzYvMDFjZGE3NTUtZjJjOC00Yjg5LTk1MDUtZDY3MTc1MDUwMTk1LzE1NjY4NDA0ODI4NDAzMTYwNTdfMTAwMHg2NjkuanBnIl0sWyJwIiwiZW5jb2RlIiwianBnIiwiLXF1YWxpdHkgODAiXSxbInAiLCJ0aHVtYiIsIjU5MHg1OTBcdTAwM2UiXV0?sha=ff4836ac627f7f29\" alt=\"\" \/><\/p>\n<div class=\"gallery-i-caption\"><\/div>\n<\/div>\n<div class=\"gallery-i\"><img src=\"https:\/\/assets.oxu.az\/uploads\/W1siZiIsIjIwMTkvMDgvMjYvMjIvMDYvMzYvMGI5M2E1ODEtMDMwMy00YmY3LWIwY2EtYzliMGZhM2VhOTQ0LzE1NjY4NDA0ODMxMDUzODE0Njc3XzEwMDB4NjY5LmpwZyJdLFsicCIsImVuY29kZSIsImpwZyIsIi1xdWFsaXR5IDgwIl0sWyJwIiwidGh1bWIiLCI1OTB4NTkwXHUwMDNlIl1d?sha=0748fba191340ff5\" alt=\"\" \/><\/p>\n<div class=\"gallery-i-caption\"><\/div>\n<\/div>\n<div class=\"gallery-i\"><img src=\"https:\/\/assets.oxu.az\/uploads\/W1siZiIsIjIwMTkvMDgvMjYvMjIvMDYvMzYvMGZjMGYyNWYtY2UxMi00OTkzLWI3MjItNDdjM2I3ODM1OGZjLzE1NjY4NDA0ODMxMzE4OTE5NDkzXzEwMDB4NjY5LmpwZyJdLFsicCIsImVuY29kZSIsImpwZyIsIi1xdWFsaXR5IDgwIl0sWyJwIiwidGh1bWIiLCI1OTB4NTkwXHUwMDNlIl1d?sha=bba5443d48edc490\" alt=\"\" \/><\/p>\n<div class=\"gallery-i-caption\"><\/div>\n<\/div>\n<div class=\"gallery-i\"><img src=\"https:\/\/assets.oxu.az\/uploads\/W1siZiIsIjIwMTkvMDgvMjYvMjIvMDYvMzYvNzUzYzIxMDItNjdkZC00MTJlLThjYTEtZDFkZTY3OTVkM2QwLzE1NjY4NDA0ODMyNDUxOTE5MzYxXzEwMDB4NjY5LmpwZyJdLFsicCIsImVuY29kZSIsImpwZyIsIi1xdWFsaXR5IDgwIl0sWyJwIiwidGh1bWIiLCI1OTB4NTkwXHUwMDNlIl1d?sha=c64f03feed1eb59d\" alt=\"\" \/><\/p>\n<div class=\"gallery-i-caption\"><\/div>\n<\/div>\n<div class=\"gallery-i\"><img src=\"https:\/\/assets.oxu.az\/uploads\/W1siZiIsIjIwMTkvMDgvMjYvMjIvMDYvMzcvYzczM2U3ZGItYzhmNi00YzI2LThhMDctNmE4NGEyZDRlOGY2LzE1NjY4NDA0ODM1NTQ5MTU1NDczXzEwMDB4NjY5LmpwZyJdLFsicCIsImVuY29kZSIsImpwZyIsIi1xdWFsaXR5IDgwIl0sWyJwIiwidGh1bWIiLCI1OTB4NTkwXHUwMDNlIl1d?sha=8d611e17680c6d65\" alt=\"\" \/><\/p>\n<div class=\"gallery-i-caption\"><\/div>\n<\/div>\n<\/div>\n<\/div>\n<\/article>\n","protected":false},"excerpt":{"rendered":"<p>Avqustun 26-da Az\u0259rbaycan Respublikas\u0131n\u0131n Birinci vitse-prezidenti Mehriban \u018fliyeva v\u0259 q\u0131z\u0131 Leyla \u018fliyeva Bilg\u0259hd\u0259ki Pensiya ya\u015f\u0131na \u00e7atm\u0131\u015f \u015f\u0259xsl\u0259r \u00fc\u00e7\u00fcn sosial xidm\u0259t m\u00fc\u0259ssis\u0259sind\u0259 olublar. AZ\u018fRTAC x\u0259b\u0259r verir ki, Birinci vitse-prezident Mehriban \u018fliyeva \u0259vv\u0259lc\u0259 burada sa\u011flaml\u0131\u011f\u0131 m\u0259hdud insanlar\u0131n ya\u015fay\u0131\u015f\u0131 il\u0259 maraqland\u0131, onlarla s\u00f6hb\u0259t etdi. M\u00fc\u0259ssis\u0259 sakinl\u0259ri il\u0259 g\u00f6r\u00fc\u015fd\u0259 ah\u0131l insanlar d\u00f6vl\u0259tin onlara diqq\u0259t v\u0259 qay\u011f\u0131s\u0131ndan raz\u0131l\u0131qlar\u0131n\u0131 bildirdil\u0259r, rahat ya\u015famalar\u0131 \u00fc\u00e7\u00fcn h\u0259r c\u00fcr \u015f\u0259raitin yarad\u0131ld\u0131\u011f\u0131n\u0131 vur\u011fulad\u0131lar. Qeyd olundu ki, m\u00fc\u0259ssis\u0259nin sakinl\u0259ri aras\u0131nda yarad\u0131c\u0131 insanlar, m\u00fcxt\u0259lif s\u0259n\u0259t sahibl\u0259ri var. Burada ya\u015fayan ah\u0131llar m\u00fcxt\u0259lif s\u0259hiyy\u0259 ocaqlar\u0131nda m\u00fcayin\u0259 edilir, onlar \u00fc\u00e7\u00fcn m\u00fct\u0259madi olaraq konsertl\u0259r, bayram \u015f\u0259nlikl\u0259ri t\u0259\u015fkil&hellip;<\/p>\n","protected":false},"author":2,"featured_media":75501,"comment_status":"closed","ping_status":"closed","sticky":false,"template":"","format":"standard","meta":{"om_disable_all_campaigns":false,"_monsterinsights_skip_tracking":false,"_monsterinsights_sitenote_active":false,"_monsterinsights_sitenote_note":"","_monsterinsights_sitenote_category":0},"categories":[1],"tags":[],"aioseo_notices":[],"gutentor_comment":0,"rttpg_featured_image_url":{"full":["https:\/\/arantv.az\/wp-content\/uploads\/2019\/08\/1566840482840316057_1000x669.jpg",620,430,false],"landscape":["https:\/\/arantv.az\/wp-content\/uploads\/2019\/08\/1566840482840316057_1000x669.jpg",620,430,false],"portraits":["https:\/\/arantv.az\/wp-content\/uploads\/2019\/08\/1566840482840316057_1000x669.jpg",620,430,false],"thumbnail":["https:\/\/arantv.az\/wp-content\/uploads\/2019\/08\/1566840482840316057_1000x669-150x150.jpg",150,150,true],"medium":["https:\/\/arantv.az\/wp-content\/uploads\/2019\/08\/1566840482840316057_1000x669-300x208.jpg",300,208,true],"large":["https:\/\/arantv.az\/wp-content\/uploads\/2019\/08\/1566840482840316057_1000x669.jpg",620,430,false],"1536x1536":["https:\/\/arantv.az\/wp-content\/uploads\/2019\/08\/1566840482840316057_1000x669.jpg",620,430,false],"2048x2048":["https:\/\/arantv.az\/wp-content\/uploads\/2019\/08\/1566840482840316057_1000x669.jpg",620,430,false],"post-thumbnail":["https:\/\/arantv.az\/wp-content\/uploads\/2019\/08\/1566840482840316057_1000x669-240x172.jpg",240,172,true],"advps-thumb-one":["https:\/\/arantv.az\/wp-content\/uploads\/2019\/08\/1566840482840316057_1000x669.jpg",620,430,false]},"rttpg_author":{"display_name":"V\u00fcsal Rafiqo\u011flu","author_link":"https:\/\/arantv.az\/?author=2"},"rttpg_comment":0,"rttpg_category":"<a href=\"https:\/\/arantv.az\/?cat=1\" rel=\"category\">C\u0259miyy\u0259t<\/a>","rttpg_excerpt":"Avqustun 26-da Az\u0259rbaycan Respublikas\u0131n\u0131n Birinci vitse-prezidenti Mehriban \u018fliyeva v\u0259 q\u0131z\u0131 Leyla \u018fliyeva Bilg\u0259hd\u0259ki Pensiya ya\u015f\u0131na \u00e7atm\u0131\u015f \u015f\u0259xsl\u0259r \u00fc\u00e7\u00fcn sosial xidm\u0259t m\u00fc\u0259ssis\u0259sind\u0259 olublar. AZ\u018fRTAC x\u0259b\u0259r verir ki, Birinci vitse-prezident Mehriban \u018fliyeva \u0259vv\u0259lc\u0259 burada sa\u011flaml\u0131\u011f\u0131 m\u0259hdud insanlar\u0131n ya\u015fay\u0131\u015f\u0131 il\u0259 maraqland\u0131, onlarla s\u00f6hb\u0259t etdi. M\u00fc\u0259ssis\u0259 sakinl\u0259ri il\u0259 g\u00f6r\u00fc\u015fd\u0259 ah\u0131l insanlar d\u00f6vl\u0259tin onlara diqq\u0259t v\u0259 qay\u011f\u0131s\u0131ndan raz\u0131l\u0131qlar\u0131n\u0131 bildirdil\u0259r, rahat&hellip;","_links":{"self":[{"href":"https:\/\/arantv.az\/index.php?rest_route=\/wp\/v2\/posts\/75500"}],"collection":[{"href":"https:\/\/arantv.az\/index.php?rest_route=\/wp\/v2\/posts"}],"about":[{"href":"https:\/\/arantv.az\/index.php?rest_route=\/wp\/v2\/types\/post"}],"author":[{"embeddable":true,"href":"https:\/\/arantv.az\/index.php?rest_route=\/wp\/v2\/users\/2"}],"replies":[{"embeddable":true,"href":"https:\/\/arantv.az\/index.php?rest_route=%2Fwp%2Fv2%2Fcomments&post=75500"}],"version-history":[{"count":0,"href":"https:\/\/arantv.az\/index.php?rest_route=\/wp\/v2\/posts\/75500\/revisions"}],"wp:featuredmedia":[{"embeddable":true,"href":"https:\/\/arantv.az\/index.php?rest_route=\/wp\/v2\/media\/75501"}],"wp:attachment":[{"href":"https:\/\/arantv.az\/index.php?rest_route=%2Fwp%2Fv2%2Fmedia&parent=75500"}],"wp:term":[{"taxonomy":"category","embeddable":true,"href":"https:\/\/arantv.az\/index.php?rest_route=%2Fwp%2Fv2%2Fcategories&post=75500"},{"taxonomy":"post_tag","embeddable":true,"href":"https:\/\/arantv.az\/index.php?rest_route=%2Fwp%2Fv2%2Ftags&post=75500"}],"curies":[{"name":"wp","href":"https:\/\/api.w.org\/{rel}","templated":true}]}}