{"id":75503,"date":"2019-08-27T08:25:07","date_gmt":"2019-08-27T05:25:07","guid":{"rendered":"http:\/\/arantv.az\/?p=75503"},"modified":"2019-08-27T08:25:07","modified_gmt":"2019-08-27T05:25:07","slug":"mehriban-%c9%99liyeva-m%c9%99cburi-kockunl%c9%99rin-t%c9%99dbirind%c9%99-istirak-edib-foto","status":"publish","type":"post","link":"https:\/\/arantv.az\/?p=75503","title":{"rendered":"Mehriban \u018fliyeva m\u0259cburi k\u00f6\u00e7k\u00fcnl\u0259rin t\u0259dbirind\u0259 i\u015ftirak edib &#8211; FOTO"},"content":{"rendered":"<p>Avqustun 26-da Heyd\u0259r \u018fliyev M\u0259rk\u0259zind\u0259 bir qrup m\u0259cburi k\u00f6\u00e7k\u00fcn\u00fcn i\u015ftirak\u0131 il\u0259 t\u0259dbir ke\u00e7irilib.<\/p>\n<p><a href=\"https:\/\/azertag.az\/\" target=\"_blank\" rel=\"noopener\">AZ\u018fRTAC<\/a>\u00a0x\u0259b\u0259r verir ki, Az\u0259rbaycan Respublikas\u0131n\u0131n Birinci vitse-prezidenti Mehriban \u018fliyeva t\u0259dbird\u0259 i\u015ftirak edib v\u0259 ad g\u00fcn\u00fcn\u00fc onlarla birlikd\u0259 qeyd edib.<\/p>\n<p>&#8220;Burada topla\u015fanlar\u0131n bir arzusu var &#8211; \u0259razi b\u00fct\u00f6vl\u00fcy\u00fcm\u00fcz\u00fcn tezlikl\u0259 b\u0259rpas\u0131&#8221;.<\/p>\n<p>Bu s\u00f6zl\u0259ri Qa\u00e7q\u0131nlar\u0131n v\u0259 M\u0259cburi K\u00f6\u00e7k\u00fcnl\u0259rin \u0130\u015fl\u0259ri \u00fczr\u0259 D\u00f6vl\u0259t Komit\u0259sinin s\u0259dri R\u00f6v\u015f\u0259n Rzayev dedi. Komit\u0259 s\u0259dri \u00f6lk\u0259mizd\u0259 qa\u00e7q\u0131nlar\u0131n v\u0259 m\u0259cburi k\u00f6\u00e7k\u00fcnl\u0259rin probleml\u0259rinin h\u0259lli istiqam\u0259tind\u0259 g\u00f6r\u00fcl\u0259n i\u015fl\u0259rd\u0259n dan\u0131\u015fd\u0131.<\/p>\n<p>Sonra konsert proqram\u0131 t\u0259qdim edildi.<\/p>\n<p>T\u0259dbir\u0259 Birinci vitse-prezident Mehriban \u018fliyeva v\u0259 q\u0131z\u0131 Leyla \u018fliyeva da g\u0259ldil\u0259r.<\/p>\n<p>\u018fvv\u0259lc\u0259 t\u0259dbir \u00e7\u0259r\u00e7iv\u0259sind\u0259 t\u0259\u015fkil edil\u0259n s\u0259rgi il\u0259 tan\u0131\u015fl\u0131q oldu.<\/p>\n<p>T\u0259dbird\u0259 Xocav\u0259nd, \u015eu\u015fa, A\u011fdam, F\u00fczuli rayonlar\u0131n\u0131n t\u0259msil\u00e7il\u0259rinin, &#8220;\u015eu\u015fan\u0131n da\u011flar\u0131&#8221;\u00a0ansambl\u0131n\u0131n ifalar\u0131 s\u0259sl\u0259ndi.<\/p>\n<p>M\u0259cburi k\u00f6\u00e7k\u00fcnl\u0259r qar\u015f\u0131s\u0131nda \u00e7\u0131x\u0131\u015f ed\u0259n Birinci vitse-prezident Mehriban \u018fliyeva\u00a0dedi:<\/p>\n<p>-H\u00f6rm\u0259tli soyda\u015flar.<\/p>\n<p>\u018fziz bac\u0131lar v\u0259 qarda\u015flar.<\/p>\n<p>M\u0259ni bug\u00fcnk\u00fc m\u0259clis\u0259 d\u0259v\u0259t etdiyiniz\u0259 g\u00f6r\u0259 siz\u0259 d\u0259rin minn\u0259tdarl\u0131\u011f\u0131m\u0131 bildirir\u0259m.<\/p>\n<p>Bu g\u00fcn ad g\u00fcn\u00fcmd\u0259 sizinl\u0259 b\u0259rab\u0259r olmaq, do\u011fma insanlar\u0131n \u0259hat\u0259sind\u0259 olmaq m\u0259nim \u00fc\u00e7\u00fcn \u00e7ox xo\u015fdur.<\/p>\n<p>\u018fmin\u0259m ki, sizin h\u0259r birinizin q\u0259lbind\u0259 ya\u015fayan arzu h\u0259r bir az\u0259rbaycanl\u0131n\u0131n \u0259n m\u00fcq\u0259dd\u0259s arzusudur &#8211; torpaqlar\u0131m\u0131z\u0131n i\u015f\u011faldan azad olunmas\u0131, Az\u0259rbaycan\u0131n \u0259razi b\u00fct\u00f6vl\u00fcy\u00fcn\u00fcn b\u0259rpa edilm\u0259si v\u0259 Qaraba\u011f torpa\u011f\u0131nda Az\u0259rbaycan\u0131n \u00fc\u00e7r\u0259ngli bayra\u011f\u0131n\u0131n dal\u011falanmas\u0131.<\/p>\n<p>M\u0259n sizin h\u0259r biriniz\u0259 d\u0259rin h\u00f6rm\u0259timi, minn\u0259tdarl\u0131\u011f\u0131m\u0131 v\u0259 m\u0259h\u0259bb\u0259timi \u00e7atd\u0131r\u0131ram. Bu g\u00fcn siz\u0259 c\u0259nab Prezidentin b\u00f6y\u00fck h\u00f6rm\u0259tini v\u0259 m\u0259h\u0259bb\u0259tini \u00e7atd\u0131r\u0131ram. Bildiyiniz kimi, uzun ill\u0259rdir ki, m\u0259cburi k\u00f6\u00e7k\u00fcnl\u0259rin v\u0259 qa\u00e7q\u0131nlar\u0131n ya\u015fay\u0131\u015f \u015f\u0259raitinin yax\u015f\u0131la\u015fd\u0131r\u0131lmas\u0131 d\u00f6vl\u0259timizin \u0259n prioritet m\u0259s\u0259l\u0259l\u0259rind\u0259n biridir. Bu ill\u0259r \u0259rzind\u0259 bu sah\u0259d\u0259 \u00e7ox i\u015fl\u0259r g\u00f6r\u00fcl\u00fcb. M\u0259cburi k\u00f6\u00e7k\u00fcnl\u0259rin, bizim \u0259ziz soyda\u015flar\u0131m\u0131z\u0131n ya\u015fay\u0131\u015f \u015f\u0259raitinin yax\u015f\u0131la\u015fd\u0131r\u0131lmas\u0131, onlar\u0131n i\u015fl\u0259 t\u0259min olunmas\u0131, t\u0259hsil, tibb v\u0259 dig\u0259r xidm\u0259tl\u0259rl\u0259 t\u0259min edilm\u0259si Az\u0259rbaycan d\u00f6vl\u0259tinin borcudur. Az\u0259rbaycan d\u00f6vl\u0259ti bu yolda \u00e7ox b\u00f6y\u00fck nailiyy\u0259tl\u0259r \u0259ld\u0259 edib.<\/p>\n<p>Altm\u0131\u015f min\u0259 yax\u0131n soyda\u015f\u0131m\u0131z yeni m\u0259nzill\u0259rl\u0259 t\u0259min olunub. \u00d6t\u0259n il 5900 qa\u00e7q\u0131n v\u0259 m\u0259cburi k\u00f6\u00e7k\u00fcn ail\u0259si yeni evl\u0259rl\u0259 t\u0259min edilib. Bu il 6 min\u0259 yax\u0131n yeni m\u0259nzil istifad\u0259y\u0259 veril\u0259c\u0259k. &#8220;Qobu Park-2&#8221;\u00a0ya\u015fay\u0131\u015f q\u0259s\u0259b\u0259sind\u0259 i\u015fl\u0259r bu yax\u0131nlarda tamamlanacaq v\u0259 yen\u0259 d\u0259 1300 m\u0259cburi k\u00f6\u00e7k\u00fcn ail\u0259sinin ya\u015fay\u0131\u015f \u015f\u0259raiti yax\u015f\u0131la\u015facaq. Amma bu, m\u00fcv\u0259qq\u0259tidir. \u00c7\u00fcnki bir daha deyir\u0259m, bizim arzumuz ba\u015fqad\u0131r. Bizim vahid arzumuz Qaraba\u011f \u015fik\u0259st\u0259sini Qaraba\u011f torpa\u011f\u0131nda birlikd\u0259 e\u015fitm\u0259kdir.<\/p>\n<p>M\u0259n \u0259min\u0259m ki, Prezidentimizin, d\u00f6vl\u0259timizin q\u0259ti siyas\u0259ti v\u0259 m\u00f6vqeyi, Allah\u0131n k\u00f6m\u0259yi il\u0259 biz buna nail olaca\u011f\u0131q. \u00c7ox sa\u011f olun.<\/p>\n<p>Sonra xatir\u0259 \u015f\u0259kli \u00e7\u0259kdirildi.<\/p>\n<p>M\u0259cburi k\u00f6\u00e7k\u00fcnl\u0259r Birinci vitse-prezident Mehriban \u018fliyevan\u0131 ad g\u00fcn\u00fc m\u00fcnasib\u0259til\u0259 t\u0259brik ed\u0259r\u0259k \u0259n xo\u015f arzular\u0131n\u0131 \u00e7atd\u0131rd\u0131lar. Onlar d\u00f6vl\u0259tin, o c\u00fcml\u0259d\u0259n Birinci vitse-prezidentin qa\u00e7q\u0131nlar\u0131n v\u0259 m\u0259cburi k\u00f6\u00e7k\u00fcnl\u0259rin h\u0259yat \u015f\u0259raitinin yax\u015f\u0131la\u015fd\u0131r\u0131lmas\u0131 istiqam\u0259tind\u0259 g\u00f6rd\u00fcy\u00fc i\u015fl\u0259r\u0259 g\u00f6r\u0259 minn\u0259tdarl\u0131qlar\u0131n\u0131 bildirdil\u0259r, Mehriban \u018fliyevan\u0131n r\u0259hb\u0259rliyi il\u0259 h\u0259yata ke\u00e7iril\u0259n layih\u0259l\u0259rin \u0259h\u0259miyy\u0259tini vur\u011fulad\u0131lar.<\/p>\n<p>Birinci vitse-prezident\u0259 &#8220;\u015eu\u015fan\u0131n qalas\u0131&#8221;\u00a0r\u0259sm \u0259s\u0259ri h\u0259diyy\u0259 edildi.<\/p>\n<p>Mehriban \u018fliyeva h\u0259r zaman qa\u00e7q\u0131nlar\u0131n v\u0259 m\u0259cburi k\u00f6\u00e7k\u00fcnl\u0259rin diqq\u0259tini hiss etdiyini dey\u0259r\u0259k, bundan sonra da d\u00f6vl\u0259tin onlar\u0131n yan\u0131nda olaca\u011f\u0131n\u0131 vur\u011fulad\u0131.<\/p>\n<p>Erm\u0259nistan silahl\u0131 q\u00fcvv\u0259l\u0259rinin Az\u0259rbaycan torpaqlar\u0131na h\u0259rbi t\u0259cav\u00fcz\u00fc n\u0259tic\u0259sind\u0259 do\u011fma yurdlar\u0131ndan did\u0259rgin sal\u0131nm\u0131\u015f 1 milyondan \u00e7ox soyda\u015f\u0131m\u0131z\u0131n b\u00fct\u00fcn qay\u011f\u0131lar\u0131, sosial probleml\u0259ri, m\u00fcnaqi\u015f\u0259nin siyasi c\u0259h\u0259td\u0259n h\u0259lli Az\u0259rbaycan d\u00f6vl\u0259tinin daim diqq\u0259t m\u0259rk\u0259zind\u0259dir, bu istiqam\u0259td\u0259 ard\u0131c\u0131l, m\u0259qs\u0259dy\u00f6nl\u00fc t\u0259dbirl\u0259r h\u0259yata ke\u00e7irilir. Onlar \u00fc\u00e7\u00fcn m\u00fcasir q\u0259s\u0259b\u0259 v\u0259 \u00e7oxm\u0259rt\u0259b\u0259li binalardan ibar\u0259t ya\u015fay\u0131\u015f kompleksl\u0259ri sal\u0131n\u0131r, qa\u00e7q\u0131nlar\u0131n v\u0259 m\u0259cburi k\u00f6\u00e7k\u00fcnl\u0259rin m\u0259nzil-m\u0259i\u015f\u0259t \u015f\u0259raiti yax\u015f\u0131la\u015fd\u0131r\u0131l\u0131r, m\u0259\u015f\u011fulluqlar\u0131n\u0131n t\u0259min olunmas\u0131 \u00fc\u00e7\u00fcn x\u00fcsusi d\u00f6vl\u0259t proqramlar\u0131 q\u0259bul edilib v\u0259 u\u011furla h\u0259yata ke\u00e7irilir. Mehriban \u018fliyevan\u0131n Birinci vitse-prezident kimi ke\u00e7irdiyi ilk m\u00fc\u015favir\u0259 d\u0259 Bak\u0131 v\u0259 Sumqay\u0131t \u015f\u0259h\u0259rl\u0259rind\u0259 q\u0259zal\u0131 v\u0259 yarars\u0131z binalarda ya\u015fayan m\u0259cburi k\u00f6\u00e7k\u00fcnl\u0259rin yeni m\u0259nzill\u0259r\u0259 k\u00f6\u00e7\u00fcr\u00fclm\u0259si m\u0259s\u0259l\u0259sin\u0259 h\u0259sr edilmi\u015fdi v\u0259 bununla ba\u011fl\u0131 ciddi t\u0259dbirl\u0259r g\u00f6r\u00fcld\u00fc.<\/p>\n<div class=\"gallery\">\n<div class=\"gallery-i\"><img src=\"https:\/\/assets.oxu.az\/uploads\/W1siZiIsIjIwMTkvMDgvMjYvMjEvNTgvMTkvYjA4NTc3NWQtNmNmMi00MjE2LWIyYzEtNTU3MmMxNjk3Y2E1LzE1NjY4MzkyNjIyMDUxODBfMTAwMHg2NjkuanBnIl0sWyJwIiwiZW5jb2RlIiwianBnIiwiLXF1YWxpdHkgODAiXSxbInAiLCJ0aHVtYiIsIjU5MHg1OTBcdTAwM2UiXV0?sha=47125ffcf9a8f03d\" alt=\"\" \/><\/p>\n<div class=\"gallery-i-caption\"><\/div>\n<\/div>\n<div class=\"gallery-i\"><img src=\"https:\/\/assets.oxu.az\/uploads\/W1siZiIsIjIwMTkvMDgvMjYvMjEvNTgvMTkvYTA0MTQzYzQtOGVlOS00MzMyLTkwOWUtMTNiYTI4NjUzNjg2LzE1NjY4MzkyNjExMDMyMjQ1NThfMTAwMHg2NjkuanBnIl0sWyJwIiwiZW5jb2RlIiwianBnIiwiLXF1YWxpdHkgODAiXSxbInAiLCJ0aHVtYiIsIjU5MHg1OTBcdTAwM2UiXV0?sha=ec85aa0c39f38f89\" alt=\"\" \/><\/p>\n<div class=\"gallery-i-caption\"><\/div>\n<\/div>\n<div class=\"gallery-i\"><img src=\"https:\/\/assets.oxu.az\/uploads\/W1siZiIsIjIwMTkvMDgvMjYvMjEvNTgvMTkvZWY3YzdkYjUtZTBiYi00ZGVhLTk2ZWEtYjllOGYwNDdiYThhLzE1NjY4MzkyNjEyMDAzNDM1OTUyXzEwMDB4NjY5LmpwZyJdLFsicCIsImVuY29kZSIsImpwZyIsIi1xdWFsaXR5IDgwIl0sWyJwIiwidGh1bWIiLCI1OTB4NTkwXHUwMDNlIl1d?sha=72405ac343b8e1aa\" alt=\"\" \/><\/p>\n<div class=\"gallery-i-caption\"><\/div>\n<\/div>\n<div class=\"gallery-i\"><img src=\"https:\/\/assets.oxu.az\/uploads\/W1siZiIsIjIwMTkvMDgvMjYvMjEvNTgvMTkvNWFhMTE4NDMtZWE1OC00MGE2LWI5OTUtOGIxYTIwM2FmZDdmLzE1NjY4MzkyNjEyNDA4Nzg5MTBfMTAwMHg2NjkuanBnIl0sWyJwIiwiZW5jb2RlIiwianBnIiwiLXF1YWxpdHkgODAiXSxbInAiLCJ0aHVtYiIsIjU5MHg1OTBcdTAwM2UiXV0?sha=ba04da7f8d2a11bc\" alt=\"\" \/><\/p>\n<div class=\"gallery-i-caption\"><\/div>\n<\/div>\n<div class=\"gallery-i\"><img src=\"https:\/\/assets.oxu.az\/uploads\/W1siZiIsIjIwMTkvMDgvMjYvMjEvNTgvMjAvZmJmMzA0YmItZjdkZi00NzZjLWEwNGQtODg5NzcwMjQyMmNkLzE1NjY4MzkyNjEyODg1MDQ2NjgxXzEwMDB4NjY5LmpwZyJdLFsicCIsImVuY29kZSIsImpwZyIsIi1xdWFsaXR5IDgwIl0sWyJwIiwidGh1bWIiLCI1OTB4NTkwXHUwMDNlIl1d?sha=2b236f8f1dfd3e37\" alt=\"\" \/><\/p>\n<div class=\"gallery-i-caption\"><\/div>\n<\/div>\n<div class=\"gallery-i\"><img src=\"https:\/\/assets.oxu.az\/uploads\/W1siZiIsIjIwMTkvMDgvMjYvMjEvNTgvMjAvN2M2YzI4ODctMjUzZC00MDllLWE0NDUtZGFhMjM3YzVmYmQ2LzE1NjY4MzkyNjEzMDY2MzM3MzEzXzEwMDB4NjY5LmpwZyJdLFsicCIsImVuY29kZSIsImpwZyIsIi1xdWFsaXR5IDgwIl0sWyJwIiwidGh1bWIiLCI1OTB4NTkwXHUwMDNlIl1d?sha=0b282ec15c75ae9d\" alt=\"\" \/><\/p>\n<div class=\"gallery-i-caption\"><\/div>\n<\/div>\n<div class=\"gallery-i\"><img src=\"https:\/\/assets.oxu.az\/uploads\/W1siZiIsIjIwMTkvMDgvMjYvMjEvNTgvMjAvZmVkY2ZkNjItNzY4YS00YjMzLWFkYjctNzkzMDU2NWZkYmYyLzE1NjY4MzkyNjE0NzY1MzY0NDQwXzEwMDB4NjY5LmpwZyJdLFsicCIsImVuY29kZSIsImpwZyIsIi1xdWFsaXR5IDgwIl0sWyJwIiwidGh1bWIiLCI1OTB4NTkwXHUwMDNlIl1d?sha=cff45265bc8b9f09\" alt=\"\" \/><\/p>\n<div class=\"gallery-i-caption\"><\/div>\n<\/div>\n<div class=\"gallery-i\"><img src=\"https:\/\/assets.oxu.az\/uploads\/W1siZiIsIjIwMTkvMDgvMjYvMjEvNTgvMjAvMGUzMDM1ODMtMGQ5OS00MTRmLWJmM2UtOWI3NjQ2ZjMzYmI1LzE1NjY4MzkyNjE2MTgxNzQ1Njc3XzEwMDB4NjY5LmpwZyJdLFsicCIsImVuY29kZSIsImpwZyIsIi1xdWFsaXR5IDgwIl0sWyJwIiwidGh1bWIiLCI1OTB4NTkwXHUwMDNlIl1d?sha=ed747d954f6a2971\" alt=\"\" \/><\/p>\n<div class=\"gallery-i-caption\"><\/div>\n<\/div>\n<div class=\"gallery-i\"><img src=\"https:\/\/assets.oxu.az\/uploads\/W1siZiIsIjIwMTkvMDgvMjYvMjEvNTgvMjAvZDMxOGMzMzYtY2E2Zi00MzU0LWIyZDItMWI0MzJhMjA2ODI5LzE1NjY4MzkyNjE2NDIxMDU2NjQzXzEwMDB4NjY5LmpwZyJdLFsicCIsImVuY29kZSIsImpwZyIsIi1xdWFsaXR5IDgwIl0sWyJwIiwidGh1bWIiLCI1OTB4NTkwXHUwMDNlIl1d?sha=de9418441df185f6\" alt=\"\" \/><\/p>\n<div class=\"gallery-i-caption\"><\/div>\n<\/div>\n<div class=\"gallery-i\"><img src=\"https:\/\/assets.oxu.az\/uploads\/W1siZiIsIjIwMTkvMDgvMjYvMjEvNTgvMjAvNmYwZGZjMDktMjFmYy00Njk1LWJlZWUtNTk0OGY1MTI5YjU1LzE1NjY4MzkyNjE2NTI4NzM4OTk2XzEwMDB4NjY5LmpwZyJdLFsicCIsImVuY29kZSIsImpwZyIsIi1xdWFsaXR5IDgwIl0sWyJwIiwidGh1bWIiLCI1OTB4NTkwXHUwMDNlIl1d?sha=4fb5f5def6a2e20e\" alt=\"\" \/><\/p>\n<div class=\"gallery-i-caption\"><\/div>\n<\/div>\n<div class=\"gallery-i\"><img src=\"https:\/\/assets.oxu.az\/uploads\/W1siZiIsIjIwMTkvMDgvMjYvMjEvNTgvMjEvZmU3NDY4N2MtNzBhMy00NDNhLWFkZTMtOGM2MGM3Nzg4ODM4LzE1NjY4MzkyNjE3NzkyNjMxODRfMTAwMHg2NjkuanBnIl0sWyJwIiwiZW5jb2RlIiwianBnIiwiLXF1YWxpdHkgODAiXSxbInAiLCJ0aHVtYiIsIjU5MHg1OTBcdTAwM2UiXV0?sha=9e5edc5274dc7f23\" alt=\"\" \/><\/p>\n<div class=\"gallery-i-caption\"><\/div>\n<\/div>\n<div class=\"gallery-i\"><img src=\"https:\/\/assets.oxu.az\/uploads\/W1siZiIsIjIwMTkvMDgvMjYvMjEvNTgvMjEvOGExNmQyNjAtMDdlMS00N2Q2LTljMDktZDRhMWU5ZDFlMDAyLzE1NjY4MzkyNjIxMjA0NjE3MDMxXzEwMDB4NjY5LmpwZyJdLFsicCIsImVuY29kZSIsImpwZyIsIi1xdWFsaXR5IDgwIl0sWyJwIiwidGh1bWIiLCI1OTB4NTkwXHUwMDNlIl1d?sha=b498421d13b2ea06\" alt=\"\" \/><\/p>\n<div class=\"gallery-i-caption\"><\/div>\n<\/div>\n<div class=\"gallery-i\"><img src=\"https:\/\/assets.oxu.az\/uploads\/W1siZiIsIjIwMTkvMDgvMjYvMjEvNTgvMjEvOTMwMDZkMWItMTNlMi00YTUxLWJhZjgtODYwZGJkNDFmNjU2LzE1NjY4MzkyNjIxNTk1NTQ3MTMyXzEwMDB4NjY5LmpwZyJdLFsicCIsImVuY29kZSIsImpwZyIsIi1xdWFsaXR5IDgwIl0sWyJwIiwidGh1bWIiLCI1OTB4NTkwXHUwMDNlIl1d?sha=47bafd837aa306e1\" alt=\"\" \/><\/p>\n<div class=\"gallery-i-caption\"><\/div>\n<\/div>\n<div class=\"gallery-i\"><img src=\"https:\/\/assets.oxu.az\/uploads\/W1siZiIsIjIwMTkvMDgvMjYvMjEvNTgvMjEvMmRiOTE3ZDktM2QwOC00MTE1LWIyOWEtYmYxMzY5YjY2OGI4LzE1NjY4MzkyNjIyMzY1NTYxMjA2XzEwMDB4NjY5LmpwZyJdLFsicCIsImVuY29kZSIsImpwZyIsIi1xdWFsaXR5IDgwIl0sWyJwIiwidGh1bWIiLCI1OTB4NTkwXHUwMDNlIl1d?sha=a715f01e321c4421\" alt=\"\" \/><\/p>\n<div class=\"gallery-i-caption\"><\/div>\n<\/div>\n<div class=\"gallery-i\"><img src=\"https:\/\/assets.oxu.az\/uploads\/W1siZiIsIjIwMTkvMDgvMjYvMjEvNTgvMjEvMGExMzZhN2YtZTViNi00NGNlLWFiYzctY2QxYTI2NDI1YjNjLzE1NjY4MzkyNjIzMTcxODE4MTE0XzEwMDB4NjY5LmpwZyJdLFsicCIsImVuY29kZSIsImpwZyIsIi1xdWFsaXR5IDgwIl0sWyJwIiwidGh1bWIiLCI1OTB4NTkwXHUwMDNlIl1d?sha=aa4b2bbed884174c\" alt=\"\" \/><\/p>\n<div class=\"gallery-i-caption\"><\/div>\n<\/div>\n<div class=\"gallery-i\"><img src=\"https:\/\/assets.oxu.az\/uploads\/W1siZiIsIjIwMTkvMDgvMjYvMjEvNTgvMjEvNDkzNDcwNDQtZGM4Yi00OGEwLWE1ZDAtMGZiNWYzYzk0YTgzLzE1NjY4MzkyNjI0NzQ3MjQ4OTgwXzEwMDB4NjY5LmpwZyJdLFsicCIsImVuY29kZSIsImpwZyIsIi1xdWFsaXR5IDgwIl0sWyJwIiwidGh1bWIiLCI1OTB4NTkwXHUwMDNlIl1d?sha=859057dfce16c346\" alt=\"\" \/><\/p>\n<div class=\"gallery-i-caption\"><\/div>\n<\/div>\n<div class=\"gallery-i\"><img src=\"https:\/\/assets.oxu.az\/uploads\/W1siZiIsIjIwMTkvMDgvMjYvMjEvNTgvMjEvZjhjZDJiNGItY2MyNC00MDk3LWFjYjktYWExMTI2YzYzMzdhLzE1NjY4MzkyNjI2MTE4MjQ5MTE3XzEwMDB4NjY5LmpwZyJdLFsicCIsImVuY29kZSIsImpwZyIsIi1xdWFsaXR5IDgwIl0sWyJwIiwidGh1bWIiLCI1OTB4NTkwXHUwMDNlIl1d?sha=017115fca8d85848\" alt=\"\" \/><\/div>\n<\/div>\n","protected":false},"excerpt":{"rendered":"<p>Avqustun 26-da Heyd\u0259r \u018fliyev M\u0259rk\u0259zind\u0259 bir qrup m\u0259cburi k\u00f6\u00e7k\u00fcn\u00fcn i\u015ftirak\u0131 il\u0259 t\u0259dbir ke\u00e7irilib. AZ\u018fRTAC\u00a0x\u0259b\u0259r verir ki, Az\u0259rbaycan Respublikas\u0131n\u0131n Birinci vitse-prezidenti Mehriban \u018fliyeva t\u0259dbird\u0259 i\u015ftirak edib v\u0259 ad g\u00fcn\u00fcn\u00fc onlarla birlikd\u0259 qeyd edib. &#8220;Burada topla\u015fanlar\u0131n bir arzusu var &#8211; \u0259razi b\u00fct\u00f6vl\u00fcy\u00fcm\u00fcz\u00fcn tezlikl\u0259 b\u0259rpas\u0131&#8221;. Bu s\u00f6zl\u0259ri Qa\u00e7q\u0131nlar\u0131n v\u0259 M\u0259cburi K\u00f6\u00e7k\u00fcnl\u0259rin \u0130\u015fl\u0259ri \u00fczr\u0259 D\u00f6vl\u0259t Komit\u0259sinin s\u0259dri R\u00f6v\u015f\u0259n Rzayev dedi. Komit\u0259 s\u0259dri \u00f6lk\u0259mizd\u0259 qa\u00e7q\u0131nlar\u0131n v\u0259 m\u0259cburi k\u00f6\u00e7k\u00fcnl\u0259rin probleml\u0259rinin h\u0259lli istiqam\u0259tind\u0259 g\u00f6r\u00fcl\u0259n i\u015fl\u0259rd\u0259n dan\u0131\u015fd\u0131. Sonra konsert proqram\u0131 t\u0259qdim edildi. T\u0259dbir\u0259 Birinci vitse-prezident Mehriban \u018fliyeva v\u0259 q\u0131z\u0131 Leyla \u018fliyeva da g\u0259ldil\u0259r. \u018fvv\u0259lc\u0259 t\u0259dbir \u00e7\u0259r\u00e7iv\u0259sind\u0259 t\u0259\u015fkil edil\u0259n&hellip;<\/p>\n","protected":false},"author":2,"featured_media":75504,"comment_status":"closed","ping_status":"closed","sticky":false,"template":"","format":"standard","meta":{"om_disable_all_campaigns":false,"_monsterinsights_skip_tracking":false,"_monsterinsights_sitenote_active":false,"_monsterinsights_sitenote_note":"","_monsterinsights_sitenote_category":0},"categories":[19],"tags":[],"aioseo_notices":[],"gutentor_comment":0,"rttpg_featured_image_url":{"full":["https:\/\/arantv.az\/wp-content\/uploads\/2019\/08\/15668392621204617031_1000x669.jpg",620,413,false],"landscape":["https:\/\/arantv.az\/wp-content\/uploads\/2019\/08\/15668392621204617031_1000x669.jpg",620,413,false],"portraits":["https:\/\/arantv.az\/wp-content\/uploads\/2019\/08\/15668392621204617031_1000x669.jpg",620,413,false],"thumbnail":["https:\/\/arantv.az\/wp-content\/uploads\/2019\/08\/15668392621204617031_1000x669-150x150.jpg",150,150,true],"medium":["https:\/\/arantv.az\/wp-content\/uploads\/2019\/08\/15668392621204617031_1000x669-300x200.jpg",300,200,true],"large":["https:\/\/arantv.az\/wp-content\/uploads\/2019\/08\/15668392621204617031_1000x669.jpg",620,413,false],"1536x1536":["https:\/\/arantv.az\/wp-content\/uploads\/2019\/08\/15668392621204617031_1000x669.jpg",620,413,false],"2048x2048":["https:\/\/arantv.az\/wp-content\/uploads\/2019\/08\/15668392621204617031_1000x669.jpg",620,413,false],"post-thumbnail":["https:\/\/arantv.az\/wp-content\/uploads\/2019\/08\/15668392621204617031_1000x669-240x172.jpg",240,172,true],"advps-thumb-one":["https:\/\/arantv.az\/wp-content\/uploads\/2019\/08\/15668392621204617031_1000x669.jpg",620,413,false]},"rttpg_author":{"display_name":"V\u00fcsal Rafiqo\u011flu","author_link":"https:\/\/arantv.az\/?author=2"},"rttpg_comment":0,"rttpg_category":"<a href=\"https:\/\/arantv.az\/?cat=19\" rel=\"category\">G\u00fcnd\u0259m<\/a>","rttpg_excerpt":"Avqustun 26-da Heyd\u0259r \u018fliyev M\u0259rk\u0259zind\u0259 bir qrup m\u0259cburi k\u00f6\u00e7k\u00fcn\u00fcn i\u015ftirak\u0131 il\u0259 t\u0259dbir ke\u00e7irilib. AZ\u018fRTAC\u00a0x\u0259b\u0259r verir ki, Az\u0259rbaycan Respublikas\u0131n\u0131n Birinci vitse-prezidenti Mehriban \u018fliyeva t\u0259dbird\u0259 i\u015ftirak edib v\u0259 ad g\u00fcn\u00fcn\u00fc onlarla birlikd\u0259 qeyd edib. &#8220;Burada topla\u015fanlar\u0131n bir arzusu var &#8211; \u0259razi b\u00fct\u00f6vl\u00fcy\u00fcm\u00fcz\u00fcn tezlikl\u0259 b\u0259rpas\u0131&#8221;. Bu s\u00f6zl\u0259ri Qa\u00e7q\u0131nlar\u0131n v\u0259 M\u0259cburi K\u00f6\u00e7k\u00fcnl\u0259rin \u0130\u015fl\u0259ri \u00fczr\u0259 D\u00f6vl\u0259t Komit\u0259sinin s\u0259dri R\u00f6v\u015f\u0259n Rzayev&hellip;","_links":{"self":[{"href":"https:\/\/arantv.az\/index.php?rest_route=\/wp\/v2\/posts\/75503"}],"collection":[{"href":"https:\/\/arantv.az\/index.php?rest_route=\/wp\/v2\/posts"}],"about":[{"href":"https:\/\/arantv.az\/index.php?rest_route=\/wp\/v2\/types\/post"}],"author":[{"embeddable":true,"href":"https:\/\/arantv.az\/index.php?rest_route=\/wp\/v2\/users\/2"}],"replies":[{"embeddable":true,"href":"https:\/\/arantv.az\/index.php?rest_route=%2Fwp%2Fv2%2Fcomments&post=75503"}],"version-history":[{"count":0,"href":"https:\/\/arantv.az\/index.php?rest_route=\/wp\/v2\/posts\/75503\/revisions"}],"wp:featuredmedia":[{"embeddable":true,"href":"https:\/\/arantv.az\/index.php?rest_route=\/wp\/v2\/media\/75504"}],"wp:attachment":[{"href":"https:\/\/arantv.az\/index.php?rest_route=%2Fwp%2Fv2%2Fmedia&parent=75503"}],"wp:term":[{"taxonomy":"category","embeddable":true,"href":"https:\/\/arantv.az\/index.php?rest_route=%2Fwp%2Fv2%2Fcategories&post=75503"},{"taxonomy":"post_tag","embeddable":true,"href":"https:\/\/arantv.az\/index.php?rest_route=%2Fwp%2Fv2%2Ftags&post=75503"}],"curies":[{"name":"wp","href":"https:\/\/api.w.org\/{rel}","templated":true}]}}