{"id":75515,"date":"2019-08-27T08:38:07","date_gmt":"2019-08-27T05:38:07","guid":{"rendered":"http:\/\/arantv.az\/?p=75515"},"modified":"2019-08-27T08:38:07","modified_gmt":"2019-08-27T05:38:07","slug":"svetlana-medvedeva-mehriban-%c9%99liyevanin-f%c9%99aliyy%c9%99ti-xususi-diqq%c9%99t%c9%99-ehtirama-v%c9%99-minn%c9%99tdarliga-layiqdir","status":"publish","type":"post","link":"https:\/\/arantv.az\/?p=75515","title":{"rendered":"Svetlana Medvedeva: Mehriban \u018fliyevan\u0131n f\u0259aliyy\u0259ti x\u00fcsusi diqq\u0259t\u0259, ehtirama v\u0259 minn\u0259tdarl\u0131\u011fa layiqdir"},"content":{"rendered":"<p>Rusiya Federasiyas\u0131 H\u00f6kum\u0259tinin s\u0259dri Dmitri Medvedevin xan\u0131m\u0131 Svetlana Medvedeva Az\u0259rbaycan Respublikas\u0131n\u0131n Birinci vitse-prezidenti xan\u0131m Mehriban \u018fliyevaya ad g\u00fcn\u00fc m\u00fcnasib\u0259til\u0259 t\u0259brik m\u0259ktubu \u00fcnvanlay\u0131b.<\/p>\n<p>M\u0259ktubda\u00a0<a href=\"https:\/\/azertag.az\/xeber\/Svetlana_Medvedeva_Mehriban_Aliyevanin_fealiyyeti_xususi_diqqete_ehtirama_ve_minnetdarliga_layiqdir-1322111\" target=\"_blank\" rel=\"noopener\">deyilir<\/a>:<\/p>\n<p>\u201cAd g\u00fcn\u00fcn\u00fcz m\u00fcnasib\u0259til\u0259 s\u0259mimi t\u0259brikl\u0259rimi v\u0259 \u0259n xo\u015f arzular\u0131m\u0131 q\u0259bul edin. Siz erudisiyal\u0131, enerjili v\u0259 h\u0259rt\u0259r\u0259fli \u015f\u0259xsiyy\u0259t kimi bir \u00e7ox m\u00fch\u00fcm v\u0259 faydal\u0131 layih\u0259l\u0259r h\u0259yata ke\u00e7irmisiniz. Dostlar\u0131n\u0131z v\u0259 h\u0259mkarlar\u0131n\u0131z Sizin \u00e7ox g\u00f6z\u0259l insani keyfiyy\u0259tl\u0259riniz\u0259 &#8211; insanlara diqq\u0259tli m\u00fcnasib\u0259tiniz\u0259, ziyal\u0131l\u0131\u011f\u0131n\u0131za, m\u00fcdrikliyiniz\u0259 v\u0259 alic\u0259nabl\u0131\u011f\u0131n\u0131za y\u00fcks\u0259k qiym\u0259t verirl\u0259r.<\/p>\n<p>Sizin f\u0259al v\u0259 \u00e7ox\u015fax\u0259li xeyriyy\u0259\u00e7ilik f\u0259aliyy\u0259tiniz h\u0259m Az\u0259rbaycan Respublikas\u0131n\u0131n v\u0259t\u0259nda\u015flar\u0131, h\u0259m d\u0259 d\u00fcnya ictimaiyy\u0259ti t\u0259r\u0259find\u0259n x\u00fcsusi diqq\u0259t\u0259, ehtirama v\u0259 minn\u0259tdarl\u0131\u011fa layiqdir.<\/p>\n<p>Siz\u0259 v\u0259 do\u011fmalar\u0131n\u0131za s\u0259mimi q\u0259lbd\u0259n m\u00f6hk\u0259m cansa\u011fl\u0131\u011f\u0131, xo\u015fb\u0259xtlik, firavanl\u0131q arzulay\u0131ram\u201d.<\/p>\n","protected":false},"excerpt":{"rendered":"<p>Rusiya Federasiyas\u0131 H\u00f6kum\u0259tinin s\u0259dri Dmitri Medvedevin xan\u0131m\u0131 Svetlana Medvedeva Az\u0259rbaycan Respublikas\u0131n\u0131n Birinci vitse-prezidenti xan\u0131m Mehriban \u018fliyevaya ad g\u00fcn\u00fc m\u00fcnasib\u0259til\u0259 t\u0259brik m\u0259ktubu \u00fcnvanlay\u0131b. M\u0259ktubda\u00a0deyilir: \u201cAd g\u00fcn\u00fcn\u00fcz m\u00fcnasib\u0259til\u0259 s\u0259mimi t\u0259brikl\u0259rimi v\u0259 \u0259n xo\u015f arzular\u0131m\u0131 q\u0259bul edin. Siz erudisiyal\u0131, enerjili v\u0259 h\u0259rt\u0259r\u0259fli \u015f\u0259xsiyy\u0259t kimi bir \u00e7ox m\u00fch\u00fcm v\u0259 faydal\u0131 layih\u0259l\u0259r h\u0259yata ke\u00e7irmisiniz. Dostlar\u0131n\u0131z v\u0259 h\u0259mkarlar\u0131n\u0131z Sizin \u00e7ox g\u00f6z\u0259l insani keyfiyy\u0259tl\u0259riniz\u0259 &#8211; insanlara diqq\u0259tli m\u00fcnasib\u0259tiniz\u0259, ziyal\u0131l\u0131\u011f\u0131n\u0131za, m\u00fcdrikliyiniz\u0259 v\u0259 alic\u0259nabl\u0131\u011f\u0131n\u0131za y\u00fcks\u0259k qiym\u0259t verirl\u0259r. Sizin f\u0259al v\u0259 \u00e7ox\u015fax\u0259li xeyriyy\u0259\u00e7ilik f\u0259aliyy\u0259tiniz h\u0259m Az\u0259rbaycan Respublikas\u0131n\u0131n v\u0259t\u0259nda\u015flar\u0131, h\u0259m d\u0259 d\u00fcnya ictimaiyy\u0259ti t\u0259r\u0259find\u0259n x\u00fcsusi diqq\u0259t\u0259, ehtirama v\u0259 minn\u0259tdarl\u0131\u011fa layiqdir. Siz\u0259&hellip;<\/p>\n","protected":false},"author":2,"featured_media":75516,"comment_status":"closed","ping_status":"closed","sticky":false,"template":"","format":"standard","meta":{"om_disable_all_campaigns":false,"_monsterinsights_skip_tracking":false,"_monsterinsights_sitenote_active":false,"_monsterinsights_sitenote_note":"","_monsterinsights_sitenote_category":0},"categories":[7],"tags":[],"aioseo_notices":[],"gutentor_comment":0,"rttpg_featured_image_url":{"full":["https:\/\/arantv.az\/wp-content\/uploads\/2019\/08\/Medvedeva_AL\u00c4\u00b0YEVa.jpg",620,448,false],"landscape":["https:\/\/arantv.az\/wp-content\/uploads\/2019\/08\/Medvedeva_AL\u00c4\u00b0YEVa.jpg",620,448,false],"portraits":["https:\/\/arantv.az\/wp-content\/uploads\/2019\/08\/Medvedeva_AL\u00c4\u00b0YEVa.jpg",620,448,false],"thumbnail":["https:\/\/arantv.az\/wp-content\/uploads\/2019\/08\/Medvedeva_AL\u00c4\u00b0YEVa-150x150.jpg",150,150,true],"medium":["https:\/\/arantv.az\/wp-content\/uploads\/2019\/08\/Medvedeva_AL\u00c4\u00b0YEVa-300x217.jpg",300,217,true],"large":["https:\/\/arantv.az\/wp-content\/uploads\/2019\/08\/Medvedeva_AL\u00c4\u00b0YEVa.jpg",620,448,false],"1536x1536":["https:\/\/arantv.az\/wp-content\/uploads\/2019\/08\/Medvedeva_AL\u00c4\u00b0YEVa.jpg",620,448,false],"2048x2048":["https:\/\/arantv.az\/wp-content\/uploads\/2019\/08\/Medvedeva_AL\u00c4\u00b0YEVa.jpg",620,448,false],"post-thumbnail":["https:\/\/arantv.az\/wp-content\/uploads\/2019\/08\/Medvedeva_AL\u00c4\u00b0YEVa-240x172.jpg",240,172,true],"advps-thumb-one":["https:\/\/arantv.az\/wp-content\/uploads\/2019\/08\/Medvedeva_AL\u00c4\u00b0YEVa.jpg",620,448,false]},"rttpg_author":{"display_name":"V\u00fcsal Rafiqo\u011flu","author_link":"https:\/\/arantv.az\/?author=2"},"rttpg_comment":0,"rttpg_category":"<a href=\"https:\/\/arantv.az\/?cat=7\" rel=\"category\">D\u00fcnya<\/a>","rttpg_excerpt":"Rusiya Federasiyas\u0131 H\u00f6kum\u0259tinin s\u0259dri Dmitri Medvedevin xan\u0131m\u0131 Svetlana Medvedeva Az\u0259rbaycan Respublikas\u0131n\u0131n Birinci vitse-prezidenti xan\u0131m Mehriban \u018fliyevaya ad g\u00fcn\u00fc m\u00fcnasib\u0259til\u0259 t\u0259brik m\u0259ktubu \u00fcnvanlay\u0131b. M\u0259ktubda\u00a0deyilir: \u201cAd g\u00fcn\u00fcn\u00fcz m\u00fcnasib\u0259til\u0259 s\u0259mimi t\u0259brikl\u0259rimi v\u0259 \u0259n xo\u015f arzular\u0131m\u0131 q\u0259bul edin. Siz erudisiyal\u0131, enerjili v\u0259 h\u0259rt\u0259r\u0259fli \u015f\u0259xsiyy\u0259t kimi bir \u00e7ox m\u00fch\u00fcm v\u0259 faydal\u0131 layih\u0259l\u0259r h\u0259yata ke\u00e7irmisiniz. Dostlar\u0131n\u0131z v\u0259 h\u0259mkarlar\u0131n\u0131z Sizin \u00e7ox g\u00f6z\u0259l&hellip;","_links":{"self":[{"href":"https:\/\/arantv.az\/index.php?rest_route=\/wp\/v2\/posts\/75515"}],"collection":[{"href":"https:\/\/arantv.az\/index.php?rest_route=\/wp\/v2\/posts"}],"about":[{"href":"https:\/\/arantv.az\/index.php?rest_route=\/wp\/v2\/types\/post"}],"author":[{"embeddable":true,"href":"https:\/\/arantv.az\/index.php?rest_route=\/wp\/v2\/users\/2"}],"replies":[{"embeddable":true,"href":"https:\/\/arantv.az\/index.php?rest_route=%2Fwp%2Fv2%2Fcomments&post=75515"}],"version-history":[{"count":0,"href":"https:\/\/arantv.az\/index.php?rest_route=\/wp\/v2\/posts\/75515\/revisions"}],"wp:featuredmedia":[{"embeddable":true,"href":"https:\/\/arantv.az\/index.php?rest_route=\/wp\/v2\/media\/75516"}],"wp:attachment":[{"href":"https:\/\/arantv.az\/index.php?rest_route=%2Fwp%2Fv2%2Fmedia&parent=75515"}],"wp:term":[{"taxonomy":"category","embeddable":true,"href":"https:\/\/arantv.az\/index.php?rest_route=%2Fwp%2Fv2%2Fcategories&post=75515"},{"taxonomy":"post_tag","embeddable":true,"href":"https:\/\/arantv.az\/index.php?rest_route=%2Fwp%2Fv2%2Ftags&post=75515"}],"curies":[{"name":"wp","href":"https:\/\/api.w.org\/{rel}","templated":true}]}}