{"id":75531,"date":"2019-08-27T09:35:46","date_gmt":"2019-08-27T06:35:46","guid":{"rendered":"http:\/\/arantv.az\/?p=75531"},"modified":"2019-08-27T09:35:49","modified_gmt":"2019-08-27T06:35:49","slug":"ali-m%c9%99kt%c9%99bl%c9%99r%c9%99-q%c9%99bul-olan-abituriyentl%c9%99rin-qeydiyyati-bu-gun-basa-catir","status":"publish","type":"post","link":"https:\/\/arantv.az\/?p=75531","title":{"rendered":"Ali m\u0259kt\u0259bl\u0259r\u0259 q\u0259bul olan abituriyentl\u0259rin qeydiyyat\u0131 bu g\u00fcn ba\u015fa \u00e7at\u0131r"},"content":{"rendered":"<p><strong>Az\u0259rbaycan Respublikas\u0131 ali t\u0259hsil m\u00fc\u0259ssis\u0259l\u0259rin\u0259 q\u0259bul olan abituriyentl\u0259rin (I m\u0259rh\u0259l\u0259d\u0259n sonra) qeydiyyat\u0131 bu g\u00fcn ba\u015fa \u00e7at\u0131r.<\/strong><\/p>\n<p>D\u00f6vl\u0259t \u0130mtahan M\u0259rk\u0259zind\u0259n <strong>ARANTV.Az<\/strong>-a veril\u0259n m\u0259lumata g\u00f6r\u0259, ali t\u0259hsil m\u00fc\u0259ssis\u0259l\u0259rin\u0259 q\u0259bul olan abituriyentl\u0259r 27 avqust saat 17:00\u2011d\u0259k s\u0259n\u0259dl\u0259rini daxil olduqlar\u0131 t\u0259hsil m\u00fc\u0259ssis\u0259sin\u0259 t\u0259qdim etm\u0259kl\u0259 qeydiyyatdan ke\u00e7m\u0259lidirl\u0259r. Abituriyentl\u0259r t\u0259l\u0259b olunan s\u0259n\u0259dl\u0259rin siyah\u0131s\u0131n\u0131 q\u0259bul olduqlar\u0131 ali t\u0259hsil m\u00fc\u0259ssis\u0259sind\u0259n \u00f6yr\u0259n\u0259 bil\u0259rl\u0259r.<\/p>\n<p>Abituriyentin t\u0259hsil m\u00fc\u0259ssis\u0259sind\u0259 qeydiyyatdan ke\u00e7m\u0259m\u0259si onun yerl\u0259\u015fdirildiyi ixtisas \u00fczr\u0259 t\u0259hsil almaqdan imtina etm\u0259si kimi qiym\u0259tl\u0259ndirilir.<\/p>\n<p>Xat\u0131rladaq ki, ali t\u0259hsil m\u00fc\u0259ssis\u0259l\u0259rinin bo\u015f qalan plan yerl\u0259rin\u0259 q\u0259bul olan abituriyentl\u0259rin qeydiyyat\u0131 is\u0259 sentyabr\u0131n 2-d\u0259k davam ed\u0259c\u0259k.<\/p>\n","protected":false},"excerpt":{"rendered":"<p>Az\u0259rbaycan Respublikas\u0131 ali t\u0259hsil m\u00fc\u0259ssis\u0259l\u0259rin\u0259 q\u0259bul olan abituriyentl\u0259rin (I m\u0259rh\u0259l\u0259d\u0259n sonra) qeydiyyat\u0131 bu g\u00fcn ba\u015fa \u00e7at\u0131r. D\u00f6vl\u0259t \u0130mtahan M\u0259rk\u0259zind\u0259n ARANTV.Az-a veril\u0259n m\u0259lumata g\u00f6r\u0259, ali t\u0259hsil m\u00fc\u0259ssis\u0259l\u0259rin\u0259 q\u0259bul olan abituriyentl\u0259r 27 avqust saat 17:00\u2011d\u0259k s\u0259n\u0259dl\u0259rini daxil olduqlar\u0131 t\u0259hsil m\u00fc\u0259ssis\u0259sin\u0259 t\u0259qdim etm\u0259kl\u0259 qeydiyyatdan ke\u00e7m\u0259lidirl\u0259r. Abituriyentl\u0259r t\u0259l\u0259b olunan s\u0259n\u0259dl\u0259rin siyah\u0131s\u0131n\u0131 q\u0259bul olduqlar\u0131 ali t\u0259hsil m\u00fc\u0259ssis\u0259sind\u0259n \u00f6yr\u0259n\u0259 bil\u0259rl\u0259r. Abituriyentin t\u0259hsil m\u00fc\u0259ssis\u0259sind\u0259 qeydiyyatdan ke\u00e7m\u0259m\u0259si onun yerl\u0259\u015fdirildiyi ixtisas \u00fczr\u0259 t\u0259hsil almaqdan imtina etm\u0259si kimi qiym\u0259tl\u0259ndirilir. Xat\u0131rladaq ki, ali t\u0259hsil m\u00fc\u0259ssis\u0259l\u0259rinin bo\u015f qalan plan yerl\u0259rin\u0259 q\u0259bul olan abituriyentl\u0259rin qeydiyyat\u0131 is\u0259 sentyabr\u0131n 2-d\u0259k davam ed\u0259c\u0259k.<\/p>\n","protected":false},"author":2,"featured_media":75532,"comment_status":"closed","ping_status":"closed","sticky":false,"template":"","format":"standard","meta":{"om_disable_all_campaigns":false,"_monsterinsights_skip_tracking":false,"_monsterinsights_sitenote_active":false,"_monsterinsights_sitenote_note":"","_monsterinsights_sitenote_category":0},"categories":[23],"tags":[],"aioseo_notices":[],"gutentor_comment":0,"rttpg_featured_image_url":{"full":["https:\/\/arantv.az\/wp-content\/uploads\/2019\/08\/sened_0238.jpg",800,600,false],"landscape":["https:\/\/arantv.az\/wp-content\/uploads\/2019\/08\/sened_0238.jpg",800,600,false],"portraits":["https:\/\/arantv.az\/wp-content\/uploads\/2019\/08\/sened_0238.jpg",800,600,false],"thumbnail":["https:\/\/arantv.az\/wp-content\/uploads\/2019\/08\/sened_0238-150x150.jpg",150,150,true],"medium":["https:\/\/arantv.az\/wp-content\/uploads\/2019\/08\/sened_0238-300x225.jpg",300,225,true],"large":["https:\/\/arantv.az\/wp-content\/uploads\/2019\/08\/sened_0238.jpg",640,480,false],"1536x1536":["https:\/\/arantv.az\/wp-content\/uploads\/2019\/08\/sened_0238.jpg",800,600,false],"2048x2048":["https:\/\/arantv.az\/wp-content\/uploads\/2019\/08\/sened_0238.jpg",800,600,false],"post-thumbnail":["https:\/\/arantv.az\/wp-content\/uploads\/2019\/08\/sened_0238-240x172.jpg",240,172,true],"advps-thumb-one":["https:\/\/arantv.az\/wp-content\/uploads\/2019\/08\/sened_0238.jpg",800,600,false]},"rttpg_author":{"display_name":"V\u00fcsal Rafiqo\u011flu","author_link":"https:\/\/arantv.az\/?author=2"},"rttpg_comment":0,"rttpg_category":"<a href=\"https:\/\/arantv.az\/?cat=23\" rel=\"category\">T\u0259hsil<\/a>","rttpg_excerpt":"Az\u0259rbaycan Respublikas\u0131 ali t\u0259hsil m\u00fc\u0259ssis\u0259l\u0259rin\u0259 q\u0259bul olan abituriyentl\u0259rin (I m\u0259rh\u0259l\u0259d\u0259n sonra) qeydiyyat\u0131 bu g\u00fcn ba\u015fa \u00e7at\u0131r. D\u00f6vl\u0259t \u0130mtahan M\u0259rk\u0259zind\u0259n ARANTV.Az-a veril\u0259n m\u0259lumata g\u00f6r\u0259, ali t\u0259hsil m\u00fc\u0259ssis\u0259l\u0259rin\u0259 q\u0259bul olan abituriyentl\u0259r 27 avqust saat 17:00\u2011d\u0259k s\u0259n\u0259dl\u0259rini daxil olduqlar\u0131 t\u0259hsil m\u00fc\u0259ssis\u0259sin\u0259 t\u0259qdim etm\u0259kl\u0259 qeydiyyatdan ke\u00e7m\u0259lidirl\u0259r. Abituriyentl\u0259r t\u0259l\u0259b olunan s\u0259n\u0259dl\u0259rin siyah\u0131s\u0131n\u0131 q\u0259bul olduqlar\u0131 ali t\u0259hsil m\u00fc\u0259ssis\u0259sind\u0259n \u00f6yr\u0259n\u0259 bil\u0259rl\u0259r. Abituriyentin&hellip;","_links":{"self":[{"href":"https:\/\/arantv.az\/index.php?rest_route=\/wp\/v2\/posts\/75531"}],"collection":[{"href":"https:\/\/arantv.az\/index.php?rest_route=\/wp\/v2\/posts"}],"about":[{"href":"https:\/\/arantv.az\/index.php?rest_route=\/wp\/v2\/types\/post"}],"author":[{"embeddable":true,"href":"https:\/\/arantv.az\/index.php?rest_route=\/wp\/v2\/users\/2"}],"replies":[{"embeddable":true,"href":"https:\/\/arantv.az\/index.php?rest_route=%2Fwp%2Fv2%2Fcomments&post=75531"}],"version-history":[{"count":0,"href":"https:\/\/arantv.az\/index.php?rest_route=\/wp\/v2\/posts\/75531\/revisions"}],"wp:featuredmedia":[{"embeddable":true,"href":"https:\/\/arantv.az\/index.php?rest_route=\/wp\/v2\/media\/75532"}],"wp:attachment":[{"href":"https:\/\/arantv.az\/index.php?rest_route=%2Fwp%2Fv2%2Fmedia&parent=75531"}],"wp:term":[{"taxonomy":"category","embeddable":true,"href":"https:\/\/arantv.az\/index.php?rest_route=%2Fwp%2Fv2%2Fcategories&post=75531"},{"taxonomy":"post_tag","embeddable":true,"href":"https:\/\/arantv.az\/index.php?rest_route=%2Fwp%2Fv2%2Ftags&post=75531"}],"curies":[{"name":"wp","href":"https:\/\/api.w.org\/{rel}","templated":true}]}}