{"id":755527,"date":"2024-09-23T17:41:08","date_gmt":"2024-09-23T13:41:08","guid":{"rendered":"https:\/\/arantv.az\/?p=755527"},"modified":"2024-09-23T17:41:08","modified_gmt":"2024-09-23T13:41:08","slug":"tursudan-ol%c9%99n-qizi-m%c9%99kt%c9%99bd%c9%99-bel%c9%99-yad-etdil%c9%99r-video","status":"publish","type":"post","link":"https:\/\/arantv.az\/?p=755527","title":{"rendered":"Tur\u015fudan \u00f6l\u0259n q\u0131z\u0131 m\u0259kt\u0259bd\u0259 bel\u0259 yad etdil\u0259r &#8211; V\u0130DEO"},"content":{"rendered":"<p>\u00d6t\u0259n g\u00fcn \u015e\u0259rur rayon sakini tur\u015fudan z\u0259h\u0259rl\u0259n\u0259r\u0259k \u00f6l\u00fcb.<\/p>\n<p>Hadis\u0259 rayonun K\u00fcrk\u0259nd k\u0259ndind\u0259 ba\u015f verib.<\/p>\n<p>K\u0259nd sakini, 2008-ci il t\u0259v\u0259ll\u00fcdl\u00fc \u018fl\u0259kb\u0259rova G\u00fclnaz C\u0259mil q\u0131z\u0131 konservl\u0259\u015fdirilmi\u015f xiyar tur\u015fusunu yedikd\u0259n sonra z\u0259h\u0259rl\u0259nib. Onu x\u0259st\u0259xanaya \u00e7atd\u0131rsalar da, h\u0259yat\u0131n\u0131 xilas etm\u0259k m\u00fcmk\u00fcn olmay\u0131b.<\/p>\n<p><strong>ARANTV.AZ<\/strong> unikal-a istinadla G\u00fclnazla ba\u011fl\u0131 videonu t\u0259qdim edir:<\/p>\n<div class=\"embed-responsive embed-responsive-16by9\"><iframe loading=\"lazy\" id=\"nmqembedid\" class=\"embed-responsive-item\" title=\"video player\" src=\"https:\/\/newstube.az\/embed\/172618\" width=\"600\" height=\"340\" frameborder=\"0\" scrolling=\"no\" allowfullscreen=\"allowfullscreen\" data-mce-fragment=\"1\"><\/iframe><\/div>\n<div class=\"AdviadNativeVideo\"><\/div>\n","protected":false},"excerpt":{"rendered":"<p>\u00d6t\u0259n g\u00fcn \u015e\u0259rur rayon sakini tur\u015fudan z\u0259h\u0259rl\u0259n\u0259r\u0259k \u00f6l\u00fcb. Hadis\u0259 rayonun K\u00fcrk\u0259nd k\u0259ndind\u0259 ba\u015f verib. K\u0259nd sakini, 2008-ci il t\u0259v\u0259ll\u00fcdl\u00fc \u018fl\u0259kb\u0259rova G\u00fclnaz C\u0259mil q\u0131z\u0131 konservl\u0259\u015fdirilmi\u015f xiyar tur\u015fusunu yedikd\u0259n sonra z\u0259h\u0259rl\u0259nib. Onu x\u0259st\u0259xanaya \u00e7atd\u0131rsalar da, h\u0259yat\u0131n\u0131 xilas etm\u0259k m\u00fcmk\u00fcn olmay\u0131b. ARANTV.AZ unikal-a istinadla G\u00fclnazla ba\u011fl\u0131 videonu t\u0259qdim edir:<\/p>\n","protected":false},"author":2,"featured_media":755528,"comment_status":"closed","ping_status":"closed","sticky":false,"template":"","format":"standard","meta":{"om_disable_all_campaigns":false,"_monsterinsights_skip_tracking":false,"_monsterinsights_sitenote_active":false,"_monsterinsights_sitenote_note":"","_monsterinsights_sitenote_category":0},"categories":[5],"tags":[],"aioseo_notices":[],"gutentor_comment":0,"rttpg_featured_image_url":{"full":["https:\/\/arantv.az\/wp-content\/uploads\/2024\/09\/tur_21727098038.jpg",649,487,false],"landscape":["https:\/\/arantv.az\/wp-content\/uploads\/2024\/09\/tur_21727098038.jpg",649,487,false],"portraits":["https:\/\/arantv.az\/wp-content\/uploads\/2024\/09\/tur_21727098038.jpg",649,487,false],"thumbnail":["https:\/\/arantv.az\/wp-content\/uploads\/2024\/09\/tur_21727098038-500x280.jpg",500,280,true],"medium":["https:\/\/arantv.az\/wp-content\/uploads\/2024\/09\/tur_21727098038-486x365.jpg",486,365,true],"large":["https:\/\/arantv.az\/wp-content\/uploads\/2024\/09\/tur_21727098038.jpg",640,480,false],"1536x1536":["https:\/\/arantv.az\/wp-content\/uploads\/2024\/09\/tur_21727098038.jpg",649,487,false],"2048x2048":["https:\/\/arantv.az\/wp-content\/uploads\/2024\/09\/tur_21727098038.jpg",649,487,false],"post-thumbnail":["https:\/\/arantv.az\/wp-content\/uploads\/2024\/09\/tur_21727098038-240x172.jpg",240,172,true],"advps-thumb-one":["https:\/\/arantv.az\/wp-content\/uploads\/2024\/09\/tur_21727098038.jpg",649,487,false]},"rttpg_author":{"display_name":"V\u00fcsal Rafiqo\u011flu","author_link":"https:\/\/arantv.az\/?author=2"},"rttpg_comment":0,"rttpg_category":"<a href=\"https:\/\/arantv.az\/?cat=5\" rel=\"category\">Hadis\u0259<\/a>","rttpg_excerpt":"\u00d6t\u0259n g\u00fcn \u015e\u0259rur rayon sakini tur\u015fudan z\u0259h\u0259rl\u0259n\u0259r\u0259k \u00f6l\u00fcb. Hadis\u0259 rayonun K\u00fcrk\u0259nd k\u0259ndind\u0259 ba\u015f verib. K\u0259nd sakini, 2008-ci il t\u0259v\u0259ll\u00fcdl\u00fc \u018fl\u0259kb\u0259rova G\u00fclnaz C\u0259mil q\u0131z\u0131 konservl\u0259\u015fdirilmi\u015f xiyar tur\u015fusunu yedikd\u0259n sonra z\u0259h\u0259rl\u0259nib. Onu x\u0259st\u0259xanaya \u00e7atd\u0131rsalar da, h\u0259yat\u0131n\u0131 xilas etm\u0259k m\u00fcmk\u00fcn olmay\u0131b. ARANTV.AZ unikal-a istinadla G\u00fclnazla ba\u011fl\u0131 videonu t\u0259qdim edir:","_links":{"self":[{"href":"https:\/\/arantv.az\/index.php?rest_route=\/wp\/v2\/posts\/755527"}],"collection":[{"href":"https:\/\/arantv.az\/index.php?rest_route=\/wp\/v2\/posts"}],"about":[{"href":"https:\/\/arantv.az\/index.php?rest_route=\/wp\/v2\/types\/post"}],"author":[{"embeddable":true,"href":"https:\/\/arantv.az\/index.php?rest_route=\/wp\/v2\/users\/2"}],"replies":[{"embeddable":true,"href":"https:\/\/arantv.az\/index.php?rest_route=%2Fwp%2Fv2%2Fcomments&post=755527"}],"version-history":[{"count":2,"href":"https:\/\/arantv.az\/index.php?rest_route=\/wp\/v2\/posts\/755527\/revisions"}],"predecessor-version":[{"id":755530,"href":"https:\/\/arantv.az\/index.php?rest_route=\/wp\/v2\/posts\/755527\/revisions\/755530"}],"wp:featuredmedia":[{"embeddable":true,"href":"https:\/\/arantv.az\/index.php?rest_route=\/wp\/v2\/media\/755528"}],"wp:attachment":[{"href":"https:\/\/arantv.az\/index.php?rest_route=%2Fwp%2Fv2%2Fmedia&parent=755527"}],"wp:term":[{"taxonomy":"category","embeddable":true,"href":"https:\/\/arantv.az\/index.php?rest_route=%2Fwp%2Fv2%2Fcategories&post=755527"},{"taxonomy":"post_tag","embeddable":true,"href":"https:\/\/arantv.az\/index.php?rest_route=%2Fwp%2Fv2%2Ftags&post=755527"}],"curies":[{"name":"wp","href":"https:\/\/api.w.org\/{rel}","templated":true}]}}