{"id":755531,"date":"2024-09-23T17:42:34","date_gmt":"2024-09-23T13:42:34","guid":{"rendered":"https:\/\/arantv.az\/?p=755531"},"modified":"2024-09-23T17:42:34","modified_gmt":"2024-09-23T13:42:34","slug":"bir-il-bundan-%c9%99vv%c9%99l-q%c9%99hr%c9%99man-az%c9%99rbaycan-ordusu-dovl%c9%99t-suverenliyini-tam-b%c9%99rpa-edib","status":"publish","type":"post","link":"https:\/\/arantv.az\/?p=755531","title":{"rendered":"Bir il bundan \u0259vv\u0259l q\u0259hr\u0259man Az\u0259rbaycan Ordusu d\u00f6vl\u0259t suverenliyini tam b\u0259rpa edib"},"content":{"rendered":"<p><em><strong>19-20 Sentabr antiterror \u0259m\u0259liyyat\u0131 Qraba\u011fda erm\u0259ni separatizmin\u0259 son qoydu. Xank\u0259ndi xuntas\u0131 il\u0259 Az\u0259rbaycan\u0131n suverenliyi b\u00fct\u00fcn \u00f6lk\u0259d\u0259 b\u0259rpa edildi. Bu anterror Az\u0259rbaycan\u0131n beyn\u0259lxalq s\u0259viyy\u0259d\u0259 tan\u0131nm\u0131\u015f \u0259razil\u0259ri \u00fcz\u0259rind\u0259 suverenliyini tam b\u0259rpa etdi.<\/strong><\/em><\/p>\n<p>2020 \u2013 ci ilin Sentyabr ay\u0131n\u0131n 27 \u2013 d\u0259 ba\u015flanan V\u0259t\u0259n m\u00fchitinin b\u00f6y\u00fck z\u0259f\u0259rl\u0259 ba\u015fa \u00e7atmas\u0131 il\u0259 Az\u0259rbaycan \u0259razisinin 30 il\u0259 yax\u0131n davam ed\u0259n i\u015fgal\u0131na son qoyuldu. Az\u0259rbaycan xalq\u0131n\u0131n, d\u00f6vl\u0259tinin v\u0259 ordusunun d\u0259mir yumru\u011fa \u00e7evrilmi\u015f birliyi n\u0259tic\u0259sind\u0259 Erm\u0259nistan\u0131n i\u015f\u011fal\u00e7\u0131 ordusu m\u0259hv edildi. El\u0259 bununla da i\u015f\u011fal\u00e7\u0131ya v\u0259 onun himay\u0259darlar\u0131na layiq olduqlar\u0131 yer g\u00f6st\u0259rildi.<\/p>\n<p>M\u00f6vlanan\u0131n \u00e7ox m\u00fcdrik s\u00f6zl\u0259rind\u0259n birind\u0259 deyilir: \u201c S\u0259n yola \u00e7\u0131x yol s\u0259n\u0259 g\u00f6r\u00fcn\u0259r!\u201d M\u00fcz\u0259ff\u0259r Ali Ba\u015f Komandan \u0130lham \u018fliyevin uzaqg\u00f6r\u0259nlikl\u0259 \u00e7\u0131xd\u0131\u011f\u0131 yolun sonu i\u015f\u011fal alt\u0131nda olan \u0259razil\u0259rin azad olunmas\u0131 il\u0259 n\u0259tic\u0259l\u0259ndi. H\u0259tta Ali Ba\u015f Komandan\u0131n u\u011furlu siyas\u0259ti n\u0259tic\u0259sind\u0259 Erm\u0259nistan\u0131n h\u0259rbi siyasi r\u0259hb\u0259rliyi i\u015f\u011fal alt\u0131nda qalm\u0131\u015f A\u011fdam, K\u0259lb\u0259c\u0259r v\u0259 La\u00e7\u0131n rayonlar\u0131n\u0131 h\u0259rbi \u0259m\u0259liyyat apar\u0131lmadan azad etm\u0259yi \u00f6z \u00f6hd\u0259sin\u0259 g\u00f6t\u00fcrd\u00fc. \u00d6hd\u0259likl\u0259rd\u0259n biri d\u0259 ke\u00e7mi\u015f Da\u011fl\u0131q Qaraba\u011f \u0259razisind\u0259 qalm\u0131\u015f erm\u0259ni h\u0259rbi q\u00fcvv\u0259l\u0259rinin t\u0259rksilah v\u0259 l\u0259\u011fv edilm\u0259si idi. Lakin bu \u00f6hd\u0259lik yerin\u0259 yetirilm\u0259di. \u018fksin\u0259, Erm\u0259nistanda revan\u015fist q\u00fcvv\u0259l\u0259r ba\u015f qald\u0131rd\u0131 v\u0259 beyn\u0259lxalq himay\u0259darlar\u0131 itirilmi\u015f \u0259razil\u0259rin geri qaytar\u0131lmas\u0131 \u00fc\u00e7\u00fcn f\u0259aliyy\u0259t\u0259 ba\u015flad\u0131lar. Bel\u0259 ki, bir t\u0259r\u0259fd\u0259n Qaraba\u011f\u0131n da\u011fl\u0131q hiss\u0259sind\u0259 olan t\u0259bii s\u0259rv\u0259tl\u0259ri talan ed\u0259r\u0259k Erm\u0259nistana da\u015f\u0131y\u0131r, dig\u0259r t\u0259r\u0259fd\u0259n Rusiya s\u00fclhm\u0259raml\u0131lar\u0131n n\u0259zar\u0259tind\u0259 olan \u0259razil\u0259r\u0259 silah \u2013 sursat da\u015f\u0131y\u0131rd\u0131lar. Bunun qar\u015f\u0131s\u0131n\u0131 almaq \u00fc\u00e7\u00fcn Az\u0259rbaycan Ordusu 2022 \u2013 ci il Mart\u0131n 24 \u2013 25 tarixl\u0259rind\u0259 F\u0259rrux Da\u011f\u0131 tam n\u0259zar\u0259t\u0259 g\u00f6t\u00fcr\u00fcld\u00fc. Bir \u00e7ox k\u0259ndl\u0259rin t\u0259hl\u00fck\u0259sizliyi b\u0259rpa edildi. Eyni zamanda Yeddi X\u0131rman v\u0259 Da\u015fba\u015f\u0131 zirv\u0259l\u0259ri, habel\u0259 bie s\u0131ra y\u00fcks\u0259k y\u00fcks\u0259klikl\u0259r m\u00fc\u015fahid\u0259 n\u0259zar\u0259tin\u0259 al\u0131nd\u0131.<\/p>\n<p>Lakin erm\u0259ni h\u0259rbi q\u00fcvv\u0259l\u0259ri yen\u0259 \u00f6z m\u00fcharib\u0259 haz\u0131rl\u0131qlar\u0131n\u0131 v\u0259 h\u0259rbi t\u0259xribatlar\u0131n\u0131 dayand\u0131rmad\u0131lar. 2022 \u2013 ci il Avqustun 3 \u2013 d\u0259 Az\u0259rbaycan ordusunun b\u00f6lm\u0259l\u0259rin\u0259 qar\u015f\u0131 terror t\u0259xribat \u0259m\u0259li t\u00f6r\u0259tdil\u0259r. \u018fsg\u0259r Anar Kaz\u0131mov \u015e\u0259hid oldu.<\/p>\n<p>Az\u0259rbaycan ordusunun b\u00f6lm\u0259l\u0259ri cavab olaraq \u201cQisas\u201d \u0259m\u0259liyyat\u0131 apararaq Q\u0131rxq\u0131z v\u0259 Sar\u0131baba y\u00fcks\u0259klikl\u0259rini n\u0259zar\u0259t alt\u0131na ald\u0131. B\u00fct\u00fcn bunlar Erm\u0259nistana g\u00f6nd\u0259rilmi\u015f bir mesaj idi ki, \u201che\u00e7 kim v\u0259 he\u00e7 n\u0259 bizi dayand\u0131ra bilm\u0259z. Qaraba\u011f Az\u0259rbaycan torpaqlar\u0131d\u0131r. Burada v\u0259ziyy\u0259ti biz dikt\u0259 edirik v\u0259 siz d\u0259rhal silahl\u0131 q\u00fcvv\u0259l\u0259rinizi bizim torpaqlar\u0131m\u0131zdan \u00e7\u0131xarmal\u0131s\u0131n\u0131z.\u201d Bel\u0259 ki, bu \u0259m\u0259liyyatlar\u0131n \u0259h\u0259miyy\u0259tini Ali Ba\u015f Komandan \u00e7ox b\u00f6y\u00fck qiym\u0259tl\u0259ndirdi.<\/p>\n<p>Lakin, ba\u015f ver\u0259nl\u0259rd\u0259n n\u0259tic\u0259 \u00e7\u0131xarmayan erm\u0259ni h\u0259rbi q\u00fcvv\u0259l\u0259ri 2022 \u2013 ci il Sentyabr ay\u0131n\u0131n 12 \u2013 d\u0259 daha geni\u015f h\u0259rbi t\u0259xribata \u0259l atd\u0131. Az\u0259rbaycan Ordusunu Da\u015fk\u0259s\u0259n, K\u0259lb\u0259c\u0259r v\u0259 La\u00e7\u0131n rayonlar\u0131 aras\u0131ndak\u0131 m\u00f6vqel\u0259r, s\u0131\u011f\u0131nacaqlar v\u0259 dayaq m\u0259nt\u0259q\u0259l\u0259ri intensiv at\u0259\u015f\u0259 tutuldu. Az\u0259rbaycan b\u00f6lm\u0259l\u0259rinin \u015f\u0259xsi hey\u0259tind\u0259 itkil\u0259r oldu. Az\u0259rbaycan Erm\u0259nistan s\u0259rh\u0259d x\u0259ttind\u0259 ba\u015f ver\u0259n erm\u0259ni h\u0259rbi t\u0259xribatlar\u0131n\u0131n qar\u015f\u0131s\u0131 u\u011furla al\u0131nd\u0131. Ali Ba\u015f Komandan \u0130lham \u018fliyevin dediyi kimi: \u201c Qaraba\u011f b\u00f6lg\u0259sind\u0259 b\u00fct\u00fcn vacib olan m\u0259nt\u0259q\u0259l\u0259r\u0259 yerl\u0259\u015fdik. Eyni zamanda, uzun ill\u0259r \u0259rzind\u0259 i\u015f\u011fal alt\u0131nda olan Az\u0259rbaycan Erm\u0259nistan s\u0259rh\u0259ddini n\u0259zar\u0259t\u0259 g\u00f6t\u00fcrd\u00fck. S\u0259rh\u0259ddin b\u00f6y\u00fck hiss\u0259sind\u0259 \u0259n \u0259lveri\u015fli m\u00f6vqel\u0259r\u0259 malik olduq.\u201d<\/p>\n<p>Az\u0259rbaycan d\u00f6vl\u0259t r\u0259hb\u0259rliyi kimi Az\u0259rbaycan xalq\u0131 da erm\u0259nil\u0259rin bu oyunlar\u0131na qar\u015f\u0131 \u00f6z etiraz s\u0259sini qald\u0131rd\u0131. 2022 \u2013 ci il Dekabr\u0131n 12 \u2013 d\u0259 Az\u0259rbaycan V\u0259t\u0259nda\u015f c\u0259miyy\u0259tinin n\u00fcmay\u0259nd\u0259l\u0259ri, ekologiya f\u0259allar\u0131 v\u0259 g\u0259nc k\u00f6n\u00fcll\u00fcl\u0259ri \u015eu\u015fa \u2013 La\u00e7\u0131n yolunda etiraz aksiyas\u0131na ba\u015flad\u0131lar. Qanunsuz da\u015f\u0131nmalar\u0131n v\u0259 ke\u00e7idin qar\u015f\u0131s\u0131n\u0131 almaq \u00fc\u00e7\u00fcn 2023 \u2013 c\u00fc il Aprelin 23 \u2013 d\u0259 is\u0259 Az\u0259rbaycanla Erm\u0259nistan\u0131n quru yolla birl\u0259\u015fdir\u0259n La\u00e7\u0131n yolu \u00fcz\u0259rind\u0259 d\u00f6vl\u0259t s\u0259rh\u0259d n\u0259zar\u0259ti postu qoyuldu. Bununla Az\u0259rbaycan\u0131n b\u00fct\u00fcn s\u0259rh\u0259d x\u0259tti respublikan\u0131n n\u0259zar\u0259ti alt\u0131na al\u0131nd\u0131 v\u0259 Az\u0259rbaycan \u00f6z \u0259razi b\u00fct\u00f6vl\u00fcy\u00fcn\u00fc t\u0259min etmi\u015f oldu.<\/p>\n<p>2023 \u2013 c\u00fc il Senyabr\u0131n 18 \u2013 d\u0259 erm\u0259nil\u0259rin yol \u00fcz\u0259rind\u0259 yerl\u0259\u015fdirdiyi minalardan 6 n\u0259f\u0259r Az\u0259rbaycan v\u0259t\u0259nda\u015f\u0131 \u00f6z h\u0259yat\u0131n\u0131 itirdi. Daxili i\u015fl\u0259r nazirliyinin d\u00f6rd \u0259m\u0259kda\u015f\u0131 mina qurban\u0131 oldu. Sentyabr\u0131n 10-da is\u0259 saat 11:45 rad\u0259l\u0259rind\u0259 Az\u0259rbaycan ordusunun A\u011fdam rayonu istiqam\u0259tind\u0259ki m\u00f6vqel\u0259ri Rusiya s\u00fclhm\u0259raml\u0131lar\u0131n yerl\u0259\u015fdiyi Az\u0259rbaycan \u0259razisi Erm\u0259nistan silahl\u0131 q\u00fcvv\u0259l\u0259ri t\u0259r\u0259find\u0259n at\u0259\u015f\u0259 tutuldu. \u0130ki h\u0259bi\u00e7imiz h\u0259lak oldu.<\/p>\n<p>B\u00fct\u00fcn ba\u015f ver\u0259nl\u0259r g\u00f6st\u0259rdi ki, Erm\u0259nistan \u00f6z m\u0259krli \u0259m\u0259ll\u0259rind\u0259n \u0259l \u00e7\u0259km\u0259y\u0259c\u0259k. Az\u0259rbaycan \u0259razisind\u0259 antiterror \u0259m\u0259liyyat\u0131n\u0131n ke\u00e7irilm\u0259si qa\u00e7\u0131lmaz z\u0259rur\u0259ti oldu. Bu antiterror \u0259m\u0259liyyat\u0131 2023 \u2013 c\u00fc il Sentyabr\u0131n 19 \u2013 da t\u0259xmin\u0259n saat 13:00 \u2013 da ba\u015flad\u0131. H\u0259yata ke\u00e7iril\u0259n t\u0259dbirl\u0259r \u00e7\u0259r\u00e7iv\u0259sind\u0259 Erm\u0259nistan\u0131n silahl\u0131 q\u00fcvv\u0259l\u0259rinin d\u0259rinlikd\u0259 olan m\u00f6vqel\u0259ri, yaln\u0131z legitim h\u0259rbi h\u0259d\u0259fl\u0259ri y\u00fcks\u0259k d\u0259qiqlikli silahlar\u0131n t\u0259tbiqi il\u0259 s\u0131radan \u00e7ixar\u0131ld\u0131.<\/p>\n<p>\u015eanl\u0131 antiterror \u0259m\u0259liyyat\u0131 x\u00fcsusi olaraq planla\u015fd\u0131r\u0131lm\u0131\u015f bir \u0259m\u0259liyyat idi. Silahl\u0131 q\u00fcvv\u0259l\u0259rin Ali Ba\u015f Komandan\u0131 \u0130lham \u018fliyev bu antiterror \u0259m\u0259liyyat\u0131n\u0131n m\u00fclki \u0259haliy\u0259 ziyan vurmadan apar\u0131lmas\u0131n\u0131 z\u0259ruri say\u0131rd\u0131. 19 Sentyabrda gec\u0259 saatlar\u0131nda Az\u0259rbaycan Respublikas\u0131n\u0131n M\u00fcdafi\u0259 Nazirliyi Erm\u0259nistan silahl\u0131 q\u00fcvv\u0259l\u0259rinin b\u00f6lm\u0259l\u0259rin\u0259 silah\u0131n yer\u0259 qoyulmas\u0131 \u00e7a\u011f\u0131r\u0131\u015f\u0131 etdi. Bildirildi ki, bu halda antiterror \u0259m\u0259liyyat\u0131 dayand\u0131r\u0131lacaqd\u0131r. Lakin, bu \u00e7a\u011f\u0131r\u0131\u015f q\u0259bul edilm\u0259di. D\u00f6y\u00fc\u015fl\u0259rin gedi\u015find\u0259 Erm\u0259nistan\u0131n Qaraba\u011f\u0131n Da\u011fl\u0131q hiss\u0259sind\u0259 yerl\u0259\u015f\u0259n h\u0259rbi q\u00fcvv\u0259l\u0259rin\u0259 a\u00f6\u0131r z\u0259rb\u0259 vuruldu. Onlar\u0131n d\u00f6y\u00fc\u015f potensial\u0131 m\u0259hv oldu.<\/p>\n<p>Erm\u0259nistan\u0131n 90 \u2013 dan art\u0131q d\u00f6y\u00fc\u015f m\u00f6vqeyi, bir ne\u00e7\u0259 strateji \u0259h\u0259miyy\u0259tli y\u00fcks\u0259klikl\u0259r n\u0259zar\u0259t\u0259 ke\u00e7irildi. K\u00fcll\u00fc miqdarda h\u0259rbi sursat \u0259l\u0259 ke\u00e7irildi.<\/p>\n<p>Az\u0259rbaycan Respublikas\u0131n\u0131n prazidenti silahl\u0131 q\u00fcvv\u0259l\u0259rin Ali Ba\u015f Komandan\u0131 \u0130lham \u018fliyev Az\u0259rbaycan Ordusunun yeni bir tarixi u\u011furu il\u0259 sona \u00e7atan lokal xarakterli antiterror \u0259m\u0259liyyat\u0131n\u0131n n\u0259tic\u0259l\u0259rini y\u00fcks\u0259k s\u0259viyy\u0259d\u0259 d\u0259y\u0259rl\u0259ndirdi. \u201c Sentyabr ay\u0131nda ke\u00e7irilmi\u015f antiterror \u0259m\u0259liyyat\u0131 c\u0259mi 1 g\u00fcn, ondan da az \u00e7\u0259kdi. Az\u0259rbaycan Ordusu qar\u015f\u0131s\u0131nda d\u00fc\u015fm\u0259n t\u0259slim oldu. H\u0259tta 30 il bundan \u0259vv\u0259l yaratd\u0131qlar\u0131 qondarma rejim\u0259 d\u0259 xitam verildi. Bel\u0259likl\u0259 biz tarixi \u0259dal\u0259ti b\u0259rpa etdik. Nec\u0259 ki, 8 Noyabr , 20 Sentyabr 2023 \u2013 c\u00fc il d\u0259 bizim tariximizd\u0259 qalacaq.<\/p>\n<p>Bu il Aprelin 23 \u2013 d\u0259 biz La\u00e7\u0131n istiqam\u0259tind\u0259 \u0259razi b\u00fct\u00f6vl\u00fcy\u00fcm\u00fcz\u00fc tam b\u0259rpa etdik v\u0259 20 Sentyabr D\u00f6vl\u0259t suverenliyini tam b\u0259rpa etdik. Bununla separat\u00e7\u0131lar\u0131n kitab\u0131 ba\u011fland\u0131. Az\u0259rbaycan d\u00f6vl\u0259ti bu g\u00fcn b\u00fct\u00fcn \u0259raziy\u0259 n\u0259zar\u0259t edir. Bel\u0259likl\u0259 D\u00fcnya h\u0259rb tarixind\u0259 Az\u0259rbaycan ordusu daha bir nadir \u0259m\u0259liyyat h\u0259yata ke\u00e7irdi. \u018fm\u0259liyyat n\u0259tic\u0259sind\u0259 b\u00f6lg\u0259d\u0259 m\u00fclki \u0259haliy\u0259 v\u0259 obyektl\u0259r\u0259 ziyan vurulmadan erm\u0259ni h\u0259rbi q\u00fcvv\u0259l\u0259ri m\u0259hv edildi\u00a0 v\u0259 Az\u0259rbaycan\u0131n b\u00fct\u00fcn \u0259razil\u0259rind\u0259 respublikan\u0131n suverenliyi t\u0259min edildi.<\/p>\n<p>19 \u2013 20 senyabr h\u0259rbi \u0259m\u0259liyyat\u0131ndan bir il sonra Az\u0259rbaycanda ilk d\u0259f\u0259 D\u00f6vl\u0259t Suverenliyi g\u00fcn\u00fc qeyd olundu. Bel\u0259 bir g\u00fcn\u00fcn t\u0259sis edilm\u0259si il\u0259 ba\u011fl\u0131 S\u0259r\u0259ncam\u0131 \u0130lham \u018fliyev \u00f6t\u0259n ild\u0259 Qaraba\u011fda apar\u0131lan bir g\u00fcnl\u00fck h\u0259rbi \u0259m\u0259liyyat\u0131n birinci il d\u00f6n\u00fcm\u00fcnd\u0259 verib. Bu g\u00fcn\u00fc qalib xalq\u0131n qalib s\u0259rk\u0259rd\u0259si Prezident \u0130lham \u018fliyev Xank\u0259ndid\u0259 Qaraba\u011f Universitetinin m\u00fc\u0259llim v\u0259 t\u0259l\u0259b\u0259 hey\u0259ti il\u0259 g\u00f6r\u00fc\u015f\u00fcnd\u0259 qeyd etdi v\u0259 bel\u0259 s\u00f6yl\u0259di : \u201c \u018fmin\u0259m ki, 20 Sentyabr bundan sonra Az\u0259rbaycanda geni\u015f qeyd edil\u0259c\u0259k.\u201d<\/p>\n<p><strong>Nuriyy\u0259 H\u00fcseynova,<\/strong><br \/>\n<em>R.\u018fliyev ad\u0131na 254 \u2116-li tam orta m\u0259kt\u0259bin m\u00fc\u0259llimi,<\/em><br \/>\n<em>YAP X\u0259tai rayon t\u0259\u015fkilat\u0131n\u0131n \u00fczv\u00fc<\/em><\/p>\n","protected":false},"excerpt":{"rendered":"<p>19-20 Sentabr antiterror \u0259m\u0259liyyat\u0131 Qraba\u011fda erm\u0259ni separatizmin\u0259 son qoydu. Xank\u0259ndi xuntas\u0131 il\u0259 Az\u0259rbaycan\u0131n suverenliyi b\u00fct\u00fcn \u00f6lk\u0259d\u0259 b\u0259rpa edildi. Bu anterror Az\u0259rbaycan\u0131n beyn\u0259lxalq s\u0259viyy\u0259d\u0259 tan\u0131nm\u0131\u015f \u0259razil\u0259ri \u00fcz\u0259rind\u0259 suverenliyini tam b\u0259rpa etdi. 2020 \u2013 ci ilin Sentyabr ay\u0131n\u0131n 27 \u2013 d\u0259 ba\u015flanan V\u0259t\u0259n m\u00fchitinin b\u00f6y\u00fck z\u0259f\u0259rl\u0259 ba\u015fa \u00e7atmas\u0131 il\u0259 Az\u0259rbaycan \u0259razisinin 30 il\u0259 yax\u0131n davam ed\u0259n i\u015fgal\u0131na son qoyuldu. Az\u0259rbaycan xalq\u0131n\u0131n, d\u00f6vl\u0259tinin v\u0259 ordusunun d\u0259mir yumru\u011fa \u00e7evrilmi\u015f birliyi n\u0259tic\u0259sind\u0259 Erm\u0259nistan\u0131n i\u015f\u011fal\u00e7\u0131 ordusu m\u0259hv edildi. El\u0259 bununla da i\u015f\u011fal\u00e7\u0131ya v\u0259 onun himay\u0259darlar\u0131na layiq olduqlar\u0131 yer g\u00f6st\u0259rildi. M\u00f6vlanan\u0131n \u00e7ox m\u00fcdrik s\u00f6zl\u0259rind\u0259n birind\u0259 deyilir: \u201c&hellip;<\/p>\n","protected":false},"author":2,"featured_media":755532,"comment_status":"closed","ping_status":"closed","sticky":false,"template":"","format":"standard","meta":{"om_disable_all_campaigns":false,"_monsterinsights_skip_tracking":false,"_monsterinsights_sitenote_active":false,"_monsterinsights_sitenote_note":"","_monsterinsights_sitenote_category":0},"categories":[19],"tags":[],"aioseo_notices":[],"gutentor_comment":0,"rttpg_featured_image_url":{"full":["https:\/\/arantv.az\/wp-content\/uploads\/2024\/09\/486c0401171933635760663557910774459-3.jpg",975,540,false],"landscape":["https:\/\/arantv.az\/wp-content\/uploads\/2024\/09\/486c0401171933635760663557910774459-3.jpg",975,540,false],"portraits":["https:\/\/arantv.az\/wp-content\/uploads\/2024\/09\/486c0401171933635760663557910774459-3.jpg",975,540,false],"thumbnail":["https:\/\/arantv.az\/wp-content\/uploads\/2024\/09\/486c0401171933635760663557910774459-3-500x280.jpg",500,280,true],"medium":["https:\/\/arantv.az\/wp-content\/uploads\/2024\/09\/486c0401171933635760663557910774459-3-660x365.jpg",660,365,true],"large":["https:\/\/arantv.az\/wp-content\/uploads\/2024\/09\/486c0401171933635760663557910774459-3-840x465.jpg",640,354,true],"1536x1536":["https:\/\/arantv.az\/wp-content\/uploads\/2024\/09\/486c0401171933635760663557910774459-3.jpg",975,540,false],"2048x2048":["https:\/\/arantv.az\/wp-content\/uploads\/2024\/09\/486c0401171933635760663557910774459-3.jpg",975,540,false],"post-thumbnail":["https:\/\/arantv.az\/wp-content\/uploads\/2024\/09\/486c0401171933635760663557910774459-3-240x172.jpg",240,172,true],"advps-thumb-one":["https:\/\/arantv.az\/wp-content\/uploads\/2024\/09\/486c0401171933635760663557910774459-3.jpg",975,540,false]},"rttpg_author":{"display_name":"V\u00fcsal Rafiqo\u011flu","author_link":"https:\/\/arantv.az\/?author=2"},"rttpg_comment":0,"rttpg_category":"<a href=\"https:\/\/arantv.az\/?cat=19\" rel=\"category\">G\u00fcnd\u0259m<\/a>","rttpg_excerpt":"19-20 Sentabr antiterror \u0259m\u0259liyyat\u0131 Qraba\u011fda erm\u0259ni separatizmin\u0259 son qoydu. Xank\u0259ndi xuntas\u0131 il\u0259 Az\u0259rbaycan\u0131n suverenliyi b\u00fct\u00fcn \u00f6lk\u0259d\u0259 b\u0259rpa edildi. Bu anterror Az\u0259rbaycan\u0131n beyn\u0259lxalq s\u0259viyy\u0259d\u0259 tan\u0131nm\u0131\u015f \u0259razil\u0259ri \u00fcz\u0259rind\u0259 suverenliyini tam b\u0259rpa etdi. 2020 \u2013 ci ilin Sentyabr ay\u0131n\u0131n 27 \u2013 d\u0259 ba\u015flanan V\u0259t\u0259n m\u00fchitinin b\u00f6y\u00fck z\u0259f\u0259rl\u0259 ba\u015fa \u00e7atmas\u0131 il\u0259 Az\u0259rbaycan \u0259razisinin 30 il\u0259 yax\u0131n davam ed\u0259n i\u015fgal\u0131na&hellip;","_links":{"self":[{"href":"https:\/\/arantv.az\/index.php?rest_route=\/wp\/v2\/posts\/755531"}],"collection":[{"href":"https:\/\/arantv.az\/index.php?rest_route=\/wp\/v2\/posts"}],"about":[{"href":"https:\/\/arantv.az\/index.php?rest_route=\/wp\/v2\/types\/post"}],"author":[{"embeddable":true,"href":"https:\/\/arantv.az\/index.php?rest_route=\/wp\/v2\/users\/2"}],"replies":[{"embeddable":true,"href":"https:\/\/arantv.az\/index.php?rest_route=%2Fwp%2Fv2%2Fcomments&post=755531"}],"version-history":[{"count":1,"href":"https:\/\/arantv.az\/index.php?rest_route=\/wp\/v2\/posts\/755531\/revisions"}],"predecessor-version":[{"id":755533,"href":"https:\/\/arantv.az\/index.php?rest_route=\/wp\/v2\/posts\/755531\/revisions\/755533"}],"wp:featuredmedia":[{"embeddable":true,"href":"https:\/\/arantv.az\/index.php?rest_route=\/wp\/v2\/media\/755532"}],"wp:attachment":[{"href":"https:\/\/arantv.az\/index.php?rest_route=%2Fwp%2Fv2%2Fmedia&parent=755531"}],"wp:term":[{"taxonomy":"category","embeddable":true,"href":"https:\/\/arantv.az\/index.php?rest_route=%2Fwp%2Fv2%2Fcategories&post=755531"},{"taxonomy":"post_tag","embeddable":true,"href":"https:\/\/arantv.az\/index.php?rest_route=%2Fwp%2Fv2%2Ftags&post=755531"}],"curies":[{"name":"wp","href":"https:\/\/api.w.org\/{rel}","templated":true}]}}