{"id":755584,"date":"2024-09-23T21:11:45","date_gmt":"2024-09-23T17:11:45","guid":{"rendered":"https:\/\/arantv.az\/?p=755584"},"modified":"2024-09-23T21:11:45","modified_gmt":"2024-09-23T17:11:45","slug":"mehriban-%c9%99liyevanin-istiraki-il%c9%99-g%c9%99nclik-parkinda-agac%c9%99km%c9%99-aksiyasi-kecirilib","status":"publish","type":"post","link":"https:\/\/arantv.az\/?p=755584","title":{"rendered":"Mehriban \u018fliyevan\u0131n i\u015ftirak\u0131 il\u0259 \u201cG\u0259nclik\u201d park\u0131nda a\u011fac\u0259km\u0259 aksiyas\u0131 ke\u00e7irilib"},"content":{"rendered":"<div class=\"text-content\" data-id=\"\" data-url=\"\">\n<p><strong>Sentyabr\u0131n 23-d\u0259 Bak\u0131n\u0131n X\u0259tai rayonundak\u0131 \u201cG\u0259nclik\u201d park\u0131nda a\u011fac\u0259km\u0259 aksiyas\u0131 ke\u00e7irilib.<\/strong><\/p>\n<p><strong>ARANTV.AZ <\/strong>\u00a0x\u0259b\u0259r verir ki, Heyd\u0259r \u018fliyev Fondunun prezidenti Mehriban \u018fliyeva, Fondun vitse-prezidenti Leyla \u018fliyeva v\u0259 ail\u0259 \u00fczvl\u0259ri t\u0259dbird\u0259 i\u015ftirak edibl\u0259r.<\/p>\n<p>Heyd\u0259r \u018fliyev Fondunun \u201cRegional \u0130nki\u015faf\u201d \u0130ctimai Birliyinin v\u0259 COP29 k\u00f6n\u00fcll\u00fcl\u0259rinin qat\u0131ld\u0131\u011f\u0131 aksiyada 1000 \u0259d\u0259d Eldar \u015fam\u0131 a\u011fac\u0131 \u0259kilib.<\/p>\n<p>Qeyd ed\u0259k ki, \u201cG\u0259nclik\u201d park\u0131 Heyd\u0259r \u018fliyev Fondunun t\u0259\u015f\u0259bb\u00fcs\u00fc il\u0259 sal\u0131n\u0131b. \u018frazisi 43 hektar olan parkda ya\u015f\u0131ll\u0131q zolaqlar\u0131 il\u0259 yana\u015f\u0131, \u0259yl\u0259nc\u0259 v\u0259 istirah\u0259t sah\u0259l\u0259ri yarad\u0131l\u0131b.<\/p>\n<p>Xat\u0131rladaq ki, 2019-cu il noyabr\u0131n 11-d\u0259 \u201cG\u0259nclik\u201d park\u0131 yeni sal\u0131nark\u0259n Az\u0259rbaycan Respublikas\u0131 Prezidenti \u0130lham \u018fliyev v\u0259 birinci xan\u0131m Mehriban \u018fliyeva Heyd\u0259r \u018fliyev Fondunun \u201cRegional \u0130nki\u015faf\u201d \u0130ctimai Birliyinin \u201cT\u0259bi\u0259t namin\u0259 birl\u0259\u015f, H\u0259yat namin\u0259 birl\u0259\u015f!\u201d layih\u0259si \u00e7\u0259r\u00e7iv\u0259sind\u0259 a\u011fac\u0259km\u0259 aksiyas\u0131nda i\u015ftirak etmi\u015fl\u0259r. D\u00f6vl\u0259timizin ba\u015f\u00e7\u0131s\u0131 bir zamanlar bax\u0131ms\u0131z olan bu \u0259razid\u0259 abadla\u015fd\u0131rma i\u015fl\u0259rinin apar\u0131lmas\u0131 il\u0259 ba\u011fl\u0131 m\u00fcvafiq tap\u015f\u0131r\u0131qlar vermi\u015fdi.<\/p>\n<p>2021-ci il avqustun 26-da istifad\u0259y\u0259 veril\u0259n \u201cG\u0259nclik\u201d park\u0131 insanlar\u0131n rahat istirah\u0259t \u00fcnvan\u0131 olmaqla yana\u015f\u0131, eyni zamanda, paytaxt\u0131n ekoloji m\u00fchitin\u0259 \u00f6z t\u00f6hf\u0259sini verir.<\/p>\n<p>Onu da qeyd ed\u0259k ki, Az\u0259rbaycanda ekoloji v\u0259ziyy\u0259tin yax\u015f\u0131la\u015fd\u0131r\u0131lmas\u0131 \u00fc\u00e7\u00fcn d\u00f6vl\u0259t s\u0259viyy\u0259sind\u0259 h\u0259yata ke\u00e7iril\u0259n layih\u0259l\u0259r\u0259 birinci xan\u0131m Mehriban \u018fliyevan\u0131n r\u0259hb\u0259rlik etdiyi Heyd\u0259r \u018fliyev Fondu da x\u00fcsusi diqq\u0259t yetirir. Fond \u00f6lk\u0259mizd\u0259 yeni ya\u015f\u0131ll\u0131qlar\u0131n sal\u0131nmas\u0131 v\u0259 m\u00f6vcud ya\u015f\u0131ll\u0131q sah\u0259l\u0259rinin qorunmas\u0131 \u00fczr\u0259 m\u00fcxt\u0259lif layih\u0259l\u0259r icra edir. \u201cG\u0259nclik\u201d park\u0131 \u0259razisind\u0259ki bud\u0259f\u0259ki a\u011fac\u0259km\u0259 aksiyas\u0131 is\u0259 ekoloji tarazl\u0131\u011fa daha bir t\u00f6hf\u0259 oldu.<\/p>\n<\/div>\n<div>\n<div class=\"form-group\"><img class=\"img-responsive\" src=\"https:\/\/cdn.musavat.com\/news\/images\/Gugu\/gugu2\/%D0%9D%D0%BE%D0%B2%D0%B0%D1%8F%D0%9F%D0%B0%D0%BF%D0%BA%D0%B0\/dbd2fd74-c61a-3eab-a1eb-c7c2eab3.jpg\" \/><\/div>\n<div class=\"form-group\"><img class=\"img-responsive\" src=\"https:\/\/cdn.musavat.com\/news\/images\/Gugu\/gugu2\/%D0%9D%D0%BE%D0%B2%D0%B0%D1%8F%D0%9F%D0%B0%D0%BF%D0%BA%D0%B0\/4a7d0387-7167-3ace-913a-c1b0685a.jpg\" \/><\/div>\n<div class=\"form-group\"><img class=\"img-responsive\" src=\"https:\/\/cdn.musavat.com\/news\/images\/Gugu\/gugu2\/%D0%9D%D0%BE%D0%B2%D0%B0%D1%8F%D0%9F%D0%B0%D0%BF%D0%BA%D0%B0\/74c9cf96-75ce-39a6-a39e-49d40d45.jpg\" \/><\/div>\n<div class=\"form-group\"><img class=\"img-responsive\" src=\"https:\/\/cdn.musavat.com\/news\/images\/Gugu\/gugu2\/%D0%9D%D0%BE%D0%B2%D0%B0%D1%8F%D0%9F%D0%B0%D0%BF%D0%BA%D0%B0\/ae891e20-697a-3a89-9cc3-b38daae2.jpg\" \/><\/div>\n<div class=\"form-group\"><img class=\"img-responsive\" src=\"https:\/\/cdn.musavat.com\/news\/images\/Gugu\/gugu2\/%D0%9D%D0%BE%D0%B2%D0%B0%D1%8F%D0%9F%D0%B0%D0%BF%D0%BA%D0%B0\/e5482af2-c6c0-30d2-8c0a-8b510b3e.jpg\" \/><\/div>\n<div class=\"form-group\"><img class=\"img-responsive\" src=\"https:\/\/cdn.musavat.com\/news\/images\/Gugu\/gugu2\/%D0%9D%D0%BE%D0%B2%D0%B0%D1%8F%D0%9F%D0%B0%D0%BF%D0%BA%D0%B0\/708ecfbb-b4ba-3427-b696-348e3f6d.jpg\" \/><\/div>\n<div class=\"form-group\"><img class=\"img-responsive\" src=\"https:\/\/cdn.musavat.com\/news\/images\/Gugu\/gugu2\/%D0%9D%D0%BE%D0%B2%D0%B0%D1%8F%D0%9F%D0%B0%D0%BF%D0%BA%D0%B0\/3b20f5d9-1224-37a7-8ed3-f30c2188.jpg\" \/><\/div>\n<div class=\"form-group\"><img class=\"img-responsive\" src=\"https:\/\/cdn.musavat.com\/news\/images\/Gugu\/gugu2\/%D0%9D%D0%BE%D0%B2%D0%B0%D1%8F%D0%9F%D0%B0%D0%BF%D0%BA%D0%B0\/a1c8ec67-d135-372c-a90c-e8934e82.jpg\" \/><\/div>\n<div class=\"form-group\"><img class=\"img-responsive\" src=\"https:\/\/cdn.musavat.com\/news\/images\/Gugu\/gugu2\/%D0%9D%D0%BE%D0%B2%D0%B0%D1%8F%D0%9F%D0%B0%D0%BF%D0%BA%D0%B0\/12d7c674-84e8-3222-b215-3605232f.jpg\" \/><\/div>\n<div class=\"form-group\"><img class=\"img-responsive\" src=\"https:\/\/cdn.musavat.com\/news\/images\/Gugu\/gugu2\/%D0%9D%D0%BE%D0%B2%D0%B0%D1%8F%D0%9F%D0%B0%D0%BF%D0%BA%D0%B0\/35672b41-1cbf-372d-8973-5f6a6b9d.jpg\" \/><\/div>\n<div class=\"form-group\"><img class=\"img-responsive\" src=\"https:\/\/cdn.musavat.com\/news\/images\/Gugu\/gugu2\/%D0%9D%D0%BE%D0%B2%D0%B0%D1%8F%D0%9F%D0%B0%D0%BF%D0%BA%D0%B0\/5967ae94-a306-332f-a791-a41df081.jpg\" \/><\/div>\n<\/div>\n","protected":false},"excerpt":{"rendered":"<p>Sentyabr\u0131n 23-d\u0259 Bak\u0131n\u0131n X\u0259tai rayonundak\u0131 \u201cG\u0259nclik\u201d park\u0131nda a\u011fac\u0259km\u0259 aksiyas\u0131 ke\u00e7irilib. ARANTV.AZ \u00a0x\u0259b\u0259r verir ki, Heyd\u0259r \u018fliyev Fondunun prezidenti Mehriban \u018fliyeva, Fondun vitse-prezidenti Leyla \u018fliyeva v\u0259 ail\u0259 \u00fczvl\u0259ri t\u0259dbird\u0259 i\u015ftirak edibl\u0259r. Heyd\u0259r \u018fliyev Fondunun \u201cRegional \u0130nki\u015faf\u201d \u0130ctimai Birliyinin v\u0259 COP29 k\u00f6n\u00fcll\u00fcl\u0259rinin qat\u0131ld\u0131\u011f\u0131 aksiyada 1000 \u0259d\u0259d Eldar \u015fam\u0131 a\u011fac\u0131 \u0259kilib. Qeyd ed\u0259k ki, \u201cG\u0259nclik\u201d park\u0131 Heyd\u0259r \u018fliyev Fondunun t\u0259\u015f\u0259bb\u00fcs\u00fc il\u0259 sal\u0131n\u0131b. \u018frazisi 43 hektar olan parkda ya\u015f\u0131ll\u0131q zolaqlar\u0131 il\u0259 yana\u015f\u0131, \u0259yl\u0259nc\u0259 v\u0259 istirah\u0259t sah\u0259l\u0259ri yarad\u0131l\u0131b. Xat\u0131rladaq ki, 2019-cu il noyabr\u0131n 11-d\u0259 \u201cG\u0259nclik\u201d park\u0131 yeni sal\u0131nark\u0259n Az\u0259rbaycan Respublikas\u0131 Prezidenti \u0130lham \u018fliyev v\u0259 birinci&hellip;<\/p>\n","protected":false},"author":2,"featured_media":755585,"comment_status":"closed","ping_status":"closed","sticky":false,"template":"","format":"standard","meta":{"om_disable_all_campaigns":false,"_monsterinsights_skip_tracking":false,"_monsterinsights_sitenote_active":false,"_monsterinsights_sitenote_note":"","_monsterinsights_sitenote_category":0},"categories":[4],"tags":[],"aioseo_notices":[],"gutentor_comment":0,"rttpg_featured_image_url":{"full":["https:\/\/arantv.az\/wp-content\/uploads\/2024\/09\/22b96b0dc1a3ba8f77ce8f3e6909aaf2.jpg",850,500,false],"landscape":["https:\/\/arantv.az\/wp-content\/uploads\/2024\/09\/22b96b0dc1a3ba8f77ce8f3e6909aaf2.jpg",850,500,false],"portraits":["https:\/\/arantv.az\/wp-content\/uploads\/2024\/09\/22b96b0dc1a3ba8f77ce8f3e6909aaf2.jpg",850,500,false],"thumbnail":["https:\/\/arantv.az\/wp-content\/uploads\/2024\/09\/22b96b0dc1a3ba8f77ce8f3e6909aaf2-500x280.jpg",500,280,true],"medium":["https:\/\/arantv.az\/wp-content\/uploads\/2024\/09\/22b96b0dc1a3ba8f77ce8f3e6909aaf2-621x365.jpg",621,365,true],"large":["https:\/\/arantv.az\/wp-content\/uploads\/2024\/09\/22b96b0dc1a3ba8f77ce8f3e6909aaf2-840x494.jpg",640,376,true],"1536x1536":["https:\/\/arantv.az\/wp-content\/uploads\/2024\/09\/22b96b0dc1a3ba8f77ce8f3e6909aaf2.jpg",850,500,false],"2048x2048":["https:\/\/arantv.az\/wp-content\/uploads\/2024\/09\/22b96b0dc1a3ba8f77ce8f3e6909aaf2.jpg",850,500,false],"post-thumbnail":["https:\/\/arantv.az\/wp-content\/uploads\/2024\/09\/22b96b0dc1a3ba8f77ce8f3e6909aaf2-240x172.jpg",240,172,true],"advps-thumb-one":["https:\/\/arantv.az\/wp-content\/uploads\/2024\/09\/22b96b0dc1a3ba8f77ce8f3e6909aaf2.jpg",850,500,false]},"rttpg_author":{"display_name":"V\u00fcsal Rafiqo\u011flu","author_link":"https:\/\/arantv.az\/?author=2"},"rttpg_comment":0,"rttpg_category":"<a href=\"https:\/\/arantv.az\/?cat=4\" rel=\"category\">Siyas\u0259t<\/a>","rttpg_excerpt":"Sentyabr\u0131n 23-d\u0259 Bak\u0131n\u0131n X\u0259tai rayonundak\u0131 \u201cG\u0259nclik\u201d park\u0131nda a\u011fac\u0259km\u0259 aksiyas\u0131 ke\u00e7irilib. ARANTV.AZ \u00a0x\u0259b\u0259r verir ki, Heyd\u0259r \u018fliyev Fondunun prezidenti Mehriban \u018fliyeva, Fondun vitse-prezidenti Leyla \u018fliyeva v\u0259 ail\u0259 \u00fczvl\u0259ri t\u0259dbird\u0259 i\u015ftirak edibl\u0259r. Heyd\u0259r \u018fliyev Fondunun \u201cRegional \u0130nki\u015faf\u201d \u0130ctimai Birliyinin v\u0259 COP29 k\u00f6n\u00fcll\u00fcl\u0259rinin qat\u0131ld\u0131\u011f\u0131 aksiyada 1000 \u0259d\u0259d Eldar \u015fam\u0131 a\u011fac\u0131 \u0259kilib. Qeyd ed\u0259k ki, \u201cG\u0259nclik\u201d park\u0131 Heyd\u0259r \u018fliyev&hellip;","_links":{"self":[{"href":"https:\/\/arantv.az\/index.php?rest_route=\/wp\/v2\/posts\/755584"}],"collection":[{"href":"https:\/\/arantv.az\/index.php?rest_route=\/wp\/v2\/posts"}],"about":[{"href":"https:\/\/arantv.az\/index.php?rest_route=\/wp\/v2\/types\/post"}],"author":[{"embeddable":true,"href":"https:\/\/arantv.az\/index.php?rest_route=\/wp\/v2\/users\/2"}],"replies":[{"embeddable":true,"href":"https:\/\/arantv.az\/index.php?rest_route=%2Fwp%2Fv2%2Fcomments&post=755584"}],"version-history":[{"count":1,"href":"https:\/\/arantv.az\/index.php?rest_route=\/wp\/v2\/posts\/755584\/revisions"}],"predecessor-version":[{"id":755586,"href":"https:\/\/arantv.az\/index.php?rest_route=\/wp\/v2\/posts\/755584\/revisions\/755586"}],"wp:featuredmedia":[{"embeddable":true,"href":"https:\/\/arantv.az\/index.php?rest_route=\/wp\/v2\/media\/755585"}],"wp:attachment":[{"href":"https:\/\/arantv.az\/index.php?rest_route=%2Fwp%2Fv2%2Fmedia&parent=755584"}],"wp:term":[{"taxonomy":"category","embeddable":true,"href":"https:\/\/arantv.az\/index.php?rest_route=%2Fwp%2Fv2%2Fcategories&post=755584"},{"taxonomy":"post_tag","embeddable":true,"href":"https:\/\/arantv.az\/index.php?rest_route=%2Fwp%2Fv2%2Ftags&post=755584"}],"curies":[{"name":"wp","href":"https:\/\/api.w.org\/{rel}","templated":true}]}}