{"id":755591,"date":"2024-09-23T21:14:11","date_gmt":"2024-09-23T17:14:11","guid":{"rendered":"https:\/\/arantv.az\/?p=755591"},"modified":"2024-09-23T21:14:11","modified_gmt":"2024-09-23T17:14:11","slug":"qazaxistanin-mudafi%c9%99-naziri-az%c9%99rbaycanda-s%c9%99f%c9%99rd%c9%99dir","status":"publish","type":"post","link":"https:\/\/arantv.az\/?p=755591","title":{"rendered":"Qazax\u0131stan\u0131n m\u00fcdafi\u0259 naziri Az\u0259rbaycanda s\u0259f\u0259rd\u0259dir"},"content":{"rendered":"<p><strong>M\u00fcdafi\u0259 naziri general-polkovnik Zakir H\u0259s\u0259novun d\u0259v\u0259ti il\u0259 Qazax\u0131stan Respublikas\u0131n\u0131n m\u00fcdafi\u0259 naziri general-polkovnik Ruslan Jaks\u0131l\u0131kov sentyabr\u0131n 23-d\u0259 Az\u0259rbaycana s\u0259f\u0259r edib.<\/strong><\/p>\n<p>Bu bar\u0259d\u0259\u00a0<strong>Musavat.com<\/strong>-a Az\u0259rbaycan\u0131n M\u00fcdafi\u0259 Nazirliyind\u0259n m\u0259lumat verilib.<\/p>\n<p>Bildirilib ki, qazax\u0131stanl\u0131 nazir &#8220;ADEX&#8221; 5-ci Az\u0259rbaycan Beyn\u0259lxalq M\u00fcdafi\u0259 S\u0259rgisind\u0259 i\u015ftirak ed\u0259c\u0259k. S\u0259f\u0259r \u00e7\u0259r\u00e7iv\u0259sind\u0259 \u00f6lk\u0259l\u0259r aras\u0131nda h\u0259rbi \u0259m\u0259kda\u015fl\u0131q, regional t\u0259hl\u00fck\u0259sizlik v\u0259 qar\u015f\u0131l\u0131ql\u0131 maraq do\u011furan bir s\u0131ra dig\u0259r m\u0259s\u0259l\u0259l\u0259rin m\u00fczakir\u0259si planla\u015fd\u0131r\u0131l\u0131b.<\/p>\n","protected":false},"excerpt":{"rendered":"<p>M\u00fcdafi\u0259 naziri general-polkovnik Zakir H\u0259s\u0259novun d\u0259v\u0259ti il\u0259 Qazax\u0131stan Respublikas\u0131n\u0131n m\u00fcdafi\u0259 naziri general-polkovnik Ruslan Jaks\u0131l\u0131kov sentyabr\u0131n 23-d\u0259 Az\u0259rbaycana s\u0259f\u0259r edib. Bu bar\u0259d\u0259\u00a0Musavat.com-a Az\u0259rbaycan\u0131n M\u00fcdafi\u0259 Nazirliyind\u0259n m\u0259lumat verilib. Bildirilib ki, qazax\u0131stanl\u0131 nazir &#8220;ADEX&#8221; 5-ci Az\u0259rbaycan Beyn\u0259lxalq M\u00fcdafi\u0259 S\u0259rgisind\u0259 i\u015ftirak ed\u0259c\u0259k. S\u0259f\u0259r \u00e7\u0259r\u00e7iv\u0259sind\u0259 \u00f6lk\u0259l\u0259r aras\u0131nda h\u0259rbi \u0259m\u0259kda\u015fl\u0131q, regional t\u0259hl\u00fck\u0259sizlik v\u0259 qar\u015f\u0131l\u0131ql\u0131 maraq do\u011furan bir s\u0131ra dig\u0259r m\u0259s\u0259l\u0259l\u0259rin m\u00fczakir\u0259si planla\u015fd\u0131r\u0131l\u0131b.<\/p>\n","protected":false},"author":2,"featured_media":755592,"comment_status":"closed","ping_status":"closed","sticky":false,"template":"","format":"standard","meta":{"om_disable_all_campaigns":false,"_monsterinsights_skip_tracking":false,"_monsterinsights_sitenote_active":false,"_monsterinsights_sitenote_note":"","_monsterinsights_sitenote_category":0},"categories":[10],"tags":[],"aioseo_notices":[],"gutentor_comment":0,"rttpg_featured_image_url":{"full":["https:\/\/arantv.az\/wp-content\/uploads\/2024\/09\/2af5f7cb7f39169e1b02012c0d053927.jpg",850,500,false],"landscape":["https:\/\/arantv.az\/wp-content\/uploads\/2024\/09\/2af5f7cb7f39169e1b02012c0d053927.jpg",850,500,false],"portraits":["https:\/\/arantv.az\/wp-content\/uploads\/2024\/09\/2af5f7cb7f39169e1b02012c0d053927.jpg",850,500,false],"thumbnail":["https:\/\/arantv.az\/wp-content\/uploads\/2024\/09\/2af5f7cb7f39169e1b02012c0d053927-500x280.jpg",500,280,true],"medium":["https:\/\/arantv.az\/wp-content\/uploads\/2024\/09\/2af5f7cb7f39169e1b02012c0d053927-621x365.jpg",621,365,true],"large":["https:\/\/arantv.az\/wp-content\/uploads\/2024\/09\/2af5f7cb7f39169e1b02012c0d053927-840x494.jpg",640,376,true],"1536x1536":["https:\/\/arantv.az\/wp-content\/uploads\/2024\/09\/2af5f7cb7f39169e1b02012c0d053927.jpg",850,500,false],"2048x2048":["https:\/\/arantv.az\/wp-content\/uploads\/2024\/09\/2af5f7cb7f39169e1b02012c0d053927.jpg",850,500,false],"post-thumbnail":["https:\/\/arantv.az\/wp-content\/uploads\/2024\/09\/2af5f7cb7f39169e1b02012c0d053927-240x172.jpg",240,172,true],"advps-thumb-one":["https:\/\/arantv.az\/wp-content\/uploads\/2024\/09\/2af5f7cb7f39169e1b02012c0d053927.jpg",850,500,false]},"rttpg_author":{"display_name":"V\u00fcsal Rafiqo\u011flu","author_link":"https:\/\/arantv.az\/?author=2"},"rttpg_comment":0,"rttpg_category":"<a href=\"https:\/\/arantv.az\/?cat=10\" rel=\"category\">C\u0259bh\u0259d\u0259n X\u0259b\u0259r<\/a>","rttpg_excerpt":"M\u00fcdafi\u0259 naziri general-polkovnik Zakir H\u0259s\u0259novun d\u0259v\u0259ti il\u0259 Qazax\u0131stan Respublikas\u0131n\u0131n m\u00fcdafi\u0259 naziri general-polkovnik Ruslan Jaks\u0131l\u0131kov sentyabr\u0131n 23-d\u0259 Az\u0259rbaycana s\u0259f\u0259r edib. Bu bar\u0259d\u0259\u00a0Musavat.com-a Az\u0259rbaycan\u0131n M\u00fcdafi\u0259 Nazirliyind\u0259n m\u0259lumat verilib. Bildirilib ki, qazax\u0131stanl\u0131 nazir &#8220;ADEX&#8221; 5-ci Az\u0259rbaycan Beyn\u0259lxalq M\u00fcdafi\u0259 S\u0259rgisind\u0259 i\u015ftirak ed\u0259c\u0259k. S\u0259f\u0259r \u00e7\u0259r\u00e7iv\u0259sind\u0259 \u00f6lk\u0259l\u0259r aras\u0131nda h\u0259rbi \u0259m\u0259kda\u015fl\u0131q, regional t\u0259hl\u00fck\u0259sizlik v\u0259 qar\u015f\u0131l\u0131ql\u0131 maraq do\u011furan bir s\u0131ra dig\u0259r m\u0259s\u0259l\u0259l\u0259rin m\u00fczakir\u0259si&hellip;","_links":{"self":[{"href":"https:\/\/arantv.az\/index.php?rest_route=\/wp\/v2\/posts\/755591"}],"collection":[{"href":"https:\/\/arantv.az\/index.php?rest_route=\/wp\/v2\/posts"}],"about":[{"href":"https:\/\/arantv.az\/index.php?rest_route=\/wp\/v2\/types\/post"}],"author":[{"embeddable":true,"href":"https:\/\/arantv.az\/index.php?rest_route=\/wp\/v2\/users\/2"}],"replies":[{"embeddable":true,"href":"https:\/\/arantv.az\/index.php?rest_route=%2Fwp%2Fv2%2Fcomments&post=755591"}],"version-history":[{"count":2,"href":"https:\/\/arantv.az\/index.php?rest_route=\/wp\/v2\/posts\/755591\/revisions"}],"predecessor-version":[{"id":755594,"href":"https:\/\/arantv.az\/index.php?rest_route=\/wp\/v2\/posts\/755591\/revisions\/755594"}],"wp:featuredmedia":[{"embeddable":true,"href":"https:\/\/arantv.az\/index.php?rest_route=\/wp\/v2\/media\/755592"}],"wp:attachment":[{"href":"https:\/\/arantv.az\/index.php?rest_route=%2Fwp%2Fv2%2Fmedia&parent=755591"}],"wp:term":[{"taxonomy":"category","embeddable":true,"href":"https:\/\/arantv.az\/index.php?rest_route=%2Fwp%2Fv2%2Fcategories&post=755591"},{"taxonomy":"post_tag","embeddable":true,"href":"https:\/\/arantv.az\/index.php?rest_route=%2Fwp%2Fv2%2Ftags&post=755591"}],"curies":[{"name":"wp","href":"https:\/\/api.w.org\/{rel}","templated":true}]}}