{"id":75563,"date":"2019-08-27T13:52:50","date_gmt":"2019-08-27T10:52:50","guid":{"rendered":"http:\/\/arantv.az\/?p=75563"},"modified":"2019-08-27T13:52:50","modified_gmt":"2019-08-27T10:52:50","slug":"sabah-yagis-yagacaq-2","status":"publish","type":"post","link":"https:\/\/arantv.az\/?p=75563","title":{"rendered":"Sabah ya\u011f\u0131\u015f ya\u011facaq"},"content":{"rendered":"<p>Az\u0259rbaycanda sabaha g\u00f6zl\u0259nil\u0259n hava \u015f\u0259raiti a\u00e7\u0131qlan\u0131b.<\/p>\n<p>Ekologiya v\u0259 T\u0259bii S\u0259rv\u0259tl\u0259r Nazirliyinin Milli Hidrometeorologiya Departamentind\u0259n <strong>ARANTV<\/strong><b>.AZ<\/b>-a veril\u0259n m\u0259lumata g\u00f6r\u0259, avqustun 28-d\u0259 Bak\u0131da v\u0259 Ab\u015feron yar\u0131madas\u0131nda havan\u0131n d\u0259yi\u015fk\u0259n buludlu olaca\u011f\u0131, arabir tutulaca\u011f\u0131, \u0259sas\u0259n, ya\u011fmursuz ke\u00e7\u0259c\u0259yi g\u00f6zl\u0259nilir. Lakin g\u00fcn\u00fcn birinci yar\u0131s\u0131nda b\u0259zi yerl\u0259rd\u0259 q\u0131sam\u00fcdd\u0259tli ya\u011f\u0131\u015f ya\u011faca\u011f\u0131 ehtimal\u0131 var. \u015eimal-\u015f\u0259rq k\u00fcl\u0259yi \u0259s\u0259c\u0259k.<\/p>\n<p>Havan\u0131n temperaturu Ab\u015feron yar\u0131madas\u0131nda gec\u0259 20-23, g\u00fcnd\u00fcz 29-33, Bak\u0131da gec\u0259 21-23, g\u00fcnd\u00fcz 30-32 d\u0259r\u0259c\u0259 isti t\u0259\u015fkil ed\u0259c\u0259k. Atmosfer t\u0259zyiqi norma daxilind\u0259 760 mm civ\u0259 s\u00fctunu, nisbi r\u00fctub\u0259t gec\u0259 65-75, g\u00fcnd\u00fcz 45-55 faiz olacaq.<\/p>\n<div id=\"AdviadNativeVideo0\" class=\"AdviadNativeVideo\"><\/div>\n<p>Ab\u015feron \u00e7im\u0259rlikl\u0259rind\u0259 \u015fimal-\u015f\u0259rq k\u00fcl\u0259yi \u0259s\u0259c\u0259k. D\u0259niz suyunun temperaturu \u015fimal \u00e7im\u0259rlikl\u0259rind\u0259 (Sumqay\u0131t, Novxan\u0131, Pir\u015fa\u011f\u0131, Nardaran, Bilg\u0259h, Zaqulba) 24-25, c\u0259nub \u00e7im\u0259rlikl\u0259rind\u0259 (T\u00fcrkan, H\u00f6vsan, Sahil, \u015e\u0131x) 25-26 d\u0259r\u0259c\u0259 isti t\u0259\u015fkil ed\u0259c\u0259k.<\/p>\n<p>Avqustun 28-d\u0259 Az\u0259rbaycan\u0131n rayonlar\u0131nda hava \u0259ks\u0259r rayonlarda, \u0259sas\u0259n, ya\u011fmursuz ke\u00e7\u0259c\u0259k, lakin b\u0259zi \u015fimal v\u0259 q\u0259rb rayonlar\u0131nda \u015fim\u015f\u0259k \u00e7axaca\u011f\u0131, ya\u011f\u0131\u015f ya\u011faca\u011f\u0131 g\u00f6zl\u0259nilir. B\u00f6y\u00fck Qafqaz\u0131n ayr\u0131-ayr\u0131 yerl\u0259rind\u0259 ya\u011f\u0131\u015f\u0131n leysan xarakterli olaca\u011f\u0131, dolu d\u00fc\u015f\u0259c\u0259yi ehtimal\u0131 var. S\u0259h\u0259r b\u0259zi yerl\u0259rd\u0259 duman olacaq. \u015e\u0259rq k\u00fcl\u0259yi \u0259s\u0259c\u0259k, ayr\u0131-ayr\u0131 yerl\u0259rd\u0259 arabir g\u00fccl\u0259n\u0259c\u0259k.<\/p>\n<p>Havan\u0131n temperaturu gec\u0259 18-23, g\u00fcnd\u00fcz 32-37, da\u011flarda gec\u0259 12-17, g\u00fcnd\u00fcz 23-28 d\u0259r\u0259c\u0259 isti t\u0259\u015fkil ed\u0259c\u0259k.<\/p>\n<p>Tibbi-meteoroloji proqnoza g\u0259linc\u0259, avqustun 28-29-da Ab\u015feron yar\u0131madas\u0131nda meteoroloji amill\u0259rin z\u0259if v\u0259 m\u00fclayim t\u0259r\u0259dd\u00fcd\u00fc meteoh\u0259ssas insanlar \u00fc\u00e7\u00fcn nisb\u0259t\u0259n \u0259lveri\u015flidir.<\/p>\n","protected":false},"excerpt":{"rendered":"<p>Az\u0259rbaycanda sabaha g\u00f6zl\u0259nil\u0259n hava \u015f\u0259raiti a\u00e7\u0131qlan\u0131b. Ekologiya v\u0259 T\u0259bii S\u0259rv\u0259tl\u0259r Nazirliyinin Milli Hidrometeorologiya Departamentind\u0259n ARANTV.AZ-a veril\u0259n m\u0259lumata g\u00f6r\u0259, avqustun 28-d\u0259 Bak\u0131da v\u0259 Ab\u015feron yar\u0131madas\u0131nda havan\u0131n d\u0259yi\u015fk\u0259n buludlu olaca\u011f\u0131, arabir tutulaca\u011f\u0131, \u0259sas\u0259n, ya\u011fmursuz ke\u00e7\u0259c\u0259yi g\u00f6zl\u0259nilir. Lakin g\u00fcn\u00fcn birinci yar\u0131s\u0131nda b\u0259zi yerl\u0259rd\u0259 q\u0131sam\u00fcdd\u0259tli ya\u011f\u0131\u015f ya\u011faca\u011f\u0131 ehtimal\u0131 var. \u015eimal-\u015f\u0259rq k\u00fcl\u0259yi \u0259s\u0259c\u0259k. Havan\u0131n temperaturu Ab\u015feron yar\u0131madas\u0131nda gec\u0259 20-23, g\u00fcnd\u00fcz 29-33, Bak\u0131da gec\u0259 21-23, g\u00fcnd\u00fcz 30-32 d\u0259r\u0259c\u0259 isti t\u0259\u015fkil ed\u0259c\u0259k. Atmosfer t\u0259zyiqi norma daxilind\u0259 760 mm civ\u0259 s\u00fctunu, nisbi r\u00fctub\u0259t gec\u0259 65-75, g\u00fcnd\u00fcz 45-55 faiz olacaq. Ab\u015feron \u00e7im\u0259rlikl\u0259rind\u0259 \u015fimal-\u015f\u0259rq k\u00fcl\u0259yi \u0259s\u0259c\u0259k. D\u0259niz suyunun temperaturu \u015fimal&hellip;<\/p>\n","protected":false},"author":2,"featured_media":75564,"comment_status":"closed","ping_status":"closed","sticky":false,"template":"","format":"standard","meta":{"om_disable_all_campaigns":false,"_monsterinsights_skip_tracking":false,"_monsterinsights_sitenote_active":false,"_monsterinsights_sitenote_note":"","_monsterinsights_sitenote_category":0},"categories":[19],"tags":[],"aioseo_notices":[],"gutentor_comment":0,"rttpg_featured_image_url":{"full":["https:\/\/arantv.az\/wp-content\/uploads\/2019\/08\/183185_myku4ap9v5.jpg",650,340,false],"landscape":["https:\/\/arantv.az\/wp-content\/uploads\/2019\/08\/183185_myku4ap9v5.jpg",650,340,false],"portraits":["https:\/\/arantv.az\/wp-content\/uploads\/2019\/08\/183185_myku4ap9v5.jpg",650,340,false],"thumbnail":["https:\/\/arantv.az\/wp-content\/uploads\/2019\/08\/183185_myku4ap9v5-150x150.jpg",150,150,true],"medium":["https:\/\/arantv.az\/wp-content\/uploads\/2019\/08\/183185_myku4ap9v5-300x157.jpg",300,157,true],"large":["https:\/\/arantv.az\/wp-content\/uploads\/2019\/08\/183185_myku4ap9v5.jpg",640,335,false],"1536x1536":["https:\/\/arantv.az\/wp-content\/uploads\/2019\/08\/183185_myku4ap9v5.jpg",650,340,false],"2048x2048":["https:\/\/arantv.az\/wp-content\/uploads\/2019\/08\/183185_myku4ap9v5.jpg",650,340,false],"post-thumbnail":["https:\/\/arantv.az\/wp-content\/uploads\/2019\/08\/183185_myku4ap9v5-240x172.jpg",240,172,true],"advps-thumb-one":["https:\/\/arantv.az\/wp-content\/uploads\/2019\/08\/183185_myku4ap9v5.jpg",650,340,false]},"rttpg_author":{"display_name":"V\u00fcsal Rafiqo\u011flu","author_link":"https:\/\/arantv.az\/?author=2"},"rttpg_comment":0,"rttpg_category":"<a href=\"https:\/\/arantv.az\/?cat=19\" rel=\"category\">G\u00fcnd\u0259m<\/a>","rttpg_excerpt":"Az\u0259rbaycanda sabaha g\u00f6zl\u0259nil\u0259n hava \u015f\u0259raiti a\u00e7\u0131qlan\u0131b. Ekologiya v\u0259 T\u0259bii S\u0259rv\u0259tl\u0259r Nazirliyinin Milli Hidrometeorologiya Departamentind\u0259n ARANTV.AZ-a veril\u0259n m\u0259lumata g\u00f6r\u0259, avqustun 28-d\u0259 Bak\u0131da v\u0259 Ab\u015feron yar\u0131madas\u0131nda havan\u0131n d\u0259yi\u015fk\u0259n buludlu olaca\u011f\u0131, arabir tutulaca\u011f\u0131, \u0259sas\u0259n, ya\u011fmursuz ke\u00e7\u0259c\u0259yi g\u00f6zl\u0259nilir. Lakin g\u00fcn\u00fcn birinci yar\u0131s\u0131nda b\u0259zi yerl\u0259rd\u0259 q\u0131sam\u00fcdd\u0259tli ya\u011f\u0131\u015f ya\u011faca\u011f\u0131 ehtimal\u0131 var. \u015eimal-\u015f\u0259rq k\u00fcl\u0259yi \u0259s\u0259c\u0259k. Havan\u0131n temperaturu Ab\u015feron yar\u0131madas\u0131nda gec\u0259 20-23, g\u00fcnd\u00fcz&hellip;","_links":{"self":[{"href":"https:\/\/arantv.az\/index.php?rest_route=\/wp\/v2\/posts\/75563"}],"collection":[{"href":"https:\/\/arantv.az\/index.php?rest_route=\/wp\/v2\/posts"}],"about":[{"href":"https:\/\/arantv.az\/index.php?rest_route=\/wp\/v2\/types\/post"}],"author":[{"embeddable":true,"href":"https:\/\/arantv.az\/index.php?rest_route=\/wp\/v2\/users\/2"}],"replies":[{"embeddable":true,"href":"https:\/\/arantv.az\/index.php?rest_route=%2Fwp%2Fv2%2Fcomments&post=75563"}],"version-history":[{"count":0,"href":"https:\/\/arantv.az\/index.php?rest_route=\/wp\/v2\/posts\/75563\/revisions"}],"wp:featuredmedia":[{"embeddable":true,"href":"https:\/\/arantv.az\/index.php?rest_route=\/wp\/v2\/media\/75564"}],"wp:attachment":[{"href":"https:\/\/arantv.az\/index.php?rest_route=%2Fwp%2Fv2%2Fmedia&parent=75563"}],"wp:term":[{"taxonomy":"category","embeddable":true,"href":"https:\/\/arantv.az\/index.php?rest_route=%2Fwp%2Fv2%2Fcategories&post=75563"},{"taxonomy":"post_tag","embeddable":true,"href":"https:\/\/arantv.az\/index.php?rest_route=%2Fwp%2Fv2%2Ftags&post=75563"}],"curies":[{"name":"wp","href":"https:\/\/api.w.org\/{rel}","templated":true}]}}