{"id":75566,"date":"2019-08-27T13:57:19","date_gmt":"2019-08-27T10:57:19","guid":{"rendered":"http:\/\/arantv.az\/?p=75566"},"modified":"2019-08-27T13:57:19","modified_gmt":"2019-08-27T10:57:19","slug":"the-washington-times-mehriban-%c9%99liyeva-iqlim-d%c9%99yisikliyin%c9%99-nec%c9%99-qalib-g%c9%99lm%c9%99yin-yolunu-gost%c9%99rir","status":"publish","type":"post","link":"https:\/\/arantv.az\/?p=75566","title":{"rendered":"&#8220;The Washington Times&#8221;: Mehriban \u018fliyeva iqlim d\u0259yi\u015fikliyin\u0259 nec\u0259 qalib g\u0259lm\u0259yin yolunu g\u00f6st\u0259rir"},"content":{"rendered":"<p>AB\u015e c\u0259miyy\u0259ti iqlim d\u0259yi\u015fikliyinin n\u0259tic\u0259l\u0259ri il\u0259 m\u00fcbariz\u0259 \u00fcsullar\u0131n\u0131n m\u00fczakir\u0259sini davam etdirdiyi bir vaxtda Az\u0259rbaycan\u0131n Birinci xan\u0131m\u0131 Mehriban \u018fliyeva m\u0259s\u0259l\u0259ni siyasil\u0259\u015fdirm\u0259d\u0259n karbon qaz\u0131 tullant\u0131lar\u0131 il\u0259 m\u00fcbariz\u0259d\u0259 qlobal model\u0259 \u00e7evril\u0259 bil\u0259c\u0259k taktikan\u0131 \u2013 a\u011faclar\u0131n \u0259kilm\u0259sini sakit \u015f\u0259kild\u0259 h\u0259yata ke\u00e7irir.<\/p>\n<p>Bu bar\u0259d\u0259 &#8220;Caspian Group Holdings&#8221;in direktoru Rob S\u00fcbhani &#8220;The Washington Times&#8221;da d\u0259rc edil\u0259n\u00a0<a href=\"https:\/\/www.washingtontimes.com\/news\/2019\/aug\/26\/azerbaijans-first-lady-tree-planting\/\" target=\"_blank\" rel=\"noopener\">m\u0259qal\u0259<\/a>sind\u0259 yaz\u0131r:<\/p>\n<p>&#8220;1990-c\u0131\u00a0ild\u0259 Az\u0259rbaycana ilk d\u0259f\u0259 s\u0259f\u0259r ed\u0259rk\u0259n SSR\u0130-nin da\u011f\u0131lmas\u0131ndan sonra \u00f6lk\u0259d\u0259 \u0259traf m\u00fchitin ac\u0131nacaql\u0131 v\u0259ziyy\u0259td\u0259 oldu\u011funu g\u00f6rd\u00fcm. Paytaxt Bak\u0131da hava \u00e7irkli idi, aeroportdan Bak\u0131n\u0131n m\u0259rk\u0259zin\u0259 ged\u0259n yol boyunca praktiki olaraq a\u011fac yox idi, bunun \u0259v\u0259zind\u0259 neft t\u0259b\u0259q\u0259si il\u0259 \u00f6rt\u00fclm\u00fc\u015f g\u00f6ll\u0259ri m\u00fc\u015fahid\u0259 etm\u0259k olard\u0131.<\/p>\n<div id=\"AdviadNativeVideo0\" class=\"AdviadNativeVideo\"><\/div>\n<p>Mehriban \u018fliyevan\u0131n s\u0259yl\u0259ri say\u0259sind\u0259 haz\u0131rda Az\u0259rbaycanda k\u00fctl\u0259vi \u015f\u0259kild\u0259 a\u011faclar\u00a0\u0259kilir. Uzaqg\u00f6r\u0259n Birinci xan\u0131m b\u00fct\u00fcn d\u00fcnyaya g\u00f6st\u0259rir ki, m\u0259s\u0259l\u0259ni qlobal problem\u0259 \u00e7evirm\u0259d\u0259n iqlim d\u0259yi\u015fikliyin\u0259 nec\u0259 qalib g\u0259lm\u0259k, karbon qaz\u0131n\u0131n t\u0259hl\u00fck\u0259li tullant\u0131lar\u0131 il\u0259 nec\u0259 m\u00fcbariz\u0259 aparmaq olar. A\u011faclar b\u00f6y\u00fcy\u0259nd\u0259 karbon qaz\u0131n\u0131 uzaqla\u015fd\u0131raraq iqlim d\u0259yi\u015fikliyini dayand\u0131rma\u011fa k\u00f6m\u0259k edir, bitkil\u0259r karbonu udaraq, atmosfer\u0259 oksigen burax\u0131r.<\/p>\n<p>\u0130sve\u00e7r\u0259 Federal Texnologiya \u0130nstitutunun hesablamalar\u0131na g\u00f6r\u0259, bu a\u011faclar b\u00f6y\u00fcy\u00fcr v\u0259 onlar b\u0259\u015f\u0259riyy\u0259tin s\u0259naye inqilab\u0131ndan sonra atmosfer\u0259 buraxd\u0131\u011f\u0131 330 milyard ton karbon qaz\u0131n\u0131n t\u0259qrib\u0259n \u00fc\u00e7d\u0259 ikisini, yaxud 225 milyard ton karbon qaz\u0131n\u0131 saxlaya bil\u0259c\u0259k.<\/p>\n<p>Az\u0259rbaycanda a\u011faclar\u0131n \u0259kilm\u0259si t\u0259kc\u0259 sovet d\u00f6vr\u00fcnd\u0259 da\u011f\u0131d\u0131lm\u0131\u015f ekologiya il\u0259 m\u00fcbariz\u0259 aparmaq \u00fcsulu deyil, h\u0259m d\u0259 ictimai sa\u011flaml\u0131qla birba\u015fa ba\u011fl\u0131d\u0131r. Harvard Universitetinin \u0259traf m\u00fchitin sanitar v\u0259ziyy\u0259ti \u00fczr\u0259 eksperti Linda Tomassonun s\u00f6zl\u0259rin\u0259 \u0259sas\u0259n, a\u011faclar\u0131n \u0259kilm\u0259sinin inan\u0131lmaz \u00fcst\u00fcnl\u00fckl\u0259ri var, habel\u0259 havan\u0131n \u00e7irkl\u0259nm\u0259si v\u0259 a\u011fciy\u0259r x\u0259st\u0259likl\u0259ri aras\u0131nda \u0259laq\u0259ni yum\u015falda bil\u0259r. T\u0259\u0259cc\u00fcbl\u00fc deyil ki, Az\u0259rbaycanda z\u0259r\u0259rli hiss\u0259cikl\u0259ri havadan daha tez s\u00fczg\u0259cd\u0259n ke\u00e7irm\u0259y\u0259 imkan ver\u0259n iriyarpaql\u0131 a\u011faclar\u0131n \u0259kilm\u0259si il\u0259 ba\u011fl\u0131 s\u0259yl\u0259r g\u00f6st\u0259rilir.<\/p>\n<p>Birinci xan\u0131mda a\u011fac \u0259km\u0259y\u0259 h\u0259v\u0259s oyadan daha bir amil is\u0259 iqtisadiyyatd\u0131r. Yerli sakinl\u0259r a\u011faclar\u0131 \u0259k\u0259r\u0259k, onlar\u0131n qay\u011f\u0131s\u0131na qal\u0131rlar, bu da onlara g\u0259lir g\u0259tirir. Az\u0259rbaycan\u0131n IDEA qeyri-h\u00f6kum\u0259t t\u0259\u015fkilat\u0131 g\u0259ncl\u0259rin v\u0259ziyy\u0259tini yax\u015f\u0131la\u015fd\u0131rmaq \u00fc\u00e7\u00fcn a\u011faclar\u0131n \u0259kilm\u0259sini \u0259la f\u00fcrs\u0259t kimi d\u0259y\u0259rl\u0259ndirir v\u0259 t\u0259\u0259cc\u00fcbl\u00fc deyil ki, &#8220;Coca-Cola&#8221;\u00a0\u015firk\u0259ti Az\u0259rbaycan Diplomatik Akademiyas\u0131 Universiteti il\u0259 \u0259m\u0259kda\u015fl\u0131q ed\u0259r\u0259k, 2020-ci il\u0259d\u0259k 100 min \u0259d\u0259d a\u011fac \u0259km\u0259yi planla\u015fd\u0131r\u0131r.<\/p>\n<p>Mehriban \u018fliyevan\u0131n a\u011faclar\u0131n \u0259kilm\u0259si \u00fczr\u0259 t\u0259\u015f\u0259bb\u00fcs\u00fc v\u0259 onun qlobal n\u00fcfuzu AB\u015e-\u0131n &#8220;Eden Projects&#8221; xeyriyy\u0259 t\u0259\u015fkilat\u0131 t\u0259r\u0259find\u0259n d\u0259st\u0259kl\u0259nib. &#8220;Eden Projects&#8221; bu yax\u0131nlarda Mozambikd\u0259 2,2 milyon \u0259d\u0259d a\u011fac \u0259kib.<\/p>\n<p>T\u0259\u015fkilat\u0131n ba\u015f direktoru Stiv Fit\u00e7in s\u00f6zl\u0259rin\u0259 g\u00f6r\u0259, a\u011faclar\u0131n \u0259kilm\u0259si k\u0259ndl\u0259rd\u0259 m\u0259\u015f\u011fullu\u011fu art\u0131r\u0131b v\u0259 risk qrupuna daxil olan g\u0259ncl\u0259r\u0259 k\u00f6m\u0259k edib.<\/p>\n<p>Mehriban \u018fliyevan\u0131n a\u011faclar\u0131n \u0259kilm\u0259si il\u0259 ba\u011fl\u0131 kampaniyas\u0131 qlobal miqyasda dini d\u00f6z\u00fcml\u00fcl\u00fck, qar\u015f\u0131l\u0131ql\u0131 anlay\u0131\u015f v\u0259 \u0259m\u0259kda\u015fl\u0131q i\u015find\u0259 \u00e7ox vacib rol oynay\u0131r. D\u00fcnyan\u0131n b\u00fct\u00fcn \u0259sas dinl\u0259ri Tanr\u0131n\u0131n h\u0259diyy\u0259si olaraq a\u011faclar\u0131n \u0259kilm\u0259sini t\u0259\u015fviq edir. M\u0259s\u0259l\u0259n, Tu Bi\u015fvat bayram\u0131 zaman\u0131 a\u011faclar\u0131n \u0259kilm\u0259si \u0130udaizmd\u0259 h\u0259mi\u015f\u0259 b\u00f6y\u00fck ehtiram g\u00f6r\u00fcb.<\/p>\n<p>&#8220;Quran&#8221; v\u0259 h\u0259disl\u0259rd\u0259 Allah ad\u0131na a\u011faclar\u0131n \u0259kilm\u0259si haqq\u0131nda bir \u00e7ox xat\u0131rlatma m\u00f6vcuddur. &#8220;Bibliya&#8221;da a\u011faclar &#8220;qida \u00fc\u00e7\u00fcn faydal\u0131&#8221;\u00a0kimi g\u00f6st\u0259rilir. A\u011faclar\u0131n \u0259kilm\u0259si \u00fczr\u0259 qlobal kampaniya m\u00fcxt\u0259lif dini inanc\u0131 v\u0259 \u0259qid\u0259si olan insanlar\u0131 birl\u0259\u015fdir\u0259 bil\u0259r. &#8220;Vos Foundation&#8221;un m\u0259lumat\u0131na g\u00f6r\u0259, bir a\u011fac\u0131n \u0259kilm\u0259si t\u0259qrib\u0259n 10 sent\u0259 ba\u015fa g\u0259lir, m\u00fcvafiq olaraq, bir\u00a0trilyon a\u011fac\u0131n \u0259kilm\u0259si 100 milyard dollara ba\u015fa g\u0259l\u0259c\u0259k.<\/p>\n<p>\u0130br\u0259tli hekay\u0259 kitab\u0131nda deyilir: &#8220;G\u00f6rm\u0259 qabiliyy\u0259tinin olmad\u0131\u011f\u0131 yerd\u0259 insanlar \u00f6l\u00fcrl\u0259r&#8221;.<\/p>\n<p>Az\u0259rbaycan\u0131n Birinci xan\u0131m\u0131 planetimizi nec\u0259 qoruya bil\u0259c\u0259yimiz \u00fczr\u0259 bax\u0131\u015f buca\u011f\u0131n\u0131 ortaya qoyub. D\u00fcnya liderl\u0259rinin b\u00fct\u00fcn d\u00fcnyada v\u0259 h\u0259tta \u00f6z h\u0259y\u0259tl\u0259rind\u0259 a\u011faclar \u0259km\u0259k yolu il\u0259\u00a0iqlim d\u0259yi\u015fikliyi probleml\u0259rinin h\u0259llinin bu metodunu t\u0259tbiq etm\u0259sinin art\u0131q vaxt\u0131 \u00e7at\u0131b&#8221;.<\/p>\n","protected":false},"excerpt":{"rendered":"<p>AB\u015e c\u0259miyy\u0259ti iqlim d\u0259yi\u015fikliyinin n\u0259tic\u0259l\u0259ri il\u0259 m\u00fcbariz\u0259 \u00fcsullar\u0131n\u0131n m\u00fczakir\u0259sini davam etdirdiyi bir vaxtda Az\u0259rbaycan\u0131n Birinci xan\u0131m\u0131 Mehriban \u018fliyeva m\u0259s\u0259l\u0259ni siyasil\u0259\u015fdirm\u0259d\u0259n karbon qaz\u0131 tullant\u0131lar\u0131 il\u0259 m\u00fcbariz\u0259d\u0259 qlobal model\u0259 \u00e7evril\u0259 bil\u0259c\u0259k taktikan\u0131 \u2013 a\u011faclar\u0131n \u0259kilm\u0259sini sakit \u015f\u0259kild\u0259 h\u0259yata ke\u00e7irir. Bu bar\u0259d\u0259 &#8220;Caspian Group Holdings&#8221;in direktoru Rob S\u00fcbhani &#8220;The Washington Times&#8221;da d\u0259rc edil\u0259n\u00a0m\u0259qal\u0259sind\u0259 yaz\u0131r: &#8220;1990-c\u0131\u00a0ild\u0259 Az\u0259rbaycana ilk d\u0259f\u0259 s\u0259f\u0259r ed\u0259rk\u0259n SSR\u0130-nin da\u011f\u0131lmas\u0131ndan sonra \u00f6lk\u0259d\u0259 \u0259traf m\u00fchitin ac\u0131nacaql\u0131 v\u0259ziyy\u0259td\u0259 oldu\u011funu g\u00f6rd\u00fcm. Paytaxt Bak\u0131da hava \u00e7irkli idi, aeroportdan Bak\u0131n\u0131n m\u0259rk\u0259zin\u0259 ged\u0259n yol boyunca praktiki olaraq a\u011fac yox idi, bunun \u0259v\u0259zind\u0259 neft t\u0259b\u0259q\u0259si il\u0259 \u00f6rt\u00fclm\u00fc\u015f g\u00f6ll\u0259ri&hellip;<\/p>\n","protected":false},"author":2,"featured_media":75567,"comment_status":"closed","ping_status":"closed","sticky":false,"template":"","format":"standard","meta":{"om_disable_all_campaigns":false,"_monsterinsights_skip_tracking":false,"_monsterinsights_sitenote_active":false,"_monsterinsights_sitenote_note":"","_monsterinsights_sitenote_category":0},"categories":[1],"tags":[],"aioseo_notices":[],"gutentor_comment":0,"rttpg_featured_image_url":{"full":["https:\/\/arantv.az\/wp-content\/uploads\/2019\/08\/mehribanaliyeva.jpg",620,421,false],"landscape":["https:\/\/arantv.az\/wp-content\/uploads\/2019\/08\/mehribanaliyeva.jpg",620,421,false],"portraits":["https:\/\/arantv.az\/wp-content\/uploads\/2019\/08\/mehribanaliyeva.jpg",620,421,false],"thumbnail":["https:\/\/arantv.az\/wp-content\/uploads\/2019\/08\/mehribanaliyeva-150x150.jpg",150,150,true],"medium":["https:\/\/arantv.az\/wp-content\/uploads\/2019\/08\/mehribanaliyeva-300x204.jpg",300,204,true],"large":["https:\/\/arantv.az\/wp-content\/uploads\/2019\/08\/mehribanaliyeva.jpg",620,421,false],"1536x1536":["https:\/\/arantv.az\/wp-content\/uploads\/2019\/08\/mehribanaliyeva.jpg",620,421,false],"2048x2048":["https:\/\/arantv.az\/wp-content\/uploads\/2019\/08\/mehribanaliyeva.jpg",620,421,false],"post-thumbnail":["https:\/\/arantv.az\/wp-content\/uploads\/2019\/08\/mehribanaliyeva-240x172.jpg",240,172,true],"advps-thumb-one":["https:\/\/arantv.az\/wp-content\/uploads\/2019\/08\/mehribanaliyeva.jpg",620,421,false]},"rttpg_author":{"display_name":"V\u00fcsal Rafiqo\u011flu","author_link":"https:\/\/arantv.az\/?author=2"},"rttpg_comment":0,"rttpg_category":"<a href=\"https:\/\/arantv.az\/?cat=1\" rel=\"category\">C\u0259miyy\u0259t<\/a>","rttpg_excerpt":"AB\u015e c\u0259miyy\u0259ti iqlim d\u0259yi\u015fikliyinin n\u0259tic\u0259l\u0259ri il\u0259 m\u00fcbariz\u0259 \u00fcsullar\u0131n\u0131n m\u00fczakir\u0259sini davam etdirdiyi bir vaxtda Az\u0259rbaycan\u0131n Birinci xan\u0131m\u0131 Mehriban \u018fliyeva m\u0259s\u0259l\u0259ni siyasil\u0259\u015fdirm\u0259d\u0259n karbon qaz\u0131 tullant\u0131lar\u0131 il\u0259 m\u00fcbariz\u0259d\u0259 qlobal model\u0259 \u00e7evril\u0259 bil\u0259c\u0259k taktikan\u0131 \u2013 a\u011faclar\u0131n \u0259kilm\u0259sini sakit \u015f\u0259kild\u0259 h\u0259yata ke\u00e7irir. Bu bar\u0259d\u0259 &#8220;Caspian Group Holdings&#8221;in direktoru Rob S\u00fcbhani &#8220;The Washington Times&#8221;da d\u0259rc edil\u0259n\u00a0m\u0259qal\u0259sind\u0259 yaz\u0131r: &#8220;1990-c\u0131\u00a0ild\u0259 Az\u0259rbaycana ilk d\u0259f\u0259&hellip;","_links":{"self":[{"href":"https:\/\/arantv.az\/index.php?rest_route=\/wp\/v2\/posts\/75566"}],"collection":[{"href":"https:\/\/arantv.az\/index.php?rest_route=\/wp\/v2\/posts"}],"about":[{"href":"https:\/\/arantv.az\/index.php?rest_route=\/wp\/v2\/types\/post"}],"author":[{"embeddable":true,"href":"https:\/\/arantv.az\/index.php?rest_route=\/wp\/v2\/users\/2"}],"replies":[{"embeddable":true,"href":"https:\/\/arantv.az\/index.php?rest_route=%2Fwp%2Fv2%2Fcomments&post=75566"}],"version-history":[{"count":0,"href":"https:\/\/arantv.az\/index.php?rest_route=\/wp\/v2\/posts\/75566\/revisions"}],"wp:featuredmedia":[{"embeddable":true,"href":"https:\/\/arantv.az\/index.php?rest_route=\/wp\/v2\/media\/75567"}],"wp:attachment":[{"href":"https:\/\/arantv.az\/index.php?rest_route=%2Fwp%2Fv2%2Fmedia&parent=75566"}],"wp:term":[{"taxonomy":"category","embeddable":true,"href":"https:\/\/arantv.az\/index.php?rest_route=%2Fwp%2Fv2%2Fcategories&post=75566"},{"taxonomy":"post_tag","embeddable":true,"href":"https:\/\/arantv.az\/index.php?rest_route=%2Fwp%2Fv2%2Ftags&post=75566"}],"curies":[{"name":"wp","href":"https:\/\/api.w.org\/{rel}","templated":true}]}}