{"id":755673,"date":"2024-09-24T09:54:01","date_gmt":"2024-09-24T05:54:01","guid":{"rendered":"https:\/\/arantv.az\/?p=755673"},"modified":"2024-09-24T09:54:01","modified_gmt":"2024-09-24T05:54:01","slug":"politoloq-prezident-ilham-%c9%99liyev-d%c9%99-parlamentd%c9%99-cixisinda-b%c9%99yan-etdi-ki","status":"publish","type":"post","link":"https:\/\/arantv.az\/?p=755673","title":{"rendered":"Politoloq: Prezident \u0130lham \u018fliyev d\u0259 parlamentd\u0259 \u00e7\u0131x\u0131\u015f\u0131nda b\u0259yan etdi ki&#8230;"},"content":{"rendered":"<p>Prezident \u0130lham \u018fliyev Milli M\u0259clisin yeni t\u0259rkibd\u0259 ilk iclas\u0131nda \u00e7\u0131x\u0131\u015f\u0131nda s\u00fclh ist\u0259m\u0259y\u0259n Erm\u0259nistana v\u0259 Erm\u0259nistan\u0131 d\u0259st\u0259kl\u0259y\u0259n dair\u0259l\u0259r\u0259 birm\u0259nal\u0131 mesajlar verdi, x\u0259b\u0259rdarl\u0131q edildi.<\/p>\n<p><strong>ARANTV.AZ x\u0259b\u0259r verir ki,<\/strong>\u00a0bunu\u00a0APA-ya a\u00e7\u0131qlamas\u0131nda \u201cBak\u0131 Politoloqlar Klubu\u201d \u0130ctimai Birliyinin s\u0259dri Zaur M\u0259mm\u0259dov bildirib. Zaur M\u0259mm\u0259dov deyib ki, Q\u0259rbin Erm\u0259nistana d\u0259st\u0259yi t\u0259sad\u00fcfi deyil. C\u0259nubi Qafqazda tarixi Az\u0259rbaycan torpaqlar\u0131nda Erm\u0259nistan d\u00f6vl\u0259tinin yarad\u0131lmas\u0131 haz\u0131rda BMT T\u0259hl\u00fck\u0259sizlik \u015euras\u0131nda yer alan 5 d\u00f6vl\u0259td\u0259n 4-n\u00fcn bu v\u0259 ya dig\u0259r \u015f\u0259kild\u0259 i\u015ftirak\u0131 il\u0259 ba\u015f tutub v\u0259 h\u0259min d\u00f6vl\u0259tl\u0259r Az\u0259rbaycan torpaqlar\u0131n\u0131n 30 illik i\u015f\u011fal\u0131na son qoyulmas\u0131nda, status-kvonun d\u0259yi\u015fm\u0259sind\u0259 maraql\u0131 deyildi: \u201cVaxtil\u0259 erm\u0259nil\u0259r \u00fc\u00e7\u00fcn b\u00f6lg\u0259d\u0259 he\u00e7 zaman m\u00f6vcud olmayan d\u00f6vl\u0259t quran, Z\u0259ng\u0259zuru iki hiss\u0259y\u0259 par\u00e7alayaraq q\u0259rb hiss\u0259sini Erm\u0259nistana ver\u0259n, Qaraba\u011fda muxtar vilay\u0259t quran beyn\u0259lxalq subyektl\u0259r bu g\u00fcn d\u0259 anti-Az\u0259rbaycan siyas\u0259ti apararaq, b\u00f6lg\u0259d\u0259 maraqlar\u0131n\u0131 h\u0259yata ke\u00e7irm\u0259k \u00fc\u00e7\u00fcn \u0259ll\u0259rind\u0259n g\u0259l\u0259ni edirl\u0259r. Az\u0259rbaycan\u0131n s\u00fclh t\u0259klif etm\u0259si fonunda m\u0259\u011flub v\u0259 i\u015f\u011fal\u00e7\u0131 Erm\u0259nistana silah satmaq, bu \u00f6lk\u0259yl\u0259 h\u0259rbi v\u0259 texniki \u0259m\u0259kda\u015fl\u0131\u011f\u0131 g\u00fccl\u0259ndirm\u0259k t\u0259bii ki, s\u00fclh\u0259 yox, yeni m\u00fcharib\u0259y\u0259 xidm\u0259t edir. 21-ci \u0259srd\u0259 i\u015f\u011fal\u00e7\u0131 \u00f6lk\u0259nin b\u0259zi Q\u0259rb \u00f6lk\u0259l\u0259ri t\u0259r\u0259find\u0259n m\u00fckafatland\u0131r\u0131lmas\u0131 \u00e7ox pis bir \u00f6rn\u0259kdir. M\u0259s\u0259l\u0259n, tarix\u0259 baxsaq, fa\u015fist Almaniyas\u0131na m\u00fcnasib\u0259td\u0259 qlobal c\u0259zaland\u0131rma mexanizmi i\u015f\u0259 d\u00fc\u015fm\u00fc\u015fd\u00fc. Ancaq indi Erm\u0259nistana f\u0259rqli m\u00fcnasib\u0259t var. \u00dcst\u0259lik, Az\u0259rbaycan\u0131 Qaraba\u011f\u0131n da\u011fl\u0131q hiss\u0259sind\u0259 etnik t\u0259mizl\u0259m\u0259d\u0259 g\u00fcnahland\u0131rmaq, \u00f6z m\u00fcq\u0259dd\u0259rat\u0131n\u0131 t\u0259yin etm\u0259k m\u0259s\u0259l\u0259sini yenid\u0259n g\u00fcnd\u0259m\u0259 g\u0259tirm\u0259k c\u0259hdl\u0259ri m\u00fc\u015fahid\u0259 edirik. N\u0259inki m\u00fcdafi\u0259, h\u0259tta Erm\u0259nistana h\u00fccum t\u0259yinatl\u0131 texnika v\u0259 silahlar h\u0259diyy\u0259 olunur, m\u00fcxt\u0259lif vasit\u0259l\u0259rl\u0259, fondlarla Erm\u0259nistana yard\u0131mlar, ian\u0259l\u0259r ayr\u0131l\u0131r\u201d.<\/p>\n<p>Politoloq qeyd edib ki, bunlar\u0131n fonunda Az\u0259rbaycan h\u0259rbi g\u00fcc\u00fcn\u00fc art\u0131r\u0131r: \u201cPrezident \u0130lham \u018fliyev d\u0259 parlamentd\u0259 \u00e7\u0131x\u0131\u015f\u0131nda b\u0259yan etdi ki, bu istiqam\u0259t bundan sonra da \u0259sas prioritet olacaq. O c\u00fcml\u0259d\u0259n Az\u0259rbaycan\u0131n m\u00fcdafi\u0259 s\u0259nayesinin inki\u015faf\u0131 da diqq\u0259t m\u0259rk\u0259zind\u0259dir\u201d.<\/p>\n<p>Zaur M\u0259mm\u0259dov Erm\u0259nistan\u0131n m\u0259qs\u0259dy\u00f6nl\u00fc \u015f\u0259kild\u0259 s\u00fclh prosesini pozdu\u011funu s\u00f6yl\u0259yib: \u201cS\u00fclh sazi\u015fi layih\u0259si il\u0259 ba\u011fl\u0131 Erm\u0259nistan\u0131n son cavab\u0131n\u0131n 70 g\u00fcn sonra Az\u0259rbaycana t\u0259qdim olunmas\u0131 da bundan x\u0259b\u0259r verir. Bu onun g\u00f6st\u0259rir ki, Erm\u0259nistan COP29-un ke\u00e7iril\u0259c\u0259yi bu ild\u0259 Az\u0259rbaycanla s\u00fclh m\u00fcqavil\u0259sinin imzalanmas\u0131 niyy\u0259tind\u0259 deyil, vaxt\u0131 uzad\u0131r. Son vaxtlar Erm\u0259nistanda \u201cDa\u011fl\u0131q Qaraba\u011f\u201d ifad\u0259sinin tez-tez s\u0259sl\u0259nm\u0259y\u0259 ba\u015flamas\u0131, Erm\u0259nistan Ba\u015f naziri v\u0259 xarici i\u015fl\u0259r nazirinin Az\u0259rbaycan\u0131n Qaraba\u011fda antiterror \u0259m\u0259liyyatlar\u0131 aparmas\u0131n\u0131n ild\u00f6n\u00fcm\u00fcnd\u0259 etnik t\u0259mizl\u0259m\u0259d\u0259n b\u0259hs etm\u0259si, bu \u00f6lk\u0259d\u0259ki siyasi dair\u0259l\u0259rin Az\u0259rbaycan \u0259leyhin\u0259 a\u00e7\u0131qlamalar\u0131, Az\u0259rbaycan v\u0259 T\u00fcrkiy\u0259y\u0259 qar\u015f\u0131 \u0259razi iddialar\u0131n\u0131n yer ald\u0131\u011f\u0131 Konstitusiyan\u0131n d\u0259yi\u015fdirilm\u0259m\u0259si, Minsk qrupu il\u0259 ba\u011fl\u0131 m\u00f6vqed\u0259 d\u0259yi\u015fiklik olmamas\u0131 g\u00f6st\u0259rir ki, b\u00f6lg\u0259d\u0259 m\u00fcharib\u0259 riski artmaqdad\u0131r. \u018fg\u0259r bu il s\u00fclh sazi\u015fin\u0259 imza at\u0131lmasa, o halda g\u0259l\u0259n ild\u0259n ba\u015flayaraq \u015f\u0259rti s\u0259rh\u0259dd\u0259 v\u0259ziyy\u0259tin daha da g\u0259rginl\u0259\u015fm\u0259si m\u00fc\u015fahid\u0259 oluna bil\u0259r. Erm\u0259nistan\u0131n m\u00fct\u0259madi olaraq Az\u0259rbaycanla \u015f\u0259rti s\u0259rh\u0259dd\u0259 at\u0259\u015fk\u0259si pozmas\u0131, k\u0259\u015ffiyyat-diversiya xarakterli add\u0131mlar atmas\u0131, Q\u0259rbd\u0259n g\u0259l\u0259n h\u0259rbi m\u00fct\u0259x\u0259ssisl\u0259r t\u0259r\u0259find\u0259n Erm\u0259nistan ordusunda t\u0259liml\u0259rin ke\u00e7irilm\u0259si t\u0259sad\u00fcfi say\u0131la bilm\u0259z. Bundan \u0259vv\u0259l Z\u0259ng\u0259zur b\u00f6lg\u0259sin\u0259 Avropa \u0130ttifaq\u0131n\u0131n x\u00fcsusi missiyas\u0131 ad\u0131 alt\u0131nda k\u0259\u015ffiyyat\u00e7\u0131 v\u0259 d\u00f6y\u00fc\u015f\u00e7\u00fcl\u0259ri g\u0259tir\u0259n Q\u0259rbd\u0259ki b\u0259zi dair\u0259l\u0259r vahid ssenari \u0259sas\u0131nda h\u0259r\u0259k\u0259t etdikl\u0259rini g\u00f6st\u0259rirl\u0259r. Fransa v\u0259 AB\u015e-dak\u0131 m\u00fc\u0259yy\u0259n dair\u0259l\u0259r Z\u0259ng\u0259zur d\u0259hlizind\u0259 m\u00f6hk\u0259ml\u0259ndikd\u0259n sonra b\u00f6lg\u0259d\u0259 geosiyasi maraqlar\u0131n\u0131 h\u0259yata ke\u00e7irm\u0259k \u00fc\u00e7\u00fcn yeni t\u0259xribatlara \u0259l atmaq niyy\u0259tind\u0259dir. Biz \u0259vv\u0259ll\u0259r bel\u0259 planlar\u0131n nec\u0259 h\u0259yata ke\u00e7irildiyini Avrasiyan\u0131n dig\u0259r yerl\u0259rind\u0259 g\u00f6rm\u00fc\u015f\u00fck. T\u0259\u0259ss\u00fcfl\u0259r olsun ki, Erm\u0259nistan r\u0259hb\u0259rliyinin apard\u0131\u011f\u0131 siyas\u0259t C\u0259nubi Qafqazda da qar\u015f\u0131durman\u0131n k\u0259skinl\u0259\u015fm\u0259si ehtimal\u0131n\u0131 y\u00fcks\u0259ldir. Amma h\u0259r k\u0259s, x\u00fcsus\u0259n Erm\u0259nistan\u0131n arxas\u0131nda duran q\u00fcvv\u0259l\u0259r ba\u015fa d\u00fc\u015fm\u0259lidir ki, he\u00e7 k\u0259s Az\u0259rbaycan \u00f6z yolundan \u00e7\u0259kindir\u0259 bilm\u0259y\u0259c\u0259k. \u018fg\u0259r t\u0259hdidl\u0259r davam ed\u0259c\u0259ks\u0259, Az\u0259rbaycan Ordusu laz\u0131mi add\u0131mlar\u0131 atacaq. Do\u011furdan da s\u00fclh m\u00fcqavil\u0259sinin imzalanmas\u0131 \u00fc\u00e7\u00fcn real \u015fans var. Bunun \u00fc\u00e7\u00fcn Az\u0259rbaycan \u00e7ox sad\u0259 \u015f\u0259rti var. \u018fg\u0259r s\u00f6hb\u0259t dayan\u0131ql\u0131 s\u00fclhd\u0259n gedirs\u0259, o zaman Erm\u0259nistan Az\u0259rbaycana qar\u015f\u0131 \u0259razi iddias\u0131n\u0131n olmad\u0131\u011f\u0131n\u0131 r\u0259smi \u015f\u0259kild\u0259 bildirm\u0259li, yeni Konstitusiya q\u0259bul etm\u0259lidir. \u018fg\u0259r Erm\u0259nistan yeni Konstitusiya q\u0259bul etmirs\u0259, dem\u0259li, Az\u0259rbaycana qar\u015f\u0131 \u0259razi iddialar\u0131 davam ed\u0259c\u0259k. Vaxtil\u0259 Az\u0259rbaycan torpaqlar\u0131nda qurulmu\u015f Erm\u0259nistan indi d\u0259 Az\u0259rbaycan torpaqlar\u0131na qar\u015f\u0131 \u0259razi iddialar\u0131n\u0131 davam etdir\u0259c\u0259ks\u0259, aqib\u0259tini d\u00fc\u015f\u00fcns\u0259 yax\u015f\u0131d\u0131r\u201d.<\/p>\n","protected":false},"excerpt":{"rendered":"<p>Prezident \u0130lham \u018fliyev Milli M\u0259clisin yeni t\u0259rkibd\u0259 ilk iclas\u0131nda \u00e7\u0131x\u0131\u015f\u0131nda s\u00fclh ist\u0259m\u0259y\u0259n Erm\u0259nistana v\u0259 Erm\u0259nistan\u0131 d\u0259st\u0259kl\u0259y\u0259n dair\u0259l\u0259r\u0259 birm\u0259nal\u0131 mesajlar verdi, x\u0259b\u0259rdarl\u0131q edildi. ARANTV.AZ x\u0259b\u0259r verir ki,\u00a0bunu\u00a0APA-ya a\u00e7\u0131qlamas\u0131nda \u201cBak\u0131 Politoloqlar Klubu\u201d \u0130ctimai Birliyinin s\u0259dri Zaur M\u0259mm\u0259dov bildirib. Zaur M\u0259mm\u0259dov deyib ki, Q\u0259rbin Erm\u0259nistana d\u0259st\u0259yi t\u0259sad\u00fcfi deyil. C\u0259nubi Qafqazda tarixi Az\u0259rbaycan torpaqlar\u0131nda Erm\u0259nistan d\u00f6vl\u0259tinin yarad\u0131lmas\u0131 haz\u0131rda BMT T\u0259hl\u00fck\u0259sizlik \u015euras\u0131nda yer alan 5 d\u00f6vl\u0259td\u0259n 4-n\u00fcn bu v\u0259 ya dig\u0259r \u015f\u0259kild\u0259 i\u015ftirak\u0131 il\u0259 ba\u015f tutub v\u0259 h\u0259min d\u00f6vl\u0259tl\u0259r Az\u0259rbaycan torpaqlar\u0131n\u0131n 30 illik i\u015f\u011fal\u0131na son qoyulmas\u0131nda, status-kvonun d\u0259yi\u015fm\u0259sind\u0259 maraql\u0131 deyildi: \u201cVaxtil\u0259 erm\u0259nil\u0259r \u00fc\u00e7\u00fcn b\u00f6lg\u0259d\u0259 he\u00e7&hellip;<\/p>\n","protected":false},"author":2,"featured_media":755674,"comment_status":"closed","ping_status":"closed","sticky":false,"template":"","format":"standard","meta":{"om_disable_all_campaigns":false,"_monsterinsights_skip_tracking":false,"_monsterinsights_sitenote_active":false,"_monsterinsights_sitenote_note":"","_monsterinsights_sitenote_category":0},"categories":[4],"tags":[],"aioseo_notices":[],"gutentor_comment":0,"rttpg_featured_image_url":{"full":["https:\/\/arantv.az\/wp-content\/uploads\/2024\/09\/1ae6464c172708147255502027210577194.jpg",975,540,false],"landscape":["https:\/\/arantv.az\/wp-content\/uploads\/2024\/09\/1ae6464c172708147255502027210577194.jpg",975,540,false],"portraits":["https:\/\/arantv.az\/wp-content\/uploads\/2024\/09\/1ae6464c172708147255502027210577194.jpg",975,540,false],"thumbnail":["https:\/\/arantv.az\/wp-content\/uploads\/2024\/09\/1ae6464c172708147255502027210577194-500x280.jpg",500,280,true],"medium":["https:\/\/arantv.az\/wp-content\/uploads\/2024\/09\/1ae6464c172708147255502027210577194-660x365.jpg",660,365,true],"large":["https:\/\/arantv.az\/wp-content\/uploads\/2024\/09\/1ae6464c172708147255502027210577194-840x465.jpg",640,354,true],"1536x1536":["https:\/\/arantv.az\/wp-content\/uploads\/2024\/09\/1ae6464c172708147255502027210577194.jpg",975,540,false],"2048x2048":["https:\/\/arantv.az\/wp-content\/uploads\/2024\/09\/1ae6464c172708147255502027210577194.jpg",975,540,false],"post-thumbnail":["https:\/\/arantv.az\/wp-content\/uploads\/2024\/09\/1ae6464c172708147255502027210577194-240x172.jpg",240,172,true],"advps-thumb-one":["https:\/\/arantv.az\/wp-content\/uploads\/2024\/09\/1ae6464c172708147255502027210577194.jpg",975,540,false]},"rttpg_author":{"display_name":"V\u00fcsal Rafiqo\u011flu","author_link":"https:\/\/arantv.az\/?author=2"},"rttpg_comment":0,"rttpg_category":"<a href=\"https:\/\/arantv.az\/?cat=4\" rel=\"category\">Siyas\u0259t<\/a>","rttpg_excerpt":"Prezident \u0130lham \u018fliyev Milli M\u0259clisin yeni t\u0259rkibd\u0259 ilk iclas\u0131nda \u00e7\u0131x\u0131\u015f\u0131nda s\u00fclh ist\u0259m\u0259y\u0259n Erm\u0259nistana v\u0259 Erm\u0259nistan\u0131 d\u0259st\u0259kl\u0259y\u0259n dair\u0259l\u0259r\u0259 birm\u0259nal\u0131 mesajlar verdi, x\u0259b\u0259rdarl\u0131q edildi. ARANTV.AZ x\u0259b\u0259r verir ki,\u00a0bunu\u00a0APA-ya a\u00e7\u0131qlamas\u0131nda \u201cBak\u0131 Politoloqlar Klubu\u201d \u0130ctimai Birliyinin s\u0259dri Zaur M\u0259mm\u0259dov bildirib. Zaur M\u0259mm\u0259dov deyib ki, Q\u0259rbin Erm\u0259nistana d\u0259st\u0259yi t\u0259sad\u00fcfi deyil. C\u0259nubi Qafqazda tarixi Az\u0259rbaycan torpaqlar\u0131nda Erm\u0259nistan d\u00f6vl\u0259tinin yarad\u0131lmas\u0131 haz\u0131rda BMT&hellip;","_links":{"self":[{"href":"https:\/\/arantv.az\/index.php?rest_route=\/wp\/v2\/posts\/755673"}],"collection":[{"href":"https:\/\/arantv.az\/index.php?rest_route=\/wp\/v2\/posts"}],"about":[{"href":"https:\/\/arantv.az\/index.php?rest_route=\/wp\/v2\/types\/post"}],"author":[{"embeddable":true,"href":"https:\/\/arantv.az\/index.php?rest_route=\/wp\/v2\/users\/2"}],"replies":[{"embeddable":true,"href":"https:\/\/arantv.az\/index.php?rest_route=%2Fwp%2Fv2%2Fcomments&post=755673"}],"version-history":[{"count":2,"href":"https:\/\/arantv.az\/index.php?rest_route=\/wp\/v2\/posts\/755673\/revisions"}],"predecessor-version":[{"id":755676,"href":"https:\/\/arantv.az\/index.php?rest_route=\/wp\/v2\/posts\/755673\/revisions\/755676"}],"wp:featuredmedia":[{"embeddable":true,"href":"https:\/\/arantv.az\/index.php?rest_route=\/wp\/v2\/media\/755674"}],"wp:attachment":[{"href":"https:\/\/arantv.az\/index.php?rest_route=%2Fwp%2Fv2%2Fmedia&parent=755673"}],"wp:term":[{"taxonomy":"category","embeddable":true,"href":"https:\/\/arantv.az\/index.php?rest_route=%2Fwp%2Fv2%2Fcategories&post=755673"},{"taxonomy":"post_tag","embeddable":true,"href":"https:\/\/arantv.az\/index.php?rest_route=%2Fwp%2Fv2%2Ftags&post=755673"}],"curies":[{"name":"wp","href":"https:\/\/api.w.org\/{rel}","templated":true}]}}