{"id":755677,"date":"2024-09-24T09:55:43","date_gmt":"2024-09-24T05:55:43","guid":{"rendered":"https:\/\/arantv.az\/?p=755677"},"modified":"2024-09-24T09:55:43","modified_gmt":"2024-09-24T05:55:43","slug":"prezident-olk%c9%99mizin-qarsisinda-dayanan-yeni-v%c9%99zif%c9%99l%c9%99ri-elan-etdi","status":"publish","type":"post","link":"https:\/\/arantv.az\/?p=755677","title":{"rendered":"Prezident \u00f6lk\u0259mizin qar\u015f\u0131s\u0131nda dayanan yeni v\u0259zif\u0259l\u0259ri elan etdi"},"content":{"rendered":"<p><em><strong>Yeni formala\u015fan parlament \u00f6z i\u015fi il\u0259 \u00f6lk\u0259mizin h\u0259rt\u0259r\u0259fli inki\u015faf\u0131na\u00a0 t\u00f6hf\u0259sini bundan sonra da ver\u0259c\u0259k v\u0259 Az\u0259rbaycan\u0131n dayan\u0131ql\u0131 inki\u015faf\u0131 t\u0259min edil\u0259c\u0259k<\/strong><\/em><\/p>\n<p><strong><em>D\u00f6vl\u0259t ba\u015f\u00e7\u0131s\u0131 \u0130lham \u018fliyev VII \u00e7a\u011f\u0131r\u0131\u015f Milli M\u0259clisin ilk iclas\u0131nda bir daha bu \u00e7a\u011f\u0131r\u0131\u015f\u0131 etdi ki, g\u0259l\u0259c\u0259k planlar\u0131m\u0131z\u0131 h\u0259ll etm\u0259k, o c\u00fcml\u0259d\u0259n v\u0259t\u0259nda\u015flar\u0131n sosial rifah\u0131n\u0131 yax\u015f\u0131la\u015fd\u0131rmaq \u00fc\u00e7\u00fcn iqtisadiyyat daim inki\u015faf etm\u0259lidir<\/em><\/strong><\/p>\n<p>2024-c\u00fc il m\u00fcst\u0259qillik tariximiz\u0259 se\u00e7ki ili kimi yaz\u0131lacaq. \u00d6t\u0259n ilin 20 sentyabr tarixind\u0259 M\u00fcz\u0259ff\u0259r Ali Ba\u015f Komandan \u0130lham \u018fliyevin r\u0259hb\u0259rliyi il\u0259 Az\u0259rbaycan Ordusunun h\u0259yata ke\u00e7irdiyi bir g\u00fcnl\u00fck antiterror t\u0259dbirl\u0259ri n\u0259tic\u0259sind\u0259 suverenliyimizin tam b\u0259rpa edilm\u0259si il\u0259 \u00f6lk\u0259miz yeni d\u00f6vr\u0259 q\u0259d\u0259m qoydu. Bu yeni d\u00f6vr q\u00fcrurverici hadis\u0259l\u0259rl\u0259 ba\u015flad\u0131. Bel\u0259 ki, m\u00fcst\u0259qillik tariximizd\u0259 ilk d\u0259f\u0259 olaraq b\u00fct\u00fcn \u00f6lk\u0259 \u0259razisind\u0259 7 fevral tarixind\u0259 \u00a0n\u00f6vb\u0259d\u0259nk\u0259nar prezident v\u0259 1 sentyabrda \u00a0parlament se\u00e7kil\u0259ri ke\u00e7irildi. Bu se\u00e7kil\u0259r, eyni zamanda, Az\u0259rbaycan\u0131n demokratik inki\u015faf tarixin\u0259 yeni s\u0259hif\u0259l\u0259r yazd\u0131. Demokratik d\u0259y\u0259rl\u0259r\u0259 sadiqliyini s\u00f6zd\u0259 deyil, \u0259m\u0259ld\u0259 t\u0259sdiql\u0259y\u0259n Az\u0259rbaycan bu se\u00e7ki prosesl\u0259rini d\u0259 beyn\u0259lxalq standartlara uy\u011fun ke\u00e7irilm\u0259si \u00fc\u00e7\u00fcn b\u00fct\u00fcn z\u0259ruri add\u0131mlar\u0131 atd\u0131.<\/p>\n<p>Sentyabr\u0131n 23-d\u0259 yeddinci \u00e7a\u011f\u0131r\u0131\u015f Milli M\u0259clisin ilk iclas\u0131nda i\u015ftirak ed\u0259n d\u00f6vl\u0259timizin ba\u015f\u00e7\u0131s\u0131 \u0130lham \u018fliyev \u00e7\u0131x\u0131\u015f\u0131nda bir daha bu kimi m\u0259qamlara x\u00fcsusi diqq\u0259t y\u00f6nl\u0259tdi. \u00d6lk\u0259 Prezidenti proqram \u00a0xarakterli nitqind\u0259 haz\u0131rk\u0131 d\u00f6vr\u0259 kimi \u0259ld\u0259 edilmi\u015f n\u0259tic\u0259l\u0259ri t\u0259hlil etdi v\u0259 qiym\u0259tl\u0259ndirdi, \u00f6lk\u0259mizin v\u0259 xalq\u0131m\u0131z\u0131n qar\u015f\u0131s\u0131nda duran \u0259sas v\u0259zif\u0259l\u0259ri a\u00e7\u0131qlad\u0131 v\u0259 \u0259sasland\u0131rd\u0131. \u00a0Yeni\u00a0 formala\u015fan parlament\u0259 u\u011furlar arzulayan \u00f6lk\u0259 Prezidenti qanunverici orqan\u0131n qar\u015f\u0131s\u0131nda dayanan v\u0259zif\u0259l\u0259ri d\u0259 a\u00e7\u0131qlad\u0131 v\u0259 bel\u0259 bir \u0259minliyi ifad\u0259 etdi ki, Milli M\u0259clis v\u0259 onun deputatlar\u0131 \u00f6z i\u015fi il\u0259 \u00f6lk\u0259mizin h\u0259rt\u0259r\u0259fli inki\u015faf\u0131na \u00f6z t\u00f6hf\u0259sini bundan sonra da ver\u0259c\u0259k v\u0259 Az\u0259rbaycan\u0131n dayan\u0131ql\u0131 inki\u015faf\u0131 t\u0259min edil\u0259c\u0259kdir.<\/p>\n<p>Daim qeyd etdiyimiz kimi, yeni d\u00f6vr yeni h\u0259d\u0259fl\u0259rin m\u00fc\u0259yy\u0259nl\u0259\u015fdirilm\u0259sini bir z\u0259rur\u0259t kimi qar\u015f\u0131ya qoyur. Bu h\u0259d\u0259fl\u0259r islahatlar prosesinin d\u0259rinl\u0259\u015fdirilm\u0259sini qar\u015f\u0131ya m\u00fch\u00fcm v\u0259zif\u0259 kimi qoyur ki, qanunverici orqan da bu prosesd\u0259n k\u0259narda qala bilm\u0259z. C\u0259miyy\u0259tin idar\u0259 olunmas\u0131nda, \u00f6lk\u0259nin h\u0259rt\u0259r\u0259fli inki\u015faf\u0131nda qanunlar\u0131n rolunu n\u0259z\u0259r\u0259 alanda haz\u0131rk\u0131 yeni d\u00f6vrd\u0259 parlamentin qar\u015f\u0131s\u0131nda dayanan v\u0259zif\u0259l\u0259rin \u00f6z\u00fcn\u00fc ayd\u0131n \u015f\u0259kild\u0259 n\u00fcmayi\u015f etdirdiyini g\u00f6rm\u0259k olur.<\/p>\n<p>C\u0259nab \u0130lham \u018fliyev \u00e7\u0131x\u0131\u015f\u0131nda Az\u0259rbaycan\u0131n ayr\u0131-ayr\u0131 sah\u0259l\u0259rd\u0259 qazand\u0131\u011f\u0131 u\u011furlardan geni\u015f b\u0259hs ed\u0259r\u0259k \u00f6lk\u0259 qar\u015f\u0131s\u0131nda dayanan v\u0259zif\u0259l\u0259r\u0259 diqq\u0259ti y\u00f6n\u0259ltdi. \u0130kinci Qaraba\u011f m\u00fcharib\u0259si v\u0259 antiterror \u0259m\u0259liyyat\u0131 n\u0259tic\u0259sind\u0259 suverenliyimizin tam b\u0259rpa edilm\u0259si \u00f6lk\u0259 qar\u015f\u0131s\u0131nda yeni imkanlar, yeni \u00fcf\u00fcql\u0259r a\u00e7\u0131r. 30 ilin i\u015f\u011fal\u0131 arxada qald\u0131. \u0130ndi \u00f6lk\u0259miz geni\u015fmiqyasl\u0131 quruculuq, inki\u015faf m\u0259rh\u0259l\u0259sin\u0259 q\u0259d\u0259m qoydu v\u0259 n\u0259tic\u0259l\u0259r d\u0259 g\u00f6z qaba\u011f\u0131ndad\u0131r. Son 3-4 il \u0259rzind\u0259 \u00f6lk\u0259mizin beyn\u0259lxalq m\u00f6vqel\u0259ri daha da m\u00f6hk\u0259ml\u0259ndi. Az\u0259rbaycan d\u00f6vl\u0259ti \u0130kinci Qaraba\u011f m\u00fcharib\u0259sinin v\u0259 antiterror \u0259m\u0259liyyat\u0131n\u0131n n\u0259tic\u0259l\u0259rini b\u00fct\u00fcn d\u00fcnyaya q\u0259bul etdir\u0259 bildi. \u00abHalbuki bunu q\u0259bul etm\u0259k ist\u0259m\u0259y\u0259n \u00f6lk\u0259l\u0259r v\u0259 dair\u0259l\u0259r var idi, bu g\u00fcn d\u0259 var. Biz ham\u0131m\u0131z bunu yax\u015f\u0131 g\u00f6r\u00fcr\u00fck ki, biz\u0259 qar\u015f\u0131 \u0259sass\u0131z ittihamlar, ikili standartlar \u0259sas\u0131nda qurulmu\u015f ittihamlar davam edir. Ancaq bu, n\u0259 bizim irad\u0259miz\u0259, n\u0259 xalq\u0131m\u0131z\u0131n irad\u0259sin\u0259 he\u00e7 c\u00fcr t\u0259sir ed\u0259 bilm\u0259z\u00bb fikirl\u0259ri il\u0259 d\u00fcnya g\u00fccl\u0259rinin ikili standartlara \u0259saslanan siyas\u0259tinin yaratd\u0131\u011f\u0131 probleml\u0259ri diqq\u0259t\u0259 \u00e7atd\u0131ran c\u0259nab \u0130lham \u018fliyev onu da vur\u011fulad\u0131 ki,\u00a0 d\u00f6vl\u0259t suverenliyinin b\u0259rpa edilm\u0259sind\u0259n c\u0259mi bir il ke\u00e7ir. \u00dc\u00e7 g\u00fcn bundan \u0259vv\u0259l\u00a0 art\u0131q bu g\u00fcn\u00fc bayram g\u00fcn\u00fc kimi qeyd etdik. \u00a0Bununla b\u0259rab\u0259r,\u00a0 arxay\u0131nla\u015fmaq \u00fc\u00e7\u00fcn he\u00e7 bir \u0259sas yoxdur. Bu \u015fanl\u0131 tarixi q\u0259lbimizd\u0259 \u0259b\u0259di ya\u015fadaca\u011f\u0131q. Az\u0259rbaycan xalq\u0131, b\u00fct\u00fcn g\u0259l\u0259c\u0259k n\u0259sill\u0259r bu \u015fanl\u0131 Q\u0259l\u0259b\u0259 il\u0259 haql\u0131 olaraq f\u0259xr ed\u0259c\u0259kl\u0259r: \u00abAncaq \u00f6lk\u0259 qar\u015f\u0131s\u0131nda duran v\u0259zif\u0259l\u0259r icra edilm\u0259lidir ki, biz daim inki\u015fafda olaq, \u00f6z g\u00fcc\u00fcm\u00fcz\u00fc art\u0131raq v\u0259 Az\u0259rbaycan xalq\u0131n\u0131n bundan sonra da t\u0259hl\u00fck\u0259siz h\u0259yat\u0131n\u0131 t\u0259min ed\u0259k.\u00bb<\/p>\n<p>Tarixi Z\u0259f\u0259rimizin, \u0259razi b\u00fct\u00f6vl\u00fcy\u00fcm\u00fcz\u00fcn \u00a0v\u0259 suverenliyimizin tam b\u0259rpas\u0131 fonunda Az\u0259rbaycan\u0131n b\u00fct\u00fcn sah\u0259l\u0259rd\u0259, o c\u00fcml\u0259d\u0259n xarici siyas\u0259td\u0259 qazand\u0131\u011f\u0131 u\u011furlar v\u0259 onlar\u0131n b\u0259zi dair\u0259l\u0259r t\u0259r\u0259find\u0259n b\u00f6y\u00fck q\u0131sqancl\u0131q hissi il\u0259 qar\u015f\u0131land\u0131\u011f\u0131 \u0259sasl\u0131 \u015f\u0259kild\u0259 diqq\u0259t\u0259 \u00e7atd\u0131r\u0131ld\u0131.<\/p>\n<p>Xarici siyas\u0259timiz \u00a0milli maraqlar\u0131m\u0131za \u0259saslan\u0131r. T\u0259r\u0259fda\u015fl\u0131q, qar\u015f\u0131l\u0131ql\u0131 faydal\u0131 \u0259m\u0259kda\u015fl\u0131q vasit\u0259sil\u0259 regionumuzda v\u0259 daha geni\u015f co\u011frafiyada t\u0259hl\u00fck\u0259sizlik, sabitlik istiqam\u0259tind\u0259 \u00f6lk\u0259l\u0259rl\u0259 yax\u0131n \u0259laq\u0259l\u0259rin qurulmas\u0131 Az\u0259rbaycan\u0131n prioritetl\u0259rind\u0259n biridir. Yerl\u0259\u015fdiyi co\u011frafi m\u0259kana, malik oldu\u011fu t\u0259bii resurslara g\u00f6r\u0259 daim d\u00fcnyan\u0131n diqq\u0259tind\u0259 olan \u00f6lk\u0259mizin inki\u015faf strategiyas\u0131 g\u0259l\u0259c\u0259y\u0259 \u00a0daha inamla baxma\u011fa \u0259sas verir. Xarici siyas\u0259timizin d\u0259yi\u015fm\u0259z prinsipl\u0259ri u\u011furlar\u0131m\u0131z\u0131n davaml\u0131l\u0131\u011f\u0131nda \u0259h\u0259miyy\u0259tli rol oynay\u0131r. B\u00f6y\u00fckl\u00fcy\u00fcnd\u0259n, ki\u00e7ikliyind\u0259n as\u0131l\u0131 olmayaraq b\u00fct\u00fcn d\u00f6vl\u0259tl\u0259rl\u0259 b\u0259rab\u0259rh\u00fcquqlu, qar\u015f\u0131l\u0131ql\u0131 maraq v\u0259 h\u00f6rm\u0259t prinsipl\u0259ri \u0259sas\u0131nda \u0259laq\u0259l\u0259r quran Az\u0259rbaycan\u0131n ikit\u0259r\u0259fli, eyni zamanda, beyn\u0259lxalq t\u0259\u015fkilatlar \u00e7\u0259r\u00e7iv\u0259sind\u0259 \u0259laq\u0259l\u0259rinin inki\u015faf s\u0259viyy\u0259si g\u00f6z qaba\u011f\u0131ndad\u0131r. M\u00f6hk\u0259m t\u0259m\u0259l, qar\u015f\u0131l\u0131ql\u0131 etimad \u00fcz\u0259rind\u0259 qurulan\u00a0 \u0259laq\u0259l\u0259r tarixi Z\u0259f\u0259rimizd\u0259n \u00f6t\u0259n d\u00f6rd \u00a0ild\u0259 yeni istiqam\u0259tl\u0259r \u00fczr\u0259 s\u00fcr\u0259tl\u0259 inki\u015faf etm\u0259kd\u0259, \u0259m\u0259kda\u015fl\u0131\u011f\u0131n g\u0259l\u0259c\u0259k inki\u015faf\u0131na \u00f6z t\u00f6hf\u0259sini ver\u0259c\u0259k add\u0131mlar at\u0131lmaqda, m\u00fch\u00fcm s\u0259n\u0259dl\u0259r imzalanmaqdad\u0131r.<\/p>\n<p>Az\u0259rbaycan \u00f6lk\u0259l\u0259r aras\u0131nda \u0259laq\u0259l\u0259rin inki\u015faf\u0131nda qar\u015f\u0131l\u0131ql\u0131 etimad m\u00fchitinin qorunmas\u0131na v\u0259 inki\u015faf etdirilm\u0259sin\u0259 x\u00fcsusi diqq\u0259t g\u00f6st\u0259rir. Bu is\u0259 \u00f6z n\u00f6vb\u0259sind\u0259 \u0259m\u0259kda\u015fl\u0131qda yeni prioritetl\u0259rin m\u00fc\u0259yy\u0259nl\u0259\u015fdirilm\u0259sin\u0259 v\u0259 u\u011furlu inki\u015faf\u0131na yol a\u00e7\u0131r. Az\u0259rbaycan tarixi Z\u0259f\u0259rind\u0259n, eyni zamanda, \u00f6t\u0259n ilin sentyabr\u0131nda suverenliyini tam b\u0259rpa etm\u0259sind\u0259n sonra yeni d\u00f6vr\u0259 q\u0259d\u0259m qoyub. Bu d\u00f6vr\u00fcn \u00f6z h\u0259d\u0259fl\u0259ri vard\u0131r. Bu m\u00fch\u00fcm m\u0259qam x\u00fcsusi qeyd edilir ki, g\u00fccl\u00fc iqtisadiyyat, g\u00fccl\u00fc ordu, daxili sabitlik, xalq-iqtidar birliyi xarici siyas\u0259timizin \u0259sas amill\u0259ridir. Xarici siyas\u0259t \u00a0daxili siyas\u0259tin davam\u0131d\u0131r. C\u0259nab \u0130lham \u018fliyev daim u\u011furlar\u0131m\u0131z\u0131n t\u0259hlili \u0259sas\u0131nda bel\u0259 bir \u0259minliyi ifad\u0259 edir ki, \u00a0\u00a0bundan sonra da xarici siyas\u0259timiz \u00e7ox ayd\u0131n olacaq, a\u00e7\u0131q olacaq v\u0259 bu g\u00fcn d\u00fcnya ictimaiyy\u0259ti bizim siyas\u0259timizi b\u0259y\u0259nir v\u0259 d\u0259st\u0259kl\u0259yir. \u018fg\u0259r bel\u0259 olmasayd\u0131, 155 \u00f6lk\u0259 bizi BMT T\u0259hl\u00fck\u0259sizlik \u015euras\u0131na \u00fczv se\u00e7m\u0259zdi. \u018fg\u0259r bel\u0259 olmasayd\u0131, 120 \u00f6lk\u0259 bizi Qo\u015fulmama H\u0259r\u0259kat\u0131na s\u0259dr se\u00e7m\u0259zdi. \u018fg\u0259r bel\u0259 olmasayd\u0131, d\u00fcnya birliyi COP29 Konfrans\u0131n\u0131n Az\u0259rbaycanda ke\u00e7irilm\u0259si il\u0259 ba\u011fl\u0131 q\u0259rar q\u0259bul etm\u0259zdi. D\u00f6vl\u0259timizin ba\u015f\u00e7\u0131s\u0131 7-ci \u00e7a\u011f\u0131r\u0131\u015f Milli M\u0259clisin ilk iclas\u0131nda diqq\u0259ti Az\u0259rbaycan\u0131n m\u00f6t\u0259b\u0259r t\u0259dbir\u0259-COP29-a ev sahibliyin\u0259 y\u00f6n\u0259ld\u0259r\u0259k bildirdi ki, onun Az\u0259rbaycanda ke\u00e7irilm\u0259si 200-\u0259 yax\u0131n \u00f6lk\u0259 t\u0259r\u0259find\u0259n yekdillikl\u0259 q\u0259bul edilmi\u015f q\u0259rard\u0131r v\u0259 beyn\u0259lxalq n\u00fcfuzumuzu, h\u00f6rm\u0259timizi g\u00f6st\u0259r\u0259n vacib amildir. Xarici siyas\u0259td\u0259 bundan sonra da geriy\u0259 he\u00e7 bir add\u0131m\u0131n olmayaca\u011f\u0131n\u0131 vur\u011fulayan \u00f6lk\u0259 Prezidenti\u00a0 b\u00fct\u00fcn qit\u0259l\u0259rd\u0259 dostlar\u0131m\u0131z\u0131n say\u0131n\u0131n artd\u0131\u011f\u0131n\u0131 bildirdi. Vur\u011fulad\u0131 ki, biz indi &#8211; \u0130kinci Qaraba\u011f m\u00fcharib\u0259sind\u0259n v\u0259 suverenliyimizi b\u0259rpa ed\u0259nd\u0259n sonra daha f\u0259al xarici siyas\u0259t aparaca\u011f\u0131q.<\/p>\n<p>Reall\u0131q budur ki, \u0259g\u0259r \u0259vv\u0259lki d\u00f6vrd\u0259\u00a0 xarici siyas\u0259timizin \u0259sas istiqam\u0259ti Erm\u0259nistan-Az\u0259rbaycan m\u00fcnaqi\u015f\u0259sinin h\u0259lli idis\u0259, bu g\u00fcn art\u0131q bu m\u0259s\u0259l\u0259 dem\u0259k olar ki, g\u00fcnd\u0259likd\u0259 durmur. Ona g\u00f6r\u0259 xarici siyas\u0259timizin yeni istiqam\u0259tl\u0259ri \u00a0m\u00fc\u0259yy\u0259nl\u0259\u015fdirilir. Qeyd ed\u0259k ki, 1993-c\u00fc ild\u0259 xalq\u0131n t\u0259kidli t\u0259l\u0259bi il\u0259 hakimiyy\u0259t\u0259 qay\u0131dan Ulu \u00d6nd\u0259r Heyd\u0259r \u018fliyev m\u00fcst\u0259qillik yolunda ilk add\u0131mlar\u0131n\u0131 atan Az\u0259rbaycan\u0131n qar\u015f\u0131s\u0131nda h\u0259lli vacib v\u0259zif\u0259l\u0259ri a\u00e7\u0131qlayark\u0259n xaricd\u0259 varl\u0131\u011f\u0131n\u0131n t\u0259sdiql\u0259nm\u0259sini m\u00fch\u00fcm amil kimi \u00f6n\u0259 \u00e7\u0259kdi. Bunun \u00fc\u00e7\u00fcn ikit\u0259r\u0259fli v\u0259 \u00e7oxt\u0259r\u0259fli \u00e7\u0259r\u00e7iv\u0259d\u0259 \u0259laq\u0259l\u0259rin qurulmas\u0131, diaspor quruculu\u011fu\u00a0 qar\u015f\u0131da \u0259sas h\u0259d\u0259f kimi dayand\u0131. Az\u0259rbaycan\u0131n d\u00fc\u015f\u00fcn\u00fclm\u00fc\u015f v\u0259 m\u0259qs\u0259dy\u00f6nl\u00fc siyas\u0259t n\u0259tic\u0259sind\u0259\u00a0 sabitlik diyar\u0131 kimi n\u00fcfuz qazanmas\u0131, z\u0259ngin t\u0259bii resurslar\u0131ndan s\u0259m\u0259r\u0259li istifad\u0259nin\u00a0 h\u0259yata ke\u00e7irilm\u0259si ikit\u0259r\u0259fli \u0259laq\u0259l\u0259rinin inki\u015faf\u0131nda \u0259h\u0259miyy\u0259tli rol oynad\u0131. H\u0259m\u00e7inin \u00f6lk\u0259mizin m\u00fcst\u0259qil siyas\u0259t y\u00fcr\u00fctm\u0259si v\u0259 bunu atd\u0131\u011f\u0131 add\u0131mlar\u0131nda t\u0259sdiql\u0259m\u0259si d\u0259\u00a0 beyn\u0259lxalq m\u00fcnasib\u0259tl\u0259r sistemind\u0259 yeri v\u0259 rolunun m\u00f6hk\u0259ml\u0259ndirilm\u0259sind\u0259 stimulverici amil rolunu oynad\u0131. Az\u0259rbaycan q\u0131sa m\u00fcdd\u0259td\u0259 yeni dostlar, t\u0259r\u0259fda\u015flar qazand\u0131, \u0259m\u0259kda\u015fl\u0131q m\u0259kan\u0131 kimi diqq\u0259td\u0259 oldu. \u00d6lk\u0259mizin yerl\u0259\u015fdiyi co\u011frafi m\u0259kan d\u00f6vl\u0259tl\u0259r, xalqlar aras\u0131nda k\u00f6rp\u00fc rolunu da m\u00f6hk\u0259ml\u0259ndirdi. M\u00fcxt\u0259lif dinl\u0259ri, m\u0259d\u0259niyy\u0259tl\u0259ri bir araya g\u0259tir\u0259n Az\u0259rbaycan tolerant, multikultural d\u0259y\u0259rl\u0259rin inki\u015faf\u0131na davaml\u0131 t\u00f6hf\u0259l\u0259r ver\u0259n \u00f6lk\u0259 kimi tan\u0131nd\u0131. Multikulturalizm d\u00f6vl\u0259timizin siyas\u0259tinin \u0259sas t\u0259rkib hiss\u0259sin\u0259 \u00e7evrildi.<\/p>\n<p>\u00dcmummilli Lider Heyd\u0259r \u018fliyevin az\u0259rbaycan\u00e7\u0131l\u0131q ideologiyas\u0131n\u0131n inki\u015faf etdirilm\u0259si v\u0259 t\u0259bli\u011fi istiqam\u0259tind\u0259 atd\u0131\u011f\u0131 add\u0131mlar, d\u00fcnya az\u0259rbaycanl\u0131lar\u0131n\u0131n birliyin\u0259, h\u0259mr\u0259yliyin\u0259 davaml\u0131 t\u00f6hf\u0259l\u0259ri 44 g\u00fcnl\u00fck m\u00fcharib\u0259 tarixi Z\u0259f\u0259rimizd\u0259, \u0259razi b\u00fct\u00f6vl\u00fcy\u00fcm\u00fcz\u00fcn, suverenliyimizin tam b\u0259rpa olunmas\u0131nda \u00f6z s\u00f6z\u00fcn\u00fc dedi. Son 21 il\u0259 yax\u0131n d\u00f6vrd\u0259 bu x\u0259ttin Prezident \u0130lham \u018fliyev t\u0259r\u0259find\u0259n u\u011furla davam etdirilm\u0259si Az\u0259rbaycan\u0131n diplomatik u\u011furlar\u0131n\u0131n davaml\u0131l\u0131\u011f\u0131n\u0131 \u015f\u0259rtl\u0259ndirdi. Birc\u0259 m\u0259qam\u0131 qeyd etm\u0259k kifay\u0259tdir ki, 44 g\u00fcnl\u00fck \u0130kinci Qaraba\u011f m\u00fcharib\u0259sinin r\u0259mzin\u0259 \u00e7evril\u0259n \u00abD\u0259mir yumruq\u00bb h\u0259m g\u00fcc\u00fcm\u00fcz\u00fcn, h\u0259m d\u0259 birliyimizin d\u00fcnyaya t\u0259qdimat\u0131 oldu. Tarixi Z\u0259f\u0259rimizd\u0259n sonra d\u00fcnya az\u0259rbaycanl\u0131lar\u0131n\u0131n 2022-ci ild\u0259 Qaraba\u011f\u0131n tac\u0131 \u015eu\u015fada bir araya g\u0259l\u0259r\u0259k V Z\u0259f\u0259r Qurultay\u0131n\u0131 ke\u00e7irm\u0259l\u0259ri d\u0259 bu m\u0259kandan d\u00fcnyaya h\u0259mr\u0259yliyimizin, birliyimizin n\u00fcmayi\u015fi oldu. Bu il tarixmiz\u0259\u00a0 \u015eu\u015fadan t\u00fcrk d\u00fcnyas\u0131n\u0131n birliyinin t\u0259qdimat\u0131 kimi yaz\u0131ld\u0131. Bel\u0259 ki, bu ilin iyul ay\u0131nda T\u00fcrk D\u00f6vl\u0259tl\u0259ri T\u0259\u015fkilat\u0131n\u0131n D\u00f6vl\u0259t Ba\u015f\u00e7\u0131lar\u0131n\u0131n qeyri-r\u0259smi Zirv\u0259 g\u00f6r\u00fc\u015f\u00fcn\u00fcn \u015eu\u015fada ke\u00e7irilm\u0259si \u00f6z\u00fcnd\u0259 b\u00fct\u00fcn m\u0259qamlar\u0131 ehtiva edir. D\u00f6vl\u0259t ba\u015f\u00e7\u0131s\u0131 \u0130lham \u018fliyev yeni d\u00f6vr\u00fcn yeni h\u0259d\u0259fl\u0259rini a\u00e7\u0131qlayark\u0259n xarici\u00a0 bu \u00e7a\u011f\u0131r\u0131\u015f\u0131 etdi ki, bizim ail\u0259miz t\u00fcrk d\u00fcnyas\u0131d\u0131r. Biz \u00f6z\u00fcm\u00fcz\u00fc \u00e7ox yax\u015f\u0131 hiss edirik. T\u00fcrk D\u00f6vl\u0259tl\u0259ri T\u0259\u015fkilat\u0131na \u00fczv olan b\u00fct\u00fcn \u00f6lk\u0259l\u0259rl\u0259 qarda\u015fl\u0131q m\u00fcnasib\u0259tl\u0259rimiz var v\u0259 bizim siyas\u0259timiz T\u00fcrk D\u00f6vl\u0259tl\u0259ri T\u0259\u015fkilat\u0131n\u0131 g\u00fccl\u0259ndirm\u0259kdir. Bu, b\u00f6y\u00fck co\u011frafiyad\u0131r, b\u00f6y\u00fck \u0259razidir, b\u00f6y\u00fck h\u0259rbi g\u00fccd\u00fcr, b\u00f6y\u00fck iqtisadiyyatd\u0131r, t\u0259bii s\u0259rv\u0259tl\u0259rdir, n\u0259qliyyat yollar\u0131d\u0131r, g\u0259nc \u0259halidir, artan \u0259halidir v\u0259 bir soydan, k\u00f6kd\u0259n olan xalqlard\u0131r. Bundan g\u00fccl\u00fc birlik ola bil\u0259rmi? \u018flb\u0259tt\u0259 ki, yox. Biz m\u00fc\u015ft\u0259r\u0259k s\u0259yl\u0259rl\u0259 el\u0259 etm\u0259liyik ki, T\u00fcrk D\u00f6vl\u0259tl\u0259ri T\u0259\u015fkilat\u0131 qlobal arenada \u00f6n\u0259mli aktora v\u0259 g\u00fcc m\u0259rk\u0259zin\u0259 \u00e7evrilsin. Buna biz ancaq birlikd\u0259 nail ola bil\u0259rik.<\/p>\n<p>D\u00f6vl\u0259t ba\u015f\u00e7\u0131s\u0131 \u0130lham \u018fliyev VII \u00e7a\u011f\u0131r\u0131\u015f Milli M\u0259clisin ilk iclas\u0131ndak\u0131 \u00e7\u0131x\u0131\u015f\u0131nda \u00abM\u00fcst\u0259qil, prinsipial xarici siyas\u0259t bizim \u0259sas istiqam\u0259timizdir\u00bb s\u00f6yl\u0259y\u0259r\u0259k onu da bildirdi ki, biz he\u00e7 vaxt he\u00e7 kim\u0259 qar\u015f\u0131 he\u00e7 bir i\u015f g\u00f6rm\u0259mi\u015fdik, he\u00e7 kimin i\u015fin\u0259 qar\u0131\u015fmam\u0131\u015fd\u0131q. Amma bizim i\u015fimiz\u0259 qar\u0131\u015fmaq ist\u0259y\u0259nl\u0259r\u0259 d\u0259 h\u0259r d\u0259f\u0259 d\u0259rs vermi\u015fik ki, bunu etm\u0259sinl\u0259r. \u00a0Bu c\u0259hdl\u0259rin \u00a0he\u00e7 bir \u0259h\u0259miyy\u0259ti yoxdur, ancaq bizim xarici siyas\u0259t istiqam\u0259tind\u0259 bu amil t\u0259bii olaraq h\u0259mi\u015f\u0259 n\u0259z\u0259r\u0259 al\u0131nacaq: \u00abBiziml\u0259 ikit\u0259r\u0259fli formatda qar\u015f\u0131l\u0131ql\u0131 h\u00f6rm\u0259t \u0259sas\u0131nda kim \u0259m\u0259kda\u015fl\u0131q etm\u0259k ist\u0259yirs\u0259, biz ikiqat \u0259m\u0259kda\u015fl\u0131q ed\u0259c\u0259yik. Amma \u0259g\u0259r kims\u0259 hesab edir ki, biz\u0259 g\u0259lib n\u0259s\u0259 dikt\u0259 ed\u0259c\u0259k, yaxud da bizi \u0259sass\u0131z olaraq ittiham ed\u0259c\u0259k, ya da hans\u0131sa vasit\u0259l\u0259rl\u0259 bizi qaralayacaq v\u0259 sanki he\u00e7 n\u0259 olmam\u0131\u015f kimi bu \u00f6lk\u0259l\u0259rl\u0259 biz dostluq ed\u0259c\u0259yik, bu, s\u0259hv t\u0259s\u0259vv\u00fcrd\u00fcr, bu, olmayacaq.\u00bb<\/p>\n<p>Az\u0259rbaycan\u0131n ikit\u0259r\u0259fli v\u0259 beyn\u0259lxalq t\u0259\u015fkilatlar daxilind\u0259 \u0259laq\u0259l\u0259rinin haz\u0131rk\u0131 inki\u015faf s\u0259viyy\u0259sin\u0259 m\u0259mnunluq do\u011furur. Bunu qar\u015f\u0131l\u0131ql\u0131 s\u0259f\u0259rl\u0259r, \u00f6lk\u0259mizin ev sahibliyi etdiyi, yaxud qat\u0131ld\u0131\u011f\u0131\u00a0 beyn\u0259lxalq t\u0259dbirl\u0259rin say t\u0259rkibi d\u0259 t\u0259sdiql\u0259yir. \u00d6lk\u0259mizin inki\u015faf modelinin n\u00fcmun\u0259 oldu\u011fu beyn\u0259lxalq s\u0259viyy\u0259d\u0259 x\u00fcsusi qeyd edilir. Az\u0259rbaycan bu g\u00fcn s\u00f6z\u00fc imzas\u0131 q\u0259d\u0259r \u0259h\u0259miyy\u0259tli olan \u00f6lk\u0259 kimi diqq\u0259td\u0259dir. Regionda \u00f6lk\u0259mizin i\u015ftirak\u0131 olmadan hans\u0131sa iqtisadi v\u0259 siyasi layih\u0259nin h\u0259yata ke\u00e7irilm\u0259sind\u0259n s\u00f6hb\u0259t ged\u0259 bilm\u0259z. D\u00fcnya siyas\u0259tind\u0259 yenilikl\u0259rin ba\u015f verm\u0259sind\u0259 d\u0259 Az\u0259rbaycan\u0131n tarixi Z\u0259f\u0259rinin reall\u0131qlar\u0131 \u0259h\u0259miyy\u0259tli rol oynay\u0131r. Az\u0259rbaycan qlobal probleml\u0259rin h\u0259llin\u0259\u00a0 m\u00fch\u00fcm yana\u015fma ortaya qoyaraq daim bu \u00e7a\u011f\u0131r\u0131\u015f\u0131 edir ki, beyn\u0259lxalq h\u0259mr\u0259yliyin g\u00fccl\u0259ndirilm\u0259si prioritetdir. Bu bax\u0131mdan \u00f6lk\u0259mizin yeni d\u00f6vr \u00fc\u00e7\u00fcn m\u00fc\u0259yy\u0259nl\u0259\u015fdirdiyi h\u0259d\u0259fl\u0259r\u0259 diqq\u0259t yetirdikd\u0259 g\u00f6r\u00fcr\u00fck ki, \u0259sas \u00e7a\u011f\u0131r\u0131\u015f budur ki, d\u00fcnyada islamofobiyaya qar\u015f\u0131 m\u00fcbariz\u0259d\u0259 \u00f6n s\u0131ralarda olmal\u0131y\u0131q. Neokolonializm\u0259 qar\u015f\u0131 m\u00fcbariz\u0259 aparan \u00f6lk\u0259l\u0259rin yan\u0131nda olmal\u0131y\u0131q. Neokolonializmi v\u0259 o eyb\u0259c\u0259r tarixd\u0259n qalan amili Yer \u00fcz\u00fcnd\u0259n tamamil\u0259 silm\u0259k \u00fc\u00e7\u00fcn \u00f6z d\u0259st\u0259yimizi g\u00f6st\u0259ririk v\u0259 g\u00f6st\u0259r\u0259c\u0259yik: \u00abBunu neokolonializmin ba\u015f\u0131nda duranlar da bilsinl\u0259r ki, onlar \u0259b\u0259s yer\u0259 biziml\u0259 soyuq sava\u015fa \u00e7\u0131x\u0131blar. Biz gerid\u0259 qalmayaca\u011f\u0131q, biz he\u00e7 vaxt m\u00fcdafi\u0259 m\u00f6vqeyind\u0259 olmam\u0131\u015f\u0131q. Biz\u0259 qar\u015f\u0131 at\u0131lan add\u0131mlara adekvat add\u0131m ataca\u011f\u0131q v\u0259 biz\u0259 qar\u015f\u0131 m\u0259krli planlar haz\u0131rlayanlar, \u0259min\u0259m ki, pe\u015fman olacaqlar.\u00bb<\/p>\n<p>Az\u0259rbaycan daim anti-Az\u0259rbaycan q\u00fcvv\u0259l\u0259rin \u0259sass\u0131z t\u0259bli\u011fatlar\u0131 il\u0259 \u00fcz-\u00fcz\u0259 olub. \u00d6lk\u0259mizin u\u011furlar\u0131n\u0131, m\u00fcst\u0259qil siyas\u0259tini h\u0259zm ed\u0259 bilm\u0259y\u0259n d\u00f6vl\u0259tl\u0259r, dair\u0259l\u0259r bu c\u0259hdl\u0259ri il\u0259 diqq\u0259td\u0259dirl\u0259r. Tarixi Z\u0259f\u0259rimizd\u0259n, \u0259razi b\u00fct\u00f6vl\u00fcy\u00fcm\u00fcz\u00fcn v\u0259 suverenliyimizin tam b\u0259rpa edilm\u0259sind\u0259n sonra bu c\u0259hdl\u0259rin daha da artd\u0131\u011f\u0131n\u0131n \u015fahidiyik. D\u00f6vl\u0259t ba\u015f\u00e7\u0131s\u0131 \u0130lham \u018fliyev VII \u00e7a\u011f\u0131r\u0131\u015f Milli M\u0259clisin ilk iclas\u0131nda \u00abBiz\u0259 qar\u015f\u0131 ideoloji t\u0259xribatlar davam edir. D\u00fczd\u00fcr, onlar\u0131n bu g\u00fcn\u0259 q\u0259d\u0259r he\u00e7 bir n\u0259tic\u0259si olmay\u0131b, \u00e7\u00fcnki bunlar\u0131n qar\u015f\u0131s\u0131nda xalq\u0131m\u0131z\u0131n g\u00fccl\u00fc irad\u0259si v\u0259 milli ruhumuz dayan\u0131r\u00bb s\u00f6yl\u0259y\u0259r\u0259k bu reall\u0131\u011f\u0131 da diqq\u0259t\u0259\u00a0 \u00e7atd\u0131rd\u0131 ki, ist\u0259nil\u0259n ideoloji t\u0259xribat\u0131n burada k\u00f6k salmas\u0131 qeyri-m\u00fcmk\u00fcnd\u00fcr. Ancaq bu, bizi sakitl\u0259\u015fdirm\u0259m\u0259lidir: \u00abBiz\u0259 qar\u015f\u0131 apar\u0131lan \u00e7irkin oyunlar\u0131 if\u015fa etm\u0259liyik, nec\u0259 ki, edirik, h\u0259m r\u0259smi sur\u0259td\u0259, h\u0259m ictimai m\u0259kanda, media m\u0259kan\u0131nda. Hesab edir\u0259m ki, Az\u0259rbaycan xalq\u0131 bu g\u00fcn h\u0259r \u015feyi yax\u015f\u0131 g\u00f6r\u00fcr, h\u0259r \u015feyi yax\u015f\u0131 bilir &#8211; bizim dostumuz kimdir, d\u00fc\u015fm\u0259nimiz kimdir.\u00bb O da qeyd edildi ki, h\u0259r \u015feyin, nec\u0259 dey\u0259rl\u0259r, a\u00e7\u0131q-ayd\u0131n g\u00f6r\u00fcnm\u0259si bu g\u00fcn daha ayd\u0131nd\u0131r. \u00c7\u00fcnki i\u015f\u011fal d\u00f6vr\u00fcnd\u0259 Az\u0259rbaycana\u00a0 qar\u015f\u0131 bu q\u0259d\u0259r a\u00e7\u0131q, t\u0259xribat xarakterli add\u0131mlar olmam\u0131\u015fd\u0131. \u00c7\u00fcnki o i\u015f\u011fal \u00f6lk\u0259miz\u0259\u00a0 qar\u015f\u0131 olan q\u00fcvv\u0259l\u0259ri tam qane edirdi. Torpaqlar\u0131n\u0131 itirmi\u015f xalq\u0131n duy\u011fular\u0131n\u0131 ba\u015fa d\u00fc\u015fm\u0259k \u00fc\u00e7\u00fcn b\u00f6y\u00fck a\u011f\u0131la malik olmaq laz\u0131m deyil. Bu b\u0259ladan can\u0131m\u0131z\u0131 qurtard\u0131q v\u0259 biz\u0259 qar\u015f\u0131 olan anti-Az\u0259rbaycan q\u00fcvv\u0259l\u0259rin maskalar\u0131 d\u0259rhal y\u0131rt\u0131ld\u0131. Bu g\u00fcn d\u0259\u00a0 bunu g\u00f6r\u00fcr\u00fck.<\/p>\n<p>Az\u0259rbaycan h\u0259r zaman d\u00fcnyaya \u0259m\u0259kda\u015fl\u0131q, birlik, h\u0259mr\u0259ylik, t\u0259hl\u00fck\u0259sizlik \u00e7a\u011f\u0131r\u0131\u015flar\u0131n\u0131 edir. \u00d6lk\u0259miz beyn\u0259lxalq al\u0259md\u0259 sabitl\u0259\u015fdirici aktor kimi n\u00fcfuz qazan\u0131b. Az\u0259rbaycan q\u00fctbl\u0259\u015f\u0259n d\u00fcnyada yeni \u0259m\u0259kda\u015fl\u0131q formatlar\u0131n\u0131n yarad\u0131lmas\u0131na \u00e7a\u011f\u0131r\u0131\u015flar ed\u0259r\u0259k birliyin, h\u0259mr\u0259yliyin yarad\u0131lmas\u0131na \u00e7al\u0131\u015f\u0131r.<\/p>\n<p>Art\u0131q Qaraba\u011f m\u00fcnaqi\u015f\u0259si h\u0259ll olunub. Qaraba\u011f Az\u0259rbaycan\u0131n ayr\u0131lmaz hiss\u0259si olaraq qal\u0131r v\u0259 \u0259b\u0259di qalacaq. \u0130\u015f\u011fala art\u0131q son qoyaraq, s\u00fclh\u0259 daha da yax\u0131nla\u015fm\u0131\u015f\u0131q. Az\u0259rbaycanla Erm\u0259nistan aras\u0131nda imzalanacaq s\u00fclh m\u00fcqavil\u0259si art\u0131q s\u00fclh\u00fcn \u0259ld\u0259 edilm\u0259sin\u0259 g\u0259tirib \u00e7\u0131xaracaq. Az\u0259rbaycan b\u0259lli olan t\u0259klifl\u0259ri ir\u0259li s\u00fcr\u00fcb v\u0259 b\u00fct\u00fcn \u0259zab-\u0259ziyy\u0259tl\u0259r\u0259, b\u00fct\u00fcn da\u011f\u0131nt\u0131lara baxmayaraq s\u00fclh m\u00fcqavil\u0259si m\u00fctl\u0259q imzalanmal\u0131d\u0131r.<\/p>\n<p>Az\u0259rbaycan\u0131n h\u0259rbi-siyasi Q\u0259l\u0259b\u0259sinin v\u0259 Erm\u0259nistan\u0131n kapitulyasiyas\u0131n\u0131n t\u0259sdiqi olan 10 noyabr 2020-ci il tarixli \u00fc\u00e7t\u0259r\u0259fli B\u0259yanat\u0131n imzalanmas\u0131ndan d\u00f6rd il \u00a0ke\u00e7m\u0259sin\u0259 baxmayaraq Erm\u0259nistan n\u0259 s\u0259n\u0259dd\u0259n ir\u0259li g\u0259l\u0259n \u00f6hd\u0259likl\u0259ri yerin\u0259 yetirdi, n\u0259 d\u0259 Az\u0259rbaycan t\u0259r\u0259finin ir\u0259li s\u00fcrd\u00fcy\u00fc s\u00fclh t\u0259klifinin reall\u0131\u011fa \u00e7evrilm\u0259si istiqam\u0259tind\u0259 konkret add\u0131mlar atd\u0131. H\u0259r zaman oldu\u011fu kimi, qar\u015f\u0131 t\u0259r\u0259f yen\u0259 d\u0259 himay\u0259darlar\u0131n\u0131n t\u0259klifini g\u00f6zl\u0259di. Erm\u0259nistan\u0131n m\u00fcxt\u0259lif vasit\u0259l\u0259rl\u0259 s\u00fclh m\u00fcqavil\u0259sinin imzalanmas\u0131 prosesinin uzanmas\u0131nda maraql\u0131 oldu\u011fu diqq\u0259td\u0259n k\u0259narda qalm\u0131r. Amma bir reall\u0131\u011f\u0131 unutdu ki, Az\u0259rbaycan qalib \u00f6lk\u0259 olmaqla haz\u0131rk\u0131 d\u00f6vrd\u0259 s\u00fclh g\u00fcnd\u0259liyinin v\u0259 yeni \u0259m\u0259kda\u015fl\u0131q formatlar\u0131n\u0131n m\u00fc\u0259llifi kimi beyn\u0259lxalq al\u0259md\u0259 yeri v\u0259 rolunu m\u00f6hk\u0259ml\u0259ndirir. H\u0259yata ke\u00e7irdiyi siyas\u0259t \u0259dal\u0259t\u0259 v\u0259 beyn\u0259lxalq h\u00fcquqa s\u00f6yk\u0259nir. Az\u0259rbaycan Ordusunun \u00f6t\u0259n ilin sentyabr ay\u0131nda h\u0259yata ke\u00e7irdiyi bir g\u00fcnl\u00fck antiterror t\u0259dbirl\u0259rini \u015f\u0259rtl\u0259ndir\u0259n \u0259sas amill\u0259r d\u0259 m\u0259hz bunlar oldu. C\u0259nab \u0130lham \u018fliyev 7-ci \u00e7a\u011f\u0131r\u0131\u015f Milli M\u0259clisin ilk islas\u0131nda bu m\u0259qamlara x\u00fcsusi diqq\u0259t y\u00f6n\u0259ld\u0259r\u0259k bildirdi ki,\u00a0q\u0259l\u0259b\u0259mizi h\u0259zm ed\u0259 bilm\u0259y\u0259n xarici dair\u0259l\u0259r biz\u0259 qar\u015f\u0131 yeni planlar haz\u0131rlay\u0131r. Media kampaniyas\u0131n\u0131n, qarayaxma, iftira, b\u00f6htan kampaniyalar\u0131n\u0131n da m\u0259qs\u0259di m\u0259hz budur. Bu m\u00f6vzunu daim g\u00fcnd\u0259likd\u0259 saxlamaq v\u0259 \u00fcmidl\u0259 ya\u015famaq ki, n\u0259 vaxtsa Az\u0259rbaycan b\u00fcdr\u0259s\u0259, z\u0259ifl\u0259s\u0259, yenid\u0259n biz\u0259 qar\u015f\u0131 bu \u00e7irkin h\u0259r\u0259k\u0259tl\u0259r ba\u015flas\u0131n. Y\u0259ni biz bunu bilm\u0259liyik. Az\u0259rbaycan iqtidar\u0131 bunu bilir, ictimaiyy\u0259t d\u0259 bunu bilm\u0259lidir. Ona g\u00f6r\u0259 arxay\u0131nla\u015fma\u011fa bizim he\u00e7 c\u00fcr imkan\u0131m\u0131z yoxdur: \u00abBiz \u015f\u0259rti s\u0259rh\u0259dd\u0259 m\u00f6hk\u0259ml\u0259nirik, \u00e7\u00fcnki h\u0259r an Erm\u0259nistandan ist\u0259nil\u0259n t\u0259xribat g\u00f6zl\u0259m\u0259k olar v\u0259 Erm\u0259nistan t\u0259r\u0259fi h\u0259m k\u00fctl\u0259vi sur\u0259td\u0259 silahlan\u0131r, eyni zamanda, xarici \u00f6lk\u0259l\u0259rl\u0259, \u00f6z\u00fc d\u0259 b\u00f6y\u00fck d\u00f6vl\u0259tl\u0259rl\u0259 h\u0259rbi t\u0259liml\u0259r ke\u00e7irir. Erm\u0259nistana Q\u0259rb \u00f6lk\u0259l\u0259rind\u0259n silah, sursat g\u00f6nd\u0259rilir.\u00bb<\/p>\n<p>G\u00f6r\u00fcn\u0259n budur ki, \u00a0Erm\u0259nistan\u0131 Az\u0259rbaycana \u00a0qar\u015f\u0131 y\u00f6n\u0259ltm\u0259k \u00fc\u00e7\u00fcn b\u0259zi Q\u0259rb d\u00f6vl\u0259tl\u0259rinin planlar\u0131 g\u00f6z qaba\u011f\u0131ndad\u0131r. D\u00f6vl\u0259timizin ba\u015f\u00e7\u0131s\u0131 bildirdi ki, \u00a0onlar\u0131 erm\u0259ni xalq\u0131 maraqland\u0131rm\u0131r. Erm\u0259ni xalq\u0131 onlar \u00fc\u00e7\u00fcn, sad\u0259c\u0259, bir al\u0259t, bir vasit\u0259dir ki, Az\u0259rbaycan\u0131 daim t\u0259zyiq alt\u0131nda saxlas\u0131nlar, Erm\u0259nistan \u0259razisind\u0259n istifad\u0259 ed\u0259r\u0259k Az\u0259rbaycan v\u0259 dig\u0259r Erm\u0259nistan\u0131n qon\u015fular\u0131 \u00fc\u00e7\u00fcn t\u0259hdid m\u0259nb\u0259l\u0259ri yarats\u0131nlar v\u0259 bel\u0259likl\u0259, \u00f6z maraqlar\u0131n\u0131 t\u0259min etsinl\u0259r.<\/p>\n<p>\u00d6lk\u0259miz\u0259 qar\u015f\u0131 edil\u0259n bu kimi c\u0259hdl\u0259rin qar\u015f\u0131ya daim q\u0259tiyy\u0259tl\u0259 al\u0131n\u0131r. \u018fn \u0259sas\u0131 Az\u0259rbaycan\u0131n h\u00fccum diplomatiyas\u0131n\u0131 u\u011furla davam etdirm\u0259si \u00f6lk\u0259miz\u0259 qar\u015f\u0131 apar\u0131lan ideoloji m\u00fcbariz\u0259nin \u00a0qar\u015f\u0131s\u0131n\u0131 alma\u011fa geni\u015f imkanlar yarad\u0131r. \u00a0Az\u0259rbaycan yeni inki\u015faf d\u00f6vr\u00fcn\u00fc ya\u015fay\u0131r. Prezident \u0130lham \u018fliyev VII \u00e7a\u011f\u0131r\u0131\u015f Milli M\u0259clisin ilk iclas\u0131ndak\u0131 \u00e7\u0131x\u0131\u015f\u0131nda \u00f6lk\u0259 qar\u015f\u0131s\u0131nda duran b\u0259zi v\u0259zif\u0259l\u0259ri a\u00e7\u0131qlad\u0131. Birinci n\u00f6mr\u0259li v\u0259zif\u0259 h\u0259rbi g\u00fcc\u00fcm\u00fcz\u00fcn art\u0131r\u0131lmas\u0131d\u0131r. Baxmayaraq ki, \u0130kinci Qaraba\u011f m\u00fcharib\u0259si v\u0259 antiterror \u0259m\u0259liyyat\u0131 arxada qald\u0131, h\u0259m d\u00fcnyada ged\u0259n prosesl\u0259r, yeni m\u00fcnaqi\u015f\u0259, m\u00fcharib\u0259 ocaqlar\u0131n\u0131n yarad\u0131lmas\u0131 v\u0259 \u0259traf\u0131m\u0131zda g\u0259rginliyin artmas\u0131, eyni zamanda, Erm\u0259nistanda revan\u015fizm meyill\u0259ri bizi bu sah\u0259y\u0259 daim diqq\u0259t g\u00f6st\u0259rm\u0259y\u0259 vadar edir. C\u0259nab \u0130lham \u018fliyev bu \u00e7a\u011f\u0131r\u0131\u015f\u0131 etdi ki, \u00a0 yerli h\u0259rbi s\u0259naye kompleksimizi\u00a0 daha s\u00fcr\u0259tl\u0259 inki\u015faf etdirm\u0259liyik. Bu il bu m\u0259qs\u0259dl\u0259 b\u00f6y\u00fck v\u0259sait ayr\u0131lm\u0131\u015fd\u0131r v\u0259 g\u0259l\u0259n il d\u0259 ayr\u0131lacaq. B\u00fct\u00fcn h\u0259rbi zavodlar\u0131m\u0131zda geni\u015fmiqyasl\u0131 modernl\u0259\u015fm\u0259 i\u015fl\u0259ri apar\u0131l\u0131r. Yeni avadanl\u0131q, texnika, silah-sursat istehsal olunur. Bir ne\u00e7\u0259 xarici t\u0259r\u0259fda\u015fla yeni istehsalat sah\u0259l\u0259rinin yarad\u0131lmas\u0131 art\u0131q praktik m\u00fcst\u0259viy\u0259 ke\u00e7ib. N\u00f6vb\u0259ti bir-iki il \u0259rzind\u0259\u00a0 h\u0259rbi s\u0259naye kompleksimiz daha b\u00f6y\u00fck olacaq. Yerli h\u0259rbi s\u0259naye kompleksinin yarad\u0131lmas\u0131 h\u0259r bir \u00f6lk\u0259nin \u00fcmumi g\u00fcc\u00fcn\u00fc v\u0259 inki\u015faf\u0131n\u0131 g\u00f6st\u0259rir. Xarici m\u0259nb\u0259l\u0259rd\u0259n daha az as\u0131l\u0131 olmal\u0131y\u0131q. Bu as\u0131l\u0131l\u0131\u011f\u0131 tam aradan qald\u0131rmaq m\u00fcmk\u00fcn olmayacaq. Bunu da biz bilm\u0259liyik. Amma maksimum d\u0259r\u0259c\u0259d\u0259 \u00f6z\u00fcm\u00fcz\u00fc yerli istehsalla t\u0259min etm\u0259liyik: \u00abBu sah\u0259d\u0259, x\u00fcsusil\u0259 m\u00fcasir d\u00f6vrd\u0259 t\u0259tbiq olunan texnoloji yenilikl\u0259r bizim \u00fcmumi intellektual potensial\u0131m\u0131z\u0131 g\u00fccl\u0259ndir\u0259c\u0259k. \u00c7\u00fcnki bu sah\u0259d\u0259 \u00e7al\u0131\u015fan kadrlar, \u00f6z i\u015fl\u0259rini tamamil\u0259 yeni, texnoloji v\u0259 metodoloji \u0259saslar \u00fcz\u0259rind\u0259 qururlar v\u0259 quracaqlar. Minl\u0259rl\u0259 yeni i\u015f yeri yarad\u0131lacaq. Art\u0131q b\u00fct\u00fcn bunlar bizim t\u0259kc\u0259 planlar\u0131m\u0131z deyil, h\u0259yata ke\u00e7iril\u0259n layih\u0259l\u0259rdir. T\u0259bii olaraq, bu layih\u0259l\u0259r haqq\u0131nda geni\u015f dan\u0131\u015fma\u011fa ehtiyac yoxdur. Sad\u0259c\u0259 olaraq bildirm\u0259liy\u0259m ki, bu da bizim n\u00f6vb\u0259ti ill\u0259r \u00fc\u00e7\u00fcn \u0259sas v\u0259zif\u0259l\u0259rimizd\u0259n biri olacaqd\u0131r.\u00bb<\/p>\n<p>Az\u0259rbaycan Prezidenti Qaraba\u011f v\u0259 \u015e\u0259rqi Z\u0259ng\u0259zurun b\u0259rpas\u0131n\u0131n da \u00f6lk\u0259 qar\u015f\u0131s\u0131nda duran v\u0259zif\u0259 oldu\u011funu s\u00f6yl\u0259y\u0259r\u0259k qeyd etdi ki, ancaq biz \u0259g\u0259r h\u0259rbi sah\u0259y\u0259 diqq\u0259timizi azaltsaq v\u0259 oraya ayr\u0131lan v\u0259saiti laz\u0131mi s\u0259viyy\u0259d\u0259 t\u0259min etm\u0259s\u0259k, g\u0259l\u0259c\u0259kd\u0259 bizi probleml\u0259r g\u00f6zl\u0259y\u0259 bil\u0259r.<\/p>\n<p>\u0130\u015f\u011faldan azad edilmi\u015f \u0259razil\u0259rimizd\u0259 geni\u015fmiqyasl\u0131 b\u0259rpa v\u0259 quruculuq i\u015fl\u0259ri u\u011furla davam etdirilir. Az\u0259rbaycana dost \u00f6lk\u0259l\u0259r b\u0259rpa i\u015fl\u0259rin\u0259 \u00f6z t\u00f6hf\u0259l\u0259rini verm\u0259y\u0259 s\u0259y g\u00f6st\u0259rirl\u0259r. D\u00f6vl\u0259t ba\u015f\u00e7\u0131s\u0131 \u0130lham \u018fliyev yeddinci \u00e7a\u011f\u0131r\u0131\u015f Milli M\u0259clisin ilk iclas\u0131ndak\u0131 \u00e7\u0131x\u0131\u015f\u0131nda diqq\u0259ti bu m\u0259s\u0259l\u0259y\u0259 y\u00f6n\u0259ld\u0259r\u0259k bildirdi ki, m\u00fcharib\u0259d\u0259n sonra bu ilin sonuna q\u0259d\u0259r x\u0259rcl\u0259nilm\u0259si n\u0259z\u0259rd\u0259 tutulan v\u0259sait 19 milyard manatd\u0131r. V\u0259saitin m\u00fctl\u0259q \u0259ks\u0259riyy\u0259ti infrastruktur layih\u0259l\u0259rin\u0259 x\u0259rcl\u0259nib. S\u0259kkiz mind\u0259n \u00e7ox ke\u00e7mi\u015f k\u00f6\u00e7k\u00fcn\u00fcn art\u0131q Qaraba\u011f v\u0259 \u015e\u0259rqi Z\u0259ng\u0259zura yerl\u0259\u015fdiyini, h\u0259r il onlar\u0131n say\u0131n\u0131n artaca\u011f\u0131n\u0131 bildir\u0259n d\u00f6vl\u0259timizin ba\u015f\u00e7\u0131s\u0131 azad olunmu\u015f \u0259razil\u0259rd\u0259 h\u0259yata ke\u00e7iril\u0259n infrastruktur layih\u0259l\u0259rind\u0259n dan\u0131\u015fd\u0131. Bildirdi ki, m\u0259kt\u0259bl\u0259r, x\u0259st\u0259xanalar, sosial obyektl\u0259r tikilir, k\u0259ndl\u0259r sal\u0131n\u0131r. Bir s\u00f6zl\u0259, Qaraba\u011f v\u0259 \u015e\u0259rqi Z\u0259ng\u0259zurun dir\u00e7\u0259ldilm\u0259si \u00fc\u00e7\u00fcn geni\u015fmiqyasl\u0131 i\u015fl\u0259r apar\u0131l\u0131r. \u00abBilmir\u0259m, tarixd\u0259 buna ox\u015far b\u0259rpa i\u015fl\u0259ri hans\u0131sa \u00f6lk\u0259d\u0259 apar\u0131lm\u0131\u015fd\u0131r, ya yox. Ancaq bu fakt bir d\u0259 onu g\u00f6st\u0259rir ki, bu, bizim \u00fc\u00e7\u00fcn h\u0259mi\u015f\u0259 \u0259n vacib m\u0259s\u0259l\u0259 olub, &#8211; h\u0259m i\u015f\u011fal d\u00f6vr\u00fcnd\u0259 m\u0259cburi k\u00f6\u00e7k\u00fcnl\u0259r \u00fc\u00e7\u00fcn yeni q\u0259s\u0259b\u0259l\u0259r sal\u0131n\u0131rd\u0131 v\u0259 x\u00fcsusil\u0259 indiki \u015f\u0259raitd\u0259\u00bb s\u00f6yl\u0259y\u0259n c\u0259nab \u0130lham \u018fliyev qeyd etdi ki, erm\u0259nil\u0259r t\u0259r\u0259find\u0259n da\u011f\u0131lm\u0131\u015f yeddi m\u0259scid yenid\u0259n quruldu.\u00a0 S\u0259kkiz m\u0259scidin in\u015fas\u0131 davam edir. Z\u0259f\u0259r muzeyl\u0259ri, i\u015f\u011fal muzeyl\u0259ri, z\u0259f\u0259r parklar\u0131,\u00a0 bu co\u011frafiyada bel\u0259 geni\u015fmiqyasl\u0131 i\u015fl\u0259ri aparmaq do\u011frudan da xalq\u0131m\u0131z\u0131n b\u00f6y\u00fck imkanlar\u0131n\u0131 g\u00f6st\u0259rir. Burada s\u00f6hb\u0259t t\u0259kc\u0259 maliyy\u0259 v\u0259saitind\u0259n getmir. \u00d6lk\u0259miz texniki imkanlara malikdir. Kadr haz\u0131rl\u0131\u011f\u0131\u00a0 yerind\u0259dir: \u00ab\u018flb\u0259tt\u0259 ki, g\u0259l\u0259c\u0259k ill\u0259rd\u0259 i\u015fl\u0259r daha s\u00fcr\u0259tl\u0259 ged\u0259c\u0259k. Yax\u0131n vaxtlarda g\u0259l\u0259n ilin b\u00fcdc\u0259si m\u0259clisd\u0259 m\u00fczakir\u0259 edil\u0259c\u0259k. \u018fmin\u0259m ki, deputatlar h\u00f6kum\u0259tin Qaraba\u011f v\u0259 \u015e\u0259rqi Z\u0259ng\u0259zur \u00fc\u00e7\u00fcn n\u0259z\u0259rd\u0259 tutulan planlar\u0131n\u0131 t\u0259sdiq ed\u0259c\u0259kl\u0259r v\u0259 biz bunu t\u0259min ed\u0259c\u0259yik. T\u0259bii ki, b\u00fct\u00fcn bu i\u015fl\u0259ri g\u00f6rm\u0259k \u00fc\u00e7\u00fcn iqtisadi imkan\u0131m\u0131z olmal\u0131d\u0131r\u2026 Biz ancaq \u00f6z g\u00fcc\u00fcm\u00fcz\u0259 arxalanmal\u0131y\u0131q, biz \u00f6z potensial\u0131m\u0131za g\u00fcv\u0259nm\u0259liyik.\u00bb<\/p>\n<p>B\u00fct\u00fcn inki\u015faf\u0131n \u0259sas\u0131nda iqtisadi t\u0259r\u0259qqi dayan\u0131r. Az\u0259rbaycan\u0131n iqtisadi strtategiyas\u0131n\u0131 d\u00fczg\u00fcn \u0259saslar \u00fcz\u0259rind\u0259 qurmas\u0131 davaml\u0131 u\u011furlara geni\u015f yol a\u00e7\u0131r. D\u00f6vl\u0259t ba\u015f\u00e7\u0131s\u0131 \u0130lham \u018fliyev s\u00f6z\u00fcged\u0259n \u00e7\u0131x\u0131\u015f\u0131nda Az\u0259rbaycan\u0131n cari ilin 8 ay\u0131nda sosial-iqtisadi g\u00f6st\u0259ricil\u0259rind\u0259n geni\u015f b\u0259hs ed\u0259r\u0259k bildirdi ki, iqtisadiyyat d\u00f6rd faizd\u0259n \u00e7ox art\u0131b, qeyri-neft sektorunda yeddi faiz olub. G\u0259l\u0259c\u0259k planlar\u0131m\u0131z\u0131 h\u0259ll etm\u0259k, o c\u00fcml\u0259d\u0259n v\u0259t\u0259nda\u015flar\u0131n sosial rifah\u0131n\u0131 yax\u015f\u0131la\u015fd\u0131rmaq \u00fc\u00e7\u00fcn iqtisadiyyat daim inki\u015faf etm\u0259lidir: \u00ab\u00c7\u00fcnki biz 2018-ci ild\u0259n bu yana d\u00f6rd sosial islahatlar paketi h\u0259yata ke\u00e7irmi\u015fik. Bu sosial islahatlar paketinin m\u0259bl\u0259\u011fi 7 milyard manatd\u0131r v\u0259 bu, 4 milyon insan\u0131 \u0259hat\u0259 edir. Son be\u015f il \u0259rzind\u0259 Az\u0259rbaycanda minimum \u0259m\u0259khaqq\u0131 2,7 d\u0259f\u0259, minimum pensiya 2,5 d\u0259f\u0259 artm\u0131\u015fd\u0131r. Onu da bildirm\u0259liy\u0259m, art\u0131q g\u00f6st\u0259ri\u015f verildi ki, g\u0259l\u0259n ild\u0259n minimum \u0259m\u0259khaqq\u0131 v\u0259 minimum pensiya yen\u0259 d\u0259 art\u0131r\u0131lacaqd\u0131r.\u00bb Sosialy\u00f6n\u00fcml\u00fc siyas\u0259t bir daha \u00fcmumi siyas\u0259timizi, niyy\u0259timizi g\u00f6st\u0259rir. G\u0259l\u0259c\u0259kd\u0259 bu istiqam\u0259td\u0259 siyas\u0259ti aparmaq \u00fc\u00e7\u00fcn iqtisadiyyat\u0131n \u015fax\u0259l\u0259ndirilm\u0259si, qeyri-neft sektorunun inki\u015faf\u0131, yerli istehsal\u0131n geni\u015fl\u0259ndirilm\u0259si \u0259sas \u015f\u0259rtdir. Bu g\u00fcn \u00f6lk\u0259mizin b\u00fct\u00fcn b\u00f6lg\u0259l\u0259rind\u0259, h\u0259m\u00e7inin Qaraba\u011fda yeni istehsalat sah\u0259l\u0259ri a\u00e7\u0131l\u0131r.<\/p>\n<p>\u00d6lk\u0259mizin ayr\u0131-ayr\u0131 sah\u0259l\u0259rd\u0259 qazand\u0131\u011f\u0131 u\u011furlar\u0131n q\u0131sa t\u0259hlili bel\u0259 bir \u00fcmumil\u0259\u015fdirm\u0259y\u0259 \u0259sas verir ki, m\u00f6hk\u0259m t\u0259m\u0259l g\u0259l\u0259c\u0259y\u0259 daha b\u00f6y\u00fck inamla add\u0131mlama\u011fa \u0259sas verir. C\u0259nab \u0130lham \u018fliyev daim bu \u00e7a\u011f\u0131r\u0131\u015f\u0131 edir ki, \u0259ld\u0259 olunan u\u011furlarla kifay\u0259tl\u0259nm\u0259m\u0259li, daim ir\u0259li baxmal\u0131y\u0131q. Bu prinsip\u0259 s\u00f6yk\u0259n\u0259n u\u011furlu add\u0131mlar qar\u015f\u0131ya qoyulan h\u0259d\u0259fl\u0259r\u0259 zaman\u0131nda v\u0259 y\u00fcks\u0259k s\u0259viyy\u0259d\u0259 nail olma\u011fa stimul verir. D\u00f6vl\u0259t ba\u015f\u00e7\u0131s\u0131 \u0130lham \u018fliyevin qeyd etdiyi kimi, t\u0259bii ki, \u00f6lk\u0259 qar\u015f\u0131s\u0131nda bir \u00e7ox dig\u0259r v\u0259zif\u0259l\u0259r var.<\/p>\n<p><strong>Yegan\u0259 \u018fliyeva, \u00ab\u0130ki sahil\u00bb<\/strong><\/p>\n","protected":false},"excerpt":{"rendered":"<p>Yeni formala\u015fan parlament \u00f6z i\u015fi il\u0259 \u00f6lk\u0259mizin h\u0259rt\u0259r\u0259fli inki\u015faf\u0131na\u00a0 t\u00f6hf\u0259sini bundan sonra da ver\u0259c\u0259k v\u0259 Az\u0259rbaycan\u0131n dayan\u0131ql\u0131 inki\u015faf\u0131 t\u0259min edil\u0259c\u0259k D\u00f6vl\u0259t ba\u015f\u00e7\u0131s\u0131 \u0130lham \u018fliyev VII \u00e7a\u011f\u0131r\u0131\u015f Milli M\u0259clisin ilk iclas\u0131nda bir daha bu \u00e7a\u011f\u0131r\u0131\u015f\u0131 etdi ki, g\u0259l\u0259c\u0259k planlar\u0131m\u0131z\u0131 h\u0259ll etm\u0259k, o c\u00fcml\u0259d\u0259n v\u0259t\u0259nda\u015flar\u0131n sosial rifah\u0131n\u0131 yax\u015f\u0131la\u015fd\u0131rmaq \u00fc\u00e7\u00fcn iqtisadiyyat daim inki\u015faf etm\u0259lidir 2024-c\u00fc il m\u00fcst\u0259qillik tariximiz\u0259 se\u00e7ki ili kimi yaz\u0131lacaq. \u00d6t\u0259n ilin 20 sentyabr tarixind\u0259 M\u00fcz\u0259ff\u0259r Ali Ba\u015f Komandan \u0130lham \u018fliyevin r\u0259hb\u0259rliyi il\u0259 Az\u0259rbaycan Ordusunun h\u0259yata ke\u00e7irdiyi bir g\u00fcnl\u00fck antiterror t\u0259dbirl\u0259ri n\u0259tic\u0259sind\u0259 suverenliyimizin tam b\u0259rpa edilm\u0259si il\u0259 \u00f6lk\u0259miz yeni d\u00f6vr\u0259 q\u0259d\u0259m&hellip;<\/p>\n","protected":false},"author":2,"featured_media":755678,"comment_status":"closed","ping_status":"closed","sticky":false,"template":"","format":"standard","meta":{"om_disable_all_campaigns":false,"_monsterinsights_skip_tracking":false,"_monsterinsights_sitenote_active":false,"_monsterinsights_sitenote_note":"","_monsterinsights_sitenote_category":0},"categories":[8],"tags":[],"aioseo_notices":[],"gutentor_comment":0,"rttpg_featured_image_url":{"full":["https:\/\/arantv.az\/wp-content\/uploads\/2024\/09\/1ae6464c172708147255502027210577194-1.jpg",975,540,false],"landscape":["https:\/\/arantv.az\/wp-content\/uploads\/2024\/09\/1ae6464c172708147255502027210577194-1.jpg",975,540,false],"portraits":["https:\/\/arantv.az\/wp-content\/uploads\/2024\/09\/1ae6464c172708147255502027210577194-1.jpg",975,540,false],"thumbnail":["https:\/\/arantv.az\/wp-content\/uploads\/2024\/09\/1ae6464c172708147255502027210577194-1-500x280.jpg",500,280,true],"medium":["https:\/\/arantv.az\/wp-content\/uploads\/2024\/09\/1ae6464c172708147255502027210577194-1-660x365.jpg",660,365,true],"large":["https:\/\/arantv.az\/wp-content\/uploads\/2024\/09\/1ae6464c172708147255502027210577194-1-840x465.jpg",640,354,true],"1536x1536":["https:\/\/arantv.az\/wp-content\/uploads\/2024\/09\/1ae6464c172708147255502027210577194-1.jpg",975,540,false],"2048x2048":["https:\/\/arantv.az\/wp-content\/uploads\/2024\/09\/1ae6464c172708147255502027210577194-1.jpg",975,540,false],"post-thumbnail":["https:\/\/arantv.az\/wp-content\/uploads\/2024\/09\/1ae6464c172708147255502027210577194-1-240x172.jpg",240,172,true],"advps-thumb-one":["https:\/\/arantv.az\/wp-content\/uploads\/2024\/09\/1ae6464c172708147255502027210577194-1.jpg",975,540,false]},"rttpg_author":{"display_name":"V\u00fcsal Rafiqo\u011flu","author_link":"https:\/\/arantv.az\/?author=2"},"rttpg_comment":0,"rttpg_category":"<a href=\"https:\/\/arantv.az\/?cat=8\" rel=\"category\">\u018fsas s\u0259hif\u0259<\/a>","rttpg_excerpt":"Yeni formala\u015fan parlament \u00f6z i\u015fi il\u0259 \u00f6lk\u0259mizin h\u0259rt\u0259r\u0259fli inki\u015faf\u0131na\u00a0 t\u00f6hf\u0259sini bundan sonra da ver\u0259c\u0259k v\u0259 Az\u0259rbaycan\u0131n dayan\u0131ql\u0131 inki\u015faf\u0131 t\u0259min edil\u0259c\u0259k D\u00f6vl\u0259t ba\u015f\u00e7\u0131s\u0131 \u0130lham \u018fliyev VII \u00e7a\u011f\u0131r\u0131\u015f Milli M\u0259clisin ilk iclas\u0131nda bir daha bu \u00e7a\u011f\u0131r\u0131\u015f\u0131 etdi ki, g\u0259l\u0259c\u0259k planlar\u0131m\u0131z\u0131 h\u0259ll etm\u0259k, o c\u00fcml\u0259d\u0259n v\u0259t\u0259nda\u015flar\u0131n sosial rifah\u0131n\u0131 yax\u015f\u0131la\u015fd\u0131rmaq \u00fc\u00e7\u00fcn iqtisadiyyat daim inki\u015faf etm\u0259lidir 2024-c\u00fc il m\u00fcst\u0259qillik tariximiz\u0259&hellip;","_links":{"self":[{"href":"https:\/\/arantv.az\/index.php?rest_route=\/wp\/v2\/posts\/755677"}],"collection":[{"href":"https:\/\/arantv.az\/index.php?rest_route=\/wp\/v2\/posts"}],"about":[{"href":"https:\/\/arantv.az\/index.php?rest_route=\/wp\/v2\/types\/post"}],"author":[{"embeddable":true,"href":"https:\/\/arantv.az\/index.php?rest_route=\/wp\/v2\/users\/2"}],"replies":[{"embeddable":true,"href":"https:\/\/arantv.az\/index.php?rest_route=%2Fwp%2Fv2%2Fcomments&post=755677"}],"version-history":[{"count":1,"href":"https:\/\/arantv.az\/index.php?rest_route=\/wp\/v2\/posts\/755677\/revisions"}],"predecessor-version":[{"id":755679,"href":"https:\/\/arantv.az\/index.php?rest_route=\/wp\/v2\/posts\/755677\/revisions\/755679"}],"wp:featuredmedia":[{"embeddable":true,"href":"https:\/\/arantv.az\/index.php?rest_route=\/wp\/v2\/media\/755678"}],"wp:attachment":[{"href":"https:\/\/arantv.az\/index.php?rest_route=%2Fwp%2Fv2%2Fmedia&parent=755677"}],"wp:term":[{"taxonomy":"category","embeddable":true,"href":"https:\/\/arantv.az\/index.php?rest_route=%2Fwp%2Fv2%2Fcategories&post=755677"},{"taxonomy":"post_tag","embeddable":true,"href":"https:\/\/arantv.az\/index.php?rest_route=%2Fwp%2Fv2%2Ftags&post=755677"}],"curies":[{"name":"wp","href":"https:\/\/api.w.org\/{rel}","templated":true}]}}