{"id":756958,"date":"2024-09-27T16:35:20","date_gmt":"2024-09-27T12:35:20","guid":{"rendered":"https:\/\/arantv.az\/?p=756958"},"modified":"2024-09-27T16:35:20","modified_gmt":"2024-09-27T12:35:20","slug":"qudr%c9%99tli-suveren-az%c9%99rbaycan","status":"publish","type":"post","link":"https:\/\/arantv.az\/?p=756958","title":{"rendered":"Q\u00dcDR\u018fTL\u0130, SUVEREN  AZ\u018fRBAYCAN!"},"content":{"rendered":"<p><strong>2024-c\u00fc il 23 sentyabr tarixind\u0259 Az\u0259rbaycan Respublikas\u0131n\u0131n Prezidenti \u0130lham \u018fliyev VII \u00e7a\u011f\u0131r\u0131\u015f Milli M\u0259clisin ilk iclas\u0131nda \u00e7\u0131x\u0131\u015f etdi. Bu \u00e7\u0131x\u0131\u015f Az\u0259rbaycan d\u00f6vl\u0259tinin g\u0259l\u0259c\u0259k inki\u015faf istiqam\u0259tl\u0259rinin m\u00fc\u0259yy\u0259nl\u0259\u015fdirilm\u0259si,\u00a0 daxili v\u0259 xarici siyas\u0259tin \u0259sas prioritetl\u0259ri v\u0259 \u00f6lk\u0259nin yeni parlamentinin qar\u015f\u0131s\u0131nda duran v\u0259zif\u0259l\u0259rl\u0259 ba\u011fl\u0131 \u0259h\u0259miyy\u0259tli m\u0259qamlarla yadda qald\u0131.<\/strong><\/p>\n<p>C\u0259nab\u00a0 Pezidenti \u0130lham \u018fliyev iclasda nitq s\u00f6yl\u0259y\u0259r\u0259k, vacib m\u0259s\u0259l\u0259l\u0259ri vur\u011fulay\u0131b.<\/p>\n<p>\u201cBuilki Prezident v\u0259 parlament se\u00e7kil\u0259ri m\u00fcst\u0259qil \u00f6lk\u0259mizin tarixind\u0259 ilk d\u0259f\u0259 idi ki, \u00f6lk\u0259mizin b\u00fct\u00fcn \u0259razisind\u0259 ke\u00e7irilmi\u015fdir. Bu, tarixi hadis\u0259dir. \u0130kinci Qaraba\u011f m\u00fcharib\u0259si v\u0259 suverenliyimizin tam b\u0259rpa edilm\u0259si d\u00fcnya miqyas\u0131nda tarixi hadis\u0259dir. Az\u0259rbaycan xalq\u0131 g\u00fccl\u00fc irad\u0259, birlik g\u00f6st\u0259r\u0259r\u0259k 30 il davam ed\u0259n i\u015f\u011fala son qoydu. Az\u0259rbaycan d\u00f6vl\u0259ti \u00f6z g\u00fcc\u00fcn\u00fc g\u00f6st\u0259rdi, xalq\u0131m\u0131z is\u0259 b\u00fct\u00fcn d\u00fcnyaya \u00f6z \u0259yilm\u0259z ruhunu g\u00f6st\u0259rmi\u015fdir\u201d<\/p>\n<p>B\u0259li, 30 illik torpaq h\u0259sr\u0259tin\u0259 44 g\u00fcnd\u0259 son qoyduq.\u201cD\u0259mir Yumruq\u201d \u0259m\u0259liyyat\u0131 noyabr ay\u0131n\u0131n 10-da Az\u0259rbaycan-Erm\u0259nistan aras\u0131nda b\u0259yanat\u0131n imzalanmas\u0131 il\u0259 n\u0259tic\u0259l\u0259ndi.<\/p>\n<p>M\u00fcz\u0259ff\u0259r Ali Ba\u015f Komandan\u0131m\u0131z\u0131n r\u0259hb\u0259rlik etdiyi r\u0259\u015fad\u0259tli Az\u0259rbaycan Ordusu 44 g\u00fcn \u0259rzind\u0259 \u00f6z s\u00f6z\u00fcn\u00fc dedi. D\u00fc\u015fm\u0259nin kapitulyasiya etm\u0259kd\u0259n ba\u015fqa \u00e7\u0131x\u0131\u015f yolu qalmad\u0131. Noyabr\u0131n 10-da Az\u0259rbaycan, Rusiya prezidentl\u0259ri v\u0259 Erm\u0259nistan\u0131n ba\u015f naziri birg\u0259 b\u0259yanat imzalad\u0131lar. Az\u0259rbaycan Z\u0259f\u0259r qazand\u0131.<\/p>\n<p>Bel\u0259likl\u0259, h\u0259r g\u00fcn\u00fc bir tarix oldu 44 g\u00fcn\u00fcn. V\u0259t\u0259n m\u00fcharib\u0259si d\u00f6vr\u00fcnd\u0259 h\u0259r bir v\u0259t\u0259nda\u015f V\u0259t\u0259n\u0259 olan borcunu yerin\u0259 yetirdi. M\u0259hz buna g\u00f6r\u0259 d\u0259 d\u00f6y\u00fc\u015f meydan\u0131nda, h\u0259m d\u0259 siyasi, ideoloji v\u0259 diplomatik m\u00fcst\u0259vid\u0259 &#8211; h\u0259r c\u0259bh\u0259d\u0259 qalib g\u0259ldik. 30 illik m\u00fcnaqi\u015f\u0259ni 44 g\u00fcnd\u0259 h\u0259ll ed\u0259n Az\u0259rbaycan Ordusu, \u00f6z g\u00fcc\u00fcn\u00fc, xalq\u0131m\u0131z\u0131n birliyini b\u0259\u015f\u0259riyy\u0259t\u0259 s\u00fcbut etdi. M\u00fcz\u0259ff\u0259r Ali Ba\u015f Komandan\u0131n r\u0259hb\u0259rlik etdiyi Ordumuz q\u00fcrur m\u0259nb\u0259yimizdir.<\/p>\n<p>44 g\u00fcnl\u00fck V\u0259t\u0259n m\u00fcharib\u0259sind\u0259 h\u0259r g\u00fcn Az\u0259rbaycan Ordusu ir\u0259li gedir, yeni \u015f\u0259h\u0259rl\u0259r, k\u0259ndl\u0259r, q\u0259s\u0259b\u0259l\u0259r, y\u00fcks\u0259klikl\u0259r azad edirdi. Az\u0259rbaycan \u0259sg\u0259rinin yaln\u0131z bir amal\u0131 var idi: \u0259dal\u0259t z\u0259f\u0259r \u00e7als\u0131n.<\/p>\n<p>Bel\u0259likl\u0259, t\u0259kc\u0259 \u015eu\u015fa \u0259m\u0259liyyat\u0131 Az\u0259rbaycan Ordusunun g\u00fcc\u00fcn\u00fc anlama\u011fa kifay\u0259t etdi.<\/p>\n<p>M\u00f6ht\u0259r\u0259m\u00a0 Prezidentimiz, Ali Ba\u015f Komandan\u00a0 Az\u0259rbaycan xalq\u0131n\u0131n rifah\u0131n\u0131 y\u00fcks\u0259ltm\u0259y\u0259 y\u00f6n\u0259lmi\u015f iqtisadi islahatlar\u0131n davam ed\u0259c\u0259yini, qeyri-neft sektorunun inki\u015faf\u0131n\u0131n diqq\u0259t m\u0259rk\u0259zind\u0259 olaca\u011f\u0131n\u0131 bildirdi. Bununla yana\u015f\u0131, k\u0259nd t\u0259s\u0259rr\u00fcfat\u0131, s\u0259naye v\u0259 enerji sektorlar\u0131nda h\u0259yata ke\u00e7iril\u0259n islahatlar, Az\u0259rbaycan\u0131n regional v\u0259 qlobal iqtisadi m\u0259kandak\u0131 m\u00f6vqeyini daha da g\u00fccl\u0259ndir\u0259c\u0259k. X\u00fcsusil\u0259, \u00f6lk\u0259nin enerji t\u0259hl\u00fck\u0259sizliyi v\u0259 dayan\u0131ql\u0131l\u0131\u011f\u0131n\u0131n t\u0259min olunmas\u0131 m\u0259s\u0259l\u0259si prioritet olaraq qald\u0131\u011f\u0131 qeyd olundu. Prezident \u0130lham \u018fliyev Az\u0259rbaycan\u0131n xarici siyas\u0259tind\u0259ki \u0259h\u0259miyy\u0259tli m\u0259qamlar\u0131 da qeyd ed\u0259r\u0259k, \u00f6lk\u0259nin beyn\u0259lxalq arenada qazand\u0131\u011f\u0131 n\u00fcfuzun davam etdirilm\u0259si \u00fc\u00e7\u00fcn vacib add\u0131mlar\u0131n at\u0131laca\u011f\u0131n\u0131 bildirdi.<\/p>\n<p>D\u00f6vl\u0259timizin\u00a0 ba\u015f\u00e7\u0131s\u0131 parlamentin rolunu x\u00fcsusi vur\u011fuluyaraq, yeni \u00e7a\u011f\u0131r\u0131\u015f Milli M\u0259clisin qar\u015f\u0131s\u0131nda duran v\u0259zif\u0259l\u0259rd\u0259n dan\u0131\u015fd\u0131. O, Milli M\u0259clisin qanunvericilik f\u0259aliyy\u0259ti il\u0259 yana\u015f\u0131, \u00f6lk\u0259nin daxili v\u0259 xarici siyas\u0259tinin h\u0259yata ke\u00e7irilm\u0259sind\u0259 f\u0259al i\u015ftirak etm\u0259li oldu\u011funu bildirdi.<\/p>\n<p>Bu g\u00fcn biz \u00f6z\u00fcm\u00fcz\u00fc xo\u015fb\u0259xt g\u0259nclik hesab edir, d\u00f6vl\u0259timizin h\u0259yata ke\u00e7irdiyiv\u0259 xarici daxili siyas\u0259ti y\u00fcks\u0259k qiym\u0259tl\u0259ndiririk. Biz g\u0259ncl\u0259r m\u00f6ht\u0259r\u0259m Prezidentimizin \u0259traf\u0131nda D\u0259mir Yumruq kimi birl\u0259\u015fmi\u015fik. Bu birliyi he\u00e7 kim poza bilm\u0259z! Bu\u00a0 birlik sars\u0131lmazd\u0131r!<\/p>\n<p>&nbsp;<\/p>\n<p><strong>Fidan N\u0259sirli \u2013 YAP B\u0259rd\u0259 rayon t\u0259\u015fkilat\u0131 f\u0259al\u0131, Qaraba\u011f Regional G\u0259ncl\u0259r v\u0259 \u0130dman \u0130dar\u0259sinin B\u0259rd\u0259 rayonu \u00fczr\u0259 g\u0259ncl\u0259r v\u0259 idman sektorunun ba\u015f m\u0259sl\u0259h\u0259t\u00e7isi<\/strong><\/p>\n<p><strong>\u00a0<\/strong><\/p>\n","protected":false},"excerpt":{"rendered":"<p>2024-c\u00fc il 23 sentyabr tarixind\u0259 Az\u0259rbaycan Respublikas\u0131n\u0131n Prezidenti \u0130lham \u018fliyev VII \u00e7a\u011f\u0131r\u0131\u015f Milli M\u0259clisin ilk iclas\u0131nda \u00e7\u0131x\u0131\u015f etdi. Bu \u00e7\u0131x\u0131\u015f Az\u0259rbaycan d\u00f6vl\u0259tinin g\u0259l\u0259c\u0259k inki\u015faf istiqam\u0259tl\u0259rinin m\u00fc\u0259yy\u0259nl\u0259\u015fdirilm\u0259si,\u00a0 daxili v\u0259 xarici siyas\u0259tin \u0259sas prioritetl\u0259ri v\u0259 \u00f6lk\u0259nin yeni parlamentinin qar\u015f\u0131s\u0131nda duran v\u0259zif\u0259l\u0259rl\u0259 ba\u011fl\u0131 \u0259h\u0259miyy\u0259tli m\u0259qamlarla yadda qald\u0131. C\u0259nab\u00a0 Pezidenti \u0130lham \u018fliyev iclasda nitq s\u00f6yl\u0259y\u0259r\u0259k, vacib m\u0259s\u0259l\u0259l\u0259ri vur\u011fulay\u0131b. \u201cBuilki Prezident v\u0259 parlament se\u00e7kil\u0259ri m\u00fcst\u0259qil \u00f6lk\u0259mizin tarixind\u0259 ilk d\u0259f\u0259 idi ki, \u00f6lk\u0259mizin b\u00fct\u00fcn \u0259razisind\u0259 ke\u00e7irilmi\u015fdir. Bu, tarixi hadis\u0259dir. \u0130kinci Qaraba\u011f m\u00fcharib\u0259si v\u0259 suverenliyimizin tam b\u0259rpa edilm\u0259si d\u00fcnya miqyas\u0131nda tarixi hadis\u0259dir. Az\u0259rbaycan xalq\u0131 g\u00fccl\u00fc irad\u0259, birlik&hellip;<\/p>\n","protected":false},"author":2,"featured_media":756959,"comment_status":"closed","ping_status":"closed","sticky":false,"template":"","format":"standard","meta":{"om_disable_all_campaigns":false,"_monsterinsights_skip_tracking":false,"_monsterinsights_sitenote_active":false,"_monsterinsights_sitenote_note":"","_monsterinsights_sitenote_category":0},"categories":[2],"tags":[],"aioseo_notices":[],"gutentor_comment":0,"rttpg_featured_image_url":{"full":["https:\/\/arantv.az\/wp-content\/uploads\/2024\/09\/e9705469-1269-4f14-bac5-a117edb5652b.jpg",568,1011,false],"landscape":["https:\/\/arantv.az\/wp-content\/uploads\/2024\/09\/e9705469-1269-4f14-bac5-a117edb5652b.jpg",568,1011,false],"portraits":["https:\/\/arantv.az\/wp-content\/uploads\/2024\/09\/e9705469-1269-4f14-bac5-a117edb5652b.jpg",568,1011,false],"thumbnail":["https:\/\/arantv.az\/wp-content\/uploads\/2024\/09\/e9705469-1269-4f14-bac5-a117edb5652b-500x280.jpg",500,280,true],"medium":["https:\/\/arantv.az\/wp-content\/uploads\/2024\/09\/e9705469-1269-4f14-bac5-a117edb5652b-205x365.jpg",205,365,true],"large":["https:\/\/arantv.az\/wp-content\/uploads\/2024\/09\/e9705469-1269-4f14-bac5-a117edb5652b-472x840.jpg",472,840,true],"1536x1536":["https:\/\/arantv.az\/wp-content\/uploads\/2024\/09\/e9705469-1269-4f14-bac5-a117edb5652b.jpg",568,1011,false],"2048x2048":["https:\/\/arantv.az\/wp-content\/uploads\/2024\/09\/e9705469-1269-4f14-bac5-a117edb5652b.jpg",568,1011,false],"post-thumbnail":["https:\/\/arantv.az\/wp-content\/uploads\/2024\/09\/e9705469-1269-4f14-bac5-a117edb5652b-240x172.jpg",240,172,true],"advps-thumb-one":["https:\/\/arantv.az\/wp-content\/uploads\/2024\/09\/e9705469-1269-4f14-bac5-a117edb5652b-568x620.jpg",568,620,true]},"rttpg_author":{"display_name":"V\u00fcsal Rafiqo\u011flu","author_link":"https:\/\/arantv.az\/?author=2"},"rttpg_comment":0,"rttpg_category":"<a href=\"https:\/\/arantv.az\/?cat=2\" rel=\"category\">Region X\u0259b\u0259rl\u0259ri<\/a>","rttpg_excerpt":"2024-c\u00fc il 23 sentyabr tarixind\u0259 Az\u0259rbaycan Respublikas\u0131n\u0131n Prezidenti \u0130lham \u018fliyev VII \u00e7a\u011f\u0131r\u0131\u015f Milli M\u0259clisin ilk iclas\u0131nda \u00e7\u0131x\u0131\u015f etdi. Bu \u00e7\u0131x\u0131\u015f Az\u0259rbaycan d\u00f6vl\u0259tinin g\u0259l\u0259c\u0259k inki\u015faf istiqam\u0259tl\u0259rinin m\u00fc\u0259yy\u0259nl\u0259\u015fdirilm\u0259si,\u00a0 daxili v\u0259 xarici siyas\u0259tin \u0259sas prioritetl\u0259ri v\u0259 \u00f6lk\u0259nin yeni parlamentinin qar\u015f\u0131s\u0131nda duran v\u0259zif\u0259l\u0259rl\u0259 ba\u011fl\u0131 \u0259h\u0259miyy\u0259tli m\u0259qamlarla yadda qald\u0131. C\u0259nab\u00a0 Pezidenti \u0130lham \u018fliyev iclasda nitq s\u00f6yl\u0259y\u0259r\u0259k, vacib m\u0259s\u0259l\u0259l\u0259ri vur\u011fulay\u0131b. \u201cBuilki&hellip;","_links":{"self":[{"href":"https:\/\/arantv.az\/index.php?rest_route=\/wp\/v2\/posts\/756958"}],"collection":[{"href":"https:\/\/arantv.az\/index.php?rest_route=\/wp\/v2\/posts"}],"about":[{"href":"https:\/\/arantv.az\/index.php?rest_route=\/wp\/v2\/types\/post"}],"author":[{"embeddable":true,"href":"https:\/\/arantv.az\/index.php?rest_route=\/wp\/v2\/users\/2"}],"replies":[{"embeddable":true,"href":"https:\/\/arantv.az\/index.php?rest_route=%2Fwp%2Fv2%2Fcomments&post=756958"}],"version-history":[{"count":1,"href":"https:\/\/arantv.az\/index.php?rest_route=\/wp\/v2\/posts\/756958\/revisions"}],"predecessor-version":[{"id":756960,"href":"https:\/\/arantv.az\/index.php?rest_route=\/wp\/v2\/posts\/756958\/revisions\/756960"}],"wp:featuredmedia":[{"embeddable":true,"href":"https:\/\/arantv.az\/index.php?rest_route=\/wp\/v2\/media\/756959"}],"wp:attachment":[{"href":"https:\/\/arantv.az\/index.php?rest_route=%2Fwp%2Fv2%2Fmedia&parent=756958"}],"wp:term":[{"taxonomy":"category","embeddable":true,"href":"https:\/\/arantv.az\/index.php?rest_route=%2Fwp%2Fv2%2Fcategories&post=756958"},{"taxonomy":"post_tag","embeddable":true,"href":"https:\/\/arantv.az\/index.php?rest_route=%2Fwp%2Fv2%2Ftags&post=756958"}],"curies":[{"name":"wp","href":"https:\/\/api.w.org\/{rel}","templated":true}]}}