{"id":756998,"date":"2024-09-27T17:13:09","date_gmt":"2024-09-27T13:13:09","guid":{"rendered":"https:\/\/arantv.az\/?p=756998"},"modified":"2024-09-27T18:13:50","modified_gmt":"2024-09-27T14:13:50","slug":"b%c9%99rd%c9%99d%c9%99-27-sentyabr-anim-gunu-munasib%c9%99til%c9%99-s%c9%99hid-ail%c9%99l%c9%99ri-ziyar%c9%99t-olundu","status":"publish","type":"post","link":"https:\/\/arantv.az\/?p=756998","title":{"rendered":"B\u0259rd\u0259d\u0259 27 sentyabr An\u0131m g\u00fcn\u00fc m\u00fcnasib\u0259til\u0259 \u015f\u0259hid ail\u0259l\u0259ri ziyar\u0259t olundu."},"content":{"rendered":"<p>B\u0259rd\u0259 rayon \u0130cra Hakimiyy\u0259tinin t\u0259\u015fkilat\u00e7\u0131l\u0131\u011f\u0131 il\u0259 rayonun \u0130cra hakimiyy\u0259tinin ba\u015f\u00e7\u0131s\u0131 Vidadi. \u0130sayev YAP B\u0259rd\u0259 rayon t\u0259\u015fkilat\u0131n\u0131n, h\u00fcquq &#8211; m\u00fchafiz\u0259 orqanlar\u0131n\u0131n r\u0259hb\u0259rl\u0259ri, ziyal\u0131lar, dini n\u00fcmay\u0259nd\u0259l\u0259r il\u0259 birlikd\u0259 44 g\u00fcnl\u00fck V\u0259t\u0259n m\u00fcharib\u0259si \u015f\u0259hidl\u0259rinin ail\u0259l\u0259rind\u0259 olmu\u015f, onlarla goru\u015fm\u00fc\u015f, qay\u011f\u0131lar\u0131 il\u0259 maraqlanm\u0131\u015flar.<br \/>\nG\u00f6r\u00fc\u015f zaman\u0131 M\u00fcz\u0259ff\u0259r Lider c\u0259nab \u0130lham \u018fliyevin r\u0259hb\u0259rliyi alt\u0131nda xalq, iqtidar, Ordu birliyi, \u015f\u0259hid o\u011fullar\u0131n igidliyi, qazil\u0259rin q\u0259hr\u0259manl\u0131\u011f\u0131 il\u0259 torpaqlar\u0131m\u0131z\u0131n i\u015f\u011faldan azad olunmas\u0131ndan, B\u00f6y\u00fck tarixi Q\u0259l\u0259b\u0259 v\u0259 Z\u0259f\u0259rin \u0259ld\u0259 olunmas\u0131ndan, Az\u0259rbaycan\u0131m\u0131z\u0131n yenid\u0259n Qaraba\u011fla b\u00fct\u00f6vl\u0259\u015fm\u0259sinin m\u00f6hk\u0259ml\u0259ndirilm\u0259si \u00fc\u00e7\u00fcn \u00f6lk\u0259 r\u0259hb\u0259rinin apard\u0131\u011f\u0131 u\u011furlu daxili v\u0259 xarici siyas\u0259td\u0259n, b\u00f6y\u00fck tikinti i\u015fl\u0259rind\u0259n dan\u0131\u015f\u0131lm\u0131\u015fd\u0131r.<br \/>\n\u015e\u0259hid ail\u0259l\u0259ri M\u00fcz\u0259ff\u0259r Lider c\u0259nab \u0130lham \u018fliyev v\u0259 \u00f6lk\u0259nin birinci Vitse-prezidenti Mehriban xan\u0131m \u018fliyevan\u0131n d\u00f6vl\u0259t s\u0259viyy\u0259sind\u0259 onlara g\u00f6st\u0259rdikl\u0259ri diqq\u0259t v\u0259 qay\u011f\u0131dan m\u0259mnun olduqlar\u0131n\u0131 bildirmi\u015fl\u0259r.<\/p>\n<p><img loading=\"lazy\" class=\"alignnone size-medium wp-image-757002\" src=\"https:\/\/arantv.az\/wp-content\/uploads\/2024\/09\/b9fb96c6-fd36-4815-9a92-5bcacf31971f-429x365.jpg\" alt=\"\" width=\"429\" height=\"365\" \/> <img loading=\"lazy\" class=\"alignnone size-medium wp-image-757003\" src=\"https:\/\/arantv.az\/wp-content\/uploads\/2024\/09\/7e2847f1-1f64-45c7-bbb1-990ba9224ac9-660x306.jpg\" alt=\"\" width=\"660\" height=\"306\" \/> <img loading=\"lazy\" class=\"alignnone size-medium wp-image-757004\" src=\"https:\/\/arantv.az\/wp-content\/uploads\/2024\/09\/c608f2fc-bab8-4779-b413-07757967c7d5-457x365.jpg\" alt=\"\" width=\"457\" height=\"365\" \/> \u00a0<img loading=\"lazy\" class=\"alignnone size-medium wp-image-757006\" src=\"https:\/\/arantv.az\/wp-content\/uploads\/2024\/09\/b7c5cfe9-3fa3-4c29-90ff-9bd9d49d665a-425x365.jpg\" alt=\"\" width=\"425\" height=\"365\" \/><\/p>\n<p><img loading=\"lazy\" class=\"alignnone size-medium wp-image-757008\" src=\"https:\/\/arantv.az\/wp-content\/uploads\/2024\/09\/39ff042e-61bd-41f4-912b-3618aa572634-487x365.jpg\" alt=\"\" width=\"487\" height=\"365\" \/> <img loading=\"lazy\" class=\"alignnone size-medium wp-image-757009\" src=\"https:\/\/arantv.az\/wp-content\/uploads\/2024\/09\/75903904-f9d9-40eb-a19a-c82bb7da987a-487x365.jpg\" alt=\"\" width=\"487\" height=\"365\" \/> <img loading=\"lazy\" class=\"alignnone size-medium wp-image-757010\" src=\"https:\/\/arantv.az\/wp-content\/uploads\/2024\/09\/a4f92d31-c2ce-49b7-acb5-11a8b9d13d54-487x365.jpg\" alt=\"\" width=\"487\" height=\"365\" \/> \u00a0<img loading=\"lazy\" class=\"alignnone size-medium wp-image-757012\" src=\"https:\/\/arantv.az\/wp-content\/uploads\/2024\/09\/8d9f2f86-ac6c-48bd-9457-f69e85df2ae2-487x365.jpg\" alt=\"\" width=\"487\" height=\"365\" \/> \u00a0<img loading=\"lazy\" class=\"alignnone size-medium wp-image-757014\" src=\"https:\/\/arantv.az\/wp-content\/uploads\/2024\/09\/f3ee7ca2-b6ec-49cf-83a1-70f53a10b676-487x365.jpg\" alt=\"\" width=\"487\" height=\"365\" \/> <img loading=\"lazy\" class=\"alignnone size-medium wp-image-757015\" src=\"https:\/\/arantv.az\/wp-content\/uploads\/2024\/09\/f4872645-87e8-4a37-bb6f-6f2c9e8612a1-487x365.jpg\" alt=\"\" width=\"487\" height=\"365\" \/><\/p>\n<p><img loading=\"lazy\" class=\"alignnone size-medium wp-image-757028\" src=\"https:\/\/arantv.az\/wp-content\/uploads\/2024\/09\/f0fa70f6-5b04-428c-80d4-994275af734a-487x365.jpg\" alt=\"\" width=\"487\" height=\"365\" \/> <img loading=\"lazy\" class=\"alignnone size-medium wp-image-757029\" src=\"https:\/\/arantv.az\/wp-content\/uploads\/2024\/09\/0bc53825-37e9-4144-a8ab-3c5dd1cb7b87-487x365.jpg\" alt=\"\" width=\"487\" height=\"365\" \/><\/p>\n<p><img loading=\"lazy\" class=\"alignnone size-medium wp-image-757034\" src=\"https:\/\/arantv.az\/wp-content\/uploads\/2024\/09\/c03487ef-b60d-4f96-b85c-c205cfc60fae-660x297.jpg\" alt=\"\" width=\"660\" height=\"297\" \/><\/p>\n<p><img loading=\"lazy\" class=\"alignnone size-medium wp-image-757033\" src=\"https:\/\/arantv.az\/wp-content\/uploads\/2024\/09\/c0b4d180-c3b5-43a3-abd1-c24cb55e4cbd-660x297.jpg\" alt=\"\" width=\"660\" height=\"297\" \/><\/p>\n<p><img loading=\"lazy\" class=\"alignnone size-medium wp-image-757035\" src=\"https:\/\/arantv.az\/wp-content\/uploads\/2024\/09\/7044d3c8-2b6d-461b-9caf-3f19ea5fdfd1-660x297.jpg\" alt=\"\" width=\"660\" height=\"297\" \/> <img loading=\"lazy\" class=\"alignnone size-medium wp-image-757036\" src=\"https:\/\/arantv.az\/wp-content\/uploads\/2024\/09\/461729df-e278-47c2-917b-0f4e57edd556-660x297.jpg\" alt=\"\" width=\"660\" height=\"297\" \/><\/p>\n","protected":false},"excerpt":{"rendered":"<p>B\u0259rd\u0259 rayon \u0130cra Hakimiyy\u0259tinin t\u0259\u015fkilat\u00e7\u0131l\u0131\u011f\u0131 il\u0259 rayonun \u0130cra hakimiyy\u0259tinin ba\u015f\u00e7\u0131s\u0131 Vidadi. \u0130sayev YAP B\u0259rd\u0259 rayon t\u0259\u015fkilat\u0131n\u0131n, h\u00fcquq &#8211; m\u00fchafiz\u0259 orqanlar\u0131n\u0131n r\u0259hb\u0259rl\u0259ri, ziyal\u0131lar, dini n\u00fcmay\u0259nd\u0259l\u0259r il\u0259 birlikd\u0259 44 g\u00fcnl\u00fck V\u0259t\u0259n m\u00fcharib\u0259si \u015f\u0259hidl\u0259rinin ail\u0259l\u0259rind\u0259 olmu\u015f, onlarla goru\u015fm\u00fc\u015f, qay\u011f\u0131lar\u0131 il\u0259 maraqlanm\u0131\u015flar. G\u00f6r\u00fc\u015f zaman\u0131 M\u00fcz\u0259ff\u0259r Lider c\u0259nab \u0130lham \u018fliyevin r\u0259hb\u0259rliyi alt\u0131nda xalq, iqtidar, Ordu birliyi, \u015f\u0259hid o\u011fullar\u0131n igidliyi, qazil\u0259rin q\u0259hr\u0259manl\u0131\u011f\u0131 il\u0259 torpaqlar\u0131m\u0131z\u0131n i\u015f\u011faldan azad olunmas\u0131ndan, B\u00f6y\u00fck tarixi Q\u0259l\u0259b\u0259 v\u0259 Z\u0259f\u0259rin \u0259ld\u0259 olunmas\u0131ndan, Az\u0259rbaycan\u0131m\u0131z\u0131n yenid\u0259n Qaraba\u011fla b\u00fct\u00f6vl\u0259\u015fm\u0259sinin m\u00f6hk\u0259ml\u0259ndirilm\u0259si \u00fc\u00e7\u00fcn \u00f6lk\u0259 r\u0259hb\u0259rinin apard\u0131\u011f\u0131 u\u011furlu daxili v\u0259 xarici siyas\u0259td\u0259n, b\u00f6y\u00fck tikinti i\u015fl\u0259rind\u0259n dan\u0131\u015f\u0131lm\u0131\u015fd\u0131r. \u015e\u0259hid ail\u0259l\u0259ri M\u00fcz\u0259ff\u0259r Lider&hellip;<\/p>\n","protected":false},"author":2,"featured_media":757036,"comment_status":"closed","ping_status":"closed","sticky":false,"template":"","format":"standard","meta":{"om_disable_all_campaigns":false,"_monsterinsights_skip_tracking":false,"_monsterinsights_sitenote_active":false,"_monsterinsights_sitenote_note":"","_monsterinsights_sitenote_category":0},"categories":[2],"tags":[],"aioseo_notices":[],"gutentor_comment":0,"rttpg_featured_image_url":{"full":["https:\/\/arantv.az\/wp-content\/uploads\/2024\/09\/461729df-e278-47c2-917b-0f4e57edd556.jpg",1200,540,false],"landscape":["https:\/\/arantv.az\/wp-content\/uploads\/2024\/09\/461729df-e278-47c2-917b-0f4e57edd556.jpg",1200,540,false],"portraits":["https:\/\/arantv.az\/wp-content\/uploads\/2024\/09\/461729df-e278-47c2-917b-0f4e57edd556.jpg",1200,540,false],"thumbnail":["https:\/\/arantv.az\/wp-content\/uploads\/2024\/09\/461729df-e278-47c2-917b-0f4e57edd556-500x280.jpg",500,280,true],"medium":["https:\/\/arantv.az\/wp-content\/uploads\/2024\/09\/461729df-e278-47c2-917b-0f4e57edd556-660x297.jpg",660,297,true],"large":["https:\/\/arantv.az\/wp-content\/uploads\/2024\/09\/461729df-e278-47c2-917b-0f4e57edd556-840x378.jpg",640,288,true],"1536x1536":["https:\/\/arantv.az\/wp-content\/uploads\/2024\/09\/461729df-e278-47c2-917b-0f4e57edd556.jpg",1200,540,false],"2048x2048":["https:\/\/arantv.az\/wp-content\/uploads\/2024\/09\/461729df-e278-47c2-917b-0f4e57edd556.jpg",1200,540,false],"post-thumbnail":["https:\/\/arantv.az\/wp-content\/uploads\/2024\/09\/461729df-e278-47c2-917b-0f4e57edd556-240x172.jpg",240,172,true],"advps-thumb-one":["https:\/\/arantv.az\/wp-content\/uploads\/2024\/09\/461729df-e278-47c2-917b-0f4e57edd556.jpg",1200,540,false]},"rttpg_author":{"display_name":"V\u00fcsal Rafiqo\u011flu","author_link":"https:\/\/arantv.az\/?author=2"},"rttpg_comment":0,"rttpg_category":"<a href=\"https:\/\/arantv.az\/?cat=2\" rel=\"category\">Region X\u0259b\u0259rl\u0259ri<\/a>","rttpg_excerpt":"B\u0259rd\u0259 rayon \u0130cra Hakimiyy\u0259tinin t\u0259\u015fkilat\u00e7\u0131l\u0131\u011f\u0131 il\u0259 rayonun \u0130cra hakimiyy\u0259tinin ba\u015f\u00e7\u0131s\u0131 Vidadi. \u0130sayev YAP B\u0259rd\u0259 rayon t\u0259\u015fkilat\u0131n\u0131n, h\u00fcquq &#8211; m\u00fchafiz\u0259 orqanlar\u0131n\u0131n r\u0259hb\u0259rl\u0259ri, ziyal\u0131lar, dini n\u00fcmay\u0259nd\u0259l\u0259r il\u0259 birlikd\u0259 44 g\u00fcnl\u00fck V\u0259t\u0259n m\u00fcharib\u0259si \u015f\u0259hidl\u0259rinin ail\u0259l\u0259rind\u0259 olmu\u015f, onlarla goru\u015fm\u00fc\u015f, qay\u011f\u0131lar\u0131 il\u0259 maraqlanm\u0131\u015flar. G\u00f6r\u00fc\u015f zaman\u0131 M\u00fcz\u0259ff\u0259r Lider c\u0259nab \u0130lham \u018fliyevin r\u0259hb\u0259rliyi alt\u0131nda xalq, iqtidar, Ordu birliyi, \u015f\u0259hid o\u011fullar\u0131n igidliyi, qazil\u0259rin&hellip;","_links":{"self":[{"href":"https:\/\/arantv.az\/index.php?rest_route=\/wp\/v2\/posts\/756998"}],"collection":[{"href":"https:\/\/arantv.az\/index.php?rest_route=\/wp\/v2\/posts"}],"about":[{"href":"https:\/\/arantv.az\/index.php?rest_route=\/wp\/v2\/types\/post"}],"author":[{"embeddable":true,"href":"https:\/\/arantv.az\/index.php?rest_route=\/wp\/v2\/users\/2"}],"replies":[{"embeddable":true,"href":"https:\/\/arantv.az\/index.php?rest_route=%2Fwp%2Fv2%2Fcomments&post=756998"}],"version-history":[{"count":9,"href":"https:\/\/arantv.az\/index.php?rest_route=\/wp\/v2\/posts\/756998\/revisions"}],"predecessor-version":[{"id":757062,"href":"https:\/\/arantv.az\/index.php?rest_route=\/wp\/v2\/posts\/756998\/revisions\/757062"}],"wp:featuredmedia":[{"embeddable":true,"href":"https:\/\/arantv.az\/index.php?rest_route=\/wp\/v2\/media\/757036"}],"wp:attachment":[{"href":"https:\/\/arantv.az\/index.php?rest_route=%2Fwp%2Fv2%2Fmedia&parent=756998"}],"wp:term":[{"taxonomy":"category","embeddable":true,"href":"https:\/\/arantv.az\/index.php?rest_route=%2Fwp%2Fv2%2Fcategories&post=756998"},{"taxonomy":"post_tag","embeddable":true,"href":"https:\/\/arantv.az\/index.php?rest_route=%2Fwp%2Fv2%2Ftags&post=756998"}],"curies":[{"name":"wp","href":"https:\/\/api.w.org\/{rel}","templated":true}]}}