{"id":75778,"date":"2019-08-30T08:07:18","date_gmt":"2019-08-30T05:07:18","guid":{"rendered":"http:\/\/arantv.az\/?p=75778"},"modified":"2019-08-30T08:07:18","modified_gmt":"2019-08-30T05:07:18","slug":"sentyabr-ayi-ucun-nazirl%c9%99rin-q%c9%99bul-c%c9%99dv%c9%99li-aciqlandi-c%c9%99dv%c9%99l","status":"publish","type":"post","link":"https:\/\/arantv.az\/?p=75778","title":{"rendered":"Sentyabr ay\u0131 \u00fc\u00e7\u00fcn nazirl\u0259rin q\u0259bul c\u0259dv\u0259li a\u00e7\u0131qland\u0131 &#8211; C\u018fDV\u018fL"},"content":{"rendered":"<p><strong>M\u0259rk\u0259zi icra hakimiyy\u0259ti orqanlar\u0131n\u0131n, dig\u0259r qurumlar\u0131n r\u0259hb\u0259rl\u0259rinin v\u0259 onlar\u0131n m\u00fcavinl\u0259rinin 2019-cu ilin sentyabr ay\u0131nda \u015f\u0259h\u0259r v\u0259 rayonlarda v\u0259t\u0259nda\u015flar\u0131n q\u0259bulu c\u0259dv\u0259li a\u00e7\u0131qlan\u0131b.<\/strong><\/p>\n<p><b>ARANTV.AZ\u00a0<\/b>q\u0259bul c\u0259dv\u0259lini t\u0259qdim edir.<\/p>\n<p>Qeyd ed\u0259k ki, v\u0259t\u0259nda\u015flar\u0131n qald\u0131rd\u0131qlar\u0131 m\u0259s\u0259l\u0259l\u0259r q\u0259bulu ke\u00e7ir\u0259n t\u0259\u015fkilatlar\u0131n s\u0259lahiyy\u0259tl\u0259rin\u0259 aid olmal\u0131d\u0131r.<\/p>\n<div class=\"row\">\n<div class=\"post single\">\n<div class=\"social_like\">\n<div>\n<div class=\"fb-like fb_iframe_widget\" data-href=\"\" data-layout=\"button_count\" data-action=\"recommend\" data-size=\"small\" data-show-faces=\"false\" data-share=\"false\"><\/div>\n<\/div>\n<div><\/div>\n<\/div>\n<\/div>\n<\/div>\n<div class=\"row page_margin_top\">\n<div id=\"news_media_gallery\" class=\"eagle-gallery img600 in as1\">\n<div class=\"eagle-medium-wrap\"><a class=\"eagle-view-medium-img\"><img src=\"https:\/\/publika.az\/storage\/2019\/08\/30\/ad7f11ac-2571-4c42-ae85-a3a795e68cd5.jpg\" alt=\"\" \/><\/a><\/div>\n<div>Publika.az<\/div>\n<\/div>\n<\/div>\n","protected":false},"excerpt":{"rendered":"<p>M\u0259rk\u0259zi icra hakimiyy\u0259ti orqanlar\u0131n\u0131n, dig\u0259r qurumlar\u0131n r\u0259hb\u0259rl\u0259rinin v\u0259 onlar\u0131n m\u00fcavinl\u0259rinin 2019-cu ilin sentyabr ay\u0131nda \u015f\u0259h\u0259r v\u0259 rayonlarda v\u0259t\u0259nda\u015flar\u0131n q\u0259bulu c\u0259dv\u0259li a\u00e7\u0131qlan\u0131b. ARANTV.AZ\u00a0q\u0259bul c\u0259dv\u0259lini t\u0259qdim edir. Qeyd ed\u0259k ki, v\u0259t\u0259nda\u015flar\u0131n qald\u0131rd\u0131qlar\u0131 m\u0259s\u0259l\u0259l\u0259r q\u0259bulu ke\u00e7ir\u0259n t\u0259\u015fkilatlar\u0131n s\u0259lahiyy\u0259tl\u0259rin\u0259 aid olmal\u0131d\u0131r. Publika.az<\/p>\n","protected":false},"author":2,"featured_media":75779,"comment_status":"closed","ping_status":"closed","sticky":false,"template":"","format":"standard","meta":{"om_disable_all_campaigns":false,"_monsterinsights_skip_tracking":false,"_monsterinsights_sitenote_active":false,"_monsterinsights_sitenote_note":"","_monsterinsights_sitenote_category":0},"categories":[19],"tags":[],"aioseo_notices":[],"gutentor_comment":0,"rttpg_featured_image_url":{"full":["https:\/\/arantv.az\/wp-content\/uploads\/2019\/08\/hokumet-evi-hokumet-evi-baki.jpg",800,450,false],"landscape":["https:\/\/arantv.az\/wp-content\/uploads\/2019\/08\/hokumet-evi-hokumet-evi-baki.jpg",800,450,false],"portraits":["https:\/\/arantv.az\/wp-content\/uploads\/2019\/08\/hokumet-evi-hokumet-evi-baki.jpg",800,450,false],"thumbnail":["https:\/\/arantv.az\/wp-content\/uploads\/2019\/08\/hokumet-evi-hokumet-evi-baki-150x150.jpg",150,150,true],"medium":["https:\/\/arantv.az\/wp-content\/uploads\/2019\/08\/hokumet-evi-hokumet-evi-baki-300x169.jpg",300,169,true],"large":["https:\/\/arantv.az\/wp-content\/uploads\/2019\/08\/hokumet-evi-hokumet-evi-baki.jpg",640,360,false],"1536x1536":["https:\/\/arantv.az\/wp-content\/uploads\/2019\/08\/hokumet-evi-hokumet-evi-baki.jpg",800,450,false],"2048x2048":["https:\/\/arantv.az\/wp-content\/uploads\/2019\/08\/hokumet-evi-hokumet-evi-baki.jpg",800,450,false],"post-thumbnail":["https:\/\/arantv.az\/wp-content\/uploads\/2019\/08\/hokumet-evi-hokumet-evi-baki-240x172.jpg",240,172,true],"advps-thumb-one":["https:\/\/arantv.az\/wp-content\/uploads\/2019\/08\/hokumet-evi-hokumet-evi-baki.jpg",800,450,false]},"rttpg_author":{"display_name":"V\u00fcsal Rafiqo\u011flu","author_link":"https:\/\/arantv.az\/?author=2"},"rttpg_comment":0,"rttpg_category":"<a href=\"https:\/\/arantv.az\/?cat=19\" rel=\"category\">G\u00fcnd\u0259m<\/a>","rttpg_excerpt":"M\u0259rk\u0259zi icra hakimiyy\u0259ti orqanlar\u0131n\u0131n, dig\u0259r qurumlar\u0131n r\u0259hb\u0259rl\u0259rinin v\u0259 onlar\u0131n m\u00fcavinl\u0259rinin 2019-cu ilin sentyabr ay\u0131nda \u015f\u0259h\u0259r v\u0259 rayonlarda v\u0259t\u0259nda\u015flar\u0131n q\u0259bulu c\u0259dv\u0259li a\u00e7\u0131qlan\u0131b. ARANTV.AZ\u00a0q\u0259bul c\u0259dv\u0259lini t\u0259qdim edir. Qeyd ed\u0259k ki, v\u0259t\u0259nda\u015flar\u0131n qald\u0131rd\u0131qlar\u0131 m\u0259s\u0259l\u0259l\u0259r q\u0259bulu ke\u00e7ir\u0259n t\u0259\u015fkilatlar\u0131n s\u0259lahiyy\u0259tl\u0259rin\u0259 aid olmal\u0131d\u0131r. Publika.az","_links":{"self":[{"href":"https:\/\/arantv.az\/index.php?rest_route=\/wp\/v2\/posts\/75778"}],"collection":[{"href":"https:\/\/arantv.az\/index.php?rest_route=\/wp\/v2\/posts"}],"about":[{"href":"https:\/\/arantv.az\/index.php?rest_route=\/wp\/v2\/types\/post"}],"author":[{"embeddable":true,"href":"https:\/\/arantv.az\/index.php?rest_route=\/wp\/v2\/users\/2"}],"replies":[{"embeddable":true,"href":"https:\/\/arantv.az\/index.php?rest_route=%2Fwp%2Fv2%2Fcomments&post=75778"}],"version-history":[{"count":0,"href":"https:\/\/arantv.az\/index.php?rest_route=\/wp\/v2\/posts\/75778\/revisions"}],"wp:featuredmedia":[{"embeddable":true,"href":"https:\/\/arantv.az\/index.php?rest_route=\/wp\/v2\/media\/75779"}],"wp:attachment":[{"href":"https:\/\/arantv.az\/index.php?rest_route=%2Fwp%2Fv2%2Fmedia&parent=75778"}],"wp:term":[{"taxonomy":"category","embeddable":true,"href":"https:\/\/arantv.az\/index.php?rest_route=%2Fwp%2Fv2%2Fcategories&post=75778"},{"taxonomy":"post_tag","embeddable":true,"href":"https:\/\/arantv.az\/index.php?rest_route=%2Fwp%2Fv2%2Ftags&post=75778"}],"curies":[{"name":"wp","href":"https:\/\/api.w.org\/{rel}","templated":true}]}}