{"id":75781,"date":"2019-08-30T08:15:19","date_gmt":"2019-08-30T05:15:19","guid":{"rendered":"http:\/\/arantv.az\/?p=75781"},"modified":"2019-08-30T08:15:19","modified_gmt":"2019-08-30T05:15:19","slug":"bas-nazir-novruz-m%c9%99mm%c9%99dovun-s%c9%99drliyi-il%c9%99-nazirl%c9%99r-kabinetinin-novb%c9%99ti-iclasi-kecirilib-2","status":"publish","type":"post","link":"https:\/\/arantv.az\/?p=75781","title":{"rendered":"Ba\u015f Nazir Novruz M\u0259mm\u0259dovun s\u0259drliyi il\u0259 Nazirl\u0259r Kabinetinin n\u00f6vb\u0259ti iclas\u0131 ke\u00e7irilib"},"content":{"rendered":"<p>Avqustun 29-da Az\u0259rbaycan Respublikas\u0131n\u0131n Ba\u015f Naziri Novruz M\u0259mm\u0259dovun s\u0259drliyi il\u0259 Nazirl\u0259r Kabinetinin n\u00f6vb\u0259ti iclas\u0131 ke\u00e7irilib.<\/p>\n<p><strong>ARANTV.AZ<\/strong> x\u0259b\u0259r verir ki, iclas\u0131 a\u00e7an Ba\u015f Nazir Novruz M\u0259mm\u0259dov g\u00fcnd\u0259lik bar\u0259d\u0259 m\u0259lumat verib. Bildirib ki, iclasda \u201cAz\u0259rbaycan Respublikas\u0131 D\u00f6vl\u0259t G\u00f6mr\u00fck Komit\u0259sinin 2019-cu ilin 6 ay\u0131 \u0259rzind\u0259 f\u0259aliyy\u0259tinin \u00fcmumi n\u0259tic\u0259l\u0259ri, g\u00f6mr\u00fck i\u015finin sad\u0259l\u0259\u015fdirilm\u0259si il\u0259 ba\u011fl\u0131 g\u00f6r\u00fclm\u0259li olan t\u0259dbirl\u0259r haqq\u0131nda\u201d v\u0259 \u201cAz\u0259rbaycan Respublikas\u0131nda d\u00f6vl\u0259t m\u00fchafiz\u0259si alt\u0131nda olan da\u015f\u0131nmaz tarix v\u0259 m\u0259d\u0259niyy\u0259t abid\u0259l\u0259rinin qorunma v\u0259ziyy\u0259ti, bu istiqam\u0259td\u0259 qar\u015f\u0131da duran v\u0259zif\u0259l\u0259r v\u0259 g\u00f6r\u00fclm\u0259li t\u0259dbirl\u0259r haqq\u0131nda\u201d m\u0259s\u0259l\u0259l\u0259r m\u00fczakir\u0259 olunacaq.<\/p>\n<p>Ba\u015f Nazir bu g\u00fcn Az\u0259rbaycanda sahibkarl\u0131\u011f\u0131n inki\u015faf\u0131, \u0259lveri\u015fli biznes m\u00fchitinin yarad\u0131lmas\u0131, \u015f\u0259ffaf vergi sisteminin formala\u015fmas\u0131 kimi m\u0259s\u0259l\u0259l\u0259rin Prezident \u0130lham \u018fliyev t\u0259r\u0259find\u0259n qar\u015f\u0131ya v\u0259zif\u0259 kimi qoyuldu\u011funu diqq\u0259t\u0259 \u00e7atd\u0131r\u0131b. Qeyd edib ki, 2018-2019-cu ill\u0259rd\u0259 g\u00f6mr\u00fck v\u0259 vergi sistemind\u0259 apar\u0131lan islahatlar n\u0259tic\u0259sind\u0259 m\u0259mur-sahibkar t\u0259maslar\u0131 xeyli azal\u0131b, \u015f\u0259ffafl\u0131q v\u0259 b\u00fcdc\u0259y\u0259 daxilolmalar \u0259h\u0259miyy\u0259tli d\u0259r\u0259c\u0259d\u0259 art\u0131r\u0131l\u0131b. \u201cCari ilin 6 ay\u0131 \u0259rzind\u0259 D\u00f6vl\u0259t G\u00f6mr\u00fck Komit\u0259si illik b\u00fcdc\u0259 daxilolmalar\u0131 \u00fczr\u0259 proqnoz g\u00f6st\u0259ricil\u0259rini tam h\u0259cmd\u0259 yerin\u0259 yetirib v\u0259 \u00f6t\u0259n ilin m\u00fcvafiq d\u00f6vr\u00fc il\u0259 m\u00fcqayis\u0259d\u0259 d\u00f6vl\u0259t b\u00fcdc\u0259sin\u0259 446 milyon manatdan \u00e7ox \u0259lav\u0259 v\u0259sait k\u00f6\u00e7\u00fcr\u00fcb\u201d, &#8211; dey\u0259n Ba\u015f Nazir bildirib ki, m\u00fcsb\u0259t n\u0259tic\u0259l\u0259rl\u0259 yana\u015f\u0131, g\u00f6mr\u00fck i\u015fi sah\u0259sind\u0259 meydana g\u0259l\u0259n v\u0259 h\u0259lli vacib olan bir s\u0131ra m\u0259s\u0259l\u0259l\u0259r d\u0259 qalmaqdad\u0131r. H\u0259min m\u0259s\u0259l\u0259l\u0259rin h\u0259lli \u00fc\u00e7\u00fcn m\u00fcvafiq t\u0259dbirl\u0259r g\u00f6r\u00fclm\u0259li, bu vacib sah\u0259nin daha da inki\u015faf etdirilm\u0259si istiqam\u0259tind\u0259 i\u015fl\u0259r ard\u0131c\u0131l davam etdirilm\u0259li, g\u00f6mr\u00fck prosedurlar\u0131 \u015f\u0259ffaf \u015f\u0259raitd\u0259 daha da sad\u0259l\u0259\u015fdirilm\u0259li v\u0259 tranzit ke\u00e7idi s\u00fcr\u0259tl\u0259ndirilm\u0259lidir. Ba\u015f Nazir Novruz M\u0259mm\u0259dov, h\u0259m\u00e7inin \u0259lav\u0259 edib ki, elektron xidm\u0259tl\u0259rin say\u0131n\u0131n art\u0131r\u0131lmas\u0131 sahibkar-m\u0259mur t\u0259maslar\u0131n\u0131n azalmas\u0131na, \u015f\u0259ffaf v\u0259 s\u0259m\u0259r\u0259li olmas\u0131na daha da t\u00f6hf\u0259 ver\u0259c\u0259k.<\/p>\n<p>\u201cAz\u0259rbaycan Respublikas\u0131nda d\u00f6vl\u0259t m\u00fchafiz\u0259si alt\u0131nda olan da\u015f\u0131nmaz tarix v\u0259 m\u0259d\u0259niyy\u0259t abid\u0259l\u0259rinin qorunma v\u0259ziyy\u0259ti, bu istiqam\u0259td\u0259 qar\u015f\u0131da duran v\u0259zif\u0259l\u0259r v\u0259 g\u00f6r\u00fclm\u0259li t\u0259dbirl\u0259r haqq\u0131nda\u201d m\u0259s\u0259l\u0259y\u0259 toxunan Ba\u015f Nazir vur\u011fulay\u0131b ki, Az\u0259rbaycan xalq\u0131n\u0131n milli m\u0259d\u0259ni irsinin qorunub saxlan\u0131lmas\u0131 daim d\u00f6vl\u0259tin diqq\u0259t m\u0259rk\u0259zind\u0259dir. Bu qay\u011f\u0131n\u0131n t\u0259zah\u00fcr\u00fc Az\u0259rbaycan Respublikas\u0131n\u0131n Prezidenti \u0130lham \u018fliyevin imzalad\u0131\u011f\u0131 f\u0259rman v\u0259 s\u0259r\u0259ncamlarda \u00f6z \u0259ksini tap\u0131b. \u201c2007-2019-cu ill\u0259r \u00fczr\u0259 d\u00f6vl\u0259t b\u00fcdc\u0259sind\u0259 n\u0259z\u0259rd\u0259 tutulmu\u015f \u0259sasl\u0131 v\u0259sait qoyulu\u015fu hesab\u0131na 42 da\u015f\u0131nmaz tarix v\u0259 m\u0259d\u0259niyy\u0259t abid\u0259sind\u0259 b\u0259rpa, konservasiya v\u0259 yenid\u0259nqurma i\u015fl\u0259ri apar\u0131l\u0131b, abid\u0259l\u0259rin \u0259traf\u0131nda geni\u015f abadl\u0131q i\u015fl\u0259ri g\u00f6r\u00fcl\u00fcb. 154 tarixi \u0259h\u0259miyy\u0259tli \u0259razi v\u0259 abid\u0259d\u0259 arxeoloji qaz\u0131nt\u0131 i\u015fl\u0259ri apar\u0131l\u0131b, elmi t\u0259dqiqatlar\u0131n n\u0259tic\u0259l\u0259ri bar\u0259d\u0259 kitab v\u0259 m\u0259qal\u0259l\u0259r n\u0259\u015fr edilib, arxeoloji materiallar t\u0259dqiq olunduqdan sonra x\u00fcsusi fond v\u0259 muzeyl\u0259r\u0259 t\u0259hvil verilib\u201d, &#8211; dey\u0259 Novruz M\u0259mm\u0259dov \u0259lav\u0259 edib. Ba\u015f Nazir m\u0259d\u0259ni irsin qorunmas\u0131 v\u0259 g\u0259l\u0259c\u0259k n\u0259sill\u0259r\u0259 \u00e7atd\u0131r\u0131lmas\u0131 m\u0259qs\u0259dil\u0259 abid\u0259l\u0259rin b\u0259rpas\u0131nda Heyd\u0259r \u018fliyev Fondunun f\u0259aliyy\u0259tini d\u0259 x\u00fcsusi qeyd edib.<\/p>\n<p>Sonra D\u00f6vl\u0259t G\u00f6mr\u00fck Komit\u0259sinin s\u0259dri S\u0259f\u0259r Mehdiyevin, Vergil\u0259r naziri Mikay\u0131l Cabbarovun, M\u0259d\u0259niyy\u0259t nazirinin birinci m\u00fcavini Vaqif \u018fliyevin v\u0259 Az\u0259rbaycan Milli Elml\u0259r Akademiyas\u0131n\u0131n prezidenti Akif \u018flizad\u0259nin g\u00fcnd\u0259likd\u0259ki m\u0259s\u0259l\u0259l\u0259rl\u0259 ba\u011fl\u0131 m\u0259ruz\u0259l\u0259ri dinl\u0259nilib.<\/p>\n<p>\u0130clasda m\u00f6vzularla ba\u011fl\u0131 \u00e7\u0131x\u0131\u015flar olub, m\u00fcxt\u0259lif t\u0259klifl\u0259r s\u0259sl\u0259ndirilib.<\/p>\n<p>\u0130clasa yekun vuran Ba\u015f Nazir Novruz M\u0259mm\u0259dov m\u00fczakir\u0259 olunan m\u0259s\u0259l\u0259l\u0259rin icras\u0131 il\u0259 ba\u011fl\u0131 m\u00fcvafiq tap\u015f\u0131r\u0131qlar verib.AZ\u018fRTAC<\/p>\n","protected":false},"excerpt":{"rendered":"<p>Avqustun 29-da Az\u0259rbaycan Respublikas\u0131n\u0131n Ba\u015f Naziri Novruz M\u0259mm\u0259dovun s\u0259drliyi il\u0259 Nazirl\u0259r Kabinetinin n\u00f6vb\u0259ti iclas\u0131 ke\u00e7irilib. ARANTV.AZ x\u0259b\u0259r verir ki, iclas\u0131 a\u00e7an Ba\u015f Nazir Novruz M\u0259mm\u0259dov g\u00fcnd\u0259lik bar\u0259d\u0259 m\u0259lumat verib. Bildirib ki, iclasda \u201cAz\u0259rbaycan Respublikas\u0131 D\u00f6vl\u0259t G\u00f6mr\u00fck Komit\u0259sinin 2019-cu ilin 6 ay\u0131 \u0259rzind\u0259 f\u0259aliyy\u0259tinin \u00fcmumi n\u0259tic\u0259l\u0259ri, g\u00f6mr\u00fck i\u015finin sad\u0259l\u0259\u015fdirilm\u0259si il\u0259 ba\u011fl\u0131 g\u00f6r\u00fclm\u0259li olan t\u0259dbirl\u0259r haqq\u0131nda\u201d v\u0259 \u201cAz\u0259rbaycan Respublikas\u0131nda d\u00f6vl\u0259t m\u00fchafiz\u0259si alt\u0131nda olan da\u015f\u0131nmaz tarix v\u0259 m\u0259d\u0259niyy\u0259t abid\u0259l\u0259rinin qorunma v\u0259ziyy\u0259ti, bu istiqam\u0259td\u0259 qar\u015f\u0131da duran v\u0259zif\u0259l\u0259r v\u0259 g\u00f6r\u00fclm\u0259li t\u0259dbirl\u0259r haqq\u0131nda\u201d m\u0259s\u0259l\u0259l\u0259r m\u00fczakir\u0259 olunacaq. Ba\u015f Nazir bu g\u00fcn Az\u0259rbaycanda sahibkarl\u0131\u011f\u0131n inki\u015faf\u0131, \u0259lveri\u015fli biznes m\u00fchitinin&hellip;<\/p>\n","protected":false},"author":2,"featured_media":75782,"comment_status":"closed","ping_status":"closed","sticky":false,"template":"","format":"standard","meta":{"om_disable_all_campaigns":false,"_monsterinsights_skip_tracking":false,"_monsterinsights_sitenote_active":false,"_monsterinsights_sitenote_note":"","_monsterinsights_sitenote_category":0},"categories":[19],"tags":[],"aioseo_notices":[],"gutentor_comment":0,"rttpg_featured_image_url":{"full":["https:\/\/arantv.az\/wp-content\/uploads\/2019\/08\/40c7ede84d2d17d5989206df1b59714a_67797_6.jpg",975,540,false],"landscape":["https:\/\/arantv.az\/wp-content\/uploads\/2019\/08\/40c7ede84d2d17d5989206df1b59714a_67797_6.jpg",975,540,false],"portraits":["https:\/\/arantv.az\/wp-content\/uploads\/2019\/08\/40c7ede84d2d17d5989206df1b59714a_67797_6.jpg",975,540,false],"thumbnail":["https:\/\/arantv.az\/wp-content\/uploads\/2019\/08\/40c7ede84d2d17d5989206df1b59714a_67797_6-150x150.jpg",150,150,true],"medium":["https:\/\/arantv.az\/wp-content\/uploads\/2019\/08\/40c7ede84d2d17d5989206df1b59714a_67797_6-300x166.jpg",300,166,true],"large":["https:\/\/arantv.az\/wp-content\/uploads\/2019\/08\/40c7ede84d2d17d5989206df1b59714a_67797_6.jpg",640,354,false],"1536x1536":["https:\/\/arantv.az\/wp-content\/uploads\/2019\/08\/40c7ede84d2d17d5989206df1b59714a_67797_6.jpg",975,540,false],"2048x2048":["https:\/\/arantv.az\/wp-content\/uploads\/2019\/08\/40c7ede84d2d17d5989206df1b59714a_67797_6.jpg",975,540,false],"post-thumbnail":["https:\/\/arantv.az\/wp-content\/uploads\/2019\/08\/40c7ede84d2d17d5989206df1b59714a_67797_6-240x172.jpg",240,172,true],"advps-thumb-one":["https:\/\/arantv.az\/wp-content\/uploads\/2019\/08\/40c7ede84d2d17d5989206df1b59714a_67797_6.jpg",975,540,false]},"rttpg_author":{"display_name":"V\u00fcsal Rafiqo\u011flu","author_link":"https:\/\/arantv.az\/?author=2"},"rttpg_comment":0,"rttpg_category":"<a href=\"https:\/\/arantv.az\/?cat=19\" rel=\"category\">G\u00fcnd\u0259m<\/a>","rttpg_excerpt":"Avqustun 29-da Az\u0259rbaycan Respublikas\u0131n\u0131n Ba\u015f Naziri Novruz M\u0259mm\u0259dovun s\u0259drliyi il\u0259 Nazirl\u0259r Kabinetinin n\u00f6vb\u0259ti iclas\u0131 ke\u00e7irilib. ARANTV.AZ x\u0259b\u0259r verir ki, iclas\u0131 a\u00e7an Ba\u015f Nazir Novruz M\u0259mm\u0259dov g\u00fcnd\u0259lik bar\u0259d\u0259 m\u0259lumat verib. Bildirib ki, iclasda \u201cAz\u0259rbaycan Respublikas\u0131 D\u00f6vl\u0259t G\u00f6mr\u00fck Komit\u0259sinin 2019-cu ilin 6 ay\u0131 \u0259rzind\u0259 f\u0259aliyy\u0259tinin \u00fcmumi n\u0259tic\u0259l\u0259ri, g\u00f6mr\u00fck i\u015finin sad\u0259l\u0259\u015fdirilm\u0259si il\u0259 ba\u011fl\u0131 g\u00f6r\u00fclm\u0259li olan t\u0259dbirl\u0259r haqq\u0131nda\u201d v\u0259&hellip;","_links":{"self":[{"href":"https:\/\/arantv.az\/index.php?rest_route=\/wp\/v2\/posts\/75781"}],"collection":[{"href":"https:\/\/arantv.az\/index.php?rest_route=\/wp\/v2\/posts"}],"about":[{"href":"https:\/\/arantv.az\/index.php?rest_route=\/wp\/v2\/types\/post"}],"author":[{"embeddable":true,"href":"https:\/\/arantv.az\/index.php?rest_route=\/wp\/v2\/users\/2"}],"replies":[{"embeddable":true,"href":"https:\/\/arantv.az\/index.php?rest_route=%2Fwp%2Fv2%2Fcomments&post=75781"}],"version-history":[{"count":0,"href":"https:\/\/arantv.az\/index.php?rest_route=\/wp\/v2\/posts\/75781\/revisions"}],"wp:featuredmedia":[{"embeddable":true,"href":"https:\/\/arantv.az\/index.php?rest_route=\/wp\/v2\/media\/75782"}],"wp:attachment":[{"href":"https:\/\/arantv.az\/index.php?rest_route=%2Fwp%2Fv2%2Fmedia&parent=75781"}],"wp:term":[{"taxonomy":"category","embeddable":true,"href":"https:\/\/arantv.az\/index.php?rest_route=%2Fwp%2Fv2%2Fcategories&post=75781"},{"taxonomy":"post_tag","embeddable":true,"href":"https:\/\/arantv.az\/index.php?rest_route=%2Fwp%2Fv2%2Ftags&post=75781"}],"curies":[{"name":"wp","href":"https:\/\/api.w.org\/{rel}","templated":true}]}}