{"id":757825,"date":"2024-10-01T15:09:20","date_gmt":"2024-10-01T11:09:20","guid":{"rendered":"https:\/\/arantv.az\/?p=757825"},"modified":"2024-10-01T15:09:20","modified_gmt":"2024-10-01T11:09:20","slug":"%c9%99sas-h%c9%99d%c9%99f-iqtisadiyyati-daha-da-sax%c9%99l%c9%99ndirm%c9%99k-v%c9%99-dayaniqli-inkisaf-modelini-t%c9%99kmill%c9%99sdirm%c9%99kdir","status":"publish","type":"post","link":"https:\/\/arantv.az\/?p=757825","title":{"rendered":"\u018fsas h\u0259d\u0259f iqtisadiyyat\u0131 daha da \u015fax\u0259l\u0259ndirm\u0259k v\u0259 dayan\u0131ql\u0131 inki\u015faf modelini t\u0259kmill\u0259\u015fdirm\u0259kdir"},"content":{"rendered":"<div class=\"content lead font-weight-normal\">\n<p><em><strong>\u018fsas\u0131 Az\u0259rbaycan xalq\u0131n\u0131n \u00dcmummilli Lideri Heyd\u0259r \u018fliyev t\u0259r\u0259find\u0259n qoyulmu\u015f, uzunm\u00fcdd\u0259tli d\u00f6vr \u00fc\u00e7\u00fcn d\u00fc\u015f\u00fcn\u00fclm\u00fc\u015f iqtisadi siyas\u0259t \u00f6lk\u0259d\u0259 makroiqtisadi sabitlik v\u0259 dinamik iqtisadi inki\u015faf \u00fc\u00e7\u00fcn \u0259sasl\u0131 z\u0259min yaratm\u0131\u015fd\u0131r. N\u0259tic\u0259d\u0259 geni\u015f sahibkarlar t\u0259b\u0259q\u0259si formala\u015fm\u0131\u015f, \u00f6lk\u0259nin sosial-iqtisadi inki\u015faf\u0131nda \u00f6z\u0259l sektorun rolu daha da artm\u0131\u015f v\u0259 \u00fcmumd\u00fcnya iqtisadi sistemin\u0259 inteqrasiya sah\u0259sind\u0259 m\u00fch\u00fcm nailiyy\u0259tl\u0259r \u0259ld\u0259 olunmu\u015fdur.<\/strong><\/em><\/p>\n<p>Davaml\u0131 iqtisadi islahatlar \u00e7\u0259r\u00e7iv\u0259sind\u0259 bu siyas\u0259t qlobal iqtisadi \u00e7a\u011f\u0131r\u0131\u015flara uy\u011fun m\u00fcasir konseptual yana\u015fmalarla daha da t\u0259kmill\u0259\u015fdirilmi\u015f, strateji m\u0259qs\u0259dl\u0259r\u0259 uy\u011fun s\u0259rb\u0259st bazar m\u00fcnasib\u0259tl\u0259rinin v\u0259 \u00f6z\u00fcn\u00fcinki\u015faf qabiliyy\u0259tin\u0259 malik sosialy\u00f6n\u00fcml\u00fc, diversifikasiya olunmu\u015f milli iqtisadiyyat\u0131n formala\u015fd\u0131r\u0131lmas\u0131 t\u0259min edilmi\u015fdir. H\u0259yata ke\u00e7iril\u0259n m\u0259qs\u0259dy\u00f6nl\u00fc t\u0259dbirl\u0259r n\u0259tic\u0259sind\u0259 makroiqtisadi sabitlik qorunub saxlan\u0131lm\u0131\u015f, qeyri-neft sah\u0259l\u0259rinin v\u0259 b\u00fct\u00f6vl\u00fckd\u0259 regionlar\u0131n tarazl\u0131 inki\u015faf\u0131 s\u00fcr\u0259tl\u0259nmi\u015f, strateji valyuta ehtiyatlar\u0131ndan s\u0259m\u0259r\u0259li istifad\u0259 t\u0259min olunmu\u015f, sahibkarl\u0131\u011fa d\u00f6vl\u0259t d\u0259st\u0259yi g\u00fccl\u0259ndirilmi\u015f, \u0259lveri\u015fli biznes v\u0259 investisiya m\u00fchiti formala\u015fm\u0131\u015f, \u0259halinin sosial rifah\u0131 davaml\u0131 olaraq yax\u015f\u0131la\u015fm\u0131\u015fd\u0131r.<\/p>\n<p>Bununla bel\u0259, son d\u00f6vrl\u0259rd\u0259 ist\u0259r regionda, ist\u0259rs\u0259 d\u0259 qlobal iqtisadiyyatda ged\u0259n prosesl\u0259r, neft g\u0259lirl\u0259rinin k\u0259skin azalmas\u0131, m\u00fcr\u0259kk\u0259b xarici iqtisadi m\u00fchit \u00f6lk\u0259nin makroiqtisadi v\u0259 maliyy\u0259 sabitliyin\u0259 \u00f6z t\u0259sirini g\u00f6st\u0259rm\u0259kd\u0259dir. D\u00fcnyada c\u0259r\u0259yan ed\u0259n prosesl\u0259rin yaratd\u0131\u011f\u0131 yeni \u00e7a\u011f\u0131r\u0131\u015flara uy\u011funla\u015fmaq v\u0259 m\u00f6vcud qlobal iqtisadi b\u00f6hran\u0131n \u00f6lk\u0259miz\u0259 t\u0259sirini minimuma endirm\u0259k m\u0259qs\u0259dil\u0259 iqtisadi islahatlar\u0131n \u0259sas strateji h\u0259d\u0259fl\u0259rin\u0259 uy\u011fun olaraq sistem xarakterli bir s\u0131ra t\u0259dbirl\u0259rin h\u0259yata ke\u00e7irilm\u0259si, sosial-iqtisadi inki\u015faf\u0131n cari, orta v\u0259 uzunm\u00fcdd\u0259tli d\u00f6vrl\u0259ri aras\u0131nda \u00fczvi ba\u011fl\u0131l\u0131q v\u0259 qar\u015f\u0131l\u0131ql\u0131 uzla\u015fma yaratmaqla, iqtisadi inki\u015faf\u0131n keyfiyy\u0259tc\u0259 yeni modelinin formala\u015fd\u0131r\u0131lmas\u0131 qar\u015f\u0131da duran \u0259sas prioritet v\u0259zif\u0259l\u0259rd\u0259ndir.<\/p>\n<p>Bununla \u0259laq\u0259dar olaraq, \u00f6lk\u0259d\u0259 h\u0259yata ke\u00e7iril\u0259n iqtisadi siyas\u0259tin v\u0259 islahatlar\u0131n davaml\u0131l\u0131\u011f\u0131n\u0131 t\u0259min etm\u0259k \u00fc\u00e7\u00fcn iqtisadiyyat\u0131n m\u00f6vcud v\u0259ziyy\u0259tinin d\u0259rind\u0259n t\u0259hlili v\u0259 yeni iqtisadi inki\u015faf strategiyas\u0131n\u0131n haz\u0131rlanmas\u0131 m\u0259qs\u0259dil\u0259 Az\u0259rbaycan Respublikas\u0131 Prezidenti \u201cMilli iqtisadiyyat v\u0259 iqtisadiyyat\u0131n \u0259sas sektorlar\u0131 \u00fczr\u0259 strateji yol x\u0259rit\u0259sinin ba\u015fl\u0131ca istiqam\u0259tl\u0259rini\u201d t\u0259sdiq etmi\u015f habel\u0259 h\u0259min istiqam\u0259tl\u0259r\u0259 m\u00fcvafiq olaraq inki\u015faf planlar\u0131n\u0131n i\u015fl\u0259nilm\u0259sini t\u0259min etm\u0259k \u00fc\u00e7\u00fcn m\u00fcvafiq \u0130\u015f\u00e7i qrupu yarad\u0131lmas\u0131 haqq\u0131nda s\u0259r\u0259ncam imzalam\u0131\u015fd\u0131r.<\/p>\n<p>Az\u0259rbaycan Respublikas\u0131n\u0131n Prezidenti sentyabr\u0131n 26-da iqtisadi m\u0259s\u0259l\u0259l\u0259r\u0259 h\u0259sr olunmu\u015f m\u00fc\u015favir\u0259 ke\u00e7irib.Az\u0259rbaycan Respublikas\u0131n\u0131n Prezidenti \u0130lham \u018fliyev m\u00fc\u015favir\u0259d\u0259 \u00e7\u0131x\u0131\u015f ed\u0259r\u0259k iqtisadi m\u0259s\u0259l\u0259l\u0259ri geni\u015f m\u00fczakir\u0259y\u0259 \u00e7\u0131xarm\u0131\u015fd\u0131r,eyni zamanda ilin sonunad\u0259k g\u00f6r\u00fcl\u0259c\u0259k i\u015fl\u0259r haqq\u0131nda fikir m\u00fcbadil\u0259si apar\u0131l\u0131b.<\/p>\n<p>B\u00fct\u00f6vl\u00fckd\u0259 qeyd olunmu\u015fdur ki,ilin \u0259vv\u0259lind\u0259n iqtisadi inki\u015faf g\u00f6zl\u0259nil\u0259n s\u0259viyy\u0259d\u0259dir.. \u0130qtisadi art\u0131m 4,3 faiz t\u0259\u015fkil edib. Bug\u00fcnk\u00fc d\u00fcnyada ged\u0259n prosesl\u0259ri t\u0259hlil ed\u0259rk\u0259n v\u0259 \u00fcmumiyy\u0259tl\u0259, geosiyasi v\u0259ziyy\u0259t\u0259 n\u0259z\u0259r sald\u0131qda, bu, \u00e7ox m\u00fcsb\u0259t g\u00f6st\u0259ricidir. \u0130qtisadi inki\u015faf templ\u0259ri inki\u015faf etmi\u015f bir \u00e7ox \u00f6lk\u0259l\u0259rd\u0259 olan iqtisadi inki\u015faf templ\u0259rini \u00fcst\u0259l\u0259yir. X\u00fcsusi \u0259h\u0259miyy\u0259t da\u015f\u0131yan m\u0259qam ondan ibar\u0259tdir ki, qeyri-neft sektorumuz 7 faiz artm\u0131\u015fd\u0131r. Bu da onu g\u00f6st\u0259rir ki, \u00f6lk\u0259 iqtisadiyyat\u0131n\u0131n \u015fax\u0259l\u0259ndirilm\u0259si istiqam\u0259tind\u0259 at\u0131lm\u0131\u015f add\u0131mlar v\u0259 d\u00fc\u015f\u00fcn\u00fclm\u00fc\u015f islahatlar siyas\u0259ti \u00f6z b\u0259hr\u0259sini verm\u0259kd\u0259dir.<\/p>\n<p>M\u00fc\u015favir\u0259d\u0259 yeni layih\u0259l\u0259r haqq\u0131nda geni\u015f m\u00fczakir\u0259l\u0259r ed\u0259n Az\u0259rbaycan Respublikas\u0131 Prezidenti bildirib ki, bizim \u0259sas h\u0259d\u0259fimiz iqtisadiyyat\u0131m\u0131z\u0131 bundan sonra daha da \u015fax\u0259l\u0259ndirm\u0259k v\u0259 dayan\u0131ql\u0131 inki\u015faf modelini t\u0259kmill\u0259\u015fdirm\u0259kdir. G\u0259l\u0259n il minimum \u0259m\u0259khaqq\u0131 v\u0259 minimum pensiya art\u0131r\u0131lacaq, baxmayaraq ki, inflyasiya \u00e7ox a\u015fa\u011f\u0131 s\u0259viyy\u0259d\u0259dir, baxmayaraq ki, \u00f6lk\u0259 qar\u015f\u0131s\u0131nda duran v\u0259zif\u0259l\u0259r b\u00f6y\u00fck maliyy\u0259 v\u0259saiti t\u0259l\u0259b edir, ilk n\u00f6vb\u0259d\u0259, h\u0259rbi, h\u0259rbi s\u0259naye kompleksinin inki\u015faf\u0131, Qaraba\u011f\u0131n v\u0259 \u015e\u0259rqi Z\u0259ng\u0259zurun b\u0259rpas\u0131 il\u0259 ba\u011fl\u0131. B\u00fct\u00fcn bunlara baxmayaraq, biz h\u0259ssas t\u0259b\u0259q\u0259 say\u0131lan v\u0259t\u0259nda\u015flar\u0131m\u0131z\u0131n da rifah hal\u0131n\u0131n yax\u015f\u0131la\u015fd\u0131r\u0131lmas\u0131 \u00fc\u00e7\u00fcn \u0259limizd\u0259n g\u0259l\u0259ni edirik.<\/p>\n<p>Xarici s\u0259rmay\u0259l\u0259rin c\u0259lb olunmas\u0131 \u00fc\u00e7\u00fcn, x\u00fcsusil\u0259 qeyri-neft sektoruna c\u0259lb edilm\u0259si \u00fc\u00e7\u00fcn bir \u00e7ox t\u0259\u015fviq layih\u0259l\u0259ri h\u0259yata ke\u00e7irilir. Az\u0259rbaycanda h\u00f6km s\u00fcr\u0259n sabitlik v\u0259 proqnozla\u015fd\u0131r\u0131lan v\u0259ziyy\u0259t, eyni zamanda, Az\u0259rbaycan d\u00f6vl\u0259tinin g\u00fccl\u0259nm\u0259si, \u0259razi b\u00fct\u00f6vl\u00fcy\u00fcm\u00fcz\u00fcn, suverenliyimizin tam b\u0259rpa edilm\u0259si xarici investorlar\u0131n biz\u0259 olan m\u00fcnasib\u0259tini t\u0259bii olaraq daha da yax\u015f\u0131la\u015fd\u0131r\u0131b. Baxmayaraq ki, Az\u0259rbaycanda \u00e7ox m\u00fcsb\u0259t s\u0259rmay\u0259 iqlimi uzun ill\u0259rdir davam edir, h\u00f6km s\u00fcr\u00fcr. \u0130nvestisiyalar\u0131n adamba\u015f\u0131na d\u00fc\u015f\u0259n h\u0259cmin\u0259 g\u00f6r\u0259 Az\u0259rbaycan qabaqc\u0131l \u00f6lk\u0259l\u0259r s\u0131ras\u0131ndad\u0131r. Son ill\u0259r \u0259rzind\u0259 v\u0259 x\u00fcsusil\u0259 antiterror \u0259m\u0259liyyat\u0131ndan sonra d\u00f6vl\u0259t suverenliyimizin tam b\u0259rpa edilm\u0259si t\u0259bii olaraq b\u00fct\u00fcn investorlara ciddi m\u00fcsb\u0259t siqnal g\u00f6nd\u0259rmi\u015fdir v\u0259 biz bunun b\u0259hr\u0259sini indi g\u00f6r\u00fcr\u00fck. Bizim \u0259n\u0259n\u0259vi s\u0259naye m\u0259nt\u0259q\u0259l\u0259rimizd\u0259, &#8211; Bak\u0131 \u015f\u0259h\u0259ri, Sumqay\u0131t \u015f\u0259h\u0259ri, s\u0259naye parklar\u0131, &#8211; yeni m\u00fc\u0259ssis\u0259l\u0259r a\u00e7\u0131l\u0131r. Eyni zamanda, azad edilmi\u015f torpaqlarda, A\u011fdam v\u0259 C\u0259bray\u0131l rayonlar\u0131nda yeni s\u0259naye parklar\u0131n\u0131n yarad\u0131lmas\u0131 \u00e7ox m\u00fcsb\u0259t hal kimi qiym\u0259tl\u0259ndirilm\u0259lidir.<\/p>\n<p>G\u0259l\u0259n ilin \u0259sas x\u0259rcl\u0259ri art\u0131q m\u00fc\u0259yy\u0259n edilib. Liderimizin Milli M\u0259clisd\u0259 \u00e7\u0131x\u0131\u015f\u0131 zaman\u0131 \u0259sas prioritetl\u0259r a\u00e7\u0131q-ayd\u0131n g\u00f6st\u0259rilib. \u0130lk n\u00f6vb\u0259d\u0259, \u00f6lk\u0259mizin h\u0259rbi potensial\u0131n\u0131n g\u00fccl\u0259ndirilm\u0259si, t\u0259hl\u00fck\u0259sizliyin t\u0259min edilm\u0259si, d\u00f6vl\u0259t s\u0259rh\u0259dl\u0259rinin qorunmas\u0131, h\u0259rbi s\u0259naye kompleksinin inki\u015faf\u0131, t\u0259hsil x\u0259rcl\u0259ri, Qaraba\u011f\u0131n v\u0259 \u015e\u0259rqi Z\u0259ng\u0259zurun b\u0259rpas\u0131 v\u0259 dig\u0259r layih\u0259l\u0259r. H\u0259m sosialy\u00f6n\u00fcml\u00fc layih\u0259l\u0259r, sosial infrastrukturla ba\u011fl\u0131 olan layih\u0259l\u0259r, h\u0259m d\u0259 \u00fcmumi infrastrukturla ba\u011fl\u0131 olan layih\u0259l\u0259r &#8211; b\u00fct\u00fcn bunlar bizim D\u00f6vl\u0259t \u0130nvestisiya Proqram\u0131nda \u00f6z \u0259ksini tapacaq.<\/p>\n<p>He\u00e7 bir yerd\u0259n he\u00e7 bir yard\u0131m almayaraq, \u0259ksin\u0259, xarici borcu azaldaraq\u00a0 bir ne\u00e7\u0259 il bundan \u0259vv\u0259l qar\u015f\u0131ya qoyulan v\u0259zif\u0259l\u0259r art\u0131q u\u011furla yerin\u0259 yetirilir. Xarici borcun \u00fcmumi daxili m\u0259hsula nisb\u0259td\u0259 Az\u0259rbaycan d\u00fcnya miqyas\u0131nda qabaqc\u0131l \u00f6lk\u0259l\u0259r s\u0131ras\u0131ndad\u0131r.<\/p>\n<p>\u00d6lk\u0259miz b\u00f6y\u00fck siyas\u0259t\u00e7i,s\u0259ri\u015ft\u0259li liderl\u0259 yeni layih\u0259l\u0259r\u0259 v\u0259 u\u011furlu g\u0259l\u0259c\u0259y\u0259 \u0259min add\u0131mlarla ir\u0259lil\u0259yir .<\/p>\n<p><strong>Kifay\u0259t Rzayeva,<\/strong><br \/>\n<em>Humanitar f\u0259nl\u0259r t\u0259may\u00fcll\u00fc m\u0259kt\u0259b-liseyin T\u0259dris i\u015fl\u0259ri \u00fczr\u0259\u00a0 direktor m\u00fcavini,<br \/>\nYAP X\u0259tai rayon t\u0259\u015fkilat\u0131n\u0131n \u00fczv\u00fc<\/em><\/p>\n<div class=\"clearfix\"><\/div>\n<\/div>\n<div class=\"sharing my-2 row no-gutters d-print-none\"><\/div>\n<div class=\"d-none d-sm-block\"><\/div>\n","protected":false},"excerpt":{"rendered":"<p>\u018fsas\u0131 Az\u0259rbaycan xalq\u0131n\u0131n \u00dcmummilli Lideri Heyd\u0259r \u018fliyev t\u0259r\u0259find\u0259n qoyulmu\u015f, uzunm\u00fcdd\u0259tli d\u00f6vr \u00fc\u00e7\u00fcn d\u00fc\u015f\u00fcn\u00fclm\u00fc\u015f iqtisadi siyas\u0259t \u00f6lk\u0259d\u0259 makroiqtisadi sabitlik v\u0259 dinamik iqtisadi inki\u015faf \u00fc\u00e7\u00fcn \u0259sasl\u0131 z\u0259min yaratm\u0131\u015fd\u0131r. N\u0259tic\u0259d\u0259 geni\u015f sahibkarlar t\u0259b\u0259q\u0259si formala\u015fm\u0131\u015f, \u00f6lk\u0259nin sosial-iqtisadi inki\u015faf\u0131nda \u00f6z\u0259l sektorun rolu daha da artm\u0131\u015f v\u0259 \u00fcmumd\u00fcnya iqtisadi sistemin\u0259 inteqrasiya sah\u0259sind\u0259 m\u00fch\u00fcm nailiyy\u0259tl\u0259r \u0259ld\u0259 olunmu\u015fdur. Davaml\u0131 iqtisadi islahatlar \u00e7\u0259r\u00e7iv\u0259sind\u0259 bu siyas\u0259t qlobal iqtisadi \u00e7a\u011f\u0131r\u0131\u015flara uy\u011fun m\u00fcasir konseptual yana\u015fmalarla daha da t\u0259kmill\u0259\u015fdirilmi\u015f, strateji m\u0259qs\u0259dl\u0259r\u0259 uy\u011fun s\u0259rb\u0259st bazar m\u00fcnasib\u0259tl\u0259rinin v\u0259 \u00f6z\u00fcn\u00fcinki\u015faf qabiliyy\u0259tin\u0259 malik sosialy\u00f6n\u00fcml\u00fc, diversifikasiya olunmu\u015f milli iqtisadiyyat\u0131n formala\u015fd\u0131r\u0131lmas\u0131 t\u0259min edilmi\u015fdir. H\u0259yata ke\u00e7iril\u0259n m\u0259qs\u0259dy\u00f6nl\u00fc t\u0259dbirl\u0259r n\u0259tic\u0259sind\u0259 makroiqtisadi&hellip;<\/p>\n","protected":false},"author":2,"featured_media":757826,"comment_status":"closed","ping_status":"closed","sticky":false,"template":"","format":"standard","meta":{"om_disable_all_campaigns":false,"_monsterinsights_skip_tracking":false,"_monsterinsights_sitenote_active":false,"_monsterinsights_sitenote_note":"","_monsterinsights_sitenote_category":0},"categories":[8],"tags":[],"aioseo_notices":[],"gutentor_comment":0,"rttpg_featured_image_url":{"full":["https:\/\/arantv.az\/wp-content\/uploads\/2024\/10\/9d12d071172777908158014037210878149.jpg",975,540,false],"landscape":["https:\/\/arantv.az\/wp-content\/uploads\/2024\/10\/9d12d071172777908158014037210878149.jpg",975,540,false],"portraits":["https:\/\/arantv.az\/wp-content\/uploads\/2024\/10\/9d12d071172777908158014037210878149.jpg",975,540,false],"thumbnail":["https:\/\/arantv.az\/wp-content\/uploads\/2024\/10\/9d12d071172777908158014037210878149-500x280.jpg",500,280,true],"medium":["https:\/\/arantv.az\/wp-content\/uploads\/2024\/10\/9d12d071172777908158014037210878149-660x365.jpg",660,365,true],"large":["https:\/\/arantv.az\/wp-content\/uploads\/2024\/10\/9d12d071172777908158014037210878149-840x465.jpg",640,354,true],"1536x1536":["https:\/\/arantv.az\/wp-content\/uploads\/2024\/10\/9d12d071172777908158014037210878149.jpg",975,540,false],"2048x2048":["https:\/\/arantv.az\/wp-content\/uploads\/2024\/10\/9d12d071172777908158014037210878149.jpg",975,540,false],"post-thumbnail":["https:\/\/arantv.az\/wp-content\/uploads\/2024\/10\/9d12d071172777908158014037210878149-240x172.jpg",240,172,true],"advps-thumb-one":["https:\/\/arantv.az\/wp-content\/uploads\/2024\/10\/9d12d071172777908158014037210878149.jpg",975,540,false]},"rttpg_author":{"display_name":"V\u00fcsal Rafiqo\u011flu","author_link":"https:\/\/arantv.az\/?author=2"},"rttpg_comment":0,"rttpg_category":"<a href=\"https:\/\/arantv.az\/?cat=8\" rel=\"category\">\u018fsas s\u0259hif\u0259<\/a>","rttpg_excerpt":"\u018fsas\u0131 Az\u0259rbaycan xalq\u0131n\u0131n \u00dcmummilli Lideri Heyd\u0259r \u018fliyev t\u0259r\u0259find\u0259n qoyulmu\u015f, uzunm\u00fcdd\u0259tli d\u00f6vr \u00fc\u00e7\u00fcn d\u00fc\u015f\u00fcn\u00fclm\u00fc\u015f iqtisadi siyas\u0259t \u00f6lk\u0259d\u0259 makroiqtisadi sabitlik v\u0259 dinamik iqtisadi inki\u015faf \u00fc\u00e7\u00fcn \u0259sasl\u0131 z\u0259min yaratm\u0131\u015fd\u0131r. N\u0259tic\u0259d\u0259 geni\u015f sahibkarlar t\u0259b\u0259q\u0259si formala\u015fm\u0131\u015f, \u00f6lk\u0259nin sosial-iqtisadi inki\u015faf\u0131nda \u00f6z\u0259l sektorun rolu daha da artm\u0131\u015f v\u0259 \u00fcmumd\u00fcnya iqtisadi sistemin\u0259 inteqrasiya sah\u0259sind\u0259 m\u00fch\u00fcm nailiyy\u0259tl\u0259r \u0259ld\u0259 olunmu\u015fdur. Davaml\u0131 iqtisadi islahatlar \u00e7\u0259r\u00e7iv\u0259sind\u0259 bu&hellip;","_links":{"self":[{"href":"https:\/\/arantv.az\/index.php?rest_route=\/wp\/v2\/posts\/757825"}],"collection":[{"href":"https:\/\/arantv.az\/index.php?rest_route=\/wp\/v2\/posts"}],"about":[{"href":"https:\/\/arantv.az\/index.php?rest_route=\/wp\/v2\/types\/post"}],"author":[{"embeddable":true,"href":"https:\/\/arantv.az\/index.php?rest_route=\/wp\/v2\/users\/2"}],"replies":[{"embeddable":true,"href":"https:\/\/arantv.az\/index.php?rest_route=%2Fwp%2Fv2%2Fcomments&post=757825"}],"version-history":[{"count":2,"href":"https:\/\/arantv.az\/index.php?rest_route=\/wp\/v2\/posts\/757825\/revisions"}],"predecessor-version":[{"id":757828,"href":"https:\/\/arantv.az\/index.php?rest_route=\/wp\/v2\/posts\/757825\/revisions\/757828"}],"wp:featuredmedia":[{"embeddable":true,"href":"https:\/\/arantv.az\/index.php?rest_route=\/wp\/v2\/media\/757826"}],"wp:attachment":[{"href":"https:\/\/arantv.az\/index.php?rest_route=%2Fwp%2Fv2%2Fmedia&parent=757825"}],"wp:term":[{"taxonomy":"category","embeddable":true,"href":"https:\/\/arantv.az\/index.php?rest_route=%2Fwp%2Fv2%2Fcategories&post=757825"},{"taxonomy":"post_tag","embeddable":true,"href":"https:\/\/arantv.az\/index.php?rest_route=%2Fwp%2Fv2%2Ftags&post=757825"}],"curies":[{"name":"wp","href":"https:\/\/api.w.org\/{rel}","templated":true}]}}