{"id":757836,"date":"2024-10-01T15:47:16","date_gmt":"2024-10-01T11:47:16","guid":{"rendered":"https:\/\/arantv.az\/?p=757836"},"modified":"2024-10-01T15:47:16","modified_gmt":"2024-10-01T11:47:16","slug":"unvanli-sosial-yardim-usaq-pulunu-tam-%c9%99v%c9%99z-ed%c9%99-bilmir-sosioloq","status":"publish","type":"post","link":"https:\/\/arantv.az\/?p=757836","title":{"rendered":"&#8220;\u00dcnvanl\u0131 sosial yard\u0131m u\u015faq pulunu tam \u0259v\u0259z ed\u0259 bilmir&#8221; &#8211; Sosioloq"},"content":{"rendered":"<p>Az\u0259rbaycanda do\u011fulan u\u015faqlara 500 AZN m\u00fcavin\u0259t verilir. Valideynl\u0259r bu m\u0259bl\u0259\u011fin x\u0259st\u0259xana v\u0259 qida x\u0259rcl\u0259rini qar\u015f\u0131lamad\u0131\u011f\u0131n\u0131 deyir.<\/p>\n<p>M\u00f6vzu il\u0259 ba\u011fl\u0131\u00a0<a title=\"xeberler son xeberler 2024\" href=\"https:\/\/big.az\/\" target=\"_blank\" rel=\"noopener\">BiG.AZ<\/a>-a dan\u0131\u015fan sosioloq \u00dczeyir \u015e\u0259fiyev bildirib ki, \u00fcnvanl\u0131 sosial yard\u0131m u\u015faq pulunu tam \u0259v\u0259z ed\u0259 bilmir. \u00c7\u00fcnki 160 min u\u015faq \u00fcnvanl\u0131 sosial yard\u0131m\u0131n t\u0259sir dair\u0259sin\u0259 d\u00fc\u015f\u00fcr:<\/p>\n<p>&#8220;Az\u0259rbaycanda u\u015faqlarn say\u0131 \u0259vv\u0259lki ill\u0259r\u0259 nisb\u0259t\u0259n azal\u0131r v\u0259 bu, b\u00fct\u00f6vl\u00fckd\u0259 qlobal miqyasda t\u0259bii art\u0131mda enm\u0259 dinamikas\u0131 il\u0259 m\u00fc\u015fahid\u0259 olunur. \u00dcmumilikd\u0259 Az\u0259rbaycanda 2milyon 600 min-d\u0259n \u00e7ox u\u015faq var. Bunlar\u0131n t\u0259qribi 600 mini sosial m\u00fcavin\u0259t d\u0259st\u0259k proqramlar\u0131 il\u0259 \u0259hat\u0259 olunur.160 min u\u015fa\u011fa sosial yard\u0131m d\u00fc\u015f\u00fcr. Xalq aras\u0131nda u\u015faq pulu deyil\u0259n m\u00fcavin\u0259t 2006-c\u0131 ild\u0259 Az\u0259rbaycanda \u00fcnvanl\u0131 sosial yard\u0131m t\u0259tbiq olunandan sonra l\u0259\u011fv olunub. H\u0259min m\u00fcavin\u0259tl\u0259rin miqdar\u0131 az olsa da, h\u0259r bir u\u015faql\u0131 ail\u0259y\u0259 verilirdi. 2006-c\u0131 ild\u0259n sonra bunu \u00fcnvanl\u0131 sosial yard\u0131m \u0259v\u0259z edib. Qeyd etm\u0259liy\u0259m ki, \u00fcnvanl\u0131 sosial yard\u0131m u\u015faq pulunu tam \u0259v\u0259z ed\u0259 bilmir. \u00c7\u00fcnki 160 min u\u015faq \u00fcnvanl\u0131 sosial yard\u0131m\u0131n t\u0259sir dair\u0259sin\u0259 d\u00fc\u015f\u00fcr. Eyni zamanda u\u015faqlara veril\u0259n sosial m\u00fcavin\u0259tl\u0259rd\u0259n biri d\u0259 usa\u011f\u0131n do\u011fu\u015fu zaman\u0131 veril\u0259n m\u00fcavin\u0259tdir. O, 500 azn n\u0259z\u0259rd\u0259 tutulub.\u018flb\u0259tt\u0259, c\u0259miyy\u0259td\u0259 m\u00fcnasib\u0259t s\u0259sl\u0259nir ki, bu m\u0259bl\u0259\u011f t\u0259l\u0259batlar\u0131 \u00f6d\u0259mir. \u00dcmumiyy\u0259tl\u0259 bel\u0259 m\u00fcavin\u0259tl\u0259r m\u00fc\u0259yy\u0259nl\u0259\u015f\u0259rk\u0259n ya\u015fay\u0131\u015f minimumu n\u0259z\u0259r\u0259 al\u0131n\u0131r. Ona g\u00f6r\u0259 d\u0259 bu m\u0259bl\u0259\u011fl\u0259r bazardak\u0131 inflyasiyadan as\u0131l\u0131 olaraq indeksl\u0259\u015fm\u0259 z\u0259rur\u0259ti yarad\u0131r. Bir \u00e7ox valideynl\u0259r u\u015faqlar\u0131n\u0131 ana s\u00fcd\u00fc il\u0259 qidaland\u0131rm\u0131r. Bu, \u00e7ox kobud s\u0259hvdir. Bu, u\u015faqlarda h\u0259m qida problemi yarad\u0131r . Sanki bu, d\u0259b hal\u0131n\u0131 al\u0131b. Bu valideynl\u0259r m\u00fcavin\u0259tin qald\u0131r\u0131lmas\u0131n\u0131 ist\u0259yirl\u0259r. S\u00fcni u\u015faq qidalar\u0131n\u0131n da qiym\u0259ti bahad\u0131r. U\u015faq pulu deyil\u0259n m\u00fcavin\u0259t b\u0259rpa olunsa, yax\u015f\u0131 olar. \u00c7\u00fcnki olk\u0259mizd\u0259 t\u0259bii art\u0131mda enm\u0259 m\u00fc\u015fahid\u0259 olunur. Bu, h\u0259m d\u0259 demoqrafik art\u0131m\u0131 t\u0259\u015ffiq etm\u0259k bax\u0131m\u0131ndan faydal\u0131 olar v\u0259 u\u015faqlar\u0131n ehtiyaclar\u0131n\u0131 qar\u015f\u0131layar. \u015e\u00fcbh\u0259siz ki, m\u0259bl\u0259\u011f bazara uy\u011fun olmal\u0131d\u0131r&#8221;.<\/p>\n","protected":false},"excerpt":{"rendered":"<p>Az\u0259rbaycanda do\u011fulan u\u015faqlara 500 AZN m\u00fcavin\u0259t verilir. Valideynl\u0259r bu m\u0259bl\u0259\u011fin x\u0259st\u0259xana v\u0259 qida x\u0259rcl\u0259rini qar\u015f\u0131lamad\u0131\u011f\u0131n\u0131 deyir. M\u00f6vzu il\u0259 ba\u011fl\u0131\u00a0BiG.AZ-a dan\u0131\u015fan sosioloq \u00dczeyir \u015e\u0259fiyev bildirib ki, \u00fcnvanl\u0131 sosial yard\u0131m u\u015faq pulunu tam \u0259v\u0259z ed\u0259 bilmir. \u00c7\u00fcnki 160 min u\u015faq \u00fcnvanl\u0131 sosial yard\u0131m\u0131n t\u0259sir dair\u0259sin\u0259 d\u00fc\u015f\u00fcr: &#8220;Az\u0259rbaycanda u\u015faqlarn say\u0131 \u0259vv\u0259lki ill\u0259r\u0259 nisb\u0259t\u0259n azal\u0131r v\u0259 bu, b\u00fct\u00f6vl\u00fckd\u0259 qlobal miqyasda t\u0259bii art\u0131mda enm\u0259 dinamikas\u0131 il\u0259 m\u00fc\u015fahid\u0259 olunur. \u00dcmumilikd\u0259 Az\u0259rbaycanda 2milyon 600 min-d\u0259n \u00e7ox u\u015faq var. Bunlar\u0131n t\u0259qribi 600 mini sosial m\u00fcavin\u0259t d\u0259st\u0259k proqramlar\u0131 il\u0259 \u0259hat\u0259 olunur.160 min u\u015fa\u011fa sosial yard\u0131m d\u00fc\u015f\u00fcr. Xalq aras\u0131nda u\u015faq&hellip;<\/p>\n","protected":false},"author":2,"featured_media":757837,"comment_status":"closed","ping_status":"closed","sticky":false,"template":"","format":"standard","meta":{"om_disable_all_campaigns":false,"_monsterinsights_skip_tracking":false,"_monsterinsights_sitenote_active":false,"_monsterinsights_sitenote_note":"","_monsterinsights_sitenote_category":0},"categories":[1],"tags":[],"aioseo_notices":[],"gutentor_comment":0,"rttpg_featured_image_url":{"full":["https:\/\/arantv.az\/wp-content\/uploads\/2024\/10\/us_11727781765.png",649,440,false],"landscape":["https:\/\/arantv.az\/wp-content\/uploads\/2024\/10\/us_11727781765.png",649,440,false],"portraits":["https:\/\/arantv.az\/wp-content\/uploads\/2024\/10\/us_11727781765.png",649,440,false],"thumbnail":["https:\/\/arantv.az\/wp-content\/uploads\/2024\/10\/us_11727781765-500x280.png",500,280,true],"medium":["https:\/\/arantv.az\/wp-content\/uploads\/2024\/10\/us_11727781765-538x365.png",538,365,true],"large":["https:\/\/arantv.az\/wp-content\/uploads\/2024\/10\/us_11727781765.png",640,434,false],"1536x1536":["https:\/\/arantv.az\/wp-content\/uploads\/2024\/10\/us_11727781765.png",649,440,false],"2048x2048":["https:\/\/arantv.az\/wp-content\/uploads\/2024\/10\/us_11727781765.png",649,440,false],"post-thumbnail":["https:\/\/arantv.az\/wp-content\/uploads\/2024\/10\/us_11727781765-240x172.png",240,172,true],"advps-thumb-one":["https:\/\/arantv.az\/wp-content\/uploads\/2024\/10\/us_11727781765.png",649,440,false]},"rttpg_author":{"display_name":"V\u00fcsal Rafiqo\u011flu","author_link":"https:\/\/arantv.az\/?author=2"},"rttpg_comment":0,"rttpg_category":"<a href=\"https:\/\/arantv.az\/?cat=1\" rel=\"category\">C\u0259miyy\u0259t<\/a>","rttpg_excerpt":"Az\u0259rbaycanda do\u011fulan u\u015faqlara 500 AZN m\u00fcavin\u0259t verilir. Valideynl\u0259r bu m\u0259bl\u0259\u011fin x\u0259st\u0259xana v\u0259 qida x\u0259rcl\u0259rini qar\u015f\u0131lamad\u0131\u011f\u0131n\u0131 deyir. M\u00f6vzu il\u0259 ba\u011fl\u0131\u00a0BiG.AZ-a dan\u0131\u015fan sosioloq \u00dczeyir \u015e\u0259fiyev bildirib ki, \u00fcnvanl\u0131 sosial yard\u0131m u\u015faq pulunu tam \u0259v\u0259z ed\u0259 bilmir. \u00c7\u00fcnki 160 min u\u015faq \u00fcnvanl\u0131 sosial yard\u0131m\u0131n t\u0259sir dair\u0259sin\u0259 d\u00fc\u015f\u00fcr: &#8220;Az\u0259rbaycanda u\u015faqlarn say\u0131 \u0259vv\u0259lki ill\u0259r\u0259 nisb\u0259t\u0259n azal\u0131r v\u0259 bu, b\u00fct\u00f6vl\u00fckd\u0259 qlobal&hellip;","_links":{"self":[{"href":"https:\/\/arantv.az\/index.php?rest_route=\/wp\/v2\/posts\/757836"}],"collection":[{"href":"https:\/\/arantv.az\/index.php?rest_route=\/wp\/v2\/posts"}],"about":[{"href":"https:\/\/arantv.az\/index.php?rest_route=\/wp\/v2\/types\/post"}],"author":[{"embeddable":true,"href":"https:\/\/arantv.az\/index.php?rest_route=\/wp\/v2\/users\/2"}],"replies":[{"embeddable":true,"href":"https:\/\/arantv.az\/index.php?rest_route=%2Fwp%2Fv2%2Fcomments&post=757836"}],"version-history":[{"count":1,"href":"https:\/\/arantv.az\/index.php?rest_route=\/wp\/v2\/posts\/757836\/revisions"}],"predecessor-version":[{"id":757838,"href":"https:\/\/arantv.az\/index.php?rest_route=\/wp\/v2\/posts\/757836\/revisions\/757838"}],"wp:featuredmedia":[{"embeddable":true,"href":"https:\/\/arantv.az\/index.php?rest_route=\/wp\/v2\/media\/757837"}],"wp:attachment":[{"href":"https:\/\/arantv.az\/index.php?rest_route=%2Fwp%2Fv2%2Fmedia&parent=757836"}],"wp:term":[{"taxonomy":"category","embeddable":true,"href":"https:\/\/arantv.az\/index.php?rest_route=%2Fwp%2Fv2%2Fcategories&post=757836"},{"taxonomy":"post_tag","embeddable":true,"href":"https:\/\/arantv.az\/index.php?rest_route=%2Fwp%2Fv2%2Ftags&post=757836"}],"curies":[{"name":"wp","href":"https:\/\/api.w.org\/{rel}","templated":true}]}}