{"id":758013,"date":"2024-10-02T13:42:57","date_gmt":"2024-10-02T09:42:57","guid":{"rendered":"https:\/\/arantv.az\/?p=758013"},"modified":"2024-10-02T13:42:57","modified_gmt":"2024-10-02T09:42:57","slug":"selcuk-bayraktar-g%c9%99l%c9%99c%c9%99kd%c9%99-teknofest-butun-turk-dunyasinda-keciril%c9%99c%c9%99k","status":"publish","type":"post","link":"https:\/\/arantv.az\/?p=758013","title":{"rendered":"Sel\u00e7uk Bayraktar: G\u0259l\u0259c\u0259kd\u0259 TEKNOFEST b\u00fct\u00fcn t\u00fcrk d\u00fcnyas\u0131nda ke\u00e7iril\u0259c\u0259k"},"content":{"rendered":"<p>G\u0259l\u0259c\u0259kd\u0259 TEKNOFEST b\u00fct\u00fcn t\u00fcrk d\u00fcnyas\u0131nda ke\u00e7iril\u0259c\u0259k.<\/p>\n<p>\u201cReport\u201d x\u0259b\u0259r verir ki, bunu T\u00fcrkiy\u0259nin \u201cBaykar\u201d \u015firk\u0259tinin idar\u0259 hey\u0259tinin s\u0259dri Sel\u00e7uk Bayraktar Adanada t\u0259\u015fkil olunan \u201cTEKNOFEST 2024\u201d\u00fcn a\u00e7\u0131l\u0131\u015f m\u0259rasimind\u0259 \u00e7\u0131x\u0131\u015f\u0131 zaman\u0131 deyib.<\/p>\n<p>O bildirib ki, qar\u015f\u0131dak\u0131 ill\u0259rd\u0259 bu t\u0259dbirin \u015eimali Kiprd\u0259 d\u0259 t\u0259\u015fkil edilm\u0259si n\u0259z\u0259rd\u0259 tutulur.<\/p>\n<p>S.Bayraktar TEKNOFEST-in 2022-ci ild\u0259 Az\u0259rbaycanda ke\u00e7irildiyini d\u0259 xat\u0131rlad\u0131b.<\/p>\n","protected":false},"excerpt":{"rendered":"<p>G\u0259l\u0259c\u0259kd\u0259 TEKNOFEST b\u00fct\u00fcn t\u00fcrk d\u00fcnyas\u0131nda ke\u00e7iril\u0259c\u0259k. \u201cReport\u201d x\u0259b\u0259r verir ki, bunu T\u00fcrkiy\u0259nin \u201cBaykar\u201d \u015firk\u0259tinin idar\u0259 hey\u0259tinin s\u0259dri Sel\u00e7uk Bayraktar Adanada t\u0259\u015fkil olunan \u201cTEKNOFEST 2024\u201d\u00fcn a\u00e7\u0131l\u0131\u015f m\u0259rasimind\u0259 \u00e7\u0131x\u0131\u015f\u0131 zaman\u0131 deyib. O bildirib ki, qar\u015f\u0131dak\u0131 ill\u0259rd\u0259 bu t\u0259dbirin \u015eimali Kiprd\u0259 d\u0259 t\u0259\u015fkil edilm\u0259si n\u0259z\u0259rd\u0259 tutulur. S.Bayraktar TEKNOFEST-in 2022-ci ild\u0259 Az\u0259rbaycanda ke\u00e7irildiyini d\u0259 xat\u0131rlad\u0131b.<\/p>\n","protected":false},"author":2,"featured_media":758014,"comment_status":"closed","ping_status":"closed","sticky":false,"template":"","format":"standard","meta":{"om_disable_all_campaigns":false,"_monsterinsights_skip_tracking":false,"_monsterinsights_sitenote_active":false,"_monsterinsights_sitenote_note":"","_monsterinsights_sitenote_category":0},"categories":[4],"tags":[],"aioseo_notices":[],"gutentor_comment":0,"rttpg_featured_image_url":{"full":["https:\/\/arantv.az\/wp-content\/uploads\/2024\/10\/59ffdc0826a08588cb0222a6179426cf.jpg",870,500,false],"landscape":["https:\/\/arantv.az\/wp-content\/uploads\/2024\/10\/59ffdc0826a08588cb0222a6179426cf.jpg",870,500,false],"portraits":["https:\/\/arantv.az\/wp-content\/uploads\/2024\/10\/59ffdc0826a08588cb0222a6179426cf.jpg",870,500,false],"thumbnail":["https:\/\/arantv.az\/wp-content\/uploads\/2024\/10\/59ffdc0826a08588cb0222a6179426cf-500x280.jpg",500,280,true],"medium":["https:\/\/arantv.az\/wp-content\/uploads\/2024\/10\/59ffdc0826a08588cb0222a6179426cf-635x365.jpg",635,365,true],"large":["https:\/\/arantv.az\/wp-content\/uploads\/2024\/10\/59ffdc0826a08588cb0222a6179426cf-840x483.jpg",640,368,true],"1536x1536":["https:\/\/arantv.az\/wp-content\/uploads\/2024\/10\/59ffdc0826a08588cb0222a6179426cf.jpg",870,500,false],"2048x2048":["https:\/\/arantv.az\/wp-content\/uploads\/2024\/10\/59ffdc0826a08588cb0222a6179426cf.jpg",870,500,false],"post-thumbnail":["https:\/\/arantv.az\/wp-content\/uploads\/2024\/10\/59ffdc0826a08588cb0222a6179426cf-240x172.jpg",240,172,true],"advps-thumb-one":["https:\/\/arantv.az\/wp-content\/uploads\/2024\/10\/59ffdc0826a08588cb0222a6179426cf.jpg",870,500,false]},"rttpg_author":{"display_name":"V\u00fcsal Rafiqo\u011flu","author_link":"https:\/\/arantv.az\/?author=2"},"rttpg_comment":0,"rttpg_category":"<a href=\"https:\/\/arantv.az\/?cat=4\" rel=\"category\">Siyas\u0259t<\/a>","rttpg_excerpt":"G\u0259l\u0259c\u0259kd\u0259 TEKNOFEST b\u00fct\u00fcn t\u00fcrk d\u00fcnyas\u0131nda ke\u00e7iril\u0259c\u0259k. \u201cReport\u201d x\u0259b\u0259r verir ki, bunu T\u00fcrkiy\u0259nin \u201cBaykar\u201d \u015firk\u0259tinin idar\u0259 hey\u0259tinin s\u0259dri Sel\u00e7uk Bayraktar Adanada t\u0259\u015fkil olunan \u201cTEKNOFEST 2024\u201d\u00fcn a\u00e7\u0131l\u0131\u015f m\u0259rasimind\u0259 \u00e7\u0131x\u0131\u015f\u0131 zaman\u0131 deyib. O bildirib ki, qar\u015f\u0131dak\u0131 ill\u0259rd\u0259 bu t\u0259dbirin \u015eimali Kiprd\u0259 d\u0259 t\u0259\u015fkil edilm\u0259si n\u0259z\u0259rd\u0259 tutulur. S.Bayraktar TEKNOFEST-in 2022-ci ild\u0259 Az\u0259rbaycanda ke\u00e7irildiyini d\u0259 xat\u0131rlad\u0131b.","_links":{"self":[{"href":"https:\/\/arantv.az\/index.php?rest_route=\/wp\/v2\/posts\/758013"}],"collection":[{"href":"https:\/\/arantv.az\/index.php?rest_route=\/wp\/v2\/posts"}],"about":[{"href":"https:\/\/arantv.az\/index.php?rest_route=\/wp\/v2\/types\/post"}],"author":[{"embeddable":true,"href":"https:\/\/arantv.az\/index.php?rest_route=\/wp\/v2\/users\/2"}],"replies":[{"embeddable":true,"href":"https:\/\/arantv.az\/index.php?rest_route=%2Fwp%2Fv2%2Fcomments&post=758013"}],"version-history":[{"count":1,"href":"https:\/\/arantv.az\/index.php?rest_route=\/wp\/v2\/posts\/758013\/revisions"}],"predecessor-version":[{"id":758015,"href":"https:\/\/arantv.az\/index.php?rest_route=\/wp\/v2\/posts\/758013\/revisions\/758015"}],"wp:featuredmedia":[{"embeddable":true,"href":"https:\/\/arantv.az\/index.php?rest_route=\/wp\/v2\/media\/758014"}],"wp:attachment":[{"href":"https:\/\/arantv.az\/index.php?rest_route=%2Fwp%2Fv2%2Fmedia&parent=758013"}],"wp:term":[{"taxonomy":"category","embeddable":true,"href":"https:\/\/arantv.az\/index.php?rest_route=%2Fwp%2Fv2%2Fcategories&post=758013"},{"taxonomy":"post_tag","embeddable":true,"href":"https:\/\/arantv.az\/index.php?rest_route=%2Fwp%2Fv2%2Ftags&post=758013"}],"curies":[{"name":"wp","href":"https:\/\/api.w.org\/{rel}","templated":true}]}}