{"id":758016,"date":"2024-10-02T13:43:38","date_gmt":"2024-10-02T09:43:38","guid":{"rendered":"https:\/\/arantv.az\/?p=758016"},"modified":"2024-10-02T13:43:38","modified_gmt":"2024-10-02T09:43:38","slug":"prezidentd%c9%99n-natiq-qasimovla-bagli-son-d%c9%99qiq%c9%99-aciqlamasi","status":"publish","type":"post","link":"https:\/\/arantv.az\/?p=758016","title":{"rendered":"Prezidentd\u0259n Natiq Qas\u0131movla ba\u011fl\u0131 SON D\u018fQ\u0130Q\u018f A\u00c7IQLAMASI"},"content":{"rendered":"<p><strong>M\u00fcxt\u0259lif vaxtlarda Erm\u0259nistanda olan h\u0259rbi canil\u0259r, komandirl\u0259r k\u00fctl\u0259vi m\u0259zarl\u0131qlar bar\u0259d\u0259 m\u0259lumatlara sahib olduqlar\u0131n\u0131 bildiribl\u0259r.<\/strong><\/p>\n<p><strong>Musavat.com<\/strong>-un m\u0259lumat\u0131na g\u00f6r\u0259, bu bar\u0259d\u0259 Az\u0259rbaycan Prezidenti \u0130lham \u018fliyevin \u201c\u0130tkin d\u00fc\u015fm\u00fc\u015f \u015f\u0259xsl\u0259r probleminin h\u0259lli: ail\u0259l\u0259rin h\u0259qiq\u0259ti bilm\u0259k h\u00fcququnun m\u00fcdafi\u0259si\u201d m\u00f6vzusunda beyn\u0259lxalq konfrans\u0131n i\u015ftirak\u00e7\u0131lar\u0131na m\u00fcraci\u0259tind\u0259 deyilir.<\/p>\n<p>D\u00f6vl\u0259t ba\u015f\u00e7\u0131s\u0131 qeyd edib ki, buna baxmayaraq, Erm\u0259nistan h\u0259l\u0259 d\u0259 bu m\u0259zarl\u0131qlar\u0131n, o c\u00fcml\u0259d\u0259n Az\u0259rbaycan\u0131n Milli Q\u0259hr\u0259man\u0131 Natiq Qas\u0131movun qal\u0131qlar\u0131n\u0131n yeri bar\u0259d\u0259 m\u0259lumatlar\u0131 verm\u0259kd\u0259n imtina edir.<\/p>\n<p>Prezident vur\u011fulay\u0131b ki, Az\u0259rbaycan\u0131n torpaqlar\u0131n\u0131n i\u015f\u011faldan azad edilm\u0259sind\u0259n sonra meydana \u00e7\u0131xm\u0131\u015f yeni faktlar itkin d\u00fc\u015fm\u00fc\u015f az\u0259rbaycanl\u0131lara qar\u015f\u0131 t\u00f6r\u0259dil\u0259n v\u0259h\u015filikl\u0259rl\u0259 ba\u011fl\u0131 \u015fahidl\u0259rin ifad\u0259l\u0259rini bir daha t\u0259sdiq edib:<\/p>\n<p>&#8220;H\u0259min \u0259razil\u0259rimizd\u0259 a\u015fkar olunmu\u015f k\u00fctl\u0259vi m\u0259zarl\u0131qlarda ekshumasiya i\u015fl\u0259rinin apar\u0131lmas\u0131 n\u0259tic\u0259sind\u0259 Erm\u0259nistan t\u0259r\u0259find\u0259n \u0259sir v\u0259 girov g\u00f6t\u00fcr\u00fclm\u00fc\u015f \u015f\u0259xsl\u0259rin i\u015fg\u0259nc\u0259l\u0259r\u0259, zorak\u0131l\u0131\u011fa v\u0259 qeyri-insani r\u0259ftara m\u0259ruz qalaraq q\u0259tl\u0259 yetirildiyi bar\u0259d\u0259 t\u0259kzibedilm\u0259z s\u00fcbutlar toplan\u0131b&#8221;.<\/p>\n","protected":false},"excerpt":{"rendered":"<p>M\u00fcxt\u0259lif vaxtlarda Erm\u0259nistanda olan h\u0259rbi canil\u0259r, komandirl\u0259r k\u00fctl\u0259vi m\u0259zarl\u0131qlar bar\u0259d\u0259 m\u0259lumatlara sahib olduqlar\u0131n\u0131 bildiribl\u0259r. Musavat.com-un m\u0259lumat\u0131na g\u00f6r\u0259, bu bar\u0259d\u0259 Az\u0259rbaycan Prezidenti \u0130lham \u018fliyevin \u201c\u0130tkin d\u00fc\u015fm\u00fc\u015f \u015f\u0259xsl\u0259r probleminin h\u0259lli: ail\u0259l\u0259rin h\u0259qiq\u0259ti bilm\u0259k h\u00fcququnun m\u00fcdafi\u0259si\u201d m\u00f6vzusunda beyn\u0259lxalq konfrans\u0131n i\u015ftirak\u00e7\u0131lar\u0131na m\u00fcraci\u0259tind\u0259 deyilir. D\u00f6vl\u0259t ba\u015f\u00e7\u0131s\u0131 qeyd edib ki, buna baxmayaraq, Erm\u0259nistan h\u0259l\u0259 d\u0259 bu m\u0259zarl\u0131qlar\u0131n, o c\u00fcml\u0259d\u0259n Az\u0259rbaycan\u0131n Milli Q\u0259hr\u0259man\u0131 Natiq Qas\u0131movun qal\u0131qlar\u0131n\u0131n yeri bar\u0259d\u0259 m\u0259lumatlar\u0131 verm\u0259kd\u0259n imtina edir. Prezident vur\u011fulay\u0131b ki, Az\u0259rbaycan\u0131n torpaqlar\u0131n\u0131n i\u015f\u011faldan azad edilm\u0259sind\u0259n sonra meydana \u00e7\u0131xm\u0131\u015f yeni faktlar itkin d\u00fc\u015fm\u00fc\u015f az\u0259rbaycanl\u0131lara qar\u015f\u0131 t\u00f6r\u0259dil\u0259n v\u0259h\u015filikl\u0259rl\u0259 ba\u011fl\u0131 \u015fahidl\u0259rin ifad\u0259l\u0259rini bir daha t\u0259sdiq&hellip;<\/p>\n","protected":false},"author":2,"featured_media":758017,"comment_status":"closed","ping_status":"closed","sticky":false,"template":"","format":"standard","meta":{"om_disable_all_campaigns":false,"_monsterinsights_skip_tracking":false,"_monsterinsights_sitenote_active":false,"_monsterinsights_sitenote_note":"","_monsterinsights_sitenote_category":0},"categories":[4],"tags":[],"aioseo_notices":[],"gutentor_comment":0,"rttpg_featured_image_url":{"full":["https:\/\/arantv.az\/wp-content\/uploads\/2024\/10\/773167806f5a89164ce817e723df449e.jpg",850,500,false],"landscape":["https:\/\/arantv.az\/wp-content\/uploads\/2024\/10\/773167806f5a89164ce817e723df449e.jpg",850,500,false],"portraits":["https:\/\/arantv.az\/wp-content\/uploads\/2024\/10\/773167806f5a89164ce817e723df449e.jpg",850,500,false],"thumbnail":["https:\/\/arantv.az\/wp-content\/uploads\/2024\/10\/773167806f5a89164ce817e723df449e-500x280.jpg",500,280,true],"medium":["https:\/\/arantv.az\/wp-content\/uploads\/2024\/10\/773167806f5a89164ce817e723df449e-621x365.jpg",621,365,true],"large":["https:\/\/arantv.az\/wp-content\/uploads\/2024\/10\/773167806f5a89164ce817e723df449e-840x494.jpg",640,376,true],"1536x1536":["https:\/\/arantv.az\/wp-content\/uploads\/2024\/10\/773167806f5a89164ce817e723df449e.jpg",850,500,false],"2048x2048":["https:\/\/arantv.az\/wp-content\/uploads\/2024\/10\/773167806f5a89164ce817e723df449e.jpg",850,500,false],"post-thumbnail":["https:\/\/arantv.az\/wp-content\/uploads\/2024\/10\/773167806f5a89164ce817e723df449e-240x172.jpg",240,172,true],"advps-thumb-one":["https:\/\/arantv.az\/wp-content\/uploads\/2024\/10\/773167806f5a89164ce817e723df449e.jpg",850,500,false]},"rttpg_author":{"display_name":"V\u00fcsal Rafiqo\u011flu","author_link":"https:\/\/arantv.az\/?author=2"},"rttpg_comment":0,"rttpg_category":"<a href=\"https:\/\/arantv.az\/?cat=4\" rel=\"category\">Siyas\u0259t<\/a>","rttpg_excerpt":"M\u00fcxt\u0259lif vaxtlarda Erm\u0259nistanda olan h\u0259rbi canil\u0259r, komandirl\u0259r k\u00fctl\u0259vi m\u0259zarl\u0131qlar bar\u0259d\u0259 m\u0259lumatlara sahib olduqlar\u0131n\u0131 bildiribl\u0259r. Musavat.com-un m\u0259lumat\u0131na g\u00f6r\u0259, bu bar\u0259d\u0259 Az\u0259rbaycan Prezidenti \u0130lham \u018fliyevin \u201c\u0130tkin d\u00fc\u015fm\u00fc\u015f \u015f\u0259xsl\u0259r probleminin h\u0259lli: ail\u0259l\u0259rin h\u0259qiq\u0259ti bilm\u0259k h\u00fcququnun m\u00fcdafi\u0259si\u201d m\u00f6vzusunda beyn\u0259lxalq konfrans\u0131n i\u015ftirak\u00e7\u0131lar\u0131na m\u00fcraci\u0259tind\u0259 deyilir. D\u00f6vl\u0259t ba\u015f\u00e7\u0131s\u0131 qeyd edib ki, buna baxmayaraq, Erm\u0259nistan h\u0259l\u0259 d\u0259 bu m\u0259zarl\u0131qlar\u0131n, o c\u00fcml\u0259d\u0259n Az\u0259rbaycan\u0131n Milli&hellip;","_links":{"self":[{"href":"https:\/\/arantv.az\/index.php?rest_route=\/wp\/v2\/posts\/758016"}],"collection":[{"href":"https:\/\/arantv.az\/index.php?rest_route=\/wp\/v2\/posts"}],"about":[{"href":"https:\/\/arantv.az\/index.php?rest_route=\/wp\/v2\/types\/post"}],"author":[{"embeddable":true,"href":"https:\/\/arantv.az\/index.php?rest_route=\/wp\/v2\/users\/2"}],"replies":[{"embeddable":true,"href":"https:\/\/arantv.az\/index.php?rest_route=%2Fwp%2Fv2%2Fcomments&post=758016"}],"version-history":[{"count":1,"href":"https:\/\/arantv.az\/index.php?rest_route=\/wp\/v2\/posts\/758016\/revisions"}],"predecessor-version":[{"id":758018,"href":"https:\/\/arantv.az\/index.php?rest_route=\/wp\/v2\/posts\/758016\/revisions\/758018"}],"wp:featuredmedia":[{"embeddable":true,"href":"https:\/\/arantv.az\/index.php?rest_route=\/wp\/v2\/media\/758017"}],"wp:attachment":[{"href":"https:\/\/arantv.az\/index.php?rest_route=%2Fwp%2Fv2%2Fmedia&parent=758016"}],"wp:term":[{"taxonomy":"category","embeddable":true,"href":"https:\/\/arantv.az\/index.php?rest_route=%2Fwp%2Fv2%2Fcategories&post=758016"},{"taxonomy":"post_tag","embeddable":true,"href":"https:\/\/arantv.az\/index.php?rest_route=%2Fwp%2Fv2%2Ftags&post=758016"}],"curies":[{"name":"wp","href":"https:\/\/api.w.org\/{rel}","templated":true}]}}