{"id":758253,"date":"2024-10-03T10:52:08","date_gmt":"2024-10-03T06:52:08","guid":{"rendered":"https:\/\/arantv.az\/?p=758253"},"modified":"2024-10-03T10:52:08","modified_gmt":"2024-10-03T06:52:08","slug":"qurtulusa-ged%c9%99n-yolun-baslangici","status":"publish","type":"post","link":"https:\/\/arantv.az\/?p=758253","title":{"rendered":"Qurtulu\u015fa ged\u0259n yolun ba\u015flan\u011f\u0131c\u0131"},"content":{"rendered":"<p><em><strong>Heyd\u0259r \u018fliyevin ad\u0131 m\u00fcasir Az\u0259rbaycan\u0131n tarixin\u0259 h\u0259m d\u0259 b\u00f6y\u00fck xilaskar kimi d\u00fc\u015f\u00fcb.<\/strong><\/em><\/p>\n<p>XX \u0259srin sonlar\u0131nda yenid\u0259n m\u00fcst\u0259qilliyi b\u0259rpa etdikd\u0259nsonra Az\u0259rbaycan q\u0131sa vaxtdan sonra onun itirilm\u0259si t\u0259hl\u00fck\u0259si il\u0259 \u00fczl\u0259\u015fdi. \u00dcmummilli Lider Heyd\u0259r \u018fliyev deyirdi ki, &#8220;M\u00fcst\u0259qilliyin \u0259ld\u0259 olunmas\u0131 n\u0259 q\u0259d\u0259r \u00e7\u0259tindirs\u0259, onun saxlan\u0131lmas\u0131, daimi, \u0259b\u0259di olmas\u0131 bundan da \u00e7\u0259tindir&#8221;.<\/p>\n<p>M\u00fcasir Az\u0259rbaycan tarixind\u0259 \u00dcmummilli Liderin ad\u0131 il\u0259 ba\u011fl\u0131 olan siyasi prosesl\u0259r \u00f6lk\u0259mizin taleyind\u0259 k\u00f6kl\u00fc m\u00fcsb\u0259t d\u0259yi\u015fiklikl\u0259rin \u0259sas\u0131n\u0131 qoymu\u015f v\u0259 d\u00f6vl\u0259t\u00e7ilik tariximizd\u0259 yeni siyasi m\u0259rh\u0259l\u0259nin ba\u015flan\u011f\u0131c\u0131 olmu\u015fdur.<\/p>\n<p>31 il \u0259vv\u0259l &#8211; 1993-c\u00fc il iyunun 9-da Heyd\u0259r \u018fliyevin xalq\u0131m\u0131z\u0131n t\u0259kidli t\u0259l\u0259bi il\u0259\u00a0Nax\u00e7\u0131vandan Bak\u0131ya g\u0259li\u015fi m\u00fcasir d\u00f6vl\u0259t\u00e7ilik tariximizin \u0259n m\u00fch\u00fcm siyasi hadis\u0259sidir. Heyd\u0259r \u018fliyevin qay\u0131d\u0131\u015f\u0131 Az\u0259rbaycan\u0131n taleyi il\u0259 ba\u011fl\u0131 narahatl\u0131qlara son qoydu v\u0259 xalq\u0131m\u0131z\u0131 b\u00f6y\u00fck f\u0259lak\u0259td\u0259n xilas etdi. D\u00f6vl\u0259t m\u00fcst\u0259qilliyimizin itirilm\u0259si t\u0259hl\u00fck\u0259si il\u0259 \u00fczl\u0259\u015fdiyimiz o t\u0259lat\u00fcml\u00fc d\u00f6vrl\u0259rd\u0259 Ulu \u00d6nd\u0259rin ba\u015flatd\u0131\u011f\u0131 xilaskarl\u0131q missiyas\u0131, bu g\u00fcn q\u00fcrur duydu\u011fumuz g\u00fccl\u00fc Az\u0259rbaycan d\u00f6vl\u0259tinin qurulmas\u0131 il\u0259 n\u0259tic\u0259l\u0259ndi. Qeyd etm\u0259k yerin\u0259 d\u00fc\u015f\u0259r ki, Az\u0259rbaycan\u0131n bug\u00fcn\u00fcn\u00fc m\u00fcst\u0259qilliyimizi yenid\u0259n b\u0259rpa etdiyimiz ilk ill\u0259rl\u0259 m\u00fcqayis\u0259 etdikd\u0259 hans\u0131 t\u0259lat\u00fcml\u00fc g\u00fcnl\u0259ri, faci\u0259l\u0259ri arxada qoydu\u011fumuzu, daha d\u0259qiq des\u0259k, bu g\u00fcn\u00fcm\u00fcz \u00fc\u00e7\u00fcn kim\u0259 borclu oldu\u011fumuzu daha d\u0259rind\u0259n d\u0259rk edir v\u0259 b\u00f6y\u00fck \u0259minlikl\u0259 qeyd edirik ki, Ulu \u00d6nd\u0259r Heyd\u0259r \u018fliyev 1993-c\u00fc ild\u0259 xalq\u0131n t\u0259kidli t\u0259l\u0259bi il\u0259 hakimiyy\u0259t\u0259 qay\u0131tmasayd\u0131, bu g\u00fcn Az\u0259rbaycan\u0131n m\u00fcst\u0259qilliyind\u0259n s\u00f6hb\u0259t bel\u0259 ged\u0259 bilm\u0259zdi.<\/p>\n<p>\u00d6t\u0259n \u0259srin 90-c\u0131 ill\u0259rinin \u0259vv\u0259ll\u0259rind\u0259 \u00f6lk\u0259ni b\u00fcr\u00fcm\u00fc\u015f xaos, anarxiya, siyasi v\u0259 iqtisadi b\u00f6hran \u015f\u0259raitind\u0259 xalq\u0131m\u0131z\u0131n m\u0259hz Heyd\u0259r \u018fliyev\u0259 \u00fcz tutmas\u0131 he\u00e7 d\u0259 t\u0259sad\u00fcfi deyildi. Az\u0259rbaycan xalq\u0131 h\u0259l\u0259 Sovetl\u0259r d\u00f6n\u0259mind\u0259 Az\u0259rbaycana r\u0259hb\u0259rlik etmi\u015f bu m\u00fcdrik insan\u0131n \u00f6lk\u0259miz \u00fc\u00e7\u00fcn etdikl\u0259rini unutmam\u0131\u015fd\u0131. M\u0259hz Heyd\u0259r \u018fliyevin say\u0259sind\u0259 \u00f6lk\u0259miz gerid\u0259 qalm\u0131\u015f aqrar \u00f6lk\u0259d\u0259n qabaqc\u0131l s\u0259naye respublikas\u0131na \u00e7evrilmi\u015f, d\u00fcnyada tan\u0131nma\u011fa ba\u015flam\u0131\u015fd\u0131. Bu b\u00f6y\u00fck \u015f\u0259xsiyy\u0259t Az\u0259rbaycana r\u0259hb\u0259rlik etdiyi v\u0259 daha sonralar ke\u00e7mi\u015f Sovetl\u0259r Birliyinin\u00a0ali r\u0259hb\u0259rliyind\u0259 t\u0259msil olundu\u011fu d\u00f6vrl\u0259rd\u0259\u00a0d\u0259 do\u011fma Az\u0259rbaycan\u0131n\u0131n t\u0259r\u0259qqisi \u00fc\u00e7\u00fcn s\u0259yl\u0259rini \u0259sirg\u0259m\u0259mi\u015f, h\u0259min d\u00f6vrd\u0259 erm\u0259nil\u0259rin Az\u0259rbaycana qar\u015f\u0131 b\u00fct\u00fcn \u0259sass\u0131z v\u0259 saxta iddialar\u0131n\u0131n qar\u015f\u0131s\u0131n\u0131 alm\u0131\u015f, onlar\u0131n torpaqlar\u0131m\u0131z\u0131 q\u0259sb etm\u0259l\u0259rin\u0259 imkan verm\u0259mi\u015fdi. B\u00fct\u00fcn mane\u0259l\u0259r\u0259, \u00e7\u0259tinlikl\u0259r\u0259 baxmayaraq m\u0259hz Heyd\u0259r\u00a0 \u018fliyev 1990-c\u0131 ilin 20 Yanvar faci\u0259sinin ert\u0259si g\u00fcn\u00fc Az\u0259rbaycan\u0131n Moskvadak\u0131 daimi n\u00fcmay\u0259nd\u0259liyin\u0259 g\u0259l\u0259r\u0259k, sovet r\u0259hb\u0259rliyinin \u00f6lk\u0259miz\u0259 h\u0259rbi t\u0259cav\u00fcz\u00fcn\u00fc q\u0259tiyy\u0259tl\u0259 q\u0131nayan, \u00a0xalq\u0131m\u0131z\u0131n etiraz s\u0259sini b\u00fct\u00fcn d\u00fcnyaya \u00e7atd\u0131ran ilk \u015f\u0259xs olmu\u015fdu.\u00a0O, 1990-c\u0131 ild\u0259 Az\u0259rbaycana qay\u0131td\u0131qdan sonra Nax\u00e7\u0131van\u0131 erm\u0259ni i\u015f\u011fal\u0131ndan q\u0259tiyy\u0259tl\u0259 qorumu\u015f, b\u00f6y\u00fck uzaqg\u00f6r\u0259nlikl\u0259 sovet qo\u015funlar\u0131n\u0131n Nax\u00e7\u0131van Muxtar Respublikadan \u00e7\u0131xar\u0131lmas\u0131na nail olmu\u015fdu.<\/p>\n<p>M\u00fcst\u0259qilliyin b\u0259rpas\u0131ndan sonra \u00f6lk\u0259d\u0259 h\u00f6km s\u00fcr\u0259n hakimiyy\u0259t b\u00f6hran\u0131 1993-c\u00fc ilin iyununda kulminasiya h\u0259ddin\u0259 \u00e7atm\u0131\u015f, xaos v\u0259 anarxiya respublikan\u0131 b\u00fcr\u00fcm\u00fc\u015fd\u00fc. Faktiki olaraq respublikada hakimiyy\u0259tsizlik h\u00f6km s\u00fcr\u00fcrd\u00fc. El\u0259 h\u0259min ilin iyunun 4-d\u0259 G\u0259nc\u0259d\u0259 ba\u015f ver\u0259n hadis\u0259l\u0259r is\u0259 h\u0259rbi-siyasi b\u00f6hran\u0131 daha da d\u0259rinl\u0259\u015fdirdi. Bel\u0259 bir m\u00fcr\u0259kk\u0259b \u015f\u0259raitd\u0259 d\u00f6vl\u0259timizin v\u0259 xalq\u0131m\u0131z\u0131n h\u0259qiqi lider\u0259, g\u00fccl\u00fc r\u0259hb\u0259r\u0259 ehtiyac\u0131 vard\u0131. C\u0259miyy\u0259tin b\u00fct\u00fcn t\u0259b\u0259q\u0259l\u0259ri \u0259min idi ki, m\u00fcst\u0259qilliyini yenic\u0259 b\u0259rpa etmi\u015f \u00f6lk\u0259ni d\u00fc\u015fd\u00fcy\u00fc a\u011f\u0131r v\u0259 d\u00f6z\u00fclm\u0259z v\u0259ziyy\u0259td\u0259n \u00e7\u0131xarma\u011fa qadir yegan\u0259 \u015f\u0259xsiyy\u0259t m\u0259hz Heyd\u0259r \u018fliyevdir. \u018fslind\u0259, bu, b\u00fct\u00fcn xalq\u0131n \u00fcr\u0259yinin s\u0259si idi. Xalq\u0131m\u0131z Heyd\u0259r \u018fliyevin \u0259traf\u0131nda s\u0131x birl\u0259\u015fm\u0259kl\u0259 \u00f6z g\u0259l\u0259c\u0259k taleyini \u00f6z\u00fc h\u0259ll etm\u0259k niyy\u0259tind\u0259 idi. H\u0259r k\u0259s yax\u015f\u0131 ba\u015fa d\u00fc\u015f\u00fcrd\u00fc ki, \u00f6lk\u0259d\u0259ki h\u0259rc-m\u0259rcliyin, ita\u0259tsizliyin, anarxiyan\u0131n, siyasi \u00e7\u0259ki\u015fm\u0259l\u0259rin, G\u0259nc\u0259d\u0259 ba\u015flanm\u0131\u015f qarda\u015f q\u0131r\u011f\u0131n\u0131n\u0131n, qanunsuz silahl\u0131 d\u0259st\u0259l\u0259rin Bak\u0131ya y\u00fcr\u00fc\u015f\u00fcn\u00fcn qar\u015f\u0131s\u0131n\u0131 yaln\u0131z bu b\u00f6y\u00fck insan ala bil\u0259r. H\u0259tta o vaxt hakimiyy\u0259td\u0259 olanlar da Heyd\u0259r \u018fliyevin Nax\u00e7\u0131vandan Bak\u0131ya g\u0259lm\u0259sind\u0259 israrl\u0131 idil\u0259r.<\/p>\n<p>1993-c\u00fc il iyunun 9-da Heyd\u0259r \u018fliyevi Bak\u0131ya g\u0259tir\u0259n t\u0259yyar\u0259 Bak\u0131 Hava Liman\u0131nda yer\u0259 endi. B\u00f6y\u00fck xilaskar\u0131n Bak\u0131ya g\u0259lm\u0259si x\u0259b\u0259ri xalq t\u0259r\u0259find\u0259n sevincl\u0259 qar\u015f\u0131land\u0131.\u00a0Heyd\u0259r \u018fliyevin g\u0259li\u015fi m\u00fcst\u0259qilliyimizin v\u0259 d\u00f6vl\u0259t\u00e7iliyimizin taleyinin sual alt\u0131nda oldu\u011fu h\u0259min h\u0259ssas m\u0259qamda xalq\u0131m\u0131z\u0131n \u00fcmidl\u0259rini yenid\u0259n canland\u0131rm\u0131\u015f oldu. Xalq\u0131m\u0131z g\u00f6z\u0259l anlay\u0131rd\u0131 ki,\u00a0Az\u0259rbaycan\u0131 bu a\u011f\u0131r v\u0259ziyy\u0259td\u0259n yaln\u0131z Heyd\u0259r \u018fliyev xilas ed\u0259 bil\u0259r. Xalq Heyd\u0259r \u018fliyev\u0259 inan\u0131r, b\u00f6y\u00fck \u015f\u0259xsiyy\u0259tin m\u00fcdrikliyin\u0259, siyasi t\u0259cr\u00fcb\u0259sin\u0259, uzaqg\u00f6r\u0259nliyin\u0259, d\u00f6vl\u0259t\u00e7ilik t\u0259f\u0259kk\u00fcr\u00fcn\u0259 g\u00fcv\u0259nirdi. Heyd\u0259r \u018fliyev qay\u0131d\u0131\u015f\u0131 il\u0259 sanki d\u0259nizd\u0259 s\u00fckan\u0131n\u0131 itirmi\u015f g\u0259miy\u0259 b\u0259nz\u0259y\u0259n Az\u0259rbaycan\u0131n idar\u0259 olunmas\u0131n\u0131 \u00f6z \u00f6hd\u0259sin\u0259 g\u00f6t\u00fcrd\u00fc.<\/p>\n<p>\u00dcmummilli Lider Heyd\u0259r \u018fliyev m\u00fcst\u0259qilliyimizin h\u0259min m\u0259rh\u0259l\u0259sini bel\u0259 xarakteriz\u0259 edirdi: \u201cAz\u0259rbaycan b\u00f6y\u00fck t\u0259hl\u00fck\u0259 qar\u015f\u0131s\u0131nda idi. \u00c7\u00fcnki Az\u0259rbaycan\u0131n m\u00fcst\u0259qil ya\u015famas\u0131n\u0131n \u0259leyhin\u0259 olan h\u0259m daxild\u0259ki q\u00fcvv\u0259l\u0259r g\u00fccl\u00fc idi, h\u0259m d\u0259 Az\u0259rbaycan kimi b\u00f6y\u00fck co\u011frafi-strateji \u0259h\u0259miyy\u0259t\u0259, z\u0259ngin t\u0259bii s\u0259rv\u0259tl\u0259r\u0259 malik olan \u00f6lk\u0259nin tam m\u00fcst\u0259qil olmas\u0131 ba\u015fqa \u00f6lk\u0259l\u0259rd\u0259 b\u0259zi dair\u0259l\u0259ri qane etmirdi. Erm\u0259nistan\u0131n Az\u0259rbaycana etdiyi t\u0259cav\u00fcz v\u0259 bunun n\u0259tic\u0259sind\u0259 Az\u0259rbaycan\u0131n z\u0259ifl\u0259m\u0259si, m\u0259\u011flubiyy\u0259t\u0259 u\u011framas\u0131, ikinci t\u0259r\u0259fd\u0259n d\u0259 daxild\u0259 hakimiyy\u0259t \u00e7\u0259ki\u015fm\u0259si 1992-ci ilin iyun ay\u0131nda hakimiyy\u0259t\u0259 g\u0259lmi\u015f q\u00fcvv\u0259l\u0259ri bir ild\u0259n sonra hakimiyy\u0259td\u0259n sald\u0131, xalq \u00f6z\u00fc sald\u0131\u201d.<\/p>\n<p>Bu g\u00fcn 31 il sonra \u0259minlikl\u0259 dem\u0259k olar ki, m\u0259hz Heyd\u0259r \u018fliyevin say\u0259sind\u0259 h\u0259min vaxt Az\u0259rbaycanda qarda\u015f q\u0131r\u011f\u0131n\u0131n\u0131n qar\u015f\u0131s\u0131 al\u0131nd\u0131, onun q\u0259tiyy\u0259ti v\u0259 sars\u0131lmaz irad\u0259si say\u0259sind\u0259 Az\u0259rbaycanla ba\u011fl\u0131 xarici siyasi dair\u0259l\u0259rin i\u015f\u0259 sald\u0131\u011f\u0131 m\u0259krli planlar\u0131n ham\u0131s\u0131 iflasa u\u011frad\u0131.<\/p>\n<p>Bel\u0259likl\u0259, Ulu \u00d6nd\u0259r Heyd\u0259r \u018fliyevin 1993-c\u00fc il iyunun 9-da xalq\u0131n \u00e7a\u011f\u0131r\u0131\u015f\u0131na s\u0259s ver\u0259r\u0259k Bak\u0131ya qay\u0131d\u0131\u015f\u0131 il\u0259 d\u00f6vl\u0259t\u00e7ilik tariximizd\u0259 yeni m\u0259rh\u0259l\u0259nin \u0259sas\u0131 qoyuldu. Alt\u0131 g\u00fcn sonra iyunun 15-d\u0259 Heyd\u0259r \u018fliyevin Az\u0259rbaycan Ali Sovetinin S\u0259dri se\u00e7ilm\u0259si is\u0259 parlamentd\u0259 t\u0259msil olunan b\u00fct\u00fcn siyasi qruplar\u0131n m\u0259hz Heyd\u0259r \u018fliyevin xilaskarl\u0131q missiyas\u0131na olan \u00fcmid v\u0259 inam\u0131n\u0131n bariz n\u00fcmun\u0259si idi.\u00a0H\u0259min g\u00fcn, s\u00f6z\u00fcn h\u0259qiqi m\u0259nas\u0131nda, \u00f6lk\u0259mizin taleyind\u0259 d\u00f6n\u00fc\u015f an\u0131 oldu, b\u00f6y\u00fck qurtulu\u015fa do\u011fru m\u00fch\u00fcm add\u0131m at\u0131ld\u0131, xalq\u0131m\u0131z\u0131 nicata aparan yol bilavasit\u0259 h\u0259min g\u00fcnd\u0259n ba\u015flad\u0131.<\/p>\n<p>F\u0259xar\u0259t hissi il\u0259 dem\u0259k olar ki, bu g\u00fcn Heyd\u0259r \u018fliyevin banisi v\u0259 qurucusu oldu\u011fu m\u00fcasir Az\u0259rbaycan d\u00f6vl\u0259ti onun ideyalar\u0131 il\u0259 y\u00fcks\u0259lir, Prezident \u0130lham \u018fliyevin m\u00fcdrik v\u0259 uzaqg\u00f6r\u0259n r\u0259hb\u0259rliyi il\u0259 g\u0259l\u0259c\u0259y\u0259 do\u011fru inamla add\u0131mlay\u0131r. 2020-ci ild\u0259 44 g\u00fcnl\u00fck V\u0259t\u0259n m\u00fcharib\u0259sind\u0259 qazand\u0131\u011f\u0131m\u0131z tarixi Z\u0259f\u0259r d\u0259 m\u0259hz Heyd\u0259r \u018fliyev siyas\u0259tinin m\u00f6ht\u0259\u015f\u0259m t\u0259nt\u0259n\u0259sidir.<\/p>\n<p>Bu g\u00fcn q\u0259tiyy\u0259tl\u0259 dey\u0259 bil\u0259rik ki, Az\u0259rbaycan\u0131n \u0259ld\u0259 etdiyi h\u0259r bir u\u011fur g\u00f6st\u0259rir ki, 31 il \u0259vv\u0259l ba\u015flanan Heyd\u0259r \u018fliyev siyas\u0259tinin alternativi yoxdur.<\/p>\n<p><strong>Fariz Vahidov,<\/strong><br \/>\n<em>YAP X\u0259tai rayon t\u0259\u015fkilat\u0131n\u0131n &#8220;2922- ci m\u0259h\u0259ll\u0259, Z\u0131\u011f yolu\u00a0 k\u00fc\u00e7\u0259si 41 C&#8221; \u00fcnvan\u0131\u00a0\u00fczr\u0259 \u0259razi partiya t\u0259\u015fkilat\u0131n\u0131n s\u0259dr m\u00fcavini<\/em><\/p>\n","protected":false},"excerpt":{"rendered":"<p>Heyd\u0259r \u018fliyevin ad\u0131 m\u00fcasir Az\u0259rbaycan\u0131n tarixin\u0259 h\u0259m d\u0259 b\u00f6y\u00fck xilaskar kimi d\u00fc\u015f\u00fcb. XX \u0259srin sonlar\u0131nda yenid\u0259n m\u00fcst\u0259qilliyi b\u0259rpa etdikd\u0259nsonra Az\u0259rbaycan q\u0131sa vaxtdan sonra onun itirilm\u0259si t\u0259hl\u00fck\u0259si il\u0259 \u00fczl\u0259\u015fdi. \u00dcmummilli Lider Heyd\u0259r \u018fliyev deyirdi ki, &#8220;M\u00fcst\u0259qilliyin \u0259ld\u0259 olunmas\u0131 n\u0259 q\u0259d\u0259r \u00e7\u0259tindirs\u0259, onun saxlan\u0131lmas\u0131, daimi, \u0259b\u0259di olmas\u0131 bundan da \u00e7\u0259tindir&#8221;. M\u00fcasir Az\u0259rbaycan tarixind\u0259 \u00dcmummilli Liderin ad\u0131 il\u0259 ba\u011fl\u0131 olan siyasi prosesl\u0259r \u00f6lk\u0259mizin taleyind\u0259 k\u00f6kl\u00fc m\u00fcsb\u0259t d\u0259yi\u015fiklikl\u0259rin \u0259sas\u0131n\u0131 qoymu\u015f v\u0259 d\u00f6vl\u0259t\u00e7ilik tariximizd\u0259 yeni siyasi m\u0259rh\u0259l\u0259nin ba\u015flan\u011f\u0131c\u0131 olmu\u015fdur. 31 il \u0259vv\u0259l &#8211; 1993-c\u00fc il iyunun 9-da Heyd\u0259r \u018fliyevin xalq\u0131m\u0131z\u0131n t\u0259kidli t\u0259l\u0259bi il\u0259\u00a0Nax\u00e7\u0131vandan Bak\u0131ya g\u0259li\u015fi&hellip;<\/p>\n","protected":false},"author":2,"featured_media":758254,"comment_status":"closed","ping_status":"closed","sticky":false,"template":"","format":"standard","meta":{"om_disable_all_campaigns":false,"_monsterinsights_skip_tracking":false,"_monsterinsights_sitenote_active":false,"_monsterinsights_sitenote_note":"","_monsterinsights_sitenote_category":0},"categories":[19],"tags":[],"aioseo_notices":[],"gutentor_comment":0,"rttpg_featured_image_url":{"full":["https:\/\/arantv.az\/wp-content\/uploads\/2024\/10\/9dd30287168771404699329279810652885.jpg",975,540,false],"landscape":["https:\/\/arantv.az\/wp-content\/uploads\/2024\/10\/9dd30287168771404699329279810652885.jpg",975,540,false],"portraits":["https:\/\/arantv.az\/wp-content\/uploads\/2024\/10\/9dd30287168771404699329279810652885.jpg",975,540,false],"thumbnail":["https:\/\/arantv.az\/wp-content\/uploads\/2024\/10\/9dd30287168771404699329279810652885-500x280.jpg",500,280,true],"medium":["https:\/\/arantv.az\/wp-content\/uploads\/2024\/10\/9dd30287168771404699329279810652885-660x365.jpg",660,365,true],"large":["https:\/\/arantv.az\/wp-content\/uploads\/2024\/10\/9dd30287168771404699329279810652885-840x465.jpg",640,354,true],"1536x1536":["https:\/\/arantv.az\/wp-content\/uploads\/2024\/10\/9dd30287168771404699329279810652885.jpg",975,540,false],"2048x2048":["https:\/\/arantv.az\/wp-content\/uploads\/2024\/10\/9dd30287168771404699329279810652885.jpg",975,540,false],"post-thumbnail":["https:\/\/arantv.az\/wp-content\/uploads\/2024\/10\/9dd30287168771404699329279810652885-240x172.jpg",240,172,true],"advps-thumb-one":["https:\/\/arantv.az\/wp-content\/uploads\/2024\/10\/9dd30287168771404699329279810652885.jpg",975,540,false]},"rttpg_author":{"display_name":"V\u00fcsal Rafiqo\u011flu","author_link":"https:\/\/arantv.az\/?author=2"},"rttpg_comment":0,"rttpg_category":"<a href=\"https:\/\/arantv.az\/?cat=19\" rel=\"category\">G\u00fcnd\u0259m<\/a>","rttpg_excerpt":"Heyd\u0259r \u018fliyevin ad\u0131 m\u00fcasir Az\u0259rbaycan\u0131n tarixin\u0259 h\u0259m d\u0259 b\u00f6y\u00fck xilaskar kimi d\u00fc\u015f\u00fcb. XX \u0259srin sonlar\u0131nda yenid\u0259n m\u00fcst\u0259qilliyi b\u0259rpa etdikd\u0259nsonra Az\u0259rbaycan q\u0131sa vaxtdan sonra onun itirilm\u0259si t\u0259hl\u00fck\u0259si il\u0259 \u00fczl\u0259\u015fdi. \u00dcmummilli Lider Heyd\u0259r \u018fliyev deyirdi ki, &#8220;M\u00fcst\u0259qilliyin \u0259ld\u0259 olunmas\u0131 n\u0259 q\u0259d\u0259r \u00e7\u0259tindirs\u0259, onun saxlan\u0131lmas\u0131, daimi, \u0259b\u0259di olmas\u0131 bundan da \u00e7\u0259tindir&#8221;. M\u00fcasir Az\u0259rbaycan tarixind\u0259 \u00dcmummilli Liderin ad\u0131 il\u0259&hellip;","_links":{"self":[{"href":"https:\/\/arantv.az\/index.php?rest_route=\/wp\/v2\/posts\/758253"}],"collection":[{"href":"https:\/\/arantv.az\/index.php?rest_route=\/wp\/v2\/posts"}],"about":[{"href":"https:\/\/arantv.az\/index.php?rest_route=\/wp\/v2\/types\/post"}],"author":[{"embeddable":true,"href":"https:\/\/arantv.az\/index.php?rest_route=\/wp\/v2\/users\/2"}],"replies":[{"embeddable":true,"href":"https:\/\/arantv.az\/index.php?rest_route=%2Fwp%2Fv2%2Fcomments&post=758253"}],"version-history":[{"count":1,"href":"https:\/\/arantv.az\/index.php?rest_route=\/wp\/v2\/posts\/758253\/revisions"}],"predecessor-version":[{"id":758255,"href":"https:\/\/arantv.az\/index.php?rest_route=\/wp\/v2\/posts\/758253\/revisions\/758255"}],"wp:featuredmedia":[{"embeddable":true,"href":"https:\/\/arantv.az\/index.php?rest_route=\/wp\/v2\/media\/758254"}],"wp:attachment":[{"href":"https:\/\/arantv.az\/index.php?rest_route=%2Fwp%2Fv2%2Fmedia&parent=758253"}],"wp:term":[{"taxonomy":"category","embeddable":true,"href":"https:\/\/arantv.az\/index.php?rest_route=%2Fwp%2Fv2%2Fcategories&post=758253"},{"taxonomy":"post_tag","embeddable":true,"href":"https:\/\/arantv.az\/index.php?rest_route=%2Fwp%2Fv2%2Ftags&post=758253"}],"curies":[{"name":"wp","href":"https:\/\/api.w.org\/{rel}","templated":true}]}}