{"id":758315,"date":"2024-10-03T11:54:30","date_gmt":"2024-10-03T07:54:30","guid":{"rendered":"https:\/\/arantv.az\/?p=758315"},"modified":"2024-10-03T11:54:30","modified_gmt":"2024-10-03T07:54:30","slug":"nazir-iqliml%c9%99-bagli-f%c9%99lak%c9%99tl%c9%99r-h%c9%99r-il-40-milyona-yaxin-usagin-t%c9%99hsilini-pozur","status":"publish","type":"post","link":"https:\/\/arantv.az\/?p=758315","title":{"rendered":"Nazir: \u0130qliml\u0259 ba\u011fl\u0131 f\u0259lak\u0259tl\u0259r h\u0259r il 40 milyona yax\u0131n u\u015fa\u011f\u0131n t\u0259hsilini pozur"},"content":{"rendered":"<p>D\u00fcnyadak\u0131 u\u015faqlar\u0131n t\u0259xmin\u0259n yar\u0131s\u0131 iqlim d\u0259yi\u015fikliyinin t\u0259sirl\u0259ri \u00fc\u00e7\u00fcn son d\u0259r\u0259c\u0259 y\u00fcks\u0259k risk alt\u0131nda olan \u00f6lk\u0259l\u0259rd\u0259 ya\u015fay\u0131r.<\/p>\n<p><a class=\"azertac-link\" href=\"https:\/\/azertag.az\/\" target=\"_blank\" rel=\"noopener\">AZ\u018fRTAC<\/a>\u00a0x\u0259b\u0259r verir ki, bunu COP29-un m\u00fc\u0259yy\u0259n edilmi\u015f Prezidenti, ekologiya v\u0259 t\u0259bii s\u0259rv\u0259tl\u0259r naziri Muxtar Babayev Bak\u0131 \u0130qlim F\u0259aliyy\u0259ti H\u0259ft\u0259sinin d\u00f6rd\u00fcnc\u00fc g\u00fcn\u00fcnd\u0259 \u00e7\u0131x\u0131\u015f\u0131nda deyib.<\/p>\n<p>&#8220;UNICEF-in 2023-c\u00fc il hesabat\u0131nda qeyd olunur ki, iqliml\u0259 ba\u011fl\u0131 f\u0259lak\u0259tl\u0259r h\u0259r il 40 milyona yax\u0131n u\u015fa\u011f\u0131n t\u0259hsilini pozur. Amma g\u0259ncl\u0259r f\u0259aliyy\u0259t \u00fc\u00e7\u00fcn \u0259n g\u00fccl\u00fc s\u0259sl\u0259rd\u0259n biridir. COP28-d\u0259 B\u018f\u018f Konsensusu u\u015faqlar\u0131 iqlim prosesinin m\u0259rk\u0259zin\u0259 qoymaqda m\u00fch\u00fcm m\u0259rh\u0259l\u0259 oldu. COP29 S\u0259drliyi g\u0259ncl\u0259rin x\u00fcsusi ehtiyaclar\u0131na davaml\u0131 diqq\u0259tin t\u0259min edilm\u0259sin\u0259 sadiqdir. Bu, u\u015faqlar\u0131n v\u0259 g\u0259ncl\u0259rin s\u0259sini prosesin m\u0259rk\u0259zin\u0259 qoymaq dem\u0259kdir. H\u0259m d\u0259 bu, onlar \u00fc\u00e7\u00fcn n\u0259tic\u0259l\u0259r ver\u0259n bir proses m\u0259nas\u0131n\u0131 ifad\u0259 edir&#8221;, &#8211; dey\u0259 nazir bildirib.<\/p>\n","protected":false},"excerpt":{"rendered":"<p>D\u00fcnyadak\u0131 u\u015faqlar\u0131n t\u0259xmin\u0259n yar\u0131s\u0131 iqlim d\u0259yi\u015fikliyinin t\u0259sirl\u0259ri \u00fc\u00e7\u00fcn son d\u0259r\u0259c\u0259 y\u00fcks\u0259k risk alt\u0131nda olan \u00f6lk\u0259l\u0259rd\u0259 ya\u015fay\u0131r. AZ\u018fRTAC\u00a0x\u0259b\u0259r verir ki, bunu COP29-un m\u00fc\u0259yy\u0259n edilmi\u015f Prezidenti, ekologiya v\u0259 t\u0259bii s\u0259rv\u0259tl\u0259r naziri Muxtar Babayev Bak\u0131 \u0130qlim F\u0259aliyy\u0259ti H\u0259ft\u0259sinin d\u00f6rd\u00fcnc\u00fc g\u00fcn\u00fcnd\u0259 \u00e7\u0131x\u0131\u015f\u0131nda deyib. &#8220;UNICEF-in 2023-c\u00fc il hesabat\u0131nda qeyd olunur ki, iqliml\u0259 ba\u011fl\u0131 f\u0259lak\u0259tl\u0259r h\u0259r il 40 milyona yax\u0131n u\u015fa\u011f\u0131n t\u0259hsilini pozur. Amma g\u0259ncl\u0259r f\u0259aliyy\u0259t \u00fc\u00e7\u00fcn \u0259n g\u00fccl\u00fc s\u0259sl\u0259rd\u0259n biridir. COP28-d\u0259 B\u018f\u018f Konsensusu u\u015faqlar\u0131 iqlim prosesinin m\u0259rk\u0259zin\u0259 qoymaqda m\u00fch\u00fcm m\u0259rh\u0259l\u0259 oldu. COP29 S\u0259drliyi g\u0259ncl\u0259rin x\u00fcsusi ehtiyaclar\u0131na davaml\u0131 diqq\u0259tin t\u0259min edilm\u0259sin\u0259 sadiqdir. Bu, u\u015faqlar\u0131n v\u0259 g\u0259ncl\u0259rin&hellip;<\/p>\n","protected":false},"author":2,"featured_media":758316,"comment_status":"closed","ping_status":"closed","sticky":false,"template":"","format":"standard","meta":{"om_disable_all_campaigns":false,"_monsterinsights_skip_tracking":false,"_monsterinsights_sitenote_active":false,"_monsterinsights_sitenote_note":"","_monsterinsights_sitenote_category":0},"categories":[1],"tags":[],"aioseo_notices":[],"gutentor_comment":0,"rttpg_featured_image_url":{"full":["https:\/\/arantv.az\/wp-content\/uploads\/2024\/10\/17279410044603165508_1200x630.jpg",922,630,false],"landscape":["https:\/\/arantv.az\/wp-content\/uploads\/2024\/10\/17279410044603165508_1200x630.jpg",922,630,false],"portraits":["https:\/\/arantv.az\/wp-content\/uploads\/2024\/10\/17279410044603165508_1200x630.jpg",922,630,false],"thumbnail":["https:\/\/arantv.az\/wp-content\/uploads\/2024\/10\/17279410044603165508_1200x630-500x280.jpg",500,280,true],"medium":["https:\/\/arantv.az\/wp-content\/uploads\/2024\/10\/17279410044603165508_1200x630-534x365.jpg",534,365,true],"large":["https:\/\/arantv.az\/wp-content\/uploads\/2024\/10\/17279410044603165508_1200x630-840x574.jpg",640,437,true],"1536x1536":["https:\/\/arantv.az\/wp-content\/uploads\/2024\/10\/17279410044603165508_1200x630.jpg",922,630,false],"2048x2048":["https:\/\/arantv.az\/wp-content\/uploads\/2024\/10\/17279410044603165508_1200x630.jpg",922,630,false],"post-thumbnail":["https:\/\/arantv.az\/wp-content\/uploads\/2024\/10\/17279410044603165508_1200x630-240x172.jpg",240,172,true],"advps-thumb-one":["https:\/\/arantv.az\/wp-content\/uploads\/2024\/10\/17279410044603165508_1200x630-922x620.jpg",922,620,true]},"rttpg_author":{"display_name":"V\u00fcsal Rafiqo\u011flu","author_link":"https:\/\/arantv.az\/?author=2"},"rttpg_comment":0,"rttpg_category":"<a href=\"https:\/\/arantv.az\/?cat=1\" rel=\"category\">C\u0259miyy\u0259t<\/a>","rttpg_excerpt":"D\u00fcnyadak\u0131 u\u015faqlar\u0131n t\u0259xmin\u0259n yar\u0131s\u0131 iqlim d\u0259yi\u015fikliyinin t\u0259sirl\u0259ri \u00fc\u00e7\u00fcn son d\u0259r\u0259c\u0259 y\u00fcks\u0259k risk alt\u0131nda olan \u00f6lk\u0259l\u0259rd\u0259 ya\u015fay\u0131r. AZ\u018fRTAC\u00a0x\u0259b\u0259r verir ki, bunu COP29-un m\u00fc\u0259yy\u0259n edilmi\u015f Prezidenti, ekologiya v\u0259 t\u0259bii s\u0259rv\u0259tl\u0259r naziri Muxtar Babayev Bak\u0131 \u0130qlim F\u0259aliyy\u0259ti H\u0259ft\u0259sinin d\u00f6rd\u00fcnc\u00fc g\u00fcn\u00fcnd\u0259 \u00e7\u0131x\u0131\u015f\u0131nda deyib. &#8220;UNICEF-in 2023-c\u00fc il hesabat\u0131nda qeyd olunur ki, iqliml\u0259 ba\u011fl\u0131 f\u0259lak\u0259tl\u0259r h\u0259r il 40 milyona yax\u0131n u\u015fa\u011f\u0131n&hellip;","_links":{"self":[{"href":"https:\/\/arantv.az\/index.php?rest_route=\/wp\/v2\/posts\/758315"}],"collection":[{"href":"https:\/\/arantv.az\/index.php?rest_route=\/wp\/v2\/posts"}],"about":[{"href":"https:\/\/arantv.az\/index.php?rest_route=\/wp\/v2\/types\/post"}],"author":[{"embeddable":true,"href":"https:\/\/arantv.az\/index.php?rest_route=\/wp\/v2\/users\/2"}],"replies":[{"embeddable":true,"href":"https:\/\/arantv.az\/index.php?rest_route=%2Fwp%2Fv2%2Fcomments&post=758315"}],"version-history":[{"count":1,"href":"https:\/\/arantv.az\/index.php?rest_route=\/wp\/v2\/posts\/758315\/revisions"}],"predecessor-version":[{"id":758317,"href":"https:\/\/arantv.az\/index.php?rest_route=\/wp\/v2\/posts\/758315\/revisions\/758317"}],"wp:featuredmedia":[{"embeddable":true,"href":"https:\/\/arantv.az\/index.php?rest_route=\/wp\/v2\/media\/758316"}],"wp:attachment":[{"href":"https:\/\/arantv.az\/index.php?rest_route=%2Fwp%2Fv2%2Fmedia&parent=758315"}],"wp:term":[{"taxonomy":"category","embeddable":true,"href":"https:\/\/arantv.az\/index.php?rest_route=%2Fwp%2Fv2%2Fcategories&post=758315"},{"taxonomy":"post_tag","embeddable":true,"href":"https:\/\/arantv.az\/index.php?rest_route=%2Fwp%2Fv2%2Ftags&post=758315"}],"curies":[{"name":"wp","href":"https:\/\/api.w.org\/{rel}","templated":true}]}}