{"id":75836,"date":"2019-08-30T09:24:10","date_gmt":"2019-08-30T06:24:10","guid":{"rendered":"http:\/\/arantv.az\/?p=75836"},"modified":"2019-08-30T09:24:10","modified_gmt":"2019-08-30T06:24:10","slug":"bakida-piyadalar-ucun-agir-gec%c9%99-iki-ayri-q%c9%99zada-iki-n%c9%99f%c9%99r-x%c9%99sar%c9%99t-aldi","status":"publish","type":"post","link":"https:\/\/arantv.az\/?p=75836","title":{"rendered":"Bak\u0131da piyadalar \u00fc\u00e7\u00fcn a\u011f\u0131r gec\u0259: iki ayr\u0131 q\u0259zada iki n\u0259f\u0259r x\u0259sar\u0259t ald\u0131"},"content":{"rendered":"<p>Bak\u0131da piyadalar\u0131n x\u0259sar\u0259t almas\u0131 il\u0259 n\u0259tic\u0259l\u0259n\u0259n iki yol-n\u0259qliyyat hadis\u0259si olub.<\/p>\n<p><b>ARANTV.AZ\u00a0<\/b>\u00a0oxu.az-a istinad\u0259n x\u0259b\u0259r verir ki, q\u0259zalardan biri X\u0259z\u0259r rayonunda ba\u015f verib.<\/p>\n<p>Buzovna istiqam\u0259tind\u0259 h\u0259r\u0259k\u0259td\u0259 olan &#8220;Mercedes&#8221; markal\u0131 minik avtomobili 1971-ci il t\u0259v\u0259ll\u00fcdl\u00fc Qarayev Ayd\u0131n \u018fl\u00f6vs\u0259t o\u011flunu vurub.<\/p>\n<p>Hadis\u0259ni t\u00f6r\u0259d\u0259n s\u00fcr\u00fcc\u00fc \u0259razid\u0259n qa\u00e7\u0131b. Yaral\u0131 d\u0259rhal x\u0259st\u0259xanaya yerl\u0259\u015fdirilib.<\/p>\n<p>Ona sol bazunun s\u0131n\u0131\u011f\u0131 diaqnozu qoyulub.<\/p>\n<p>Haz\u0131rda X\u0259z\u0259r Rayon Polis \u0130dar\u0259sinin \u0259m\u0259kda\u015flar\u0131 hadis\u0259ni t\u00f6r\u0259d\u0259n s\u00fcr\u00fcc\u00fcn\u00fcn axtar\u0131\u015flar\u0131n\u0131 davam etdirirl\u0259r.<\/p>\n<p>Dig\u0259r hadis\u0259 is\u0259 Ab\u015feron rayonunda olub.<\/p>\n<p>Mehdiabad q\u0259s\u0259b\u0259sind\u0259 minik avtomobili 1978-ci il t\u0259v\u0259ll\u00fcdl\u00fc Q\u0259ribov Malik N\u0259sib o\u011flunu vurub.<\/p>\n<p>Yaral\u0131 d\u0259rhal x\u0259st\u0259xanaya yerl\u0259\u015fdirilib.<\/p>\n<p>Faktla ba\u011fl\u0131 Ab\u015feron Rayon Polis \u0130dar\u0259sind\u0259 ara\u015fd\u0131rma apar\u0131l\u0131r.<\/p>\n","protected":false},"excerpt":{"rendered":"<p>Bak\u0131da piyadalar\u0131n x\u0259sar\u0259t almas\u0131 il\u0259 n\u0259tic\u0259l\u0259n\u0259n iki yol-n\u0259qliyyat hadis\u0259si olub. ARANTV.AZ\u00a0\u00a0oxu.az-a istinad\u0259n x\u0259b\u0259r verir ki, q\u0259zalardan biri X\u0259z\u0259r rayonunda ba\u015f verib. Buzovna istiqam\u0259tind\u0259 h\u0259r\u0259k\u0259td\u0259 olan &#8220;Mercedes&#8221; markal\u0131 minik avtomobili 1971-ci il t\u0259v\u0259ll\u00fcdl\u00fc Qarayev Ayd\u0131n \u018fl\u00f6vs\u0259t o\u011flunu vurub. Hadis\u0259ni t\u00f6r\u0259d\u0259n s\u00fcr\u00fcc\u00fc \u0259razid\u0259n qa\u00e7\u0131b. Yaral\u0131 d\u0259rhal x\u0259st\u0259xanaya yerl\u0259\u015fdirilib. Ona sol bazunun s\u0131n\u0131\u011f\u0131 diaqnozu qoyulub. Haz\u0131rda X\u0259z\u0259r Rayon Polis \u0130dar\u0259sinin \u0259m\u0259kda\u015flar\u0131 hadis\u0259ni t\u00f6r\u0259d\u0259n s\u00fcr\u00fcc\u00fcn\u00fcn axtar\u0131\u015flar\u0131n\u0131 davam etdirirl\u0259r. Dig\u0259r hadis\u0259 is\u0259 Ab\u015feron rayonunda olub. Mehdiabad q\u0259s\u0259b\u0259sind\u0259 minik avtomobili 1978-ci il t\u0259v\u0259ll\u00fcdl\u00fc Q\u0259ribov Malik N\u0259sib o\u011flunu vurub. Yaral\u0131 d\u0259rhal x\u0259st\u0259xanaya yerl\u0259\u015fdirilib. Faktla ba\u011fl\u0131 Ab\u015feron Rayon&hellip;<\/p>\n","protected":false},"author":2,"featured_media":75837,"comment_status":"closed","ping_status":"closed","sticky":false,"template":"","format":"standard","meta":{"om_disable_all_campaigns":false,"_monsterinsights_skip_tracking":false,"_monsterinsights_sitenote_active":false,"_monsterinsights_sitenote_note":"","_monsterinsights_sitenote_category":0},"categories":[5],"tags":[],"aioseo_notices":[],"gutentor_comment":0,"rttpg_featured_image_url":{"full":["https:\/\/arantv.az\/wp-content\/uploads\/2019\/08\/1567145352qeza_nisanl.jpg",549,303,false],"landscape":["https:\/\/arantv.az\/wp-content\/uploads\/2019\/08\/1567145352qeza_nisanl.jpg",549,303,false],"portraits":["https:\/\/arantv.az\/wp-content\/uploads\/2019\/08\/1567145352qeza_nisanl.jpg",549,303,false],"thumbnail":["https:\/\/arantv.az\/wp-content\/uploads\/2019\/08\/1567145352qeza_nisanl-150x150.jpg",150,150,true],"medium":["https:\/\/arantv.az\/wp-content\/uploads\/2019\/08\/1567145352qeza_nisanl-300x166.jpg",300,166,true],"large":["https:\/\/arantv.az\/wp-content\/uploads\/2019\/08\/1567145352qeza_nisanl.jpg",549,303,false],"1536x1536":["https:\/\/arantv.az\/wp-content\/uploads\/2019\/08\/1567145352qeza_nisanl.jpg",549,303,false],"2048x2048":["https:\/\/arantv.az\/wp-content\/uploads\/2019\/08\/1567145352qeza_nisanl.jpg",549,303,false],"post-thumbnail":["https:\/\/arantv.az\/wp-content\/uploads\/2019\/08\/1567145352qeza_nisanl-240x172.jpg",240,172,true],"advps-thumb-one":["https:\/\/arantv.az\/wp-content\/uploads\/2019\/08\/1567145352qeza_nisanl.jpg",549,303,false]},"rttpg_author":{"display_name":"V\u00fcsal Rafiqo\u011flu","author_link":"https:\/\/arantv.az\/?author=2"},"rttpg_comment":0,"rttpg_category":"<a href=\"https:\/\/arantv.az\/?cat=5\" rel=\"category\">Hadis\u0259<\/a>","rttpg_excerpt":"Bak\u0131da piyadalar\u0131n x\u0259sar\u0259t almas\u0131 il\u0259 n\u0259tic\u0259l\u0259n\u0259n iki yol-n\u0259qliyyat hadis\u0259si olub. ARANTV.AZ\u00a0\u00a0oxu.az-a istinad\u0259n x\u0259b\u0259r verir ki, q\u0259zalardan biri X\u0259z\u0259r rayonunda ba\u015f verib. Buzovna istiqam\u0259tind\u0259 h\u0259r\u0259k\u0259td\u0259 olan &#8220;Mercedes&#8221; markal\u0131 minik avtomobili 1971-ci il t\u0259v\u0259ll\u00fcdl\u00fc Qarayev Ayd\u0131n \u018fl\u00f6vs\u0259t o\u011flunu vurub. Hadis\u0259ni t\u00f6r\u0259d\u0259n s\u00fcr\u00fcc\u00fc \u0259razid\u0259n qa\u00e7\u0131b. Yaral\u0131 d\u0259rhal x\u0259st\u0259xanaya yerl\u0259\u015fdirilib. Ona sol bazunun s\u0131n\u0131\u011f\u0131 diaqnozu qoyulub. Haz\u0131rda X\u0259z\u0259r Rayon&hellip;","_links":{"self":[{"href":"https:\/\/arantv.az\/index.php?rest_route=\/wp\/v2\/posts\/75836"}],"collection":[{"href":"https:\/\/arantv.az\/index.php?rest_route=\/wp\/v2\/posts"}],"about":[{"href":"https:\/\/arantv.az\/index.php?rest_route=\/wp\/v2\/types\/post"}],"author":[{"embeddable":true,"href":"https:\/\/arantv.az\/index.php?rest_route=\/wp\/v2\/users\/2"}],"replies":[{"embeddable":true,"href":"https:\/\/arantv.az\/index.php?rest_route=%2Fwp%2Fv2%2Fcomments&post=75836"}],"version-history":[{"count":0,"href":"https:\/\/arantv.az\/index.php?rest_route=\/wp\/v2\/posts\/75836\/revisions"}],"wp:featuredmedia":[{"embeddable":true,"href":"https:\/\/arantv.az\/index.php?rest_route=\/wp\/v2\/media\/75837"}],"wp:attachment":[{"href":"https:\/\/arantv.az\/index.php?rest_route=%2Fwp%2Fv2%2Fmedia&parent=75836"}],"wp:term":[{"taxonomy":"category","embeddable":true,"href":"https:\/\/arantv.az\/index.php?rest_route=%2Fwp%2Fv2%2Fcategories&post=75836"},{"taxonomy":"post_tag","embeddable":true,"href":"https:\/\/arantv.az\/index.php?rest_route=%2Fwp%2Fv2%2Ftags&post=75836"}],"curies":[{"name":"wp","href":"https:\/\/api.w.org\/{rel}","templated":true}]}}