{"id":758774,"date":"2024-10-04T15:34:01","date_gmt":"2024-10-04T11:34:01","guid":{"rendered":"https:\/\/arantv.az\/?p=758774"},"modified":"2024-10-04T15:34:01","modified_gmt":"2024-10-04T11:34:01","slug":"azad-c%c9%99brayilda-genismiqyasli-abadliq-quruculuq-isl%c9%99ri-aparilir","status":"publish","type":"post","link":"https:\/\/arantv.az\/?p=758774","title":{"rendered":"Azad C\u0259bray\u0131lda geni\u015fmiqyasl\u0131 abadl\u0131q-quruculuq i\u015fl\u0259ri apar\u0131l\u0131r"},"content":{"rendered":"<p>2020-ci il noyabr\u0131n 16-da Az\u0259rbaycan Prezidenti \u0130lham \u018fliyev, Birinci vitse-prezident Mehriban \u018fliyeva il\u0259 birlikd\u0259 i\u015f\u011faldan azad edilmi\u015f C\u0259bray\u0131l rayonuna s\u0259f\u0259r etdi. Bu, \u0130kinci Qaraba\u011f m\u00fcharib\u0259sind\u0259 \u0259ld\u0259 edilmi\u015f tarixi q\u0259l\u0259b\u0259d\u0259n sonra Prezident \u0130lham \u018fliyevin azad olunmu\u015f \u0259razil\u0259r\u0259 ilk r\u0259smi s\u0259f\u0259rl\u0259rind\u0259n biri idi.<\/p>\n<p>S\u0259f\u0259r zaman\u0131 Prezident \u0130lham \u018fliyev C\u0259bray\u0131l \u015f\u0259h\u0259rind\u0259 Az\u0259rbaycan bayra\u011f\u0131n\u0131 ucaltd\u0131 v\u0259 burada \u00e7\u0131x\u0131\u015f ed\u0259r\u0259k, Az\u0259rbaycan\u0131n torpaqlar\u0131n\u0131 i\u015f\u011faldan azad etdiyini, \u0259razi b\u00fct\u00f6vl\u00fcy\u00fcn\u00fc b\u0259rpa etdiyini vur\u011fulad\u0131. O, h\u0259m\u00e7inin Xudaf\u0259rin k\u00f6rp\u00fcs\u00fcn\u00fc d\u0259 ziyar\u0259t ed\u0259r\u0259k, bu tarixi abid\u0259nin azad olunmas\u0131n\u0131n Az\u0259rbaycan \u00fc\u00e7\u00fcn x\u00fcsusi \u0259h\u0259miyy\u0259t k\u0259sb etdiyini bildirdi. Bu s\u0259f\u0259r h\u0259m d\u0259 azad olunmu\u015f \u0259razil\u0259rin b\u0259rpas\u0131 v\u0259 yenid\u0259n qurulmas\u0131 istiqam\u0259tind\u0259 g\u00f6r\u00fcl\u0259c\u0259k i\u015fl\u0259rin ba\u015flan\u011f\u0131c\u0131 kimi qiym\u0259tl\u0259ndirilir. Prezident \u0130lham \u018fliyev h\u0259min \u00e7\u0131x\u0131\u015f\u0131nda Qaraba\u011f\u0131n inki\u015faf\u0131 \u00fc\u00e7\u00fcn geni\u015fmiqyasl\u0131 planlar\u0131n oldu\u011funu v\u0259 bu \u0259razil\u0259rin yenid\u0259n abadla\u015fd\u0131r\u0131laca\u011f\u0131n\u0131 qeyd etdi. S\u0259f\u0259r h\u0259m simvolik, h\u0259m d\u0259 siyasi bax\u0131mdan b\u00f6y\u00fck \u0259h\u0259miyy\u0259t\u0259 malik idi, \u00e7\u00fcnki bu, Az\u0259rbaycan xalq\u0131na q\u0259l\u0259b\u0259 mesaj\u0131 olmaqla yana\u015f\u0131, \u00f6lk\u0259nin g\u0259l\u0259c\u0259k quruculuq i\u015fl\u0259rin\u0259 verdiyi \u0259h\u0259miyy\u0259tin g\u00f6st\u0259ricisi idi.<\/p>\n<p><strong>Xudaf\u0259rin k\u00f6rp\u00fcs\u00fcnd\u0259 Az\u0259rbaycan D\u00f6vl\u0259t bayra\u011f\u0131n\u0131n ucald\u0131lmas\u0131<\/strong><\/p>\n<p>Xudaf\u0259rin k\u00f6rp\u00fcs\u00fcnd\u0259 Az\u0259rbaycan D\u00f6vl\u0259t bayra\u011f\u0131n\u0131n ucald\u0131lmas\u0131 2020-ci ild\u0259 \u0130kinci Qaraba\u011f m\u00fcharib\u0259si (V\u0259t\u0259n m\u00fcharib\u0259si) zaman\u0131 Az\u0259rbaycan Silahl\u0131 Q\u00fcvv\u0259l\u0259rinin i\u015f\u011faldan azad etdiyi m\u00fch\u00fcm m\u0259qamlardan biridir. Xudaf\u0259rin k\u00f6rp\u00fcs\u00fc Araz \u00e7ay\u0131 \u00fcz\u0259rind\u0259 yerl\u0259\u015f\u0259n v\u0259 Az\u0259rbaycan\u0131n C\u0259bray\u0131l rayonu \u0259razisind\u0259 olan tarixi abid\u0259dir. Bu k\u00f6rp\u00fc Az\u0259rbaycan xalq\u0131n\u0131n tarixi v\u0259 m\u0259d\u0259ni irsi \u00fc\u00e7\u00fcn b\u00f6y\u00fck \u0259h\u0259miyy\u0259t da\u015f\u0131y\u0131r.<\/p>\n<p>2020-ci il oktyabr ay\u0131nda Az\u0259rbaycan ordusunun C\u0259bray\u0131l rayonunu i\u015f\u011faldan azad etm\u0259si il\u0259 Xudaf\u0259rin k\u00f6rp\u00fcs\u00fc d\u0259 geri qaytar\u0131ld\u0131 v\u0259 orada Az\u0259rbaycan bayra\u011f\u0131 ucald\u0131ld\u0131. Bu hadis\u0259, Az\u0259rbaycan xalq\u0131 \u00fc\u00e7\u00fcn strateji v\u0259 r\u0259mzi \u0259h\u0259miyy\u0259t\u0259 malik idi, \u00e7\u00fcnki bu, Az\u0259rbaycan\u0131n \u0259razi b\u00fct\u00f6vl\u00fcy\u00fcn\u00fcn b\u0259rpas\u0131n\u0131n vacib bir simvolu idi. Xudaf\u0259rin k\u00f6rp\u00fcs\u00fcnd\u0259 bayra\u011f\u0131n ucald\u0131lmas\u0131, h\u0259m d\u0259 Az\u0259rbaycan\u0131n m\u0259d\u0259ni irsin\u0259 sahib \u00e7\u0131xma v\u0259 tarixini qoruma istiqam\u0259tind\u0259 at\u0131lm\u0131\u015f add\u0131mlardan biri kimi d\u0259y\u0259rl\u0259ndirilir.<\/p>\n<p><strong>C\u0259bray\u0131l \u015f\u0259h\u0259rind\u0259 d\u00f6vl\u0259t bayra\u011f\u0131n\u0131n ucald\u0131lmas\u0131<\/strong><\/p>\n<p>C\u0259bray\u0131l \u015f\u0259h\u0259rind\u0259 Az\u0259rbaycan d\u00f6vl\u0259t bayra\u011f\u0131n\u0131n ucald\u0131lmas\u0131 2020-ci il noyabr\u0131n 16-da Prezident<\/p>\n<p>\u0130lham \u018fliyevin C\u0259bray\u0131l rayonuna s\u0259f\u0259ri zaman\u0131 ba\u015f tutmu\u015fdur. Bu hadis\u0259 Az\u0259rbaycan xalq\u0131 \u00fc\u00e7\u00fcn tarixi \u0259h\u0259miyy\u0259t k\u0259sb ed\u0259n anlardan biri idi, \u00e7\u00fcnki C\u0259bray\u0131l \u015f\u0259h\u0259ri 1993-c\u00fc ild\u0259n etibar\u0259n Erm\u0259nistan Silahl\u0131 Q\u00fcvv\u0259l\u0259rinin i\u015f\u011fal\u0131 alt\u0131nda olmu\u015fdu v\u0259 \u0130kinci Qaraba\u011f m\u00fcharib\u0259si zaman\u0131, 2020-ci il oktyabr\u0131n 4-d\u0259 Az\u0259rbaycan ordusu t\u0259r\u0259find\u0259n azad edilmi\u015fdi. Prezident \u0130lham \u018fliyev C\u0259bray\u0131l \u015f\u0259h\u0259rin\u0259 s\u0259f\u0259ri zaman\u0131 Az\u0259rbaycan bayra\u011f\u0131n\u0131 ucaltd\u0131 v\u0259 bu r\u0259mzi hadis\u0259 Az\u0259rbaycan\u0131n \u0259razi b\u00fct\u00f6vl\u00fcy\u00fcn\u00fcn b\u0259rpas\u0131n\u0131n v\u0259 i\u015f\u011fal alt\u0131ndak\u0131 torpaqlar\u0131n azad olunmas\u0131n\u0131n t\u0259nt\u0259n\u0259li simvoluna \u00e7evrildi. Bayraq ucald\u0131lmas\u0131 m\u0259rasimi Az\u0259rbaycan\u0131n h\u0259rbi q\u0259l\u0259b\u0259sinin v\u0259 27 illik i\u015f\u011fala son qoyulmas\u0131n\u0131n r\u0259mzi olaraq \u00f6lk\u0259nin tarixind\u0259 m\u00fch\u00fcm yer tutur.<\/p>\n<p>Bu hadis\u0259, h\u0259m\u00e7inin Qaraba\u011f\u0131n azad edilm\u0259sind\u0259n sonra b\u0259rpa v\u0259 yenid\u0259nqurma i\u015fl\u0259rinin ba\u015flan\u011f\u0131c\u0131n\u0131n elan edildiyi bir m\u0259qam kimi d\u0259y\u0259rl\u0259ndirilir. Prezident \u0130lham \u018fliyev h\u0259min \u00e7\u0131x\u0131\u015f\u0131nda azad olunmu\u015f \u0259razil\u0259rd\u0259 geni\u015f quruculuq i\u015fl\u0259rinin apar\u0131laca\u011f\u0131n\u0131 vur\u011fulad\u0131.<\/p>\n<p>Bu s\u0259f\u0259r v\u0259 binalara bax\u0131\u015f Az\u0259rbaycan\u0131n azad olunmu\u015f \u0259razil\u0259rind\u0259 yenid\u0259nqurma prosesinin ba\u015flan\u011f\u0131c\u0131 kimi m\u00fch\u00fcm \u0259h\u0259miyy\u0259t k\u0259sb edirdi.<\/p>\n<p>Qeyd ed\u0259k ki, Az\u0259rbaycan Respublikas\u0131n\u0131n Prezidenti \u0130lham \u018fliyev v\u0259 birinci xan\u0131m Mehriban \u018fliyeva oktyabr\u0131n 3-d\u0259 C\u0259bray\u0131l rayonunun Horovlu k\u0259ndind\u0259 f\u0259rdi evl\u0259rin v\u0259 sosial obyektl\u0259rin tikintisi il\u0259 tan\u0131\u015f olublar.\u00a0Birinci m\u0259rh\u0259l\u0259d\u0259 Horovluya 1395 n\u0259f\u0259rin k\u00f6\u00e7\u00fcr\u00fclm\u0259si \u00fc\u00e7\u00fcn tikil\u0259n 334 f\u0259rdi evin h\u00f6rg\u00fc i\u015fl\u0259ri tamamlan\u0131b, haz\u0131rda xarici v\u0259 daxili b\u0259z\u0259k i\u015fl\u0259ri g\u00f6r\u00fcl\u00fcr. \u0130n\u015fa olunan evl\u0259r iki, \u00fc\u00e7, d\u00f6rd v\u0259 be\u015f otaqdan ibar\u0259tdir. H\u0259m\u00e7inin burada m\u0259kt\u0259b binas\u0131, u\u015faq ba\u011f\u00e7as\u0131 v\u0259 dig\u0259r ia\u015f\u0259 obyektl\u0259rinin tikintisi davam etdirilir.<\/p>\n<p>\u0130\u015f\u011faldan azad edilmi\u015f dig\u0259r \u0259razil\u0259rd\u0259 oldu\u011fu kimi, C\u0259bray\u0131lda da indi geni\u015fmiqyasl\u0131 abadl\u0131q-quruculuq i\u015fl\u0259ri apar\u0131l\u0131r. Bu il sentyabr\u0131n 26-da C\u0259bray\u0131l \u015f\u0259h\u0259rin\u0259 k\u00f6\u00e7 ba\u015flay\u0131b. Art\u0131q \u015f\u0259h\u0259r ilk sakinl\u0259rini qoynuna al\u0131b. \u0130ndiy\u0259d\u0259k 133 ail\u0259, \u00fcmum\u0259n 433 n\u0259f\u0259r \u00f6z ata-baba yurduna d\u00f6n\u0259r\u0259k orada tikil\u0259n rahat, geni\u015f v\u0259 i\u015f\u0131ql\u0131 m\u0259nzill\u0259rd\u0259 ya\u015fama\u011fa ba\u015flay\u0131b.<\/p>\n<p><strong>Ramil\u0259 Ataki\u015fiyeva,<\/strong><br \/>\n<em>116 n\u00f6mr\u0259li tam orta m\u0259kt\u0259bin riyaziyyat m\u00fc\u0259llimi,<br \/>\nYAP X\u0259tai rayon t\u0259\u015fkilat\u0131n\u0131n \u00fczv\u00fc<\/em><\/p>\n","protected":false},"excerpt":{"rendered":"<p>2020-ci il noyabr\u0131n 16-da Az\u0259rbaycan Prezidenti \u0130lham \u018fliyev, Birinci vitse-prezident Mehriban \u018fliyeva il\u0259 birlikd\u0259 i\u015f\u011faldan azad edilmi\u015f C\u0259bray\u0131l rayonuna s\u0259f\u0259r etdi. Bu, \u0130kinci Qaraba\u011f m\u00fcharib\u0259sind\u0259 \u0259ld\u0259 edilmi\u015f tarixi q\u0259l\u0259b\u0259d\u0259n sonra Prezident \u0130lham \u018fliyevin azad olunmu\u015f \u0259razil\u0259r\u0259 ilk r\u0259smi s\u0259f\u0259rl\u0259rind\u0259n biri idi. S\u0259f\u0259r zaman\u0131 Prezident \u0130lham \u018fliyev C\u0259bray\u0131l \u015f\u0259h\u0259rind\u0259 Az\u0259rbaycan bayra\u011f\u0131n\u0131 ucaltd\u0131 v\u0259 burada \u00e7\u0131x\u0131\u015f ed\u0259r\u0259k, Az\u0259rbaycan\u0131n torpaqlar\u0131n\u0131 i\u015f\u011faldan azad etdiyini, \u0259razi b\u00fct\u00f6vl\u00fcy\u00fcn\u00fc b\u0259rpa etdiyini vur\u011fulad\u0131. O, h\u0259m\u00e7inin Xudaf\u0259rin k\u00f6rp\u00fcs\u00fcn\u00fc d\u0259 ziyar\u0259t ed\u0259r\u0259k, bu tarixi abid\u0259nin azad olunmas\u0131n\u0131n Az\u0259rbaycan \u00fc\u00e7\u00fcn x\u00fcsusi \u0259h\u0259miyy\u0259t k\u0259sb etdiyini bildirdi. Bu s\u0259f\u0259r h\u0259m d\u0259 azad olunmu\u015f&hellip;<\/p>\n","protected":false},"author":2,"featured_media":758775,"comment_status":"closed","ping_status":"closed","sticky":false,"template":"","format":"standard","meta":{"om_disable_all_campaigns":false,"_monsterinsights_skip_tracking":false,"_monsterinsights_sitenote_active":false,"_monsterinsights_sitenote_note":"","_monsterinsights_sitenote_category":0},"categories":[19],"tags":[],"aioseo_notices":[],"gutentor_comment":0,"rttpg_featured_image_url":{"full":["https:\/\/arantv.az\/wp-content\/uploads\/2024\/10\/bb04af0f172803013617916851010863533.jpg",975,540,false],"landscape":["https:\/\/arantv.az\/wp-content\/uploads\/2024\/10\/bb04af0f172803013617916851010863533.jpg",975,540,false],"portraits":["https:\/\/arantv.az\/wp-content\/uploads\/2024\/10\/bb04af0f172803013617916851010863533.jpg",975,540,false],"thumbnail":["https:\/\/arantv.az\/wp-content\/uploads\/2024\/10\/bb04af0f172803013617916851010863533-500x280.jpg",500,280,true],"medium":["https:\/\/arantv.az\/wp-content\/uploads\/2024\/10\/bb04af0f172803013617916851010863533-660x365.jpg",660,365,true],"large":["https:\/\/arantv.az\/wp-content\/uploads\/2024\/10\/bb04af0f172803013617916851010863533-840x465.jpg",640,354,true],"1536x1536":["https:\/\/arantv.az\/wp-content\/uploads\/2024\/10\/bb04af0f172803013617916851010863533.jpg",975,540,false],"2048x2048":["https:\/\/arantv.az\/wp-content\/uploads\/2024\/10\/bb04af0f172803013617916851010863533.jpg",975,540,false],"post-thumbnail":["https:\/\/arantv.az\/wp-content\/uploads\/2024\/10\/bb04af0f172803013617916851010863533-240x172.jpg",240,172,true],"advps-thumb-one":["https:\/\/arantv.az\/wp-content\/uploads\/2024\/10\/bb04af0f172803013617916851010863533.jpg",975,540,false]},"rttpg_author":{"display_name":"V\u00fcsal Rafiqo\u011flu","author_link":"https:\/\/arantv.az\/?author=2"},"rttpg_comment":0,"rttpg_category":"<a href=\"https:\/\/arantv.az\/?cat=19\" rel=\"category\">G\u00fcnd\u0259m<\/a>","rttpg_excerpt":"2020-ci il noyabr\u0131n 16-da Az\u0259rbaycan Prezidenti \u0130lham \u018fliyev, Birinci vitse-prezident Mehriban \u018fliyeva il\u0259 birlikd\u0259 i\u015f\u011faldan azad edilmi\u015f C\u0259bray\u0131l rayonuna s\u0259f\u0259r etdi. Bu, \u0130kinci Qaraba\u011f m\u00fcharib\u0259sind\u0259 \u0259ld\u0259 edilmi\u015f tarixi q\u0259l\u0259b\u0259d\u0259n sonra Prezident \u0130lham \u018fliyevin azad olunmu\u015f \u0259razil\u0259r\u0259 ilk r\u0259smi s\u0259f\u0259rl\u0259rind\u0259n biri idi. S\u0259f\u0259r zaman\u0131 Prezident \u0130lham \u018fliyev C\u0259bray\u0131l \u015f\u0259h\u0259rind\u0259 Az\u0259rbaycan bayra\u011f\u0131n\u0131 ucaltd\u0131 v\u0259 burada \u00e7\u0131x\u0131\u015f ed\u0259r\u0259k,&hellip;","_links":{"self":[{"href":"https:\/\/arantv.az\/index.php?rest_route=\/wp\/v2\/posts\/758774"}],"collection":[{"href":"https:\/\/arantv.az\/index.php?rest_route=\/wp\/v2\/posts"}],"about":[{"href":"https:\/\/arantv.az\/index.php?rest_route=\/wp\/v2\/types\/post"}],"author":[{"embeddable":true,"href":"https:\/\/arantv.az\/index.php?rest_route=\/wp\/v2\/users\/2"}],"replies":[{"embeddable":true,"href":"https:\/\/arantv.az\/index.php?rest_route=%2Fwp%2Fv2%2Fcomments&post=758774"}],"version-history":[{"count":1,"href":"https:\/\/arantv.az\/index.php?rest_route=\/wp\/v2\/posts\/758774\/revisions"}],"predecessor-version":[{"id":758776,"href":"https:\/\/arantv.az\/index.php?rest_route=\/wp\/v2\/posts\/758774\/revisions\/758776"}],"wp:featuredmedia":[{"embeddable":true,"href":"https:\/\/arantv.az\/index.php?rest_route=\/wp\/v2\/media\/758775"}],"wp:attachment":[{"href":"https:\/\/arantv.az\/index.php?rest_route=%2Fwp%2Fv2%2Fmedia&parent=758774"}],"wp:term":[{"taxonomy":"category","embeddable":true,"href":"https:\/\/arantv.az\/index.php?rest_route=%2Fwp%2Fv2%2Fcategories&post=758774"},{"taxonomy":"post_tag","embeddable":true,"href":"https:\/\/arantv.az\/index.php?rest_route=%2Fwp%2Fv2%2Ftags&post=758774"}],"curies":[{"name":"wp","href":"https:\/\/api.w.org\/{rel}","templated":true}]}}