{"id":758786,"date":"2024-10-04T15:43:33","date_gmt":"2024-10-04T11:43:33","guid":{"rendered":"https:\/\/arantv.az\/?p=758786"},"modified":"2024-10-04T15:43:33","modified_gmt":"2024-10-04T11:43:33","slug":"buna-gor%c9%99-bizi-bagislamirlar-dusm%c9%99nl%c9%99r-ucun-mat%c9%99m-gunu","status":"publish","type":"post","link":"https:\/\/arantv.az\/?p=758786","title":{"rendered":"Buna g\u00f6r\u0259 bizi ba\u011f\u0131\u015flam\u0131rlar! &#8211; D\u00fc\u015fm\u0259nl\u0259r \u00fc\u00e7\u00fcn MAT\u018fM G\u00dcN\u00dc"},"content":{"rendered":"<p><strong>Deyir \u201cy\u00fcz yey\u0259nin olsun, bir dey\u0259nin olmas\u0131n\u201d. S\u0259h\u0259rin g\u00f6z\u00fc a\u00e7\u0131lmam\u0131\u015f x\u0259b\u0259r g\u0259ldi ki, AB\u015e-\u0131n erm\u0259ni pulu il\u0259 b\u0259sl\u0259n\u0259n 60 konqresmeni t\u0259nb\u0259llik etm\u0259yib D\u00f6vl\u0259t Departamentin\u0259 Az\u0259rbaycan\u0131 \u015f\u0259rl\u0259y\u0259n son d\u0259r\u0259c\u0259 q\u0259r\u0259zli, y\u0259ni reall\u0131qla t\u0259rs m\u00fct\u0259nasib bir m\u00fcraci\u0259t \u00fcnvanlay\u0131b.<\/strong><\/p>\n<p>Yen\u0259 barmaqdan sorulan \u201cs\u00fcbutlar\u201d, o s\u0131rada \u201cetnik t\u0259mizl\u0259m\u0259\u201d, \u201cblokada\u201d ittihamlar\u0131, \u0259razi b\u00fct\u00f6vl\u00fcy\u00fcm\u00fcz\u0259 h\u0259qar\u0259td\u0259n do\u011fan \u201cDa\u011fl\u0131q Qaraba\u011f\u201d, \u201cDa\u011fl\u0131q Qaraba\u011fa h\u00fccum\u201d \u00e7apl\u0131 a\u011f yalanlar, yaxud Bak\u0131da saxlan\u0131lan v\u0259 m\u0259hk\u0259m\u0259si g\u00f6zl\u0259nil\u0259n erm\u0259ni h\u0259rbi cinay\u0259tkarlara, quldur-separat\u00e7\u0131lara utanmazcas\u0131na azadl\u0131q t\u0259l\u0259bi (demokratik d\u00f6vl\u0259t\u0259 bax, he\u00e7 m\u0259hk\u0259m\u0259nin q\u0259rar\u0131n\u0131 da g\u00f6zl\u0259mirl\u0259r!), daha n\u0259l\u0259r.<\/p>\n<p><strong>Birc\u0259 o \u00e7atm\u0131r ki, 2-ci D\u00fcnya m\u00fcharib\u0259sinin ba\u015flanmas\u0131na g\u00f6r\u0259 d\u0259 Hitleri yox, Az\u0259rbaycan\u0131 ittiham el\u0259sinl\u0259r. H\u0259yas\u0131zl\u0131\u011f\u0131n bu q\u0259d\u0259ri y\u0259ni&#8230;<\/strong><\/p>\n<p>Ax\u0131 c\u0259mi bir il qabaq d\u00fcnyan\u0131n g\u00f6z\u00fc qar\u015f\u0131s\u0131nda ya\u015fanan, bunca video-d\u0259lill\u0259ri olan hadis\u0259l\u0259ri burdan-bura nec\u0259 riyakarcas\u0131na erm\u0259nil\u0259rin xeyrin\u0259 saxtlala\u015fd\u0131rmaq, t\u0259hrif el\u0259m\u0259k olar? M\u0259g\u0259r erm\u0259ni \u00e7\u00f6r\u0259yi yey\u0259n nad\u00fcr\u00fcst Konqres \u00fczvl\u0259ri bilmirl\u0259r ki, bir ovuc erm\u0259ni \u0259hali Az\u0259rbaycan qanunlar\u0131 il\u0259, Az\u0259rbaycan v\u0259t\u0259nda\u015fl\u0131\u011f\u0131 il\u0259 ya\u015famaq ist\u0259m\u0259diyi, Konstitusiyam\u0131z\u0131 q\u0259bul etm\u0259diyi, \u00f6z\u00fcn\u0259 ayr\u0131ca, ikinci d\u00f6vl\u0259t t\u0259l\u0259b etdiyi \u00fc\u00e7\u00fcn Qaraba\u011f\u0131 K\u00d6N\u00dcLL\u00dc (!) t\u0259rk edib?!<\/p>\n<p>M\u0259g\u0259r onu da bilmirl\u0259r ki, BMT-nin iki missiyas\u0131n\u0131n he\u00e7 biri Qaraba\u011fda etnik t\u0259mizl\u0259m\u0259 haqda r\u0259y verm\u0259yib? \u00dcmumiyy\u0259tl\u0259, BMT ba\u015fda olmaqla d\u00fcnyan\u0131n h\u0259r hans\u0131 m\u00f6t\u0259b\u0259r t\u0259\u015fkilat\u0131n\u0131n, o c\u00fcml\u0259d\u0259n BMT T\u0259hl\u00fck\u0259sizlik \u015euras\u0131 v\u0259 BMT Ba\u015f M\u0259clisinin Qaraba\u011fda \u201cetnik t\u0259mizl\u0259m\u0259\u201d haqda q\u0259rar\u0131 yoxdur!<\/p>\n<p><strong>Ola da bilm\u0259z.<\/strong>\u00a0M\u00f6vcud olmayan bir \u015fey haqda h\u00f6km \u00e7\u0131xarmaq m\u00fcmk\u00fcnm\u00fc? O zaman bu n\u0259 h\u0259\u015firdir? H\u0259r halda bu sizin \u00fc\u00e7\u00fcn qondarma \u201cgenosid\u201d (1915) m\u00f6vzusu deyil ki, erm\u0259ni dikt\u0259si il\u0259 a\u011fz\u0131n\u0131za g\u0259l\u0259ni dan\u0131\u015fa, na\u011f\u0131llar uydura, hap-gopa basas\u0131n\u0131z. Yax\u015f\u0131 ki, he\u00e7 BMT d\u0259 AB\u015e Konqresi deyil&#8230;<\/p>\n<p>Sonra. Az qala u\u015faq da bilir ki, AB\u015e \u00fc\u00e7\u00fcn demokratiya v\u0259 insan haqlar\u0131 m\u0259s\u0259l\u0259si d\u00fcnyada \u00f6z strateji maraqlar\u0131n\u0131 ir\u0259li aparmaq, \u00f6lk\u0259l\u0259rin daxili i\u015fl\u0259rin\u0259 qar\u0131\u015fmaq \u00fc\u00e7\u00fcn istifad\u0259 olunan bir al\u0259tdir. Bu, Birl\u0259\u015fmi\u015f \u015etatlar\u0131n milli-t\u0259hl\u00fck\u0259sizlik strategiyas\u0131nda a\u00e7\u0131qca \u0259ksini tap\u0131b. Demokratiya, t\u0259m\u0259l (universal) haqlar m\u0259s\u0259l\u0259si s\u0259n\u0259dd\u0259 \u0259h\u0259miyy\u0259tin\u0259 g\u00f6r\u0259 4-c\u00fc yerd\u0259 (!) qoyulub.<\/p>\n<p>Yeri g\u0259lib, \u201cQafqaz qara\u00e7\u0131lar\u0131\u201d \u00fc\u00e7\u00fcn bunu da yada salaq: erm\u0259ni amili \u201cyankil\u0259r\u201dd\u0259n \u00f6tr\u00fc sad\u0259c\u0259, Az\u0259rbaycana, T\u00fcrkiy\u0259y\u0259 qar\u015f\u0131 vicdans\u0131zcas\u0131na istismar edil\u0259n bir b\u0259han\u0259, tutarqa. N\u0259 yaz\u0131q ki, zavall\u0131 erm\u0259nil\u0259r bunu anlamaq, Rusiya kimi, Amerikan\u0131n da b\u00f6lg\u0259y\u0259 daimi s\u00fclh g\u0259tirm\u0259k mara\u011f\u0131nda olmad\u0131\u011f\u0131n\u0131 ba\u015fa d\u00fc\u015fm\u0259k ist\u0259mirl\u0259r. Q\u0259rbin \u201cdudkas\u0131\u201dna gedirl\u0259r. Qon\u015fularla t\u0259cili dil tap\u0131b dinc-yana\u015f\u0131 ya\u015famaq \u0259v\u0259zin\u0259, \u0130lham \u018fliyevin bu g\u00fcn C\u0259bray\u0131lda s\u00f6yl\u0259diyi v\u0259 x\u0259b\u0259rdarl\u0131q el\u0259diyi kimi, t\u0259hl\u00fck\u0259li oyunlara qo\u015fulublar&#8230;<\/p>\n<p><strong>Bitm\u0259dimi?<\/strong>\u00a0N\u0259 q\u0259d\u0259r mill\u0259t olaraq, qapaz yem\u0259k, faci\u0259 ya\u015famaq, eyni bataql\u0131\u011fa girm\u0259k olar?! Bil\u0259-bil\u0259 ki, Erm\u0259nistan \u00fc\u00e7\u00fcn daimi s\u00fclh v\u0259 dincliyin, \u0259min-amanl\u0131q v\u0259 inki\u015faf\u0131n, etibarl\u0131 v\u0259 z\u0259man\u0259tli t\u0259hl\u00fck\u0259sizliyin a\u00e7ar\u0131 ilk n\u00f6vb\u0259d\u0259 qap\u0131bir Az\u0259rbaycan v\u0259 T\u00fcrkiy\u0259 il\u0259 bar\u0131\u015f\u0131qdad\u0131r, uzaq AB\u015e-da, Fransada mac\u0259ra axtarmaqda, silahlanmaqda yox!<\/p>\n<p>Yolu b\u0259lli. M\u0259g\u0259r \u00e7\u00f6r\u0259yi dizi \u00fcst\u00fcnd\u0259 olan x\u0259bis erm\u0259ni bunu da g\u00f6rm\u0259dimi ki, AB\u015e Konqresi v\u0259 prezident Co Bayden bir ne\u00e7\u0259 il \u00f6nc\u0259 saxta \u201cerm\u0259ni soyq\u0131r\u0131m\u0131\u201dn\u0131 tan\u0131maqla he\u00e7 n\u0259y\u0259 nail olmay\u0131b, pislik T\u00fcrkiy\u0259y\u0259 yox, \u00f6zl\u0259rin\u0259 qal\u0131b?<\/p>\n<p>N\u0259tic\u0259 yen\u0259 eyni olacaq. H\u0259rgah, konqresmenl\u0259rin m\u0259ktubunun el\u0259 m\u0259ktub olaraq qalaca\u011f\u0131na \u0259minik. \u00c7\u00fcnki haqq nazil\u0259r, \u00fcz\u00fclm\u0259z; ist\u0259nil\u0259n d\u00fcz \u0259yrini k\u0259s\u0259r&#8230;<\/p>\n<p>Yaz\u0131ya Prezidentin bu\u011fununku \u00e7\u0131x\u0131\u015f\u0131ndan bir sitatla son veririk: \u201cBug\u00fcnk\u00fc g\u00fcn anti-Az\u0259rbaycan q\u00fcvv\u0259l\u0259r \u00fc\u00e7\u00fcn yas g\u00fcn\u00fcd\u00fcr, mat\u0259m g\u00fcn\u00fcd\u00fcr. Y\u0259ni nec\u0259 ola bil\u0259r ki, bizim icaz\u0259miz olmadan Az\u0259rbaycan \u00f6z h\u00fcququnu b\u0259rpa etdi, he\u00e7 kimd\u0259n soru\u015fmadan, he\u00e7 kimd\u0259n qorxmadan, he\u00e7 kimi saymadan. \u00d6z g\u00fcc\u00fc hesab\u0131na, \u00f6z \u00f6vladlar\u0131n\u0131n f\u0259dakarl\u0131\u011f\u0131 hesab\u0131na. Bunu biz\u0259 ba\u011f\u0131\u015flaya bilmirl\u0259r v\u0259 bu g\u00fcn Az\u0259rbaycana Amerikadan sanksiya t\u0259tbiq edilir. Ondan sonra da deyirl\u0259r ki, g\u0259lin, dostlu\u011fumuzu m\u00f6hk\u0259ml\u0259ndir\u0259k. Hans\u0131 dostluqdan s\u00f6hb\u0259t ged\u0259 bil\u0259r? Bizim dostumuz odur ki, bu g\u00fcn\u0259 (\u0259razi b\u00fct\u00f6vl\u00fcy\u00fcm\u00fcz\u00fc b\u0259rpa etm\u0259yimiz\u0259, halal q\u0259l\u0259b\u0259miz\u0259 &#8211; Z.S.) sevinir. Bu g\u00fcn\u0259 m\u0259yus olan v\u0259 bu g\u00fcn\u00fc q\u0259bul etm\u0259y\u0259n he\u00e7 vaxt bizim dostumuz ola bilm\u0259z, bunu Az\u0259rbaycan xalq\u0131 bilm\u0259lidir\u201d.<\/p>\n<p><strong>Bilirik v\u0259 unutmuruq&#8230;<\/strong><\/p>\n<div class=\"news-author text-left\"><a href=\"https:\/\/musavat.com\/author\/zahid-seferoglu_2\"><img class=\"img-responsive img-author\" src=\"https:\/\/cdn.musavat.com\/authors\/thumbnails\/7dceba561e27f2296f5e82d34d1dd6bd.jpg\" \/>Zahid S\u018fF\u018fRO\u011eLU<\/a><\/div>\n","protected":false},"excerpt":{"rendered":"<p>Deyir \u201cy\u00fcz yey\u0259nin olsun, bir dey\u0259nin olmas\u0131n\u201d. S\u0259h\u0259rin g\u00f6z\u00fc a\u00e7\u0131lmam\u0131\u015f x\u0259b\u0259r g\u0259ldi ki, AB\u015e-\u0131n erm\u0259ni pulu il\u0259 b\u0259sl\u0259n\u0259n 60 konqresmeni t\u0259nb\u0259llik etm\u0259yib D\u00f6vl\u0259t Departamentin\u0259 Az\u0259rbaycan\u0131 \u015f\u0259rl\u0259y\u0259n son d\u0259r\u0259c\u0259 q\u0259r\u0259zli, y\u0259ni reall\u0131qla t\u0259rs m\u00fct\u0259nasib bir m\u00fcraci\u0259t \u00fcnvanlay\u0131b. Yen\u0259 barmaqdan sorulan \u201cs\u00fcbutlar\u201d, o s\u0131rada \u201cetnik t\u0259mizl\u0259m\u0259\u201d, \u201cblokada\u201d ittihamlar\u0131, \u0259razi b\u00fct\u00f6vl\u00fcy\u00fcm\u00fcz\u0259 h\u0259qar\u0259td\u0259n do\u011fan \u201cDa\u011fl\u0131q Qaraba\u011f\u201d, \u201cDa\u011fl\u0131q Qaraba\u011fa h\u00fccum\u201d \u00e7apl\u0131 a\u011f yalanlar, yaxud Bak\u0131da saxlan\u0131lan v\u0259 m\u0259hk\u0259m\u0259si g\u00f6zl\u0259nil\u0259n erm\u0259ni h\u0259rbi cinay\u0259tkarlara, quldur-separat\u00e7\u0131lara utanmazcas\u0131na azadl\u0131q t\u0259l\u0259bi (demokratik d\u00f6vl\u0259t\u0259 bax, he\u00e7 m\u0259hk\u0259m\u0259nin q\u0259rar\u0131n\u0131 da g\u00f6zl\u0259mirl\u0259r!), daha n\u0259l\u0259r. Birc\u0259 o \u00e7atm\u0131r ki, 2-ci D\u00fcnya m\u00fcharib\u0259sinin ba\u015flanmas\u0131na g\u00f6r\u0259&hellip;<\/p>\n","protected":false},"author":2,"featured_media":758787,"comment_status":"closed","ping_status":"closed","sticky":false,"template":"","format":"standard","meta":{"om_disable_all_campaigns":false,"_monsterinsights_skip_tracking":false,"_monsterinsights_sitenote_active":false,"_monsterinsights_sitenote_note":"","_monsterinsights_sitenote_category":0},"categories":[19],"tags":[],"aioseo_notices":[],"gutentor_comment":0,"rttpg_featured_image_url":{"full":["https:\/\/arantv.az\/wp-content\/uploads\/2024\/10\/1853d1722a9e4ee10f66b13288c0d581.jpg",620,413,false],"landscape":["https:\/\/arantv.az\/wp-content\/uploads\/2024\/10\/1853d1722a9e4ee10f66b13288c0d581.jpg",620,413,false],"portraits":["https:\/\/arantv.az\/wp-content\/uploads\/2024\/10\/1853d1722a9e4ee10f66b13288c0d581.jpg",620,413,false],"thumbnail":["https:\/\/arantv.az\/wp-content\/uploads\/2024\/10\/1853d1722a9e4ee10f66b13288c0d581-500x280.jpg",500,280,true],"medium":["https:\/\/arantv.az\/wp-content\/uploads\/2024\/10\/1853d1722a9e4ee10f66b13288c0d581-548x365.jpg",548,365,true],"large":["https:\/\/arantv.az\/wp-content\/uploads\/2024\/10\/1853d1722a9e4ee10f66b13288c0d581.jpg",620,413,false],"1536x1536":["https:\/\/arantv.az\/wp-content\/uploads\/2024\/10\/1853d1722a9e4ee10f66b13288c0d581.jpg",620,413,false],"2048x2048":["https:\/\/arantv.az\/wp-content\/uploads\/2024\/10\/1853d1722a9e4ee10f66b13288c0d581.jpg",620,413,false],"post-thumbnail":["https:\/\/arantv.az\/wp-content\/uploads\/2024\/10\/1853d1722a9e4ee10f66b13288c0d581-240x172.jpg",240,172,true],"advps-thumb-one":["https:\/\/arantv.az\/wp-content\/uploads\/2024\/10\/1853d1722a9e4ee10f66b13288c0d581.jpg",620,413,false]},"rttpg_author":{"display_name":"V\u00fcsal Rafiqo\u011flu","author_link":"https:\/\/arantv.az\/?author=2"},"rttpg_comment":0,"rttpg_category":"<a href=\"https:\/\/arantv.az\/?cat=19\" rel=\"category\">G\u00fcnd\u0259m<\/a>","rttpg_excerpt":"Deyir \u201cy\u00fcz yey\u0259nin olsun, bir dey\u0259nin olmas\u0131n\u201d. S\u0259h\u0259rin g\u00f6z\u00fc a\u00e7\u0131lmam\u0131\u015f x\u0259b\u0259r g\u0259ldi ki, AB\u015e-\u0131n erm\u0259ni pulu il\u0259 b\u0259sl\u0259n\u0259n 60 konqresmeni t\u0259nb\u0259llik etm\u0259yib D\u00f6vl\u0259t Departamentin\u0259 Az\u0259rbaycan\u0131 \u015f\u0259rl\u0259y\u0259n son d\u0259r\u0259c\u0259 q\u0259r\u0259zli, y\u0259ni reall\u0131qla t\u0259rs m\u00fct\u0259nasib bir m\u00fcraci\u0259t \u00fcnvanlay\u0131b. Yen\u0259 barmaqdan sorulan \u201cs\u00fcbutlar\u201d, o s\u0131rada \u201cetnik t\u0259mizl\u0259m\u0259\u201d, \u201cblokada\u201d ittihamlar\u0131, \u0259razi b\u00fct\u00f6vl\u00fcy\u00fcm\u00fcz\u0259 h\u0259qar\u0259td\u0259n do\u011fan \u201cDa\u011fl\u0131q Qaraba\u011f\u201d, \u201cDa\u011fl\u0131q Qaraba\u011fa h\u00fccum\u201d&hellip;","_links":{"self":[{"href":"https:\/\/arantv.az\/index.php?rest_route=\/wp\/v2\/posts\/758786"}],"collection":[{"href":"https:\/\/arantv.az\/index.php?rest_route=\/wp\/v2\/posts"}],"about":[{"href":"https:\/\/arantv.az\/index.php?rest_route=\/wp\/v2\/types\/post"}],"author":[{"embeddable":true,"href":"https:\/\/arantv.az\/index.php?rest_route=\/wp\/v2\/users\/2"}],"replies":[{"embeddable":true,"href":"https:\/\/arantv.az\/index.php?rest_route=%2Fwp%2Fv2%2Fcomments&post=758786"}],"version-history":[{"count":1,"href":"https:\/\/arantv.az\/index.php?rest_route=\/wp\/v2\/posts\/758786\/revisions"}],"predecessor-version":[{"id":758788,"href":"https:\/\/arantv.az\/index.php?rest_route=\/wp\/v2\/posts\/758786\/revisions\/758788"}],"wp:featuredmedia":[{"embeddable":true,"href":"https:\/\/arantv.az\/index.php?rest_route=\/wp\/v2\/media\/758787"}],"wp:attachment":[{"href":"https:\/\/arantv.az\/index.php?rest_route=%2Fwp%2Fv2%2Fmedia&parent=758786"}],"wp:term":[{"taxonomy":"category","embeddable":true,"href":"https:\/\/arantv.az\/index.php?rest_route=%2Fwp%2Fv2%2Fcategories&post=758786"},{"taxonomy":"post_tag","embeddable":true,"href":"https:\/\/arantv.az\/index.php?rest_route=%2Fwp%2Fv2%2Ftags&post=758786"}],"curies":[{"name":"wp","href":"https:\/\/api.w.org\/{rel}","templated":true}]}}