{"id":758795,"date":"2024-10-04T15:46:46","date_gmt":"2024-10-04T11:46:46","guid":{"rendered":"https:\/\/arantv.az\/?p=758795"},"modified":"2024-10-04T15:46:46","modified_gmt":"2024-10-04T11:46:46","slug":"qazi-suqovusani-azad-ed%c9%99rk%c9%99n-yasadiqlarini-danisdi-erm%c9%99nil%c9%99r-meyitl%c9%99rin%c9%99-sahib-cixmadi","status":"publish","type":"post","link":"https:\/\/arantv.az\/?p=758795","title":{"rendered":"Qazi Suqovu\u015fan\u0131 azad ed\u0259rk\u0259n ya\u015fad\u0131qlar\u0131n\u0131 DANI\u015eDI: &#8220;Erm\u0259nil\u0259r meyitl\u0259rin\u0259 sahib \u00e7\u0131xmad\u0131&#8221;"},"content":{"rendered":"<div class=\"text-content\" data-id=\"\" data-url=\"\">\n<p>Oktyabr\u0131n 3-\u00fc T\u0259rt\u0259r rayonunun Suqovu\u015fan q\u0259s\u0259b\u0259sinin Erm\u0259nistan Silahl\u0131 Q\u00fcvv\u0259l\u0259rinin i\u015f\u011fal\u0131ndan azad edilm\u0259sind\u0259n 4 il \u00f6t\u00fcr.<\/p>\n<p>Uzun ill\u0259rd\u0259n sonra v\u0259t\u0259nin q\u0259hr\u0259man o\u011fullar\u0131 Suqovu\u015fan\u0131 i\u015f\u011faldan azad ed\u0259r\u0259k h\u0259r \u015feyd\u0259n uca tutdu\u011fumuz m\u00fcq\u0259dd\u0259s bayra\u011f\u0131m\u0131z\u0131 \u0259z\u0259li v\u0259 tarixi torpa\u011f\u0131m\u0131zda yenid\u0259n ucald\u0131blar.<\/p>\n<p>Bu unudulmaz an\u0131 biz\u0259 ya\u015fadan igidl\u0259rd\u0259n biri d\u0259 Suqovu\u015fana bayraq sancan x\u00fcsusi t\u0259yinatl\u0131 \u0130lkin F\u0259rz\u0259liyevdir.<\/p>\n<p>Qazimiz Suqovu\u015fan\u0131 azad ed\u0259rk\u0259n ya\u015fad\u0131qlar\u0131n\u0131 Baku TV-y\u0259 dan\u0131\u015f\u0131b:<\/p>\n<p>&#8220;Oktyabr ay\u0131nda deyildi ki, Suqovu\u015fan istiqam\u0259tind\u0259 ir\u0259lil\u0259m\u0259k laz\u0131md\u0131r. Biz Tal\u0131\u015fla Suqovu\u015fan aras\u0131ndak\u0131 831 y\u00fcks\u0259kliyin\u0259 g\u0259lib \u00e7\u0131xm\u0131\u015fd\u0131q. &#8220;N&#8221; sayl\u0131 h\u0259rbi hiss\u0259nin 6 k\u0259\u015ffiyyat\u00e7\u0131s\u0131 \u015f\u0259hid olmu\u015fdu. Deyildi ki, o \u015f\u0259hidl\u0259ri g\u00f6t\u00fcrm\u0259k laz\u0131md\u0131r. 12 saatl\u0131q at\u0259\u015fk\u0259s idi, neytrala \u00e7\u0131xd\u0131m. G\u00f6rd\u00fcm ki, erm\u0259nil\u0259r \u00f6zl\u0259ri \u00fc\u00e7\u00fcn s\u0259ng\u0259r d\u00fcz\u0259ldibl\u0259r, saylar\u0131 da \u00e7ox idi. Silah\u0131, b\u0131\u00e7a\u011f\u0131 k\u0259nara qoydum. G\u00f6st\u0259rdim ki, \u00fcz\u0259rimd\u0259 he\u00e7 bir \u015fey yoxdur.<\/p>\n<p>Bir d\u0259n\u0259 \u015f\u0259hidimizi g\u00f6t\u00fcrm\u0259yim \u00fc\u00e7\u00fcn icaz\u0259 ist\u0259dim. Ratsiya vasit\u0259sil\u0259 bel\u0259 bir \u0259mr g\u0259ldi ki, erm\u0259ni snayperl\u0259r sizi tan\u0131y\u0131blar, F\u0259rz\u0259liyev ne\u00e7\u0259 \u015f\u0259hid g\u00f6t\u00fcr\u00fcbs\u0259, qay\u0131ts\u0131n. Ratsiyan\u0131 g\u00f6t\u00fcr\u00fcb dedim ki, 6 \u015f\u0259hidimiz var, 2-ni rahat g\u00f6t\u00fcr\u0259 bilir\u0259m. Polkovnik dedi ki, onlar\u0131 g\u00f6t\u00fcr\u00fcb qay\u0131t, erm\u0259nil\u0259rin snayperl\u0259ri s\u0259ni vurmaq \u00fc\u00e7\u00fcn icaz\u0259 ist\u0259yibl\u0259r. Dedim ki, yox. Ratsiyan\u0131 s\u00f6nd\u00fcrd\u00fcm, gizir R\u00fcst\u0259mova verdim. Bizimkil\u0259rd\u0259n birc\u0259 d\u0259n\u0259 onu xahi\u015f etdim ki, \u0259g\u0259r vurulsam, meyitimi burada saxlamay\u0131n. Biz oradan \u015f\u0259hidl\u0259ri g\u00f6t\u00fcrd\u00fck. H\u0259min m\u00fcdd\u0259t \u0259rzind\u0259 erm\u0259nil\u0259r\u0259 dedim ki, biz \u015f\u0259hidl\u0259rimizi g\u00f6t\u00fcr\u00fcr\u00fck, siz d\u0259 \u00f6z\u00fcn\u00fcz\u00fcnk\u00fcl\u0259ri g\u00f6t\u00fcr\u00fcn. Dedil\u0259r ki, bizim meyitimiz yoxdur, onlar biz\u0259 laz\u0131m deyil&#8221;.<\/p>\n<p>\u018ftrafl\u0131 s\u00fcjetd\u0259:<\/p>\n<p><iframe title=\"Erm\u0259nil\u0259r meyitl\u0259rin\u0259 sahib \u00e7\u0131xmad\u0131 | Qazi Suqovu\u015fan\u0131 azad ed\u0259rk\u0259n ya\u015fad\u0131qlar\u0131n\u0131 dan\u0131\u015fd\u0131\" src=\"https:\/\/www.youtube.com\/embed\/WM5B-eygi3o\" frameborder=\"0\" allowfullscreen=\"allowfullscreen\" data-mce-fragment=\"1\"><\/iframe><\/p>\n<\/div>\n<div><\/div>\n<div><\/div>\n<div class=\"inner-social-box\">\n<div class=\"subs-in-social subs-whatsapp\"><\/div>\n<\/div>\n","protected":false},"excerpt":{"rendered":"<p>Oktyabr\u0131n 3-\u00fc T\u0259rt\u0259r rayonunun Suqovu\u015fan q\u0259s\u0259b\u0259sinin Erm\u0259nistan Silahl\u0131 Q\u00fcvv\u0259l\u0259rinin i\u015f\u011fal\u0131ndan azad edilm\u0259sind\u0259n 4 il \u00f6t\u00fcr. Uzun ill\u0259rd\u0259n sonra v\u0259t\u0259nin q\u0259hr\u0259man o\u011fullar\u0131 Suqovu\u015fan\u0131 i\u015f\u011faldan azad ed\u0259r\u0259k h\u0259r \u015feyd\u0259n uca tutdu\u011fumuz m\u00fcq\u0259dd\u0259s bayra\u011f\u0131m\u0131z\u0131 \u0259z\u0259li v\u0259 tarixi torpa\u011f\u0131m\u0131zda yenid\u0259n ucald\u0131blar. Bu unudulmaz an\u0131 biz\u0259 ya\u015fadan igidl\u0259rd\u0259n biri d\u0259 Suqovu\u015fana bayraq sancan x\u00fcsusi t\u0259yinatl\u0131 \u0130lkin F\u0259rz\u0259liyevdir. Qazimiz Suqovu\u015fan\u0131 azad ed\u0259rk\u0259n ya\u015fad\u0131qlar\u0131n\u0131 Baku TV-y\u0259 dan\u0131\u015f\u0131b: &#8220;Oktyabr ay\u0131nda deyildi ki, Suqovu\u015fan istiqam\u0259tind\u0259 ir\u0259lil\u0259m\u0259k laz\u0131md\u0131r. Biz Tal\u0131\u015fla Suqovu\u015fan aras\u0131ndak\u0131 831 y\u00fcks\u0259kliyin\u0259 g\u0259lib \u00e7\u0131xm\u0131\u015fd\u0131q. &#8220;N&#8221; sayl\u0131 h\u0259rbi hiss\u0259nin 6 k\u0259\u015ffiyyat\u00e7\u0131s\u0131 \u015f\u0259hid olmu\u015fdu. Deyildi ki, o \u015f\u0259hidl\u0259ri g\u00f6t\u00fcrm\u0259k laz\u0131md\u0131r.&hellip;<\/p>\n","protected":false},"author":2,"featured_media":758796,"comment_status":"closed","ping_status":"closed","sticky":false,"template":"","format":"standard","meta":{"om_disable_all_campaigns":false,"_monsterinsights_skip_tracking":false,"_monsterinsights_sitenote_active":false,"_monsterinsights_sitenote_note":"","_monsterinsights_sitenote_category":0},"categories":[19],"tags":[],"aioseo_notices":[],"gutentor_comment":0,"rttpg_featured_image_url":{"full":["https:\/\/arantv.az\/wp-content\/uploads\/2024\/10\/5dfb7d13bc8725414a57a3ddf52c0c10.jpg",870,500,false],"landscape":["https:\/\/arantv.az\/wp-content\/uploads\/2024\/10\/5dfb7d13bc8725414a57a3ddf52c0c10.jpg",870,500,false],"portraits":["https:\/\/arantv.az\/wp-content\/uploads\/2024\/10\/5dfb7d13bc8725414a57a3ddf52c0c10.jpg",870,500,false],"thumbnail":["https:\/\/arantv.az\/wp-content\/uploads\/2024\/10\/5dfb7d13bc8725414a57a3ddf52c0c10-500x280.jpg",500,280,true],"medium":["https:\/\/arantv.az\/wp-content\/uploads\/2024\/10\/5dfb7d13bc8725414a57a3ddf52c0c10-635x365.jpg",635,365,true],"large":["https:\/\/arantv.az\/wp-content\/uploads\/2024\/10\/5dfb7d13bc8725414a57a3ddf52c0c10-840x483.jpg",640,368,true],"1536x1536":["https:\/\/arantv.az\/wp-content\/uploads\/2024\/10\/5dfb7d13bc8725414a57a3ddf52c0c10.jpg",870,500,false],"2048x2048":["https:\/\/arantv.az\/wp-content\/uploads\/2024\/10\/5dfb7d13bc8725414a57a3ddf52c0c10.jpg",870,500,false],"post-thumbnail":["https:\/\/arantv.az\/wp-content\/uploads\/2024\/10\/5dfb7d13bc8725414a57a3ddf52c0c10-240x172.jpg",240,172,true],"advps-thumb-one":["https:\/\/arantv.az\/wp-content\/uploads\/2024\/10\/5dfb7d13bc8725414a57a3ddf52c0c10.jpg",870,500,false]},"rttpg_author":{"display_name":"V\u00fcsal Rafiqo\u011flu","author_link":"https:\/\/arantv.az\/?author=2"},"rttpg_comment":0,"rttpg_category":"<a href=\"https:\/\/arantv.az\/?cat=19\" rel=\"category\">G\u00fcnd\u0259m<\/a>","rttpg_excerpt":"Oktyabr\u0131n 3-\u00fc T\u0259rt\u0259r rayonunun Suqovu\u015fan q\u0259s\u0259b\u0259sinin Erm\u0259nistan Silahl\u0131 Q\u00fcvv\u0259l\u0259rinin i\u015f\u011fal\u0131ndan azad edilm\u0259sind\u0259n 4 il \u00f6t\u00fcr. Uzun ill\u0259rd\u0259n sonra v\u0259t\u0259nin q\u0259hr\u0259man o\u011fullar\u0131 Suqovu\u015fan\u0131 i\u015f\u011faldan azad ed\u0259r\u0259k h\u0259r \u015feyd\u0259n uca tutdu\u011fumuz m\u00fcq\u0259dd\u0259s bayra\u011f\u0131m\u0131z\u0131 \u0259z\u0259li v\u0259 tarixi torpa\u011f\u0131m\u0131zda yenid\u0259n ucald\u0131blar. Bu unudulmaz an\u0131 biz\u0259 ya\u015fadan igidl\u0259rd\u0259n biri d\u0259 Suqovu\u015fana bayraq sancan x\u00fcsusi t\u0259yinatl\u0131 \u0130lkin F\u0259rz\u0259liyevdir. Qazimiz Suqovu\u015fan\u0131 azad&hellip;","_links":{"self":[{"href":"https:\/\/arantv.az\/index.php?rest_route=\/wp\/v2\/posts\/758795"}],"collection":[{"href":"https:\/\/arantv.az\/index.php?rest_route=\/wp\/v2\/posts"}],"about":[{"href":"https:\/\/arantv.az\/index.php?rest_route=\/wp\/v2\/types\/post"}],"author":[{"embeddable":true,"href":"https:\/\/arantv.az\/index.php?rest_route=\/wp\/v2\/users\/2"}],"replies":[{"embeddable":true,"href":"https:\/\/arantv.az\/index.php?rest_route=%2Fwp%2Fv2%2Fcomments&post=758795"}],"version-history":[{"count":1,"href":"https:\/\/arantv.az\/index.php?rest_route=\/wp\/v2\/posts\/758795\/revisions"}],"predecessor-version":[{"id":758797,"href":"https:\/\/arantv.az\/index.php?rest_route=\/wp\/v2\/posts\/758795\/revisions\/758797"}],"wp:featuredmedia":[{"embeddable":true,"href":"https:\/\/arantv.az\/index.php?rest_route=\/wp\/v2\/media\/758796"}],"wp:attachment":[{"href":"https:\/\/arantv.az\/index.php?rest_route=%2Fwp%2Fv2%2Fmedia&parent=758795"}],"wp:term":[{"taxonomy":"category","embeddable":true,"href":"https:\/\/arantv.az\/index.php?rest_route=%2Fwp%2Fv2%2Fcategories&post=758795"},{"taxonomy":"post_tag","embeddable":true,"href":"https:\/\/arantv.az\/index.php?rest_route=%2Fwp%2Fv2%2Ftags&post=758795"}],"curies":[{"name":"wp","href":"https:\/\/api.w.org\/{rel}","templated":true}]}}