{"id":758901,"date":"2024-10-05T09:55:07","date_gmt":"2024-10-05T05:55:07","guid":{"rendered":"https:\/\/arantv.az\/?p=758901"},"modified":"2024-10-05T09:55:07","modified_gmt":"2024-10-05T05:55:07","slug":"toydan-sonra-ingilis-qayinanam-m%c9%99niml%c9%99-gorusm%c9%99di-xalq-artisti","status":"publish","type":"post","link":"https:\/\/arantv.az\/?p=758901","title":{"rendered":"&#8220;Toydan sonra ingilis qay\u0131nanam m\u0259niml\u0259 g\u00f6r\u00fc\u015fm\u0259di&#8221; &#8211; Xalq artisti"},"content":{"rendered":"<p><strong>&#8220;H\u0259yat yolda\u015f\u0131m B\u00f6y\u00fck Britaniya v\u0259t\u0259nda\u015f\u0131d\u0131r. Toyumuzu Bak\u0131da etdik. Toydan sonra \u0130ngilt\u0259r\u0259y\u0259, qay\u0131nanamla g\u00f6r\u00fc\u015f\u0259 getdim. O, m\u0259ni qar\u015f\u0131lamad\u0131. Bu, x\u0259trim\u0259 d\u0259ymi\u015fdi&#8221;.<\/strong><\/p>\n<p>Bu fikirl\u0259ri\u00a0APA\u00a0TV-nin &#8220;S\u00f6z\u00fcm var&#8221; proqram\u0131nda opera m\u00fc\u011f\u0259nnisi, Xalq artisti Fidan Hac\u0131yeva s\u0259sl\u0259ndirib.<\/p>\n<p>&#8220;O, evd\u0259 b\u00fct\u00fcn haz\u0131rl\u0131qlar\u0131 g\u00f6r\u00fcb harasa getmi\u015fdi. Yem\u0259kl\u0259r haz\u0131rlay\u0131b \u00fcst\u00fcn\u0259 ki\u00e7ik v\u0259r\u0259ql\u0259rd\u0259 &#8220;q\u0131zd\u0131r\u0131n yeyin, nu\u015f olsun&#8221; \u015f\u0259klind\u0259 qeydl\u0259r yazm\u0131\u015fd\u0131. M\u0259n h\u0259yat yolda\u015f\u0131mdan soru\u015fanda ki, &#8220;o, niy\u0259 m\u0259niml\u0259 g\u00f6r\u00fc\u015fm\u0259di?&#8221;, bildirdi ki, anas\u0131 m\u0259nim yeni m\u00fchit\u0259 al\u0131\u015fmam, \u00f6z\u00fcm\u00fc evimd\u0259 hiss etm\u0259mi ist\u0259diyi \u00fc\u00e7\u00fcn gedib. 2 g\u00fcn sonra qay\u0131nanam g\u0259ldi. O, \u00e7ox aristokrat qad\u0131n idi&#8221;, &#8211; dey\u0259 Xalq artisti bildirib.<\/p>\n<p>M\u00fc\u011f\u0259nni \u0259lav\u0259 edib ki, haz\u0131rda Bak\u0131da ya\u015fayan h\u0259yat yolda\u015f\u0131 Az\u0259rbaycan musiqil\u0259rini dinl\u0259m\u0259yi sevir v\u0259 \u0259n \u00e7ox b\u0259y\u0259ndiyi m\u00fc\u011f\u0259nni Zaur Rzayevdir.<\/p>\n","protected":false},"excerpt":{"rendered":"<p>&#8220;H\u0259yat yolda\u015f\u0131m B\u00f6y\u00fck Britaniya v\u0259t\u0259nda\u015f\u0131d\u0131r. Toyumuzu Bak\u0131da etdik. Toydan sonra \u0130ngilt\u0259r\u0259y\u0259, qay\u0131nanamla g\u00f6r\u00fc\u015f\u0259 getdim. O, m\u0259ni qar\u015f\u0131lamad\u0131. Bu, x\u0259trim\u0259 d\u0259ymi\u015fdi&#8221;. Bu fikirl\u0259ri\u00a0APA\u00a0TV-nin &#8220;S\u00f6z\u00fcm var&#8221; proqram\u0131nda opera m\u00fc\u011f\u0259nnisi, Xalq artisti Fidan Hac\u0131yeva s\u0259sl\u0259ndirib. &#8220;O, evd\u0259 b\u00fct\u00fcn haz\u0131rl\u0131qlar\u0131 g\u00f6r\u00fcb harasa getmi\u015fdi. Yem\u0259kl\u0259r haz\u0131rlay\u0131b \u00fcst\u00fcn\u0259 ki\u00e7ik v\u0259r\u0259ql\u0259rd\u0259 &#8220;q\u0131zd\u0131r\u0131n yeyin, nu\u015f olsun&#8221; \u015f\u0259klind\u0259 qeydl\u0259r yazm\u0131\u015fd\u0131. M\u0259n h\u0259yat yolda\u015f\u0131mdan soru\u015fanda ki, &#8220;o, niy\u0259 m\u0259niml\u0259 g\u00f6r\u00fc\u015fm\u0259di?&#8221;, bildirdi ki, anas\u0131 m\u0259nim yeni m\u00fchit\u0259 al\u0131\u015fmam, \u00f6z\u00fcm\u00fc evimd\u0259 hiss etm\u0259mi ist\u0259diyi \u00fc\u00e7\u00fcn gedib. 2 g\u00fcn sonra qay\u0131nanam g\u0259ldi. O, \u00e7ox aristokrat qad\u0131n idi&#8221;, &#8211; dey\u0259 Xalq artisti bildirib. M\u00fc\u011f\u0259nni&hellip;<\/p>\n","protected":false},"author":2,"featured_media":758902,"comment_status":"closed","ping_status":"closed","sticky":false,"template":"","format":"standard","meta":{"om_disable_all_campaigns":false,"_monsterinsights_skip_tracking":false,"_monsterinsights_sitenote_active":false,"_monsterinsights_sitenote_note":"","_monsterinsights_sitenote_category":0},"categories":[20],"tags":[],"aioseo_notices":[],"gutentor_comment":0,"rttpg_featured_image_url":{"full":["https:\/\/arantv.az\/wp-content\/uploads\/2024\/10\/93d5c3a3623c1701bf9a3bcf6d5a9006.jpg",600,449,false],"landscape":["https:\/\/arantv.az\/wp-content\/uploads\/2024\/10\/93d5c3a3623c1701bf9a3bcf6d5a9006.jpg",600,449,false],"portraits":["https:\/\/arantv.az\/wp-content\/uploads\/2024\/10\/93d5c3a3623c1701bf9a3bcf6d5a9006.jpg",600,449,false],"thumbnail":["https:\/\/arantv.az\/wp-content\/uploads\/2024\/10\/93d5c3a3623c1701bf9a3bcf6d5a9006-500x280.jpg",500,280,true],"medium":["https:\/\/arantv.az\/wp-content\/uploads\/2024\/10\/93d5c3a3623c1701bf9a3bcf6d5a9006-488x365.jpg",488,365,true],"large":["https:\/\/arantv.az\/wp-content\/uploads\/2024\/10\/93d5c3a3623c1701bf9a3bcf6d5a9006.jpg",600,449,false],"1536x1536":["https:\/\/arantv.az\/wp-content\/uploads\/2024\/10\/93d5c3a3623c1701bf9a3bcf6d5a9006.jpg",600,449,false],"2048x2048":["https:\/\/arantv.az\/wp-content\/uploads\/2024\/10\/93d5c3a3623c1701bf9a3bcf6d5a9006.jpg",600,449,false],"post-thumbnail":["https:\/\/arantv.az\/wp-content\/uploads\/2024\/10\/93d5c3a3623c1701bf9a3bcf6d5a9006-240x172.jpg",240,172,true],"advps-thumb-one":["https:\/\/arantv.az\/wp-content\/uploads\/2024\/10\/93d5c3a3623c1701bf9a3bcf6d5a9006.jpg",600,449,false]},"rttpg_author":{"display_name":"V\u00fcsal Rafiqo\u011flu","author_link":"https:\/\/arantv.az\/?author=2"},"rttpg_comment":0,"rttpg_category":"<a href=\"https:\/\/arantv.az\/?cat=20\" rel=\"category\">\u015eou biznes<\/a>","rttpg_excerpt":"&#8220;H\u0259yat yolda\u015f\u0131m B\u00f6y\u00fck Britaniya v\u0259t\u0259nda\u015f\u0131d\u0131r. Toyumuzu Bak\u0131da etdik. Toydan sonra \u0130ngilt\u0259r\u0259y\u0259, qay\u0131nanamla g\u00f6r\u00fc\u015f\u0259 getdim. O, m\u0259ni qar\u015f\u0131lamad\u0131. Bu, x\u0259trim\u0259 d\u0259ymi\u015fdi&#8221;. Bu fikirl\u0259ri\u00a0APA\u00a0TV-nin &#8220;S\u00f6z\u00fcm var&#8221; proqram\u0131nda opera m\u00fc\u011f\u0259nnisi, Xalq artisti Fidan Hac\u0131yeva s\u0259sl\u0259ndirib. &#8220;O, evd\u0259 b\u00fct\u00fcn haz\u0131rl\u0131qlar\u0131 g\u00f6r\u00fcb harasa getmi\u015fdi. Yem\u0259kl\u0259r haz\u0131rlay\u0131b \u00fcst\u00fcn\u0259 ki\u00e7ik v\u0259r\u0259ql\u0259rd\u0259 &#8220;q\u0131zd\u0131r\u0131n yeyin, nu\u015f olsun&#8221; \u015f\u0259klind\u0259 qeydl\u0259r yazm\u0131\u015fd\u0131. M\u0259n h\u0259yat yolda\u015f\u0131mdan soru\u015fanda&hellip;","_links":{"self":[{"href":"https:\/\/arantv.az\/index.php?rest_route=\/wp\/v2\/posts\/758901"}],"collection":[{"href":"https:\/\/arantv.az\/index.php?rest_route=\/wp\/v2\/posts"}],"about":[{"href":"https:\/\/arantv.az\/index.php?rest_route=\/wp\/v2\/types\/post"}],"author":[{"embeddable":true,"href":"https:\/\/arantv.az\/index.php?rest_route=\/wp\/v2\/users\/2"}],"replies":[{"embeddable":true,"href":"https:\/\/arantv.az\/index.php?rest_route=%2Fwp%2Fv2%2Fcomments&post=758901"}],"version-history":[{"count":2,"href":"https:\/\/arantv.az\/index.php?rest_route=\/wp\/v2\/posts\/758901\/revisions"}],"predecessor-version":[{"id":758904,"href":"https:\/\/arantv.az\/index.php?rest_route=\/wp\/v2\/posts\/758901\/revisions\/758904"}],"wp:featuredmedia":[{"embeddable":true,"href":"https:\/\/arantv.az\/index.php?rest_route=\/wp\/v2\/media\/758902"}],"wp:attachment":[{"href":"https:\/\/arantv.az\/index.php?rest_route=%2Fwp%2Fv2%2Fmedia&parent=758901"}],"wp:term":[{"taxonomy":"category","embeddable":true,"href":"https:\/\/arantv.az\/index.php?rest_route=%2Fwp%2Fv2%2Fcategories&post=758901"},{"taxonomy":"post_tag","embeddable":true,"href":"https:\/\/arantv.az\/index.php?rest_route=%2Fwp%2Fv2%2Ftags&post=758901"}],"curies":[{"name":"wp","href":"https:\/\/api.w.org\/{rel}","templated":true}]}}