{"id":758912,"date":"2024-10-05T09:58:24","date_gmt":"2024-10-05T05:58:24","guid":{"rendered":"https:\/\/arantv.az\/?p=758912"},"modified":"2024-10-05T09:58:24","modified_gmt":"2024-10-05T05:58:24","slug":"nazir-mu%c9%99lliml%c9%99ri-t%c9%99brik-etdi","status":"publish","type":"post","link":"https:\/\/arantv.az\/?p=758912","title":{"rendered":"Nazir m\u00fc\u0259lliml\u0259ri t\u0259brik etdi"},"content":{"rendered":"<p>Elm v\u0259 t\u0259hsil naziri Emin \u018fmrullayev 5 oktyabr &#8211; Beyn\u0259lxalq M\u00fc\u0259lliml\u0259r G\u00fcn\u00fc m\u00fcnasib\u0259til\u0259 m\u00fc\u0259lliml\u0259ri t\u0259brik edib.<\/p>\n<p><strong>ARANTV.AZ<\/strong> x\u0259b\u0259r verir ki, o, bu bar\u0259d\u0259 feysbuk hesab\u0131nda payla\u015f\u0131m edib.<\/p>\n<p>\u201cD\u0259y\u0259rli m\u00fc\u0259lliml\u0259r! G\u0259nc n\u0259slin t\u0259lim v\u0259 t\u0259rbiy\u0259sind\u0259, c\u0259miyy\u0259timizin inki\u015faf\u0131nda rolunuz \u0259v\u0259zsizdir. Bu \u015f\u0259r\u0259fli i\u015fd\u0259 g\u00f6st\u0259rdiyiniz \u0259zm v\u0259 f\u0259dakarl\u0131q \u00fc\u00e7\u00fcn t\u0259\u015f\u0259kk\u00fcr edirik! G\u00fcn\u00fcn\u00fcz m\u00fcbar\u0259k!\u201d, &#8211; nazir qeyd edib.<\/p>\n<p>Qeyd ed\u0259k ki, 5 oktyabr Az\u0259rbaycanda m\u00fc\u0259lliml\u0259rin pe\u015f\u0259 bayram\u0131 qeyd olunur.<\/p>\n","protected":false},"excerpt":{"rendered":"<p>Elm v\u0259 t\u0259hsil naziri Emin \u018fmrullayev 5 oktyabr &#8211; Beyn\u0259lxalq M\u00fc\u0259lliml\u0259r G\u00fcn\u00fc m\u00fcnasib\u0259til\u0259 m\u00fc\u0259lliml\u0259ri t\u0259brik edib. ARANTV.AZ x\u0259b\u0259r verir ki, o, bu bar\u0259d\u0259 feysbuk hesab\u0131nda payla\u015f\u0131m edib. \u201cD\u0259y\u0259rli m\u00fc\u0259lliml\u0259r! G\u0259nc n\u0259slin t\u0259lim v\u0259 t\u0259rbiy\u0259sind\u0259, c\u0259miyy\u0259timizin inki\u015faf\u0131nda rolunuz \u0259v\u0259zsizdir. Bu \u015f\u0259r\u0259fli i\u015fd\u0259 g\u00f6st\u0259rdiyiniz \u0259zm v\u0259 f\u0259dakarl\u0131q \u00fc\u00e7\u00fcn t\u0259\u015f\u0259kk\u00fcr edirik! G\u00fcn\u00fcn\u00fcz m\u00fcbar\u0259k!\u201d, &#8211; nazir qeyd edib. Qeyd ed\u0259k ki, 5 oktyabr Az\u0259rbaycanda m\u00fc\u0259lliml\u0259rin pe\u015f\u0259 bayram\u0131 qeyd olunur.<\/p>\n","protected":false},"author":2,"featured_media":758913,"comment_status":"closed","ping_status":"closed","sticky":false,"template":"","format":"standard","meta":{"om_disable_all_campaigns":false,"_monsterinsights_skip_tracking":false,"_monsterinsights_sitenote_active":false,"_monsterinsights_sitenote_note":"","_monsterinsights_sitenote_category":0},"categories":[1],"tags":[],"aioseo_notices":[],"gutentor_comment":0,"rttpg_featured_image_url":{"full":["https:\/\/arantv.az\/wp-content\/uploads\/2024\/10\/1fd7714ed11d9a1b259c4c4065955f77.jpg",800,500,false],"landscape":["https:\/\/arantv.az\/wp-content\/uploads\/2024\/10\/1fd7714ed11d9a1b259c4c4065955f77.jpg",800,500,false],"portraits":["https:\/\/arantv.az\/wp-content\/uploads\/2024\/10\/1fd7714ed11d9a1b259c4c4065955f77.jpg",800,500,false],"thumbnail":["https:\/\/arantv.az\/wp-content\/uploads\/2024\/10\/1fd7714ed11d9a1b259c4c4065955f77-500x280.jpg",500,280,true],"medium":["https:\/\/arantv.az\/wp-content\/uploads\/2024\/10\/1fd7714ed11d9a1b259c4c4065955f77-584x365.jpg",584,365,true],"large":["https:\/\/arantv.az\/wp-content\/uploads\/2024\/10\/1fd7714ed11d9a1b259c4c4065955f77.jpg",640,400,false],"1536x1536":["https:\/\/arantv.az\/wp-content\/uploads\/2024\/10\/1fd7714ed11d9a1b259c4c4065955f77.jpg",800,500,false],"2048x2048":["https:\/\/arantv.az\/wp-content\/uploads\/2024\/10\/1fd7714ed11d9a1b259c4c4065955f77.jpg",800,500,false],"post-thumbnail":["https:\/\/arantv.az\/wp-content\/uploads\/2024\/10\/1fd7714ed11d9a1b259c4c4065955f77-240x172.jpg",240,172,true],"advps-thumb-one":["https:\/\/arantv.az\/wp-content\/uploads\/2024\/10\/1fd7714ed11d9a1b259c4c4065955f77.jpg",800,500,false]},"rttpg_author":{"display_name":"V\u00fcsal Rafiqo\u011flu","author_link":"https:\/\/arantv.az\/?author=2"},"rttpg_comment":0,"rttpg_category":"<a href=\"https:\/\/arantv.az\/?cat=1\" rel=\"category\">C\u0259miyy\u0259t<\/a>","rttpg_excerpt":"Elm v\u0259 t\u0259hsil naziri Emin \u018fmrullayev 5 oktyabr &#8211; Beyn\u0259lxalq M\u00fc\u0259lliml\u0259r G\u00fcn\u00fc m\u00fcnasib\u0259til\u0259 m\u00fc\u0259lliml\u0259ri t\u0259brik edib. ARANTV.AZ x\u0259b\u0259r verir ki, o, bu bar\u0259d\u0259 feysbuk hesab\u0131nda payla\u015f\u0131m edib. \u201cD\u0259y\u0259rli m\u00fc\u0259lliml\u0259r! G\u0259nc n\u0259slin t\u0259lim v\u0259 t\u0259rbiy\u0259sind\u0259, c\u0259miyy\u0259timizin inki\u015faf\u0131nda rolunuz \u0259v\u0259zsizdir. Bu \u015f\u0259r\u0259fli i\u015fd\u0259 g\u00f6st\u0259rdiyiniz \u0259zm v\u0259 f\u0259dakarl\u0131q \u00fc\u00e7\u00fcn t\u0259\u015f\u0259kk\u00fcr edirik! G\u00fcn\u00fcn\u00fcz m\u00fcbar\u0259k!\u201d, &#8211; nazir qeyd edib. Qeyd&hellip;","_links":{"self":[{"href":"https:\/\/arantv.az\/index.php?rest_route=\/wp\/v2\/posts\/758912"}],"collection":[{"href":"https:\/\/arantv.az\/index.php?rest_route=\/wp\/v2\/posts"}],"about":[{"href":"https:\/\/arantv.az\/index.php?rest_route=\/wp\/v2\/types\/post"}],"author":[{"embeddable":true,"href":"https:\/\/arantv.az\/index.php?rest_route=\/wp\/v2\/users\/2"}],"replies":[{"embeddable":true,"href":"https:\/\/arantv.az\/index.php?rest_route=%2Fwp%2Fv2%2Fcomments&post=758912"}],"version-history":[{"count":1,"href":"https:\/\/arantv.az\/index.php?rest_route=\/wp\/v2\/posts\/758912\/revisions"}],"predecessor-version":[{"id":758914,"href":"https:\/\/arantv.az\/index.php?rest_route=\/wp\/v2\/posts\/758912\/revisions\/758914"}],"wp:featuredmedia":[{"embeddable":true,"href":"https:\/\/arantv.az\/index.php?rest_route=\/wp\/v2\/media\/758913"}],"wp:attachment":[{"href":"https:\/\/arantv.az\/index.php?rest_route=%2Fwp%2Fv2%2Fmedia&parent=758912"}],"wp:term":[{"taxonomy":"category","embeddable":true,"href":"https:\/\/arantv.az\/index.php?rest_route=%2Fwp%2Fv2%2Fcategories&post=758912"},{"taxonomy":"post_tag","embeddable":true,"href":"https:\/\/arantv.az\/index.php?rest_route=%2Fwp%2Fv2%2Ftags&post=758912"}],"curies":[{"name":"wp","href":"https:\/\/api.w.org\/{rel}","templated":true}]}}