{"id":758915,"date":"2024-10-05T09:59:03","date_gmt":"2024-10-05T05:59:03","guid":{"rendered":"https:\/\/arantv.az\/?p=758915"},"modified":"2024-10-05T09:59:03","modified_gmt":"2024-10-05T05:59:03","slug":"kritik-seckiy%c9%99-bir-ay-qalmis-dunya-buna-hazirlasir","status":"publish","type":"post","link":"https:\/\/arantv.az\/?p=758915","title":{"rendered":"Kritik se\u00e7kiy\u0259 bir ay qalm\u0131\u015f&#8230; &#8211; d\u00fcnya buna haz\u0131rla\u015f\u0131r"},"content":{"rendered":"<p><strong>Siyasi \u015f\u0259rh\u00e7i: \u201cTramp is\u0259 qalib g\u0259l\u0259rs\u0259, \u0259n az\u0131ndan faci\u0259l\u0259rin artmamas\u0131na nail ola\u00a0 bil\u0259r\u201d<\/strong><\/p>\n<p>AB\u015e-d\u0259 kritik prezident se\u00e7kisin\u0259 bir ay qald\u0131. Rusiya da daxil, az qala b\u00fct\u00fcn d\u00fcnya g\u0259l\u0259n ay &#8211; noyabr\u0131n 5-d\u0259 bu f\u00f6vq\u0259l d\u00f6vl\u0259td\u0259 ke\u00e7iril\u0259c\u0259k se\u00e7kinin n\u0259tic\u0259l\u0259rini g\u00f6zl\u0259yir. S\u00f6hb\u0259t h\u0259r \u015feyd\u0259n \u00f6nc\u0259 \u00dc\u00e7\u00fcnc\u00fc D\u00fcnya M\u00fcharib\u0259si riskinin art\u0131b-artmayaca\u011f\u0131ndan gedir.<\/p>\n<p>Maraql\u0131d\u0131r ki, sabiq prezident, AB\u015e prezidentliyin\u0259 respublika\u00e7\u0131 namiz\u0259d Donald Tramp demokrat r\u0259qibi Kamala Harrisin qalib g\u0259l\u0259c\u0259yi t\u0259qdird\u0259 d\u00fcnyan\u0131 qlobal f\u0259lak\u0259t\u0259 s\u00fcr\u00fckl\u0259y\u0259c\u0259yini iddia edir. Bu n\u0259dir &#8211; bir se\u00e7ki f\u0259ndi, ittiham, yoxsa?<\/p>\n<p>B\u0259s se\u00e7kiy\u0259 bir ay qalm\u0131\u015f r\u0259qibl\u0259rin \u015fanslar\u0131 nec\u0259 g\u00f6r\u00fcn\u00fcr? Qalib olma ehtimal\u0131 daha \u00e7ox kimin ad\u0131 il\u0259 ba\u011fl\u0131d\u0131r? Qar\u015f\u0131dak\u0131 bir ayda Ukrayna c\u0259bh\u0259sind\u0259 v\u0259 Yax\u0131n \u015e\u0259rqd\u0259ki h\u0259rbi konfliktd\u0259 kardinal d\u0259yi\u015fiklik m\u00fcmk\u00fcnm\u00fc?<\/p>\n<p><img src=\"https:\/\/www.bakupost.az\/uploads\/images\/2021-01-21-12-45-48eL4lik0HoeSXDZD9HKGZ_file.jpg\" alt=\"Bakupost.az - &amp;quot;AB\u015e Qafqazda qalib g\u0259l\u0259c\u0259k&amp;quot; - Qabil H\u00fcseynli\" \/><\/p>\n<p><strong>\u00a0Qabil H\u00fcseynli<\/strong><\/p>\n<p><strong>Professor Qabil H\u00fcseynlinin s\u00f6zl\u0259rin\u0259 g\u00f6r\u0259, Tramp\u0131n bu \u00e7\u0131x\u0131\u015f\u0131 ilk n\u00f6vb\u0259d\u0259 demokratlar haqq\u0131nda se\u00e7icil\u0259rd\u0259 m\u0259nfi r\u0259y yaratma\u011fa hesablan\u0131b.\u00a0<\/strong><\/p>\n<p>\u201cBununla \u00f6z\u00fcn\u00fc d\u00fcnyada sabitliyin b\u0259rq\u0259rar olaca\u011f\u0131n\u0131n m\u00fc\u0259llifi kimi g\u00f6st\u0259rm\u0259k ist\u0259yir. Halbuki d\u00fcnyada xaosu, f\u0259lak\u0259ti g\u0259tir\u0259n imperialist q\u00fcvv\u0259l\u0259rdir. M\u0259n bu \u00e7\u0131x\u0131\u015flar\u0131na g\u00f6r\u0259 Tramp\u0131n qalib g\u0259l\u0259c\u0259yin\u0259 inanm\u0131ram. \u00c7\u00fcnki o, Ukrayna torpaqlar\u0131n\u0131n Rusiyan\u0131n n\u0259zar\u0259tind\u0259 qalmas\u0131 \u015f\u0259rti il\u0259 m\u00fcharib\u0259ni dayand\u0131rmaq ist\u0259yir. Rusiya b\u00fct\u00fcn demokratik d\u00fcnya \u00fc\u00e7\u00fcn q\u0259bul olunmazd\u0131r. Tramp \u00f6z\u00fc bu add\u0131m\u0131 il\u0259 n\u00f6vb\u0259ti f\u0259lak\u0259ti g\u0259tir\u0259 bil\u0259r. Eyni zamanda el\u0259 onun prezidentliyi d\u00f6vr\u00fcnd\u0259 Q\u00fcds \u0130srailin paytaxt\u0131 kimi tan\u0131n\u0131b. V\u0259 bununla da Yax\u0131n \u015e\u0259rqd\u0259 m\u00fcnaqi\u015f\u0259 daha da d\u0259rinl\u0259\u015fib. H\u0259m\u00e7inin onun prezidentliyi d\u00f6vrd\u0259 \u0130ranla da g\u0259rginlik art\u0131b\u201d.<\/p>\n<p><strong>Politoloq hesab edir ki, Kamala Harrisin t\u0259r\u0259fdarlar\u0131 m\u00fcharib\u0259 komandas\u0131 kimi t\u0259qdim olunur, bu q\u00fctb Ukraynan\u0131n v\u0259t\u0259n m\u00fcharib\u0259sini ax\u0131ra q\u0259d\u0259r davam etdirm\u0259k ist\u0259y\u0259n q\u00fcvv\u0259l\u0259rdir:<\/strong>\u00a0\u201cD\u00fcnyada f\u0259lak\u0259tin olmamas\u0131n\u0131n yegan\u0259 yolu var. Rusiya qo\u015funlar\u0131 Ukrayna s\u0259rh\u0259dl\u0259rind\u0259n geri \u00e7\u0259kilm\u0259lidir. El\u0259c\u0259 d\u0259 Yax\u0131n \u015e\u0259rqd\u0259 \u015e\u0259rqi Q\u00fcds\u00fcn paytaxt olmas\u0131 \u015f\u0259rti il\u0259 F\u0259l\u0259stin d\u00f6vl\u0259ti yarad\u0131lmal\u0131d\u0131r. Bu, BMT-nin d\u0259 q\u0259rar\u0131d\u0131r v\u0259 d\u00fcnyan\u0131n bir \u00e7ox \u00f6lk\u0259l\u0259rinin d\u0259st\u0259kl\u0259diyi m\u00f6vqedir. \u018fg\u0259r Tramp Ukraynada i\u015f\u011fala son qoya bilm\u0259y\u0259c\u0259ks\u0259, m\u00fcst\u0259qil F\u0259l\u0259stin d\u00f6vl\u0259tinin yaranmas\u0131 \u00fc\u00e7\u00fcn d\u0259st\u0259k verm\u0259y\u0259c\u0259ks\u0259, el\u0259 onun prezidentlik d\u00f6vr\u00fcnd\u0259 d\u0259 m\u00fcnaqi\u015f\u0259 zonalar\u0131nda eskalasiyalar davam ed\u0259c\u0259k\u201d.<\/p>\n<p><img src=\"https:\/\/sia.az\/storage\/2024\/02\/07\/1704873287_fuad-eliyev-aldp.jpg\" alt=\"Fuad \u018fliyev s\u0259s verib s\u0259sverm\u0259 h\u00fcququndan istifad\u0259 edib\" \/><\/p>\n<p><strong>Fuad \u018fliyev<\/strong><\/p>\n<p><strong>Siyasi ekspert Fuad \u018fliyev is\u0259 Tramp\u0131n qalib g\u0259l\u0259c\u0259yini bildirir. Onun fikrinc\u0259, Q\u0259rbin bu d\u0259st\u0259yi il\u0259 Ukrayna onsuz da yax\u0131n perspektivd\u0259 torpaqlar\u0131n\u0131 geri qaytara bilm\u0259y\u0259c\u0259k:<\/strong>\u00a0\u201cArt\u0131q Kiyev d\u0259, NATO-da ba\u015fa d\u00fc\u015f\u00fcrl\u0259r ki, haz\u0131rk\u0131 h\u0259rbi \u0259m\u0259liyyatlar n\u0259tic\u0259sind\u0259 Ukrayna itirdiyi 20 faiz \u0259razini geri qaytarmaq g\u00fcc\u00fcnd\u0259 deyil. Bel\u0259 bir s\u00fcr\u00fcn\u0259n m\u00fcharib\u0259 yaln\u0131z qurbanlar dem\u0259kdir. Tramp is\u0259 qalib g\u0259l\u0259rs\u0259, \u0259n az\u0131ndan bu faci\u0259l\u0259rin artmamas\u0131na nail ola bil\u0259r. O, \u00e7ox praqmatik siyas\u0259t\u00e7idir. Bundan \u0259vv\u0259l prezident oldu\u011fu d\u00f6vrd\u0259 d\u0259 A\u011f Ev ayr\u0131-ayr\u0131 \u00f6lk\u0259l\u0259rin daxili i\u015fl\u0259rin\u0259 m\u00fcdaxil\u0259 etm\u0259yib, \u00f6lk\u0259sinin sosial-iqtisadi m\u0259s\u0259l\u0259l\u0259ri il\u0259 m\u0259\u015f\u011ful olub. \u00dcmumiyy\u0259tl\u0259, respublika\u00e7\u0131lar demokratlardan f\u0259rqli olaraq\u00a0 d\u00fcnyada idar\u0259 olunan xaos yaym\u0131rlar.\u00a0 O bax\u0131mdan \u00fcmid edir\u0259m ki, Tramp yenid\u0259n prezident se\u00e7il\u0259rs\u0259, Ukraynada g\u0259rginlik azalacaq, yax\u0131n \u015e\u0259rqd\u0259 \u0259n az\u0131 k\u00f6vr\u0259k sabitlik \u0259ld\u0259 olunacaq, el\u0259c\u0259 d\u0259 Avropa Birliyi \u00f6lk\u0259l\u0259ri AB\u015e-nin iqtisadi t\u0259zyiql\u0259rind\u0259n bir q\u0259d\u0259r azad olacaqlar.<\/p>\n<p>Ukrayna m\u00fcharib\u0259si Avropa Birliyini AB\u015e-d\u0259n as\u0131l\u0131 v\u0259ziyy\u0259t\u0259 sal\u0131b. Tramp is\u0259\u00a0\u00a0 d\u00fcnyan\u0131n n\u0259zar\u0259td\u0259n \u00e7\u0131xan beyn\u0259lxalq m\u00fcnasib\u0259tl\u0259rini sahmana salmaq ist\u0259yir&#8221;.<\/p>\n<p><strong>\u015eahan\u0259 R\u018fH\u0130ML\u0130,<\/strong><br \/>\n<strong>Musavat.com<\/strong><\/p>\n","protected":false},"excerpt":{"rendered":"<p>Siyasi \u015f\u0259rh\u00e7i: \u201cTramp is\u0259 qalib g\u0259l\u0259rs\u0259, \u0259n az\u0131ndan faci\u0259l\u0259rin artmamas\u0131na nail ola\u00a0 bil\u0259r\u201d AB\u015e-d\u0259 kritik prezident se\u00e7kisin\u0259 bir ay qald\u0131. Rusiya da daxil, az qala b\u00fct\u00fcn d\u00fcnya g\u0259l\u0259n ay &#8211; noyabr\u0131n 5-d\u0259 bu f\u00f6vq\u0259l d\u00f6vl\u0259td\u0259 ke\u00e7iril\u0259c\u0259k se\u00e7kinin n\u0259tic\u0259l\u0259rini g\u00f6zl\u0259yir. S\u00f6hb\u0259t h\u0259r \u015feyd\u0259n \u00f6nc\u0259 \u00dc\u00e7\u00fcnc\u00fc D\u00fcnya M\u00fcharib\u0259si riskinin art\u0131b-artmayaca\u011f\u0131ndan gedir. Maraql\u0131d\u0131r ki, sabiq prezident, AB\u015e prezidentliyin\u0259 respublika\u00e7\u0131 namiz\u0259d Donald Tramp demokrat r\u0259qibi Kamala Harrisin qalib g\u0259l\u0259c\u0259yi t\u0259qdird\u0259 d\u00fcnyan\u0131 qlobal f\u0259lak\u0259t\u0259 s\u00fcr\u00fckl\u0259y\u0259c\u0259yini iddia edir. Bu n\u0259dir &#8211; bir se\u00e7ki f\u0259ndi, ittiham, yoxsa? B\u0259s se\u00e7kiy\u0259 bir ay qalm\u0131\u015f r\u0259qibl\u0259rin \u015fanslar\u0131 nec\u0259 g\u00f6r\u00fcn\u00fcr? Qalib&hellip;<\/p>\n","protected":false},"author":2,"featured_media":758916,"comment_status":"closed","ping_status":"closed","sticky":false,"template":"","format":"standard","meta":{"om_disable_all_campaigns":false,"_monsterinsights_skip_tracking":false,"_monsterinsights_sitenote_active":false,"_monsterinsights_sitenote_note":"","_monsterinsights_sitenote_category":0},"categories":[4],"tags":[],"aioseo_notices":[],"gutentor_comment":0,"rttpg_featured_image_url":{"full":["https:\/\/arantv.az\/wp-content\/uploads\/2024\/10\/1389887db75dde728779aeef2ac70804.jpg",786,384,false],"landscape":["https:\/\/arantv.az\/wp-content\/uploads\/2024\/10\/1389887db75dde728779aeef2ac70804.jpg",786,384,false],"portraits":["https:\/\/arantv.az\/wp-content\/uploads\/2024\/10\/1389887db75dde728779aeef2ac70804.jpg",786,384,false],"thumbnail":["https:\/\/arantv.az\/wp-content\/uploads\/2024\/10\/1389887db75dde728779aeef2ac70804-500x280.jpg",500,280,true],"medium":["https:\/\/arantv.az\/wp-content\/uploads\/2024\/10\/1389887db75dde728779aeef2ac70804-660x322.jpg",660,322,true],"large":["https:\/\/arantv.az\/wp-content\/uploads\/2024\/10\/1389887db75dde728779aeef2ac70804.jpg",640,313,false],"1536x1536":["https:\/\/arantv.az\/wp-content\/uploads\/2024\/10\/1389887db75dde728779aeef2ac70804.jpg",786,384,false],"2048x2048":["https:\/\/arantv.az\/wp-content\/uploads\/2024\/10\/1389887db75dde728779aeef2ac70804.jpg",786,384,false],"post-thumbnail":["https:\/\/arantv.az\/wp-content\/uploads\/2024\/10\/1389887db75dde728779aeef2ac70804-240x172.jpg",240,172,true],"advps-thumb-one":["https:\/\/arantv.az\/wp-content\/uploads\/2024\/10\/1389887db75dde728779aeef2ac70804.jpg",786,384,false]},"rttpg_author":{"display_name":"V\u00fcsal Rafiqo\u011flu","author_link":"https:\/\/arantv.az\/?author=2"},"rttpg_comment":0,"rttpg_category":"<a href=\"https:\/\/arantv.az\/?cat=4\" rel=\"category\">Siyas\u0259t<\/a>","rttpg_excerpt":"Siyasi \u015f\u0259rh\u00e7i: \u201cTramp is\u0259 qalib g\u0259l\u0259rs\u0259, \u0259n az\u0131ndan faci\u0259l\u0259rin artmamas\u0131na nail ola\u00a0 bil\u0259r\u201d AB\u015e-d\u0259 kritik prezident se\u00e7kisin\u0259 bir ay qald\u0131. Rusiya da daxil, az qala b\u00fct\u00fcn d\u00fcnya g\u0259l\u0259n ay &#8211; noyabr\u0131n 5-d\u0259 bu f\u00f6vq\u0259l d\u00f6vl\u0259td\u0259 ke\u00e7iril\u0259c\u0259k se\u00e7kinin n\u0259tic\u0259l\u0259rini g\u00f6zl\u0259yir. S\u00f6hb\u0259t h\u0259r \u015feyd\u0259n \u00f6nc\u0259 \u00dc\u00e7\u00fcnc\u00fc D\u00fcnya M\u00fcharib\u0259si riskinin art\u0131b-artmayaca\u011f\u0131ndan gedir. Maraql\u0131d\u0131r ki, sabiq prezident, AB\u015e prezidentliyin\u0259&hellip;","_links":{"self":[{"href":"https:\/\/arantv.az\/index.php?rest_route=\/wp\/v2\/posts\/758915"}],"collection":[{"href":"https:\/\/arantv.az\/index.php?rest_route=\/wp\/v2\/posts"}],"about":[{"href":"https:\/\/arantv.az\/index.php?rest_route=\/wp\/v2\/types\/post"}],"author":[{"embeddable":true,"href":"https:\/\/arantv.az\/index.php?rest_route=\/wp\/v2\/users\/2"}],"replies":[{"embeddable":true,"href":"https:\/\/arantv.az\/index.php?rest_route=%2Fwp%2Fv2%2Fcomments&post=758915"}],"version-history":[{"count":1,"href":"https:\/\/arantv.az\/index.php?rest_route=\/wp\/v2\/posts\/758915\/revisions"}],"predecessor-version":[{"id":758917,"href":"https:\/\/arantv.az\/index.php?rest_route=\/wp\/v2\/posts\/758915\/revisions\/758917"}],"wp:featuredmedia":[{"embeddable":true,"href":"https:\/\/arantv.az\/index.php?rest_route=\/wp\/v2\/media\/758916"}],"wp:attachment":[{"href":"https:\/\/arantv.az\/index.php?rest_route=%2Fwp%2Fv2%2Fmedia&parent=758915"}],"wp:term":[{"taxonomy":"category","embeddable":true,"href":"https:\/\/arantv.az\/index.php?rest_route=%2Fwp%2Fv2%2Fcategories&post=758915"},{"taxonomy":"post_tag","embeddable":true,"href":"https:\/\/arantv.az\/index.php?rest_route=%2Fwp%2Fv2%2Ftags&post=758915"}],"curies":[{"name":"wp","href":"https:\/\/api.w.org\/{rel}","templated":true}]}}