{"id":758934,"date":"2024-10-05T10:04:16","date_gmt":"2024-10-05T06:04:16","guid":{"rendered":"https:\/\/arantv.az\/?p=758934"},"modified":"2024-10-05T10:04:16","modified_gmt":"2024-10-05T06:04:16","slug":"bu-gun-beyn%c9%99lxalq-mu%c9%99lliml%c9%99r-gunudur","status":"publish","type":"post","link":"https:\/\/arantv.az\/?p=758934","title":{"rendered":"Bu g\u00fcn Beyn\u0259lxalq M\u00fc\u0259lliml\u0259r G\u00fcn\u00fcd\u00fcr"},"content":{"rendered":"<p><strong>Bu g\u00fcn m\u00fc\u0259lliml\u0259rin pe\u015f\u0259 bayram\u0131d\u0131r.<\/strong><\/p>\n<p><strong>ARANTV.AZ <\/strong>\u00a0x\u0259b\u0259r verir ki, 5 oktyabr Az\u0259rbaycanda m\u00fc\u0259lliml\u0259rin pe\u015f\u0259 bayram\u0131 qeyd olunur.<\/p>\n<p>Bel\u0259 ki, 1966-c\u0131 ilin bu g\u00fcn\u00fc UNESKO v\u0259 Beyn\u0259lxalq \u018fm\u0259k T\u0259\u015fkilat\u0131n\u0131n birg\u0259 t\u0259\u015fkilat\u00e7\u0131l\u0131\u011f\u0131 il\u0259 \u00e7a\u011f\u0131r\u0131lan konfransda m\u00fc\u0259lliml\u0259rin pe\u015f\u0259 f\u0259aliyy\u0259tinin \u015f\u0259rtl\u0259rini m\u00fc\u0259yy\u0259n ed\u0259n &#8220;M\u00fc\u0259lliml\u0259rin statusu haqq\u0131nda&#8221; adl\u0131 ilk beyn\u0259lxalq s\u0259n\u0259d imzalan\u0131b.<\/p>\n<p>1994-c\u00fc ild\u0259n is\u0259 h\u0259min tarix UNESKO t\u0259r\u0259find\u0259n \u00dcmumd\u00fcnya M\u00fc\u0259lliml\u0259r G\u00fcn\u00fc kimi t\u0259sis edilib. Bu tarix, h\u0259m\u00e7inin, BMT-nin beyn\u0259lxalq v\u0259 \u00fcmumd\u00fcnya g\u00fcnl\u0259r sistemin\u0259 daxildir. Bu g\u00fcn\u00fcn qeyd olunmas\u0131nda m\u0259qs\u0259d m\u00fc\u0259lliml\u0259rin c\u0259miyy\u0259td\u0259ki m\u00f6vqeyi, t\u0259hsil v\u0259 inki\u015fafdak\u0131 roluna diqq\u0259t yetirm\u0259kdir.<\/p>\n<p><strong>&#8220;M\u00fc\u0259lliml\u0259r g\u00fcn\u00fc&#8221; haz\u0131rda d\u00fcnyan\u0131n 100-d\u0259n \u00e7ox \u00f6lk\u0259sind\u0259 \u00fcmumd\u00fcnya s\u0259viyy\u0259d\u0259, b\u0259zi \u00f6lk\u0259l\u0259rd\u0259 is\u0259 m\u00fcxt\u0259lif tarixl\u0259rd\u0259 milli s\u0259viyy\u0259d\u0259 qeyd edilir.<\/strong><\/p>\n<p>Az\u0259rbaycanda is\u0259 bu g\u00fcn 1993-c\u00fc ild\u0259n qeyd olunur.<\/p>\n","protected":false},"excerpt":{"rendered":"<p>Bu g\u00fcn m\u00fc\u0259lliml\u0259rin pe\u015f\u0259 bayram\u0131d\u0131r. ARANTV.AZ \u00a0x\u0259b\u0259r verir ki, 5 oktyabr Az\u0259rbaycanda m\u00fc\u0259lliml\u0259rin pe\u015f\u0259 bayram\u0131 qeyd olunur. Bel\u0259 ki, 1966-c\u0131 ilin bu g\u00fcn\u00fc UNESKO v\u0259 Beyn\u0259lxalq \u018fm\u0259k T\u0259\u015fkilat\u0131n\u0131n birg\u0259 t\u0259\u015fkilat\u00e7\u0131l\u0131\u011f\u0131 il\u0259 \u00e7a\u011f\u0131r\u0131lan konfransda m\u00fc\u0259lliml\u0259rin pe\u015f\u0259 f\u0259aliyy\u0259tinin \u015f\u0259rtl\u0259rini m\u00fc\u0259yy\u0259n ed\u0259n &#8220;M\u00fc\u0259lliml\u0259rin statusu haqq\u0131nda&#8221; adl\u0131 ilk beyn\u0259lxalq s\u0259n\u0259d imzalan\u0131b. 1994-c\u00fc ild\u0259n is\u0259 h\u0259min tarix UNESKO t\u0259r\u0259find\u0259n \u00dcmumd\u00fcnya M\u00fc\u0259lliml\u0259r G\u00fcn\u00fc kimi t\u0259sis edilib. Bu tarix, h\u0259m\u00e7inin, BMT-nin beyn\u0259lxalq v\u0259 \u00fcmumd\u00fcnya g\u00fcnl\u0259r sistemin\u0259 daxildir. Bu g\u00fcn\u00fcn qeyd olunmas\u0131nda m\u0259qs\u0259d m\u00fc\u0259lliml\u0259rin c\u0259miyy\u0259td\u0259ki m\u00f6vqeyi, t\u0259hsil v\u0259 inki\u015fafdak\u0131 roluna diqq\u0259t yetirm\u0259kdir. &#8220;M\u00fc\u0259lliml\u0259r g\u00fcn\u00fc&#8221; haz\u0131rda d\u00fcnyan\u0131n 100-d\u0259n \u00e7ox&hellip;<\/p>\n","protected":false},"author":2,"featured_media":758935,"comment_status":"closed","ping_status":"closed","sticky":false,"template":"","format":"standard","meta":{"om_disable_all_campaigns":false,"_monsterinsights_skip_tracking":false,"_monsterinsights_sitenote_active":false,"_monsterinsights_sitenote_note":"","_monsterinsights_sitenote_category":0},"categories":[23],"tags":[],"aioseo_notices":[],"gutentor_comment":0,"rttpg_featured_image_url":{"full":["https:\/\/arantv.az\/wp-content\/uploads\/2024\/10\/02d27630d3c4c11650cf63094f7c5a7e.jpg",512,336,false],"landscape":["https:\/\/arantv.az\/wp-content\/uploads\/2024\/10\/02d27630d3c4c11650cf63094f7c5a7e.jpg",512,336,false],"portraits":["https:\/\/arantv.az\/wp-content\/uploads\/2024\/10\/02d27630d3c4c11650cf63094f7c5a7e.jpg",512,336,false],"thumbnail":["https:\/\/arantv.az\/wp-content\/uploads\/2024\/10\/02d27630d3c4c11650cf63094f7c5a7e-500x280.jpg",500,280,true],"medium":["https:\/\/arantv.az\/wp-content\/uploads\/2024\/10\/02d27630d3c4c11650cf63094f7c5a7e.jpg",512,336,false],"large":["https:\/\/arantv.az\/wp-content\/uploads\/2024\/10\/02d27630d3c4c11650cf63094f7c5a7e.jpg",512,336,false],"1536x1536":["https:\/\/arantv.az\/wp-content\/uploads\/2024\/10\/02d27630d3c4c11650cf63094f7c5a7e.jpg",512,336,false],"2048x2048":["https:\/\/arantv.az\/wp-content\/uploads\/2024\/10\/02d27630d3c4c11650cf63094f7c5a7e.jpg",512,336,false],"post-thumbnail":["https:\/\/arantv.az\/wp-content\/uploads\/2024\/10\/02d27630d3c4c11650cf63094f7c5a7e-240x172.jpg",240,172,true],"advps-thumb-one":["https:\/\/arantv.az\/wp-content\/uploads\/2024\/10\/02d27630d3c4c11650cf63094f7c5a7e.jpg",512,336,false]},"rttpg_author":{"display_name":"V\u00fcsal Rafiqo\u011flu","author_link":"https:\/\/arantv.az\/?author=2"},"rttpg_comment":0,"rttpg_category":"<a href=\"https:\/\/arantv.az\/?cat=23\" rel=\"category\">T\u0259hsil<\/a>","rttpg_excerpt":"Bu g\u00fcn m\u00fc\u0259lliml\u0259rin pe\u015f\u0259 bayram\u0131d\u0131r. ARANTV.AZ \u00a0x\u0259b\u0259r verir ki, 5 oktyabr Az\u0259rbaycanda m\u00fc\u0259lliml\u0259rin pe\u015f\u0259 bayram\u0131 qeyd olunur. Bel\u0259 ki, 1966-c\u0131 ilin bu g\u00fcn\u00fc UNESKO v\u0259 Beyn\u0259lxalq \u018fm\u0259k T\u0259\u015fkilat\u0131n\u0131n birg\u0259 t\u0259\u015fkilat\u00e7\u0131l\u0131\u011f\u0131 il\u0259 \u00e7a\u011f\u0131r\u0131lan konfransda m\u00fc\u0259lliml\u0259rin pe\u015f\u0259 f\u0259aliyy\u0259tinin \u015f\u0259rtl\u0259rini m\u00fc\u0259yy\u0259n ed\u0259n &#8220;M\u00fc\u0259lliml\u0259rin statusu haqq\u0131nda&#8221; adl\u0131 ilk beyn\u0259lxalq s\u0259n\u0259d imzalan\u0131b. 1994-c\u00fc ild\u0259n is\u0259 h\u0259min tarix UNESKO t\u0259r\u0259find\u0259n \u00dcmumd\u00fcnya&hellip;","_links":{"self":[{"href":"https:\/\/arantv.az\/index.php?rest_route=\/wp\/v2\/posts\/758934"}],"collection":[{"href":"https:\/\/arantv.az\/index.php?rest_route=\/wp\/v2\/posts"}],"about":[{"href":"https:\/\/arantv.az\/index.php?rest_route=\/wp\/v2\/types\/post"}],"author":[{"embeddable":true,"href":"https:\/\/arantv.az\/index.php?rest_route=\/wp\/v2\/users\/2"}],"replies":[{"embeddable":true,"href":"https:\/\/arantv.az\/index.php?rest_route=%2Fwp%2Fv2%2Fcomments&post=758934"}],"version-history":[{"count":2,"href":"https:\/\/arantv.az\/index.php?rest_route=\/wp\/v2\/posts\/758934\/revisions"}],"predecessor-version":[{"id":758938,"href":"https:\/\/arantv.az\/index.php?rest_route=\/wp\/v2\/posts\/758934\/revisions\/758938"}],"wp:featuredmedia":[{"embeddable":true,"href":"https:\/\/arantv.az\/index.php?rest_route=\/wp\/v2\/media\/758935"}],"wp:attachment":[{"href":"https:\/\/arantv.az\/index.php?rest_route=%2Fwp%2Fv2%2Fmedia&parent=758934"}],"wp:term":[{"taxonomy":"category","embeddable":true,"href":"https:\/\/arantv.az\/index.php?rest_route=%2Fwp%2Fv2%2Fcategories&post=758934"},{"taxonomy":"post_tag","embeddable":true,"href":"https:\/\/arantv.az\/index.php?rest_route=%2Fwp%2Fv2%2Ftags&post=758934"}],"curies":[{"name":"wp","href":"https:\/\/api.w.org\/{rel}","templated":true}]}}