{"id":758937,"date":"2024-10-05T10:05:03","date_gmt":"2024-10-05T06:05:03","guid":{"rendered":"https:\/\/arantv.az\/?p=758937"},"modified":"2024-10-05T10:05:03","modified_gmt":"2024-10-05T06:05:03","slug":"s%c9%99hvi-isa-h%c9%99bibb%c9%99yli-edibmis","status":"publish","type":"post","link":"https:\/\/arantv.az\/?p=758937","title":{"rendered":"S\u0259hvi \u0130sa H\u0259bibb\u0259yli edibmi\u015f&#8230;"},"content":{"rendered":"<p><strong>\u0130ki g\u00fcn \u00f6nc\u0259 AMEA m\u0259lumat yayaraq, qurumun prezidenti \u0130sa H\u0259bibb\u0259yliy\u0259 yeni m\u00fc\u015favirl\u0259rin t\u0259yin oldu\u011funu a\u00e7\u0131qlay\u0131b. X\u0259b\u0259r\u0259 g\u00f6r\u0259, akademikl\u0259r Telman \u018fliyev, Adil Q\u0259ribov, Yaqub Mahmudov v\u0259 M\u00f6hs\u00fcn Na\u011f\u0131soylu s\u00f6z\u00fcged\u0259n v\u0259zif\u0259y\u0259 g\u0259tirilibl\u0259r.<\/strong><\/p>\n<p>X\u0259b\u0259rd\u0259n iki g\u00fcn sonra AMEA bu d\u0259f\u0259 \u00f6z yayd\u0131\u011f\u0131 m\u0259lumat\u0131 \u00f6z\u00fc t\u0259kzib edib.<\/p>\n<p>Yeni m\u0259lumatda qeyd olunub ki, Telman \u018fliyev 2020-ci ild\u0259n, Yaqub Mahmudov v\u0259\u00a0 M\u00f6hs\u00fcn Na\u011f\u0131soylu 2021-ci ild\u0259n, Adil Q\u0259ribov is\u0259 iki il \u0259vv\u0259ld\u0259n AMEA-n\u0131n m\u00fc\u015faviri v\u0259zif\u0259sind\u0259 \u00e7al\u0131\u015f\u0131rlar. H\u0259min aliml\u0259r s\u0259hv olaraq sosial \u015f\u0259b\u0259k\u0259l\u0259rd\u0259 AMEA-n\u0131n deyil, AMEA prezidentinin m\u00fc\u015faviri kimi t\u0259qdim olunublar.<\/p>\n<p><img loading=\"lazy\" src=\"https:\/\/qafqazinfo.az\/uploads\/images\/Ekran%20%C5%9F%C9%99kli%202024-10-04%20202726.png\" alt=\"\" width=\"682\" height=\"725\" \/><\/p>\n<p><strong>M\u0259lumata g\u00f6r\u0259, \u0130sa H\u0259bib\u0259ylinin t\u0259sdiq edilmi\u015f \u015ftat c\u0259dv\u0259li \u00fczr\u0259 sad\u0259c\u0259, bir\u00a0 m\u00fc\u015faviri var.<\/strong><\/p>\n<p>Qeyd ed\u0259k ki, AMEA prezidentin\u0259 m\u00fc\u015favirl\u0259r t\u0259yin olunmas\u0131 il\u0259 ba\u011fl\u0131 x\u0259b\u0259ri qurumun COP29-a h\u0259sr olunmu\u015f iclas\u0131nda \u0130sa H\u0259bib\u0259ylinin \u00f6z\u00fc a\u00e7\u0131qlam\u0131\u015fd\u0131. H\u0259r halda AMEA-n\u0131n m\u0259tbuata g\u00f6nd\u0259rdiyi press-relizd\u0259 bu c\u00fcr qeyd olunmu\u015fdu.<\/p>\n<p><img loading=\"lazy\" src=\"https:\/\/qafqazinfo.az\/uploads\/images\/Ekran%20%C5%9F%C9%99kli%202024-10-04%20202038(2).png\" alt=\"\" width=\"709\" height=\"426\" \/><\/p>\n<p>&nbsp;<\/p>\n<p>\\\\\u201cQafqazinfo\u201d<\/p>\n","protected":false},"excerpt":{"rendered":"<p>\u0130ki g\u00fcn \u00f6nc\u0259 AMEA m\u0259lumat yayaraq, qurumun prezidenti \u0130sa H\u0259bibb\u0259yliy\u0259 yeni m\u00fc\u015favirl\u0259rin t\u0259yin oldu\u011funu a\u00e7\u0131qlay\u0131b. X\u0259b\u0259r\u0259 g\u00f6r\u0259, akademikl\u0259r Telman \u018fliyev, Adil Q\u0259ribov, Yaqub Mahmudov v\u0259 M\u00f6hs\u00fcn Na\u011f\u0131soylu s\u00f6z\u00fcged\u0259n v\u0259zif\u0259y\u0259 g\u0259tirilibl\u0259r. X\u0259b\u0259rd\u0259n iki g\u00fcn sonra AMEA bu d\u0259f\u0259 \u00f6z yayd\u0131\u011f\u0131 m\u0259lumat\u0131 \u00f6z\u00fc t\u0259kzib edib. Yeni m\u0259lumatda qeyd olunub ki, Telman \u018fliyev 2020-ci ild\u0259n, Yaqub Mahmudov v\u0259\u00a0 M\u00f6hs\u00fcn Na\u011f\u0131soylu 2021-ci ild\u0259n, Adil Q\u0259ribov is\u0259 iki il \u0259vv\u0259ld\u0259n AMEA-n\u0131n m\u00fc\u015faviri v\u0259zif\u0259sind\u0259 \u00e7al\u0131\u015f\u0131rlar. H\u0259min aliml\u0259r s\u0259hv olaraq sosial \u015f\u0259b\u0259k\u0259l\u0259rd\u0259 AMEA-n\u0131n deyil, AMEA prezidentinin m\u00fc\u015faviri kimi t\u0259qdim olunublar. M\u0259lumata g\u00f6r\u0259, \u0130sa H\u0259bib\u0259ylinin t\u0259sdiq edilmi\u015f \u015ftat&hellip;<\/p>\n","protected":false},"author":2,"featured_media":758939,"comment_status":"closed","ping_status":"closed","sticky":false,"template":"","format":"standard","meta":{"om_disable_all_campaigns":false,"_monsterinsights_skip_tracking":false,"_monsterinsights_sitenote_active":false,"_monsterinsights_sitenote_note":"","_monsterinsights_sitenote_category":0},"categories":[1],"tags":[],"aioseo_notices":[],"gutentor_comment":0,"rttpg_featured_image_url":{"full":["https:\/\/arantv.az\/wp-content\/uploads\/2024\/10\/05ef0594ec561dfb23e127d16efa0a89.jpg",637,400,false],"landscape":["https:\/\/arantv.az\/wp-content\/uploads\/2024\/10\/05ef0594ec561dfb23e127d16efa0a89.jpg",637,400,false],"portraits":["https:\/\/arantv.az\/wp-content\/uploads\/2024\/10\/05ef0594ec561dfb23e127d16efa0a89.jpg",637,400,false],"thumbnail":["https:\/\/arantv.az\/wp-content\/uploads\/2024\/10\/05ef0594ec561dfb23e127d16efa0a89-500x280.jpg",500,280,true],"medium":["https:\/\/arantv.az\/wp-content\/uploads\/2024\/10\/05ef0594ec561dfb23e127d16efa0a89-581x365.jpg",581,365,true],"large":["https:\/\/arantv.az\/wp-content\/uploads\/2024\/10\/05ef0594ec561dfb23e127d16efa0a89.jpg",637,400,false],"1536x1536":["https:\/\/arantv.az\/wp-content\/uploads\/2024\/10\/05ef0594ec561dfb23e127d16efa0a89.jpg",637,400,false],"2048x2048":["https:\/\/arantv.az\/wp-content\/uploads\/2024\/10\/05ef0594ec561dfb23e127d16efa0a89.jpg",637,400,false],"post-thumbnail":["https:\/\/arantv.az\/wp-content\/uploads\/2024\/10\/05ef0594ec561dfb23e127d16efa0a89-240x172.jpg",240,172,true],"advps-thumb-one":["https:\/\/arantv.az\/wp-content\/uploads\/2024\/10\/05ef0594ec561dfb23e127d16efa0a89.jpg",637,400,false]},"rttpg_author":{"display_name":"V\u00fcsal Rafiqo\u011flu","author_link":"https:\/\/arantv.az\/?author=2"},"rttpg_comment":0,"rttpg_category":"<a href=\"https:\/\/arantv.az\/?cat=1\" rel=\"category\">C\u0259miyy\u0259t<\/a>","rttpg_excerpt":"\u0130ki g\u00fcn \u00f6nc\u0259 AMEA m\u0259lumat yayaraq, qurumun prezidenti \u0130sa H\u0259bibb\u0259yliy\u0259 yeni m\u00fc\u015favirl\u0259rin t\u0259yin oldu\u011funu a\u00e7\u0131qlay\u0131b. X\u0259b\u0259r\u0259 g\u00f6r\u0259, akademikl\u0259r Telman \u018fliyev, Adil Q\u0259ribov, Yaqub Mahmudov v\u0259 M\u00f6hs\u00fcn Na\u011f\u0131soylu s\u00f6z\u00fcged\u0259n v\u0259zif\u0259y\u0259 g\u0259tirilibl\u0259r. X\u0259b\u0259rd\u0259n iki g\u00fcn sonra AMEA bu d\u0259f\u0259 \u00f6z yayd\u0131\u011f\u0131 m\u0259lumat\u0131 \u00f6z\u00fc t\u0259kzib edib. Yeni m\u0259lumatda qeyd olunub ki, Telman \u018fliyev 2020-ci ild\u0259n, Yaqub Mahmudov v\u0259\u00a0&hellip;","_links":{"self":[{"href":"https:\/\/arantv.az\/index.php?rest_route=\/wp\/v2\/posts\/758937"}],"collection":[{"href":"https:\/\/arantv.az\/index.php?rest_route=\/wp\/v2\/posts"}],"about":[{"href":"https:\/\/arantv.az\/index.php?rest_route=\/wp\/v2\/types\/post"}],"author":[{"embeddable":true,"href":"https:\/\/arantv.az\/index.php?rest_route=\/wp\/v2\/users\/2"}],"replies":[{"embeddable":true,"href":"https:\/\/arantv.az\/index.php?rest_route=%2Fwp%2Fv2%2Fcomments&post=758937"}],"version-history":[{"count":1,"href":"https:\/\/arantv.az\/index.php?rest_route=\/wp\/v2\/posts\/758937\/revisions"}],"predecessor-version":[{"id":758940,"href":"https:\/\/arantv.az\/index.php?rest_route=\/wp\/v2\/posts\/758937\/revisions\/758940"}],"wp:featuredmedia":[{"embeddable":true,"href":"https:\/\/arantv.az\/index.php?rest_route=\/wp\/v2\/media\/758939"}],"wp:attachment":[{"href":"https:\/\/arantv.az\/index.php?rest_route=%2Fwp%2Fv2%2Fmedia&parent=758937"}],"wp:term":[{"taxonomy":"category","embeddable":true,"href":"https:\/\/arantv.az\/index.php?rest_route=%2Fwp%2Fv2%2Fcategories&post=758937"},{"taxonomy":"post_tag","embeddable":true,"href":"https:\/\/arantv.az\/index.php?rest_route=%2Fwp%2Fv2%2Ftags&post=758937"}],"curies":[{"name":"wp","href":"https:\/\/api.w.org\/{rel}","templated":true}]}}