{"id":758944,"date":"2024-10-05T10:07:07","date_gmt":"2024-10-05T06:07:07","guid":{"rendered":"https:\/\/arantv.az\/?p=758944"},"modified":"2024-10-05T10:07:07","modified_gmt":"2024-10-05T06:07:07","slug":"prezident-c%c9%99brayilin-azad-olunmasinin-dorduncu-ildonumu-il%c9%99-bagli-paylasim-edibvideo","status":"publish","type":"post","link":"https:\/\/arantv.az\/?p=758944","title":{"rendered":"Prezident C\u0259bray\u0131l\u0131n azad olunmas\u0131n\u0131n d\u00f6rd\u00fcnc\u00fc ild\u00f6n\u00fcm\u00fc il\u0259 ba\u011fl\u0131 payla\u015f\u0131m edibV\u0130DEO"},"content":{"rendered":"<div class=\"text-content\" data-id=\"\" data-url=\"\">\n<p><strong>Az\u0259rbaycan Prezidenti \u0130lham \u018fliyev feysbuk sosial \u015f\u0259b\u0259k\u0259si hesab\u0131nda Z\u0259f\u0259r tariximiz &#8211; C\u0259bray\u0131l\u0131n Erm\u0259nistan i\u015f\u011fal\u0131ndan azad edilm\u0259sinin d\u00f6rd\u00fcnc\u00fc ild\u00f6n\u00fcm\u00fc il\u0259 ba\u011fl\u0131 payla\u015f\u0131m edib.<\/strong><\/p>\n<p><b>ARANTV.AZ <\/b>x\u0259b\u0259r verir ki, payla\u015f\u0131mda deyilir:<\/p>\n<p>Z\u0259f\u0259r tariximiz &#8211; C\u0259bray\u0131l\u0131n Erm\u0259nistan i\u015f\u011fal\u0131ndan azad edilm\u0259sind\u0259n d\u00f6rd il \u00f6t\u00fcr.<\/p>\n<p>#Qaraba\u011fAz\u0259rbaycand\u0131r #KarabakhisAzerbaijan<\/p>\n<p><iframe src=\"https:\/\/www.facebook.com\/plugins\/video.php?height=314&amp;href=https%3A%2F%2Fwww.facebook.com%2FPresidentIlhamAliyev%2Fvideos%2F1036293227985002%2F&amp;show_text=false&amp;width=560&amp;t=0\" frameborder=\"0\" scrolling=\"no\" allowfullscreen=\"allowfullscreen\" data-mce-fragment=\"1\"><\/iframe><\/p>\n<\/div>\n<div><\/div>\n<div><\/div>\n<div class=\"inner-social-box\">\n<div class=\"subs-in-social subs-whatsapp\"><\/div>\n<\/div>\n","protected":false},"excerpt":{"rendered":"<p>Az\u0259rbaycan Prezidenti \u0130lham \u018fliyev feysbuk sosial \u015f\u0259b\u0259k\u0259si hesab\u0131nda Z\u0259f\u0259r tariximiz &#8211; C\u0259bray\u0131l\u0131n Erm\u0259nistan i\u015f\u011fal\u0131ndan azad edilm\u0259sinin d\u00f6rd\u00fcnc\u00fc ild\u00f6n\u00fcm\u00fc il\u0259 ba\u011fl\u0131 payla\u015f\u0131m edib. ARANTV.AZ x\u0259b\u0259r verir ki, payla\u015f\u0131mda deyilir: Z\u0259f\u0259r tariximiz &#8211; C\u0259bray\u0131l\u0131n Erm\u0259nistan i\u015f\u011fal\u0131ndan azad edilm\u0259sind\u0259n d\u00f6rd il \u00f6t\u00fcr. #Qaraba\u011fAz\u0259rbaycand\u0131r #KarabakhisAzerbaijan<\/p>\n","protected":false},"author":2,"featured_media":758945,"comment_status":"closed","ping_status":"closed","sticky":false,"template":"","format":"standard","meta":{"om_disable_all_campaigns":false,"_monsterinsights_skip_tracking":false,"_monsterinsights_sitenote_active":false,"_monsterinsights_sitenote_note":"","_monsterinsights_sitenote_category":0},"categories":[8],"tags":[],"aioseo_notices":[],"gutentor_comment":0,"rttpg_featured_image_url":{"full":["https:\/\/arantv.az\/wp-content\/uploads\/2024\/10\/631dc41e58efe642dcec976ebfce3be6.jpg",850,500,false],"landscape":["https:\/\/arantv.az\/wp-content\/uploads\/2024\/10\/631dc41e58efe642dcec976ebfce3be6.jpg",850,500,false],"portraits":["https:\/\/arantv.az\/wp-content\/uploads\/2024\/10\/631dc41e58efe642dcec976ebfce3be6.jpg",850,500,false],"thumbnail":["https:\/\/arantv.az\/wp-content\/uploads\/2024\/10\/631dc41e58efe642dcec976ebfce3be6-500x280.jpg",500,280,true],"medium":["https:\/\/arantv.az\/wp-content\/uploads\/2024\/10\/631dc41e58efe642dcec976ebfce3be6-621x365.jpg",621,365,true],"large":["https:\/\/arantv.az\/wp-content\/uploads\/2024\/10\/631dc41e58efe642dcec976ebfce3be6-840x494.jpg",640,376,true],"1536x1536":["https:\/\/arantv.az\/wp-content\/uploads\/2024\/10\/631dc41e58efe642dcec976ebfce3be6.jpg",850,500,false],"2048x2048":["https:\/\/arantv.az\/wp-content\/uploads\/2024\/10\/631dc41e58efe642dcec976ebfce3be6.jpg",850,500,false],"post-thumbnail":["https:\/\/arantv.az\/wp-content\/uploads\/2024\/10\/631dc41e58efe642dcec976ebfce3be6-240x172.jpg",240,172,true],"advps-thumb-one":["https:\/\/arantv.az\/wp-content\/uploads\/2024\/10\/631dc41e58efe642dcec976ebfce3be6.jpg",850,500,false]},"rttpg_author":{"display_name":"V\u00fcsal Rafiqo\u011flu","author_link":"https:\/\/arantv.az\/?author=2"},"rttpg_comment":0,"rttpg_category":"<a href=\"https:\/\/arantv.az\/?cat=8\" rel=\"category\">\u018fsas s\u0259hif\u0259<\/a>","rttpg_excerpt":"Az\u0259rbaycan Prezidenti \u0130lham \u018fliyev feysbuk sosial \u015f\u0259b\u0259k\u0259si hesab\u0131nda Z\u0259f\u0259r tariximiz &#8211; C\u0259bray\u0131l\u0131n Erm\u0259nistan i\u015f\u011fal\u0131ndan azad edilm\u0259sinin d\u00f6rd\u00fcnc\u00fc ild\u00f6n\u00fcm\u00fc il\u0259 ba\u011fl\u0131 payla\u015f\u0131m edib. ARANTV.AZ x\u0259b\u0259r verir ki, payla\u015f\u0131mda deyilir: Z\u0259f\u0259r tariximiz &#8211; C\u0259bray\u0131l\u0131n Erm\u0259nistan i\u015f\u011fal\u0131ndan azad edilm\u0259sind\u0259n d\u00f6rd il \u00f6t\u00fcr. #Qaraba\u011fAz\u0259rbaycand\u0131r #KarabakhisAzerbaijan","_links":{"self":[{"href":"https:\/\/arantv.az\/index.php?rest_route=\/wp\/v2\/posts\/758944"}],"collection":[{"href":"https:\/\/arantv.az\/index.php?rest_route=\/wp\/v2\/posts"}],"about":[{"href":"https:\/\/arantv.az\/index.php?rest_route=\/wp\/v2\/types\/post"}],"author":[{"embeddable":true,"href":"https:\/\/arantv.az\/index.php?rest_route=\/wp\/v2\/users\/2"}],"replies":[{"embeddable":true,"href":"https:\/\/arantv.az\/index.php?rest_route=%2Fwp%2Fv2%2Fcomments&post=758944"}],"version-history":[{"count":1,"href":"https:\/\/arantv.az\/index.php?rest_route=\/wp\/v2\/posts\/758944\/revisions"}],"predecessor-version":[{"id":758946,"href":"https:\/\/arantv.az\/index.php?rest_route=\/wp\/v2\/posts\/758944\/revisions\/758946"}],"wp:featuredmedia":[{"embeddable":true,"href":"https:\/\/arantv.az\/index.php?rest_route=\/wp\/v2\/media\/758945"}],"wp:attachment":[{"href":"https:\/\/arantv.az\/index.php?rest_route=%2Fwp%2Fv2%2Fmedia&parent=758944"}],"wp:term":[{"taxonomy":"category","embeddable":true,"href":"https:\/\/arantv.az\/index.php?rest_route=%2Fwp%2Fv2%2Fcategories&post=758944"},{"taxonomy":"post_tag","embeddable":true,"href":"https:\/\/arantv.az\/index.php?rest_route=%2Fwp%2Fv2%2Ftags&post=758944"}],"curies":[{"name":"wp","href":"https:\/\/api.w.org\/{rel}","templated":true}]}}