{"id":758947,"date":"2024-10-05T10:07:37","date_gmt":"2024-10-05T06:07:37","guid":{"rendered":"https:\/\/arantv.az\/?p=758947"},"modified":"2024-10-05T10:07:37","modified_gmt":"2024-10-05T06:07:37","slug":"c%c9%99brayilda-kovr%c9%99k-anlar-video","status":"publish","type":"post","link":"https:\/\/arantv.az\/?p=758947","title":{"rendered":"C\u0259bray\u0131lda k\u00f6vr\u0259k anlar&#8230; &#8211; Video"},"content":{"rendered":"<div class=\"text-content\" data-id=\"\" data-url=\"\">\n<p><strong>X\u0259b\u0259r verdiyimiz kimi, bu g\u00fcn Prezident \u0130lham \u018fliyev v\u0259 birinci xan\u0131m Mehriban \u018fliyeva C\u0259bray\u0131l \u015f\u0259h\u0259rind\u0259 in\u015fa olunan ya\u015fay\u0131\u015f kompleksinin a\u00e7\u0131l\u0131\u015f\u0131nda i\u015ftirak edibl\u0259r, yeni evl\u0259r\u0259 k\u00f6\u00e7\u0259n \u015f\u0259h\u0259r sakinl\u0259rin\u0259 m\u0259nzill\u0259rin a\u00e7arlar\u0131n\u0131 t\u0259qdim edibl\u0259r.<\/strong><\/p>\n<p><strong>Musavat.com-un<\/strong>\u00a0m\u0259lumat\u0131na g\u00f6r\u0259, g\u00f6r\u00fc\u015fd\u0259 \u00e7\u0131x\u0131\u015flar zaman\u0131 k\u00f6vr\u0259k anlar ya\u015fan\u0131b.<\/p>\n<p><strong>H\u0259min g\u00f6r\u00fc\u015f\u00fcn videosunu t\u0259qdim edirik:<\/strong><\/p>\n<p><strong><iframe src=\"https:\/\/www.youtube.com\/embed\/N2JTUetfVEk\" allowfullscreen=\"allowfullscreen\" data-mce-fragment=\"1\"><\/iframe><\/strong><\/p>\n<\/div>\n<div><\/div>\n<div><\/div>\n<div class=\"inner-social-box\">\n<div class=\"subs-in-social subs-whatsapp\"><\/div>\n<\/div>\n","protected":false},"excerpt":{"rendered":"<p>X\u0259b\u0259r verdiyimiz kimi, bu g\u00fcn Prezident \u0130lham \u018fliyev v\u0259 birinci xan\u0131m Mehriban \u018fliyeva C\u0259bray\u0131l \u015f\u0259h\u0259rind\u0259 in\u015fa olunan ya\u015fay\u0131\u015f kompleksinin a\u00e7\u0131l\u0131\u015f\u0131nda i\u015ftirak edibl\u0259r, yeni evl\u0259r\u0259 k\u00f6\u00e7\u0259n \u015f\u0259h\u0259r sakinl\u0259rin\u0259 m\u0259nzill\u0259rin a\u00e7arlar\u0131n\u0131 t\u0259qdim edibl\u0259r. Musavat.com-un\u00a0m\u0259lumat\u0131na g\u00f6r\u0259, g\u00f6r\u00fc\u015fd\u0259 \u00e7\u0131x\u0131\u015flar zaman\u0131 k\u00f6vr\u0259k anlar ya\u015fan\u0131b. H\u0259min g\u00f6r\u00fc\u015f\u00fcn videosunu t\u0259qdim edirik:<\/p>\n","protected":false},"author":2,"featured_media":758948,"comment_status":"closed","ping_status":"closed","sticky":false,"template":"","format":"standard","meta":{"om_disable_all_campaigns":false,"_monsterinsights_skip_tracking":false,"_monsterinsights_sitenote_active":false,"_monsterinsights_sitenote_note":"","_monsterinsights_sitenote_category":0},"categories":[8],"tags":[],"aioseo_notices":[],"gutentor_comment":0,"rttpg_featured_image_url":{"full":["https:\/\/arantv.az\/wp-content\/uploads\/2024\/10\/9535757cadc4bb491e05b1c2885165bf.jpg",637,400,false],"landscape":["https:\/\/arantv.az\/wp-content\/uploads\/2024\/10\/9535757cadc4bb491e05b1c2885165bf.jpg",637,400,false],"portraits":["https:\/\/arantv.az\/wp-content\/uploads\/2024\/10\/9535757cadc4bb491e05b1c2885165bf.jpg",637,400,false],"thumbnail":["https:\/\/arantv.az\/wp-content\/uploads\/2024\/10\/9535757cadc4bb491e05b1c2885165bf-500x280.jpg",500,280,true],"medium":["https:\/\/arantv.az\/wp-content\/uploads\/2024\/10\/9535757cadc4bb491e05b1c2885165bf-581x365.jpg",581,365,true],"large":["https:\/\/arantv.az\/wp-content\/uploads\/2024\/10\/9535757cadc4bb491e05b1c2885165bf.jpg",637,400,false],"1536x1536":["https:\/\/arantv.az\/wp-content\/uploads\/2024\/10\/9535757cadc4bb491e05b1c2885165bf.jpg",637,400,false],"2048x2048":["https:\/\/arantv.az\/wp-content\/uploads\/2024\/10\/9535757cadc4bb491e05b1c2885165bf.jpg",637,400,false],"post-thumbnail":["https:\/\/arantv.az\/wp-content\/uploads\/2024\/10\/9535757cadc4bb491e05b1c2885165bf-240x172.jpg",240,172,true],"advps-thumb-one":["https:\/\/arantv.az\/wp-content\/uploads\/2024\/10\/9535757cadc4bb491e05b1c2885165bf.jpg",637,400,false]},"rttpg_author":{"display_name":"V\u00fcsal Rafiqo\u011flu","author_link":"https:\/\/arantv.az\/?author=2"},"rttpg_comment":0,"rttpg_category":"<a href=\"https:\/\/arantv.az\/?cat=8\" rel=\"category\">\u018fsas s\u0259hif\u0259<\/a>","rttpg_excerpt":"X\u0259b\u0259r verdiyimiz kimi, bu g\u00fcn Prezident \u0130lham \u018fliyev v\u0259 birinci xan\u0131m Mehriban \u018fliyeva C\u0259bray\u0131l \u015f\u0259h\u0259rind\u0259 in\u015fa olunan ya\u015fay\u0131\u015f kompleksinin a\u00e7\u0131l\u0131\u015f\u0131nda i\u015ftirak edibl\u0259r, yeni evl\u0259r\u0259 k\u00f6\u00e7\u0259n \u015f\u0259h\u0259r sakinl\u0259rin\u0259 m\u0259nzill\u0259rin a\u00e7arlar\u0131n\u0131 t\u0259qdim edibl\u0259r. Musavat.com-un\u00a0m\u0259lumat\u0131na g\u00f6r\u0259, g\u00f6r\u00fc\u015fd\u0259 \u00e7\u0131x\u0131\u015flar zaman\u0131 k\u00f6vr\u0259k anlar ya\u015fan\u0131b. H\u0259min g\u00f6r\u00fc\u015f\u00fcn videosunu t\u0259qdim edirik:","_links":{"self":[{"href":"https:\/\/arantv.az\/index.php?rest_route=\/wp\/v2\/posts\/758947"}],"collection":[{"href":"https:\/\/arantv.az\/index.php?rest_route=\/wp\/v2\/posts"}],"about":[{"href":"https:\/\/arantv.az\/index.php?rest_route=\/wp\/v2\/types\/post"}],"author":[{"embeddable":true,"href":"https:\/\/arantv.az\/index.php?rest_route=\/wp\/v2\/users\/2"}],"replies":[{"embeddable":true,"href":"https:\/\/arantv.az\/index.php?rest_route=%2Fwp%2Fv2%2Fcomments&post=758947"}],"version-history":[{"count":1,"href":"https:\/\/arantv.az\/index.php?rest_route=\/wp\/v2\/posts\/758947\/revisions"}],"predecessor-version":[{"id":758949,"href":"https:\/\/arantv.az\/index.php?rest_route=\/wp\/v2\/posts\/758947\/revisions\/758949"}],"wp:featuredmedia":[{"embeddable":true,"href":"https:\/\/arantv.az\/index.php?rest_route=\/wp\/v2\/media\/758948"}],"wp:attachment":[{"href":"https:\/\/arantv.az\/index.php?rest_route=%2Fwp%2Fv2%2Fmedia&parent=758947"}],"wp:term":[{"taxonomy":"category","embeddable":true,"href":"https:\/\/arantv.az\/index.php?rest_route=%2Fwp%2Fv2%2Fcategories&post=758947"},{"taxonomy":"post_tag","embeddable":true,"href":"https:\/\/arantv.az\/index.php?rest_route=%2Fwp%2Fv2%2Ftags&post=758947"}],"curies":[{"name":"wp","href":"https:\/\/api.w.org\/{rel}","templated":true}]}}