{"id":758978,"date":"2024-10-05T20:05:25","date_gmt":"2024-10-05T16:05:25","guid":{"rendered":"https:\/\/arantv.az\/?p=758978"},"modified":"2024-10-05T20:05:25","modified_gmt":"2024-10-05T16:05:25","slug":"milli-m%c9%99clisin-bir-qrup-deputati-xarici-isl%c9%99r-naziri-ceyhun-bayramova-muraci%c9%99t-edib","status":"publish","type":"post","link":"https:\/\/arantv.az\/?p=758978","title":{"rendered":"Milli M\u0259clisin bir qrup deputat\u0131 xarici i\u015fl\u0259r naziri Ceyhun Bayramova m\u00fcraci\u0259t edib"},"content":{"rendered":"<div class=\"text-content\" data-id=\"\" data-url=\"\">\n<p><strong>Az\u0259rbaycan Respublikas\u0131 VII \u00e7a\u011f\u0131r\u0131\u015f Milli M\u0259clisinin bir qrup depuat\u0131 xarici i\u015fl\u0259r naziri Ceyhun Bayramova m\u00fcraci\u0259t edib.<\/strong><\/p>\n<p><b>ARANTV.AZ <\/b>m\u00fcraci\u0259ti t\u0259qdim edir.<\/p>\n<p>\u0130lk \u00f6nc\u0259 qeyd etm\u0259k ist\u0259rdik ki, Az\u0259rbaycan Respublikas\u0131n\u0131n Prezidenti c\u0259nab \u0130lham \u018fliyevin r\u0259hb\u0259rliyi alt\u0131nda \u00f6lk\u0259mizin \u0259razi b\u00fct\u00f6vl\u00fcy\u00fcn\u00fc v\u0259 suverenliyini b\u0259rpa etm\u0259si il\u0259 regionda uzunm\u00fcdd\u0259tli s\u00fclh v\u0259 sabitlik \u00fc\u00e7\u00fcn \u0259sas yaranm\u0131\u015fd\u0131r. Otuz illik i\u015f\u011fala v\u0259 haqs\u0131zl\u0131\u011fa son qoymu\u015f Az\u0259rbaycan t\u0259kc\u0259 \u00f6z milli maraqlar\u0131n\u0131 deyil, h\u0259m d\u0259 beyn\u0259lxalq h\u00fcququn aliliyini t\u0259min etmi\u015fdir.<\/p>\n<p>Yaranm\u0131\u015f bu v\u0259ziyy\u0259t \u00f6lk\u0259mizi \u00fcmumb\u0259\u015f\u0259ri probleml\u0259rin h\u0259llin\u0259 t\u00f6hf\u0259l\u0259rini daha f\u0259al \u015f\u0259kild\u0259 h\u0259yata ke\u00e7irm\u0259y\u0259 imkan yarad\u0131r. 2023-c\u00fc il sentyabr\u0131n 20-d\u0259 Az\u0259rbaycan\u0131n \u00f6z suverenliyini b\u0259rpa etm\u0259sind\u0259n az sonra h\u0259min il dekabr\u0131n 9-da BMT-nin \u0130qlim D\u0259yi\u015fm\u0259l\u0259ri \u00fczr\u0259 \u00c7\u0259r\u00e7iv\u0259 Konvensiyas\u0131n\u0131n T\u0259r\u0259f D\u00f6vl\u0259tl\u0259rinin 29-cu g\u00f6r\u00fc\u015f\u00fcn\u0259 (COP29) Az\u0259rbaycan\u0131n ev sahibliyi etm\u0259si bar\u0259d\u0259 q\u0259rar\u0131n yekdillikl\u0259 d\u0259st\u0259kl\u0259nm\u0259si d\u00fcnya d\u00f6vl\u0259tl\u0259rinin Az\u0259rbaycan\u0131n beyn\u0259lxalq s\u00fclh v\u0259 inki\u015faf m\u0259s\u0259l\u0259l\u0259rin\u0259 dair bax\u0131\u015f\u0131na b\u00f6y\u00fck d\u0259st\u0259k verm\u0259sinin s\u00fcbutudur.<\/p>\n<p>Az\u0259rbaycan t\u0259r\u0259finin COP29-a y\u00fcks\u0259k s\u0259viyy\u0259d\u0259 davam ed\u0259n haz\u0131rl\u0131\u011f\u0131, b\u00fct\u00f6vl\u00fckd\u0259, b\u0259\u015f\u0259riyy\u0259ti narahat ed\u0259n iqlim d\u0259yi\u015fm\u0259l\u0259ri \u00fczr\u0259 fundamental m\u0259s\u0259l\u0259l\u0259rin h\u0259llin\u0259 n\u0259 d\u0259r\u0259c\u0259d\u0259 ciddi yana\u015fmas\u0131n\u0131n g\u00f6st\u0259ricisidir.<\/p>\n<p>T\u0259\u0259ss\u00fcfl\u0259 qeyd etm\u0259k ist\u0259rdik ki, bir s\u0131ra dair\u0259l\u0259r Az\u0259rbaycan\u0131n COP29-a ev sahibliyi ed\u0259c\u0259yind\u0259n istifad\u0259 ed\u0259r\u0259k, Az\u0259rbaycana hans\u0131sa m\u0259s\u0259l\u0259ni q\u0259bul etdirm\u0259k fikrin\u0259 d\u00fc\u015f\u00fcbl\u0259r. AB\u015e Senat\u0131n\u0131n v\u0259 N\u00fcmay\u0259nd\u0259l\u0259r Palatas\u0131n\u0131n bir qrup \u00fczv\u00fcn\u00fcn 2024-c\u00fc il oktyabr\u0131n 3-d\u0259 bu \u00f6lk\u0259nin d\u00f6vl\u0259t katibi Entoni Blinken\u0259 g\u00f6nd\u0259rdiyi m\u00fcraci\u0259t d\u0259 bu q\u0259bild\u0259ndir.<\/p>\n<p>A\u00e7\u0131q \u015f\u0259kild\u0259 bildirm\u0259k laz\u0131md\u0131r ki, s\u00f6z\u00fcged\u0259n m\u00fcraci\u0259tin D\u00f6vl\u0259t Departamenti t\u0259r\u0259find\u0259n t\u0259\u015fkil edildiyin\u0259 dair \u015f\u00fcbh\u0259miz yoxdur. Prezident \u0130lham \u018fliyevin oktyabr\u0131n 4-d\u0259 C\u0259bray\u0131l \u015f\u0259h\u0259rind\u0259 vur\u011fulad\u0131\u011f\u0131 kimi, D\u00f6vl\u0259t Departamentind\u0259 Az\u0259rbaycan\u0131 h\u0259d\u0259l\u0259m\u0259k \u00fc\u00e7\u00fcn \u00f6zl\u0259ri \u00f6zl\u0259rin\u0259 m\u0259ktub yaz\u0131rlar.<\/p>\n<p>Az\u0259rbaycana qar\u015f\u0131 irqi ayr\u0131-se\u00e7kiliyi ehtiva ed\u0259n, b\u00f6htanla dolu, dialoq ruhuna zidd olan, m\u00fcharib\u0259 cinay\u0259tkarlar\u0131n\u0131n azadl\u0131\u011fa burax\u0131lmas\u0131na v\u0259 Erm\u0259nistan\u0131n h\u0259rbil\u0259\u015fdirilm\u0259sin\u0259 \u00e7a\u011f\u0131r\u0131\u015f ed\u0259n bu m\u00fcraci\u0259t q\u0259buledilm\u0259zdir, beyn\u0259lxalq h\u00fcquqa ziddir v\u0259 AB\u015e-nin ikit\u0259r\u0259fli m\u00fcnasib\u0259tl\u0259rin r\u0259van \u015f\u0259kild\u0259 davam etdirilm\u0259sind\u0259 maraql\u0131 olmad\u0131\u011f\u0131n\u0131 g\u00f6st\u0259rir.<\/p>\n<p>Saxta \u0259saslarla insan h\u00fcquqlar\u0131 v\u0259 beyn\u0259lxalq humanitar h\u00fcquqa riay\u0259t edilm\u0259si sah\u0259sind\u0259 Az\u0259rbaycana iradlar ir\u0259li s\u00fcr\u0259n m\u00fcraci\u0259tin m\u00fc\u0259llifl\u0259rin\u0259 AB\u015e-nin \u0130raq, \u018ffqan\u0131stan v\u0259 d\u00fcnyan\u0131n dig\u0259r m\u00fcxt\u0259lif b\u00f6lg\u0259l\u0259rind\u0259 t\u00f6r\u0259tdiyi m\u00fcharib\u0259l\u0259r zaman\u0131 milyonlarla dinc insan\u0131n h\u0259lak oldu\u011funu, \u00e7oxlu sayda insan\u0131n i\u015fg\u0259nc\u0259y\u0259 m\u0259ruz qalmas\u0131n\u0131 v\u0259 h\u00fcquqi proses olmadan onlara c\u0259za verilm\u0259sini xat\u0131rlatmaq ist\u0259rdik. \u0130nsan h\u00fcquqlar\u0131ndan d\u0259m vuran AB\u015e \u0259n m\u00fch\u00fcm insan h\u00fcquqlar\u0131 konvensiyalar\u0131na qo\u015fulmam\u0131\u015fd\u0131r. BMT-nin \u0130\u015fg\u0259nc\u0259l\u0259r\u0259 qar\u015f\u0131 x\u00fcsusi m\u0259ruz\u0259\u00e7isini uzun ill\u0259r Quantanamoya buraxmayan h\u0259min AB\u015e-dir.<\/p>\n<p>Minsk Qrupunun h\u0259ms\u0259dri olan AB\u015e he\u00e7 vaxt \u00f6z m\u0259suliyy\u0259tini d\u0259rk etm\u0259mi\u015f, Fransa il\u0259 birlikd\u0259 Az\u0259rbaycan torpaqlar\u0131n\u0131n i\u015f\u011fal alt\u0131nda qalmas\u0131na \u00e7al\u0131\u015fm\u0131\u015fd\u0131r. AB\u015e-nin g\u00f6z\u00fc qar\u015f\u0131s\u0131nda vaxtil\u0259 i\u015f\u011fal edilmi\u015f \u0259razil\u0259rd\u0259 Az\u0259rbaycan xalq\u0131n\u0131n m\u0259d\u0259ni irsi, m\u0259scidl\u0259ri, tarixi abid\u0259l\u0259ri da\u011f\u0131d\u0131lm\u0131\u015f, t\u0259hqir edilmi\u015f, b\u00fct\u00f6v \u015f\u0259h\u0259rl\u0259r v\u0259 k\u0259ndl\u0259r yer \u00fcz\u00fcnd\u0259n silinmi\u015fdir. AB\u015e Erm\u0259nistan\u0131n bu barbarl\u0131q \u0259m\u0259ll\u0259rini he\u00e7 vaxt pisl\u0259m\u0259mi\u015fdir.<\/p>\n<p>2020-ci il V\u0259t\u0259n M\u00fcharib\u0259sind\u0259n sonra ba\u015flanan v\u0259 \u00f6t\u0259n ild\u0259n intensivl\u0259\u015f\u0259n bu h\u00fccumlar, AB\u015e-nin Az\u0259rbaycan Respublikas\u0131n\u0131n \u0259razi b\u00fct\u00f6vl\u00fcy\u00fcn\u00fc v\u0259 suverenliyini b\u0259rpa etm\u0259sini q\u0259bul etm\u0259m\u0259sind\u0259n, Az\u0259rbaycan xalq\u0131na qar\u015f\u0131 dini v\u0259 etnik ayr\u0131-se\u00e7kilik g\u00f6st\u0259rm\u0259sind\u0259n v\u0259 regionda yenid\u0259n m\u00fcnaqi\u015f\u0259 yaratmaq niyy\u0259tind\u0259n ir\u0259li g\u0259lir. Saxta ittihamlarla d\u00fcnyan\u0131n m\u00fcxt\u0259lif \u00f6lk\u0259l\u0259rini i\u015f\u011fal etmi\u015f AB\u015e n\u0259y\u0259 g\u00f6r\u0259 Az\u0259rbaycan\u0131n \u00f6z \u0259razisini i\u015f\u011faldan azad etm\u0259k, separatizm\u0259 son qoymaq \u00fc\u00e7\u00fcn h\u0259yata ke\u00e7irdiyi \u0259m\u0259liyyat\u0131 \u201ch\u0259rbi t\u0259cav\u00fcz\u201d kimi d\u0259y\u0259rl\u0259ndirir? Daim Erm\u0259nistan\u0131n suverenliyi v\u0259 \u0259razi b\u00fct\u00f6vl\u00fcy\u00fcnd\u0259n d\u0259m vuran konqresmenl\u0259r birc\u0259 d\u0259f\u0259 olsun Az\u0259rbaycan\u0131n suverenliyi v\u0259 \u0259razi b\u00fct\u00f6vl\u00fcy\u00fcn\u0259 h\u00f6rm\u0259td\u0259n dan\u0131\u015fmam\u0131\u015flar.<\/p>\n<p>Az\u0259rbaycan\u0131 \u201cetnik t\u0259mizl\u0259m\u0259\u201dd\u0259 ittiham ed\u0259n konqresmenl\u0259r n\u0259d\u0259n Erm\u0259nistandan b\u00fct\u00fcn az\u0259rbaycanl\u0131lar\u0131n deportasiya edilm\u0259sin\u0259, Q\u0259rbi Az\u0259rbaycan \u0130cmas\u0131n\u0131n el\u0259 h\u0259min Entoni Blinken\u0259 \u00fcnvanlad\u0131\u011f\u0131 m\u00fcraci\u0259tl\u0259r\u0259 he\u00e7 bir reaksiya vermir?<\/p>\n<p>Konqresmenl\u0259r o s\u0259viyy\u0259y\u0259 enibl\u0259r ki, erm\u0259ni m\u00fc\u0259llifin m\u0259qal\u0259sini Az\u0259rbaycana qar\u015f\u0131 \u201cs\u00fcbut\u201d kimi istifad\u0259 edirl\u0259r. Az\u0259rbaycan\u0131 s\u00fclh m\u00fcqavil\u0259sini imzalama\u011f\u0131 ist\u0259m\u0259m\u0259kd\u0259 ittiham ed\u0259n konqresmenl\u0259r n\u0259d\u0259n s\u00fclh m\u00fcqavil\u0259si t\u0259\u015f\u0259bb\u00fcs\u00fcn\u00fcn m\u0259hz Az\u0259rbaycandan g\u0259ldiyini, el\u0259 onun m\u0259tninin d\u0259 m\u0259hz Az\u0259rbaycan t\u0259r\u0259find\u0259n t\u0259rtib edildiyini \u201cyaddan\u201d \u00e7\u0131xar\u0131r, Erm\u0259nistan Konstitusiyas\u0131nda h\u0259l\u0259 d\u0259 \u00f6lk\u0259miz\u0259 qar\u015f\u0131 \u0259razi iddias\u0131n\u0131n yer almas\u0131n\u0131 pisl\u0259mirl\u0259r?<\/p>\n<p>\u201cAz\u0259rbaycanda h\u0259ll olunmam\u0131\u015f \u0259razi m\u00fcnaqi\u015f\u0259l\u0259ri\u201d dedikd\u0259 konqresmenl\u0259r n\u0259yi n\u0259z\u0259rd\u0259 tutur? Qaraba\u011f m\u00fcnaqi\u015f\u0259si h\u0259ll olunmu\u015fdur. Az\u0259rbaycan xalq\u0131, Az\u0259rbaycan d\u00f6vl\u0259ti Qaraba\u011f m\u00fcnaqi\u015f\u0259sini h\u0259ll etmi\u015fdir v\u0259 Az\u0259rbaycandan min kilometrl\u0259rl\u0259 uzaqlarda oturanlar\u0131n f\u0259rqli fikirl\u0259ri reall\u0131\u011f\u0131 d\u0259yi\u015fmir. Az\u0259rbaycan xalq\u0131 \u0259b\u0259di olaraq Qaraba\u011f v\u0259 \u015e\u0259rqi Z\u0259ng\u0259zura d\u00f6nm\u00fc\u015fd\u00fcr v\u0259 reall\u0131q bu g\u00fcn C\u0259bray\u0131lda ke\u00e7mi\u015f m\u0259cburi k\u00f6\u00e7k\u00fcnl\u0259r \u00fc\u00e7\u00fcn in\u015fa edilmi\u015f evl\u0259rdir, \u00f6z d\u0259d\u0259-baba yurdlar\u0131na qay\u0131dan az\u0259rbaycanl\u0131lard\u0131r.<\/p>\n<p>M\u0259g\u0259r konqresmenl\u0259r bilmir ki, onlar\u0131n \u201cDa\u011fl\u0131q Qaraba\u011f\u0131n siyasi liderl\u0259ri\u201d kimi t\u0259qdim etdikl\u0259ri \u015f\u0259xsl\u0259r m\u00fcharib\u0259 canil\u0259ridir, Xocal\u0131 c\u0259lladlar\u0131d\u0131r, silah d\u0259llallar\u0131, maliyy\u0259 fir\u0131ldaq\u00e7\u0131lar\u0131, \u0259li h\u0259r c\u00fcr \u00e7irkin i\u015fl\u0259r\u0259 bula\u015fm\u0131\u015f oliqarxlard\u0131r?! Niy\u0259 AB\u015e Xocal\u0131 soyq\u0131r\u0131m\u0131n\u0131 t\u00f6r\u0259tm\u0259kl\u0259 q\u00fcrr\u0259l\u0259n\u0259nl\u0259ri m\u00fcdafi\u0259 edir, separat\u00e7\u0131lara viza verir, onlara qucaq a\u00e7\u0131r?! Bu canil\u0259ri azad etm\u0259y\u0259 \u00e7a\u011f\u0131ranlar birc\u0259 d\u0259f\u0259 olsun 30 ild\u0259n art\u0131qd\u0131r ki taleyi bilinm\u0259y\u0259n 4 min az\u0259rbaycanl\u0131 itkinl\u0259 ba\u011fl\u0131 s\u0259sini \u00e7\u0131xard\u0131rm\u0131?!<\/p>\n<p>Konqresmenl\u0259rin \u201cdemokratik\u201d \u00f6lk\u0259 hesab etdiyi Erm\u0259nistan 30 il ba\u015fqa \u00f6lk\u0259nin \u0259razisini i\u015f\u011falda saxlam\u0131\u015f, etnik t\u0259mizl\u0259m\u0259 t\u00f6r\u0259tmi\u015f, milli m\u00fcst\u0259snal\u0131q x\u0259st\u0259liyin\u0259 tutulmu\u015f, indinin \u00f6z\u00fcnd\u0259 d\u0259 h\u0259rbi canil\u0259ri m\u00fchakim\u0259 etm\u0259mi\u015f, \u0259ksin\u0259 onlar\u0131 q\u0259hr\u0259manla\u015fd\u0131rm\u0131\u015f bir \u00f6lk\u0259dir.<\/p>\n<p>Bir daha xat\u0131rladaq ki, Az\u0259rbaycan t\u0259r\u0259fi h\u0259mi\u015f\u0259 ikit\u0259r\u0259fli m\u00fcnasib\u0259tl\u0259rin ir\u0259li apar\u0131lmas\u0131 \u00fc\u00e7\u00fcn s\u0259br v\u0259 t\u0259mkin n\u00fcmayi\u015f etdir\u0259r\u0259k, iki \u00f6lk\u0259 aras\u0131nda qar\u015f\u0131l\u0131ql\u0131 maraq do\u011furan m\u0259s\u0259l\u0259l\u0259r \u00fczr\u0259 t\u0259r\u0259fda\u015fl\u0131\u011f\u0131 davam etdirm\u0259k v\u0259 inki\u015faf etdirm\u0259k x\u0259ttini tutmu\u015fdur. Az\u0259rbaycan daha \u00e7ox AB\u015e-ni maraqland\u0131ran beyn\u0259lxalq t\u0259hl\u00fck\u0259sizlik m\u0259s\u0259l\u0259l\u0259ri \u00fczr\u0259 \u0259m\u0259kda\u015fl\u0131qda f\u0259al i\u015ftirak etmi\u015f, AB\u015e-nin xahi\u015fi il\u0259 NATO-nun \u0259m\u0259liyyatlar\u0131na t\u00f6hf\u0259 vermi\u015f v\u0259 h\u0259min \u0259m\u0259liyyatlarda l\u0259yaq\u0259tl\u0259 i\u015ftirak etmi\u015fdir. Bir s\u00f6zl\u0259, Az\u0259rbaycan t\u0259r\u0259fi AB\u015e il\u0259 iki \u00f6lk\u0259 xalqlar\u0131n\u0131n maraqlar\u0131na v\u0259 BMT Nizamnam\u0259sinin m\u0259qs\u0259d v\u0259 prinsipl\u0259rin\u0259 uy\u011fun olaraq mehriban m\u00fcnasib\u0259tl\u0259r qurmaq v\u0259 inki\u015faf etdirm\u0259k \u00fc\u00e7\u00fcn m\u0259suliyy\u0259tli v\u0259 konstruktiv \u015f\u0259kild\u0259 davranm\u0131\u015fd\u0131r.<\/p>\n<p>T\u0259\u0259ss\u00fcfl\u0259 qeyd etm\u0259k laz\u0131md\u0131r ki, Az\u0259rbaycan\u0131n m\u0259suliyy\u0259tli v\u0259 t\u0259mkinli davran\u0131\u015flar\u0131n\u0131n m\u00fcqabilind\u0259 AB\u015e m\u00fcst\u0259qilliyimizi b\u0259rpa etdiyimiz ilk g\u00fcnd\u0259n etibar\u0259n qeyri-konstruktiv davranm\u0131\u015fd\u0131r. B\u0259dnam 907-ci d\u00fcz\u0259li\u015fin q\u0259bul edilm\u0259si il\u0259 ba\u015flayan anti-Az\u0259rbaycan t\u0259dbirl\u0259rinin ard\u0131-aras\u0131 k\u0259silmir. Bu h\u0259min AB\u015e-dir ki, Xocal\u0131 soyq\u0131r\u0131m\u0131n\u0131n t\u00f6r\u0259dilm\u0259sind\u0259n, \u015eu\u015fan\u0131n, La\u00e7\u0131n\u0131n i\u015f\u011fal edilm\u0259sind\u0259n sonra Erm\u0259nistana deyil, Az\u0259rbaycana qar\u015f\u0131 sanksiya t\u0259tbiq etdi. AB\u015e son 30 ild\u0259 Az\u0259rbaycan xalq\u0131na qar\u015f\u0131 Erm\u0259nistan t\u0259r\u0259find\u0259n t\u00f6r\u0259dil\u0259n m\u00fcsib\u0259tl\u0259r\u0259, Az\u0259rbaycan \u0259razil\u0259rinin i\u015f\u011fal\u0131na, Erm\u0259nistan \u0259razisind\u0259n v\u0259 i\u015f\u011fal olunmu\u015f Az\u0259rbaycan torpaqlar\u0131ndan bir milyondan \u00e7ox az\u0259rbaycanl\u0131n\u0131n qovulmas\u0131na, Az\u0259rbaycan\u0131n m\u0259d\u0259ni irsinin k\u00fctl\u0259vi \u015f\u0259kild\u0259 da\u011f\u0131d\u0131lmas\u0131na, Az\u0259rbaycan\u0131n y\u00fczl\u0259rl\u0259 \u015f\u0259h\u0259r v\u0259 k\u0259ndinin viran qoyulmas\u0131na v\u0259 \u0259razil\u0259rimizd\u0259 milyonlarla minan\u0131n basd\u0131r\u0131lmas\u0131na g\u00f6z yummu\u015fdur. AB\u015e faktiki olaraq Erm\u0259nistan\u0131 i\u015f\u011fal v\u0259 etnik t\u0259mizl\u0259m\u0259ni davam etdirm\u0259y\u0259 t\u0259\u015fviq etmi\u015fdir.<\/p>\n<p>Az\u0259rbaycan \u00f6z \u0259razil\u0259rini Erm\u0259nistan\u0131n i\u015f\u011fal\u0131ndan azad ed\u0259r\u0259k m\u00fcnaqi\u015f\u0259ni h\u0259ll etdikd\u0259n sonra is\u0259 AB\u015e m\u00fcnaqi\u015f\u0259ni yenid\u0259n alovland\u0131rmaq \u00fc\u00e7\u00fcn h\u0259r\u0259k\u0259t\u0259 ke\u00e7mi\u015fdir. AB\u015e v\u0259 onun t\u0259\u015f\u0259bb\u00fcs\u00fc il\u0259 bir s\u0131ra dig\u0259r d\u00f6vl\u0259tl\u0259r Erm\u0259nistana b\u00f6y\u00fck m\u0259bl\u0259\u011fd\u0259 maliyy\u0259 yard\u0131m\u0131 ay\u0131rm\u0131\u015f, bunun say\u0259sind\u0259 Erm\u0259nistan\u0131n yenid\u0259n silahlanmas\u0131 t\u0259min edilmi\u015f v\u0259 bu \u00f6lk\u0259ni s\u00fclh dan\u0131\u015f\u0131qlar\u0131nda qeyri-konstruktiv m\u00f6vqe tutma\u011fa c\u0259sar\u0259tl\u0259ndirmi\u015fdir. AB\u015e, Avropa \u0130ttifaq\u0131 v\u0259 Erm\u0259nistan\u0131n 5 aprel 2024-c\u00fc ild\u0259 Br\u00fcsseld\u0259 ke\u00e7irdiyi g\u00f6r\u00fc\u015fd\u0259 faktiki olaraq Erm\u0259nistana yeni m\u00fcharib\u0259 tap\u015f\u0131r\u0131\u011f\u0131 verilmi\u015fdir. Bununla da AB\u015e C\u0259nubi Qafqaza geosiyasi r\u0259qab\u0259t g\u0259tirir, regionda ay\u0131r\u0131c\u0131 x\u0259ttl\u0259r yarad\u0131r.<\/p>\n<p>Bu kontekstd\u0259, AB\u015e Konqresi \u00fczvl\u0259rinin d\u00f6vl\u0259t katibi Entoni Blinken\u0259 etdiyi m\u00fcraci\u0259t bu \u00f6lk\u0259nin ikit\u0259r\u0259fli m\u00fcnasib\u0259tl\u0259rin r\u0259van \u015f\u0259kild\u0259 davam etdirilm\u0259sind\u0259 maraql\u0131 olmad\u0131\u011f\u0131n\u0131 g\u00f6st\u0259rir.<\/p>\n<p>Az\u0259rbaycan t\u0259r\u0259finin ikit\u0259r\u0259fli m\u00fcnasib\u0259tl\u0259ri davam etdirm\u0259k \u0259zmini qeyd etm\u0259kl\u0259 b\u0259rab\u0259r vur\u011fulamaq ist\u0259rdik ki, bu yaln\u0131z bir t\u0259r\u0259fin s\u0259yl\u0259ri il\u0259 m\u00fcmk\u00fcn deyil. Qar\u015f\u0131l\u0131ql\u0131l\u0131q prinsipini v\u0259 ikit\u0259r\u0259fli m\u00fcnasib\u0259tl\u0259ri m\u0259ntiqi m\u00fcst\u0259viy\u0259 qaytarmaq m\u0259qs\u0259dini \u0259sas g\u00f6t\u00fcr\u0259r\u0259k hesab edirik ki, AB\u015e t\u0259r\u0259finin s\u00f6z\u00fcged\u0259n add\u0131mlar\u0131na cavab verm\u0259yin vaxt\u0131 \u00e7atm\u0131\u015fd\u0131r. D\u00f6vl\u0259t Departamentini Az\u0259rbaycana v\u0259 onun Prezidentin\u0259 t\u0259zyiq g\u00f6st\u0259rm\u0259y\u0259 \u00e7a\u011f\u0131ran konqresmenl\u0259r\u0259 xat\u0131rlad\u0131r\u0131q ki, x\u00fcsusil\u0259 2020-ci ild\u0259n sonra ba\u015f ver\u0259n hadis\u0259l\u0259r bir daha onu g\u00f6st\u0259rdi ki, Az\u0259rbaycan he\u00e7 vaxt hans\u0131sa t\u0259zyiq\u0259, b\u00f6htana boyun \u0259ym\u0259yib v\u0259 he\u00e7 bir iftira, he\u00e7 bir h\u0259d\u0259 onun irad\u0259sin\u0259 z\u0259rr\u0259 q\u0259d\u0259r bel\u0259 t\u0259sir ed\u0259 bilm\u0259z. \u018fksin\u0259 bu kim \u0259m\u0259ll\u0259rl\u0259 AB\u015e Az\u0259rbaycan c\u0259miyy\u0259tind\u0259 onsuz da dib\u0259 en\u0259n n\u00fcfuzunu daha da itirir. Bizim bu m\u0259ktubumuz h\u0259m d\u0259 Az\u0259rbaycan xalq\u0131n\u0131n AB\u015e-nin ikili standartlar\u0131na, yalan\u00e7\u0131 d\u0259y\u0259rl\u0259rin\u0259 olan hidd\u0259tini ifad\u0259 edir. Regionun \u0259n g\u00fccl\u00fc d\u00f6vl\u0259tin\u0259 qar\u015f\u0131 bel\u0259 \u0259dal\u0259tsiz, g\u00fcl\u00fcnc ittihamlar, h\u0259d\u0259l\u0259r h\u0259m d\u0259 m\u0259ktuba imza atan konqresmenl\u0259rin s\u0259bats\u0131zl\u0131\u011f\u0131n\u0131 g\u00f6st\u0259rir.<\/p>\n<\/div>\n<div>\n<div class=\"form-group\"><img class=\"img-responsive\" src=\"https:\/\/cdn.musavat.com\/news\/images\/Gugu\/gugu2\/%D0%9D%D0%BE%D0%B2%D0%B0%D1%8F%D0%9F%D0%B0%D0%BF%D0%BA%D0%B0\/WhatsApp%20Image%202024-10-05%20at%2019.51.31.jpeg\" \/><\/div>\n<div class=\"form-group\"><img class=\"img-responsive\" src=\"https:\/\/cdn.musavat.com\/news\/images\/Gugu\/gugu2\/%D0%9D%D0%BE%D0%B2%D0%B0%D1%8F%D0%9F%D0%B0%D0%BF%D0%BA%D0%B0\/WhatsApp%20Image%202024-10-05%20at%2019.51.47.jpeg\" \/><\/div>\n<div class=\"form-group\"><img class=\"img-responsive\" src=\"https:\/\/cdn.musavat.com\/news\/images\/Gugu\/gugu2\/%D0%9D%D0%BE%D0%B2%D0%B0%D1%8F%D0%9F%D0%B0%D0%BF%D0%BA%D0%B0\/WhatsApp%20Image%202024-10-05%20at%2019.51.56.jpeg\" \/><\/div>\n<\/div>\n<div><\/div>\n<div class=\"inner-social-box\">\n<div class=\"subs-in-social subs-whatsapp\"><\/div>\n<\/div>\n","protected":false},"excerpt":{"rendered":"<p>Az\u0259rbaycan Respublikas\u0131 VII \u00e7a\u011f\u0131r\u0131\u015f Milli M\u0259clisinin bir qrup depuat\u0131 xarici i\u015fl\u0259r naziri Ceyhun Bayramova m\u00fcraci\u0259t edib. ARANTV.AZ m\u00fcraci\u0259ti t\u0259qdim edir. \u0130lk \u00f6nc\u0259 qeyd etm\u0259k ist\u0259rdik ki, Az\u0259rbaycan Respublikas\u0131n\u0131n Prezidenti c\u0259nab \u0130lham \u018fliyevin r\u0259hb\u0259rliyi alt\u0131nda \u00f6lk\u0259mizin \u0259razi b\u00fct\u00f6vl\u00fcy\u00fcn\u00fc v\u0259 suverenliyini b\u0259rpa etm\u0259si il\u0259 regionda uzunm\u00fcdd\u0259tli s\u00fclh v\u0259 sabitlik \u00fc\u00e7\u00fcn \u0259sas yaranm\u0131\u015fd\u0131r. Otuz illik i\u015f\u011fala v\u0259 haqs\u0131zl\u0131\u011fa son qoymu\u015f Az\u0259rbaycan t\u0259kc\u0259 \u00f6z milli maraqlar\u0131n\u0131 deyil, h\u0259m d\u0259 beyn\u0259lxalq h\u00fcququn aliliyini t\u0259min etmi\u015fdir. Yaranm\u0131\u015f bu v\u0259ziyy\u0259t \u00f6lk\u0259mizi \u00fcmumb\u0259\u015f\u0259ri probleml\u0259rin h\u0259llin\u0259 t\u00f6hf\u0259l\u0259rini daha f\u0259al \u015f\u0259kild\u0259 h\u0259yata ke\u00e7irm\u0259y\u0259 imkan yarad\u0131r. 2023-c\u00fc il sentyabr\u0131n 20-d\u0259 Az\u0259rbaycan\u0131n&hellip;<\/p>\n","protected":false},"author":2,"featured_media":758979,"comment_status":"closed","ping_status":"closed","sticky":false,"template":"","format":"standard","meta":{"om_disable_all_campaigns":false,"_monsterinsights_skip_tracking":false,"_monsterinsights_sitenote_active":false,"_monsterinsights_sitenote_note":"","_monsterinsights_sitenote_category":0},"categories":[4],"tags":[],"aioseo_notices":[],"gutentor_comment":0,"rttpg_featured_image_url":{"full":["https:\/\/arantv.az\/wp-content\/uploads\/2024\/10\/7bc689e0321633b5503e10c9e1e9e27f.jpg",870,500,false],"landscape":["https:\/\/arantv.az\/wp-content\/uploads\/2024\/10\/7bc689e0321633b5503e10c9e1e9e27f.jpg",870,500,false],"portraits":["https:\/\/arantv.az\/wp-content\/uploads\/2024\/10\/7bc689e0321633b5503e10c9e1e9e27f.jpg",870,500,false],"thumbnail":["https:\/\/arantv.az\/wp-content\/uploads\/2024\/10\/7bc689e0321633b5503e10c9e1e9e27f-500x280.jpg",500,280,true],"medium":["https:\/\/arantv.az\/wp-content\/uploads\/2024\/10\/7bc689e0321633b5503e10c9e1e9e27f-635x365.jpg",635,365,true],"large":["https:\/\/arantv.az\/wp-content\/uploads\/2024\/10\/7bc689e0321633b5503e10c9e1e9e27f-840x483.jpg",640,368,true],"1536x1536":["https:\/\/arantv.az\/wp-content\/uploads\/2024\/10\/7bc689e0321633b5503e10c9e1e9e27f.jpg",870,500,false],"2048x2048":["https:\/\/arantv.az\/wp-content\/uploads\/2024\/10\/7bc689e0321633b5503e10c9e1e9e27f.jpg",870,500,false],"post-thumbnail":["https:\/\/arantv.az\/wp-content\/uploads\/2024\/10\/7bc689e0321633b5503e10c9e1e9e27f-240x172.jpg",240,172,true],"advps-thumb-one":["https:\/\/arantv.az\/wp-content\/uploads\/2024\/10\/7bc689e0321633b5503e10c9e1e9e27f.jpg",870,500,false]},"rttpg_author":{"display_name":"V\u00fcsal Rafiqo\u011flu","author_link":"https:\/\/arantv.az\/?author=2"},"rttpg_comment":0,"rttpg_category":"<a href=\"https:\/\/arantv.az\/?cat=4\" rel=\"category\">Siyas\u0259t<\/a>","rttpg_excerpt":"Az\u0259rbaycan Respublikas\u0131 VII \u00e7a\u011f\u0131r\u0131\u015f Milli M\u0259clisinin bir qrup depuat\u0131 xarici i\u015fl\u0259r naziri Ceyhun Bayramova m\u00fcraci\u0259t edib. ARANTV.AZ m\u00fcraci\u0259ti t\u0259qdim edir. \u0130lk \u00f6nc\u0259 qeyd etm\u0259k ist\u0259rdik ki, Az\u0259rbaycan Respublikas\u0131n\u0131n Prezidenti c\u0259nab \u0130lham \u018fliyevin r\u0259hb\u0259rliyi alt\u0131nda \u00f6lk\u0259mizin \u0259razi b\u00fct\u00f6vl\u00fcy\u00fcn\u00fc v\u0259 suverenliyini b\u0259rpa etm\u0259si il\u0259 regionda uzunm\u00fcdd\u0259tli s\u00fclh v\u0259 sabitlik \u00fc\u00e7\u00fcn \u0259sas yaranm\u0131\u015fd\u0131r. Otuz illik i\u015f\u011fala v\u0259 haqs\u0131zl\u0131\u011fa&hellip;","_links":{"self":[{"href":"https:\/\/arantv.az\/index.php?rest_route=\/wp\/v2\/posts\/758978"}],"collection":[{"href":"https:\/\/arantv.az\/index.php?rest_route=\/wp\/v2\/posts"}],"about":[{"href":"https:\/\/arantv.az\/index.php?rest_route=\/wp\/v2\/types\/post"}],"author":[{"embeddable":true,"href":"https:\/\/arantv.az\/index.php?rest_route=\/wp\/v2\/users\/2"}],"replies":[{"embeddable":true,"href":"https:\/\/arantv.az\/index.php?rest_route=%2Fwp%2Fv2%2Fcomments&post=758978"}],"version-history":[{"count":1,"href":"https:\/\/arantv.az\/index.php?rest_route=\/wp\/v2\/posts\/758978\/revisions"}],"predecessor-version":[{"id":758980,"href":"https:\/\/arantv.az\/index.php?rest_route=\/wp\/v2\/posts\/758978\/revisions\/758980"}],"wp:featuredmedia":[{"embeddable":true,"href":"https:\/\/arantv.az\/index.php?rest_route=\/wp\/v2\/media\/758979"}],"wp:attachment":[{"href":"https:\/\/arantv.az\/index.php?rest_route=%2Fwp%2Fv2%2Fmedia&parent=758978"}],"wp:term":[{"taxonomy":"category","embeddable":true,"href":"https:\/\/arantv.az\/index.php?rest_route=%2Fwp%2Fv2%2Fcategories&post=758978"},{"taxonomy":"post_tag","embeddable":true,"href":"https:\/\/arantv.az\/index.php?rest_route=%2Fwp%2Fv2%2Ftags&post=758978"}],"curies":[{"name":"wp","href":"https:\/\/api.w.org\/{rel}","templated":true}]}}