{"id":758981,"date":"2024-10-05T20:06:11","date_gmt":"2024-10-05T16:06:11","guid":{"rendered":"https:\/\/arantv.az\/?p=758981"},"modified":"2024-10-05T20:06:11","modified_gmt":"2024-10-05T16:06:11","slug":"baki-t%c9%99s%c9%99bbus-qrupu-beyn%c9%99lxalq-frankofoniya-t%c9%99skilatina-cagiris-edib","status":"publish","type":"post","link":"https:\/\/arantv.az\/?p=758981","title":{"rendered":"Bak\u0131 T\u0259\u015f\u0259bb\u00fcs Qrupu Beyn\u0259lxalq Frankofoniya T\u0259\u015fkilat\u0131na \u00e7a\u011f\u0131r\u0131\u015f edib"},"content":{"rendered":"<div class=\"text-content\" data-id=\"\" data-url=\"\">\n<p><strong>Fransan\u0131n Villers-Cotter\u00eats v\u0259 Paris \u015f\u0259h\u0259rl\u0259rind\u0259 ke\u00e7iril\u0259n Beyn\u0259lxalq Frankofoniya T\u0259\u015fkilat\u0131n\u0131n Zirv\u0259 g\u00f6r\u00fc\u015f\u00fc \u00e7\u0259r\u00e7iv\u0259sind\u0259 Fransan\u0131n birba\u015fa d\u0259st\u0259yi il\u0259 Az\u0259rbaycan \u0259leyhin\u0259 birt\u0259r\u0259fli, q\u0259r\u0259zli v\u0259 t\u0259hrifl\u0259rl\u0259 dolu t\u0259hrik\u00e7i ifad\u0259l\u0259rin oldu\u011fu s\u0259n\u0259dl\u0259r q\u0259bul edilib.<\/strong><\/p>\n<p>M\u0259d\u0259niyy\u0259t profilli qurum olan Beyn\u0259lxalq Frankofoniya T\u0259\u015fkilat\u0131n\u0131n ona \u00fczv olmayan suveren \u00f6lk\u0259 \u0259leyhin\u0259 v\u0259 \u00fcmumiyy\u0259tl\u0259, mandat\u0131ndan k\u0259nar m\u00f6vzuya dair s\u0259n\u0259dl\u0259r q\u0259bul etm\u0259si bu t\u0259\u015fkilat\u0131n n\u00fcfuzuna ciddi x\u0259l\u0259l g\u0259tirm\u0259kl\u0259 yana\u015f\u0131, onun Fransa t\u0259r\u0259find\u0259n dig\u0259r d\u00f6vl\u0259tl\u0259r\u0259 qar\u015f\u0131 t\u0259zyiq vasit\u0259si kimi istifad\u0259 olundu\u011funu, siyasi al\u0259t rolunu oynad\u0131\u011f\u0131n\u0131 n\u00fcmayi\u015f etdirir.<\/p>\n<p><strong>ARANTV.AZ <\/strong>\u00a0x\u0259b\u0259r verir ki, bu fikirl\u0259r Bak\u0131 T\u0259\u015f\u0259bb\u00fcs Qrupunun b\u0259yanat\u0131nda bildirilib.<\/p>\n<p>Qeyd olunub ki, beyn\u0259lxalq h\u00fcquqa h\u00f6rm\u0259t \u00e7\u0259r\u00e7iv\u0259sind\u0259 d\u00fcnyada dekolonizasiya prosesinin ir\u0259lil\u0259dilm\u0259si v\u0259 (neo) m\u00fcst\u0259ml\u0259k\u0259\u00e7ilikl\u0259 m\u00fcbariz\u0259 sah\u0259sind\u0259 f\u0259aliyy\u0259t g\u00f6st\u0259r\u0259n Bak\u0131 T\u0259\u015f\u0259bb\u00fcs Qrupu Beyn\u0259lxalq Frankofoniya T\u0259\u015fkilat\u0131na frans\u0131z \u0259sar\u0259ti alt\u0131nda olan d\u0259niza\u015f\u0131r\u0131 \u0259razil\u0259rd\u0259 Fransa h\u00f6kum\u0259ti t\u0259r\u0259find\u0259n t\u00f6r\u0259dil\u0259n cinay\u0259tl\u0259r\u0259 diqq\u0259t yetirm\u0259sin\u0259 \u00e7a\u011f\u0131r\u0131\u015f edir.<\/p>\n<p>Bak\u0131 T\u0259\u015f\u0259bb\u00fcs Qrupu xat\u0131rlad\u0131r ki, Kanakid\u0259 (Yeni Kaledoniya) kanak xalq\u0131n\u0131n h\u00fcquq v\u0259 azadl\u0131qlar\u0131n\u0131n Fransa h\u00f6kum\u0259ti t\u0259r\u0259find\u0259n kobudcas\u0131na pozulmas\u0131na etiraz m\u0259qs\u0259dil\u0259 ke\u00e7iril\u0259n dinc etiraz aksiyalar\u0131na cavab olaraq 10-dan art\u0131q m\u00fclki \u015f\u0259xs Fransa t\u0259hl\u00fck\u0259sizlik q\u00fcvv\u0259l\u0259ri t\u0259r\u0259find\u0259n q\u0259tl\u0259 yetirilib, y\u00fczl\u0259rl\u0259 \u015f\u0259xs h\u0259bs edilib. Aksiyalar\u0131n 10-a yax\u0131n i\u015ftirak\u00e7\u0131s\u0131 siyasi m\u0259hbus kimi Fransa metropoliyas\u0131n\u0131n h\u0259bsxanalar\u0131nda t\u0259zyiql\u0259r\u0259 m\u0259ruz qal\u0131r.<\/p>\n<p>Fransa h\u00f6kum\u0259ti Mao`hi Nui-d\u0259 (Frans\u0131z Polineziyas\u0131) azadl\u0131q v\u0259 yerli ad\u0259t-\u0259n\u0259n\u0259l\u0259rin s\u0259si olan \u201cTefana Radio\u201dsunun h\u0259r v\u0259chl\u0259 ba\u011flanmas\u0131na \u00e7al\u0131\u015f\u0131r.<\/p>\n<p>Fransa Korsika adas\u0131nda d\u00f6vl\u0259t m\u00fc\u0259ssis\u0259l\u0259rind\u0259 Korsika dilinin istifad\u0259si qada\u011fan edir.<\/p>\n<p>Fransa h\u00f6kum\u0259ti qeyri-qanuni \u015f\u0259kild\u0259 ilhaq etdiyi Q\u0259m\u0259rin Mayot adas\u0131nda Balladur vizas\u0131 t\u0259tbiq edir, Mayotun Q\u0259m\u0259rin dig\u0259r qarda\u015f adalar\u0131 il\u0259 \u0259laq\u0259 saxlamas\u0131n\u0131n qar\u015f\u0131s\u0131n\u0131 al\u0131r v\u0259 bununla da Mayotun yerli xalq\u0131n\u0131n \u00f6z m\u0259d\u0259niyy\u0259tini, dilini v\u0259 ad\u0259t-\u0259n\u0259n\u0259sini unutma\u011fa v\u0259 Fransa m\u0259d\u0259niyy\u0259tinin qaydalar\u0131 il\u0259 ya\u015fama\u011fa m\u0259cbur edir.<\/p>\n<p>&#8211; Fransa h\u00f6kum\u0259ti Frans\u0131z Qvianas\u0131, Martinika v\u0259 Qvadelupada assimilyasiya siyas\u0259tini t\u0259tbiq ed\u0259r\u0259k yerli dill\u0259ri ikinci plana at\u0131r v\u0259 aborigen u\u015faqlara yerli tarixi, co\u011frafiyas\u0131n\u0131, m\u0259d\u0259niyy\u0259tini n\u0259z\u0259r\u0259 almayan Fransan\u0131n t\u0259dris sistemi \u00fczr\u0259 t\u0259hsil alma\u011fa m\u0259cbur edir.<\/p>\n<p>Bu, Fransan\u0131n d\u0259niza\u015f\u0131r\u0131 \u0259razil\u0259rind\u0259 t\u00f6r\u0259tdiyi v\u0259 bu g\u00fcn d\u0259 t\u00f6r\u0259tm\u0259y\u0259 davam etdiyi says\u0131z-hesabs\u0131z cinay\u0259tl\u0259rinin ki\u00e7ik siyah\u0131s\u0131d\u0131r.<\/p>\n<p>Fransa ke\u00e7mi\u015f v\u0259 indiki m\u00fcst\u0259ml\u0259k\u0259l\u0259rind\u0259 m\u0259qs\u0259dli \u015f\u0259kild\u0259 milli kimliyin m\u0259hv edilm\u0259si siyas\u0259ti y\u00fcr\u00fcd\u00fcr v\u0259 t\u0259\u0259ss\u00fcf ki, b\u00f6y\u00fck \u00f6l\u00e7\u00fcd\u0259 buna nail olmu\u015fdur.<\/p>\n<p>Yuxar\u0131da qeyd olunanlar\u0131 n\u0259z\u0259r\u0259 alaraq Bak\u0131 T\u0259\u015f\u0259bb\u00fcs Qrupu Beyn\u0259lxalq Frankofoniya T\u0259\u015fkilat\u0131na a\u015fa\u011f\u0131dak\u0131 \u00e7a\u011f\u0131r\u0131\u015flar\u0131 edir:<\/p>\n<p>&#8211; Beyn\u0259lxalq Frankofoniya T\u0259\u015fkilat\u0131n\u0131n Ba\u015f katibi t\u0259r\u0259find\u0259n Fransa H\u00f6kum\u0259tinin bu cinay\u0259tl\u0259rini pisl\u0259y\u0259n b\u0259yanat\u0131n verilm\u0259si;<\/p>\n<p>&#8211; Beyn\u0259lxalq Frankofoniya T\u0259\u015fkilat\u0131n\u0131n Zirv\u0259 g\u00f6r\u00fc\u015f\u00fc zaman\u0131 Fransan\u0131n t\u00f6r\u0259tdiyi cinay\u0259tl\u0259rl\u0259 \u0259laq\u0259dar x\u00fcsusi sessiyan\u0131n ke\u00e7irilm\u0259si;<\/p>\n<p>&#8211; Fransan\u0131n \u0259sar\u0259ti alt\u0131nda qalma\u011fa davam ed\u0259n \u0259razil\u0259rd\u0259 t\u00f6r\u0259dil\u0259n cinay\u0259tl\u0259rl\u0259 \u0259laq\u0259dar x\u00fcsusi ara\u015fd\u0131rma komissiyas\u0131n\u0131n g\u00f6nd\u0259rilm\u0259si; Komissiya t\u0259r\u0259find\u0259n t\u0259rtib edil\u0259c\u0259k hesabat\u0131n BMT-nin dekolonizasiya \u00fczr\u0259 x\u00fcsusi komit\u0259sin\u0259 t\u0259qdim edilm\u0259si. Bak\u0131 T\u0259\u015f\u0259bb\u00fcs Qrupu \u0259razil\u0259r\u0259 g\u00f6nd\u0259ril\u0259c\u0259k komissiyan\u0131n i\u015fin\u0259 ekspert d\u0259st\u0259yi verm\u0259y\u0259 haz\u0131rd\u0131r.<\/p>\n<p>&#8211; Fransa koloniyalar\u0131nda d\u00f6vl\u0259t orqanlar\u0131nda, r\u0259smi yaz\u0131\u015fmalarda, m\u0259hk\u0259m\u0259l\u0259rd\u0259 v\u0259 s. ictimai yerl\u0259rd\u0259 frans\u0131z dilinin m\u0259cburi istifad\u0259sind\u0259n imtinaya dair Fransa h\u00f6kum\u0259tin\u0259 \u00e7a\u011f\u0131r\u0131\u015f etm\u0259si.<\/p>\n<\/div>\n<div><\/div>\n<div><\/div>\n<div class=\"inner-social-box\">\n<div class=\"subs-in-social subs-whatsapp\"><\/div>\n<\/div>\n","protected":false},"excerpt":{"rendered":"<p>Fransan\u0131n Villers-Cotter\u00eats v\u0259 Paris \u015f\u0259h\u0259rl\u0259rind\u0259 ke\u00e7iril\u0259n Beyn\u0259lxalq Frankofoniya T\u0259\u015fkilat\u0131n\u0131n Zirv\u0259 g\u00f6r\u00fc\u015f\u00fc \u00e7\u0259r\u00e7iv\u0259sind\u0259 Fransan\u0131n birba\u015fa d\u0259st\u0259yi il\u0259 Az\u0259rbaycan \u0259leyhin\u0259 birt\u0259r\u0259fli, q\u0259r\u0259zli v\u0259 t\u0259hrifl\u0259rl\u0259 dolu t\u0259hrik\u00e7i ifad\u0259l\u0259rin oldu\u011fu s\u0259n\u0259dl\u0259r q\u0259bul edilib. M\u0259d\u0259niyy\u0259t profilli qurum olan Beyn\u0259lxalq Frankofoniya T\u0259\u015fkilat\u0131n\u0131n ona \u00fczv olmayan suveren \u00f6lk\u0259 \u0259leyhin\u0259 v\u0259 \u00fcmumiyy\u0259tl\u0259, mandat\u0131ndan k\u0259nar m\u00f6vzuya dair s\u0259n\u0259dl\u0259r q\u0259bul etm\u0259si bu t\u0259\u015fkilat\u0131n n\u00fcfuzuna ciddi x\u0259l\u0259l g\u0259tirm\u0259kl\u0259 yana\u015f\u0131, onun Fransa t\u0259r\u0259find\u0259n dig\u0259r d\u00f6vl\u0259tl\u0259r\u0259 qar\u015f\u0131 t\u0259zyiq vasit\u0259si kimi istifad\u0259 olundu\u011funu, siyasi al\u0259t rolunu oynad\u0131\u011f\u0131n\u0131 n\u00fcmayi\u015f etdirir. ARANTV.AZ \u00a0x\u0259b\u0259r verir ki, bu fikirl\u0259r Bak\u0131 T\u0259\u015f\u0259bb\u00fcs Qrupunun b\u0259yanat\u0131nda bildirilib. Qeyd olunub ki, beyn\u0259lxalq&hellip;<\/p>\n","protected":false},"author":2,"featured_media":758982,"comment_status":"closed","ping_status":"closed","sticky":false,"template":"","format":"standard","meta":{"om_disable_all_campaigns":false,"_monsterinsights_skip_tracking":false,"_monsterinsights_sitenote_active":false,"_monsterinsights_sitenote_note":"","_monsterinsights_sitenote_category":0},"categories":[4],"tags":[],"aioseo_notices":[],"gutentor_comment":0,"rttpg_featured_image_url":{"full":["https:\/\/arantv.az\/wp-content\/uploads\/2024\/10\/ede37972a3640823ccc711665d6e9f34.jpg",870,500,false],"landscape":["https:\/\/arantv.az\/wp-content\/uploads\/2024\/10\/ede37972a3640823ccc711665d6e9f34.jpg",870,500,false],"portraits":["https:\/\/arantv.az\/wp-content\/uploads\/2024\/10\/ede37972a3640823ccc711665d6e9f34.jpg",870,500,false],"thumbnail":["https:\/\/arantv.az\/wp-content\/uploads\/2024\/10\/ede37972a3640823ccc711665d6e9f34-500x280.jpg",500,280,true],"medium":["https:\/\/arantv.az\/wp-content\/uploads\/2024\/10\/ede37972a3640823ccc711665d6e9f34-635x365.jpg",635,365,true],"large":["https:\/\/arantv.az\/wp-content\/uploads\/2024\/10\/ede37972a3640823ccc711665d6e9f34-840x483.jpg",640,368,true],"1536x1536":["https:\/\/arantv.az\/wp-content\/uploads\/2024\/10\/ede37972a3640823ccc711665d6e9f34.jpg",870,500,false],"2048x2048":["https:\/\/arantv.az\/wp-content\/uploads\/2024\/10\/ede37972a3640823ccc711665d6e9f34.jpg",870,500,false],"post-thumbnail":["https:\/\/arantv.az\/wp-content\/uploads\/2024\/10\/ede37972a3640823ccc711665d6e9f34-240x172.jpg",240,172,true],"advps-thumb-one":["https:\/\/arantv.az\/wp-content\/uploads\/2024\/10\/ede37972a3640823ccc711665d6e9f34.jpg",870,500,false]},"rttpg_author":{"display_name":"V\u00fcsal Rafiqo\u011flu","author_link":"https:\/\/arantv.az\/?author=2"},"rttpg_comment":0,"rttpg_category":"<a href=\"https:\/\/arantv.az\/?cat=4\" rel=\"category\">Siyas\u0259t<\/a>","rttpg_excerpt":"Fransan\u0131n Villers-Cotter\u00eats v\u0259 Paris \u015f\u0259h\u0259rl\u0259rind\u0259 ke\u00e7iril\u0259n Beyn\u0259lxalq Frankofoniya T\u0259\u015fkilat\u0131n\u0131n Zirv\u0259 g\u00f6r\u00fc\u015f\u00fc \u00e7\u0259r\u00e7iv\u0259sind\u0259 Fransan\u0131n birba\u015fa d\u0259st\u0259yi il\u0259 Az\u0259rbaycan \u0259leyhin\u0259 birt\u0259r\u0259fli, q\u0259r\u0259zli v\u0259 t\u0259hrifl\u0259rl\u0259 dolu t\u0259hrik\u00e7i ifad\u0259l\u0259rin oldu\u011fu s\u0259n\u0259dl\u0259r q\u0259bul edilib. M\u0259d\u0259niyy\u0259t profilli qurum olan Beyn\u0259lxalq Frankofoniya T\u0259\u015fkilat\u0131n\u0131n ona \u00fczv olmayan suveren \u00f6lk\u0259 \u0259leyhin\u0259 v\u0259 \u00fcmumiyy\u0259tl\u0259, mandat\u0131ndan k\u0259nar m\u00f6vzuya dair s\u0259n\u0259dl\u0259r q\u0259bul etm\u0259si bu t\u0259\u015fkilat\u0131n n\u00fcfuzuna ciddi&hellip;","_links":{"self":[{"href":"https:\/\/arantv.az\/index.php?rest_route=\/wp\/v2\/posts\/758981"}],"collection":[{"href":"https:\/\/arantv.az\/index.php?rest_route=\/wp\/v2\/posts"}],"about":[{"href":"https:\/\/arantv.az\/index.php?rest_route=\/wp\/v2\/types\/post"}],"author":[{"embeddable":true,"href":"https:\/\/arantv.az\/index.php?rest_route=\/wp\/v2\/users\/2"}],"replies":[{"embeddable":true,"href":"https:\/\/arantv.az\/index.php?rest_route=%2Fwp%2Fv2%2Fcomments&post=758981"}],"version-history":[{"count":2,"href":"https:\/\/arantv.az\/index.php?rest_route=\/wp\/v2\/posts\/758981\/revisions"}],"predecessor-version":[{"id":758984,"href":"https:\/\/arantv.az\/index.php?rest_route=\/wp\/v2\/posts\/758981\/revisions\/758984"}],"wp:featuredmedia":[{"embeddable":true,"href":"https:\/\/arantv.az\/index.php?rest_route=\/wp\/v2\/media\/758982"}],"wp:attachment":[{"href":"https:\/\/arantv.az\/index.php?rest_route=%2Fwp%2Fv2%2Fmedia&parent=758981"}],"wp:term":[{"taxonomy":"category","embeddable":true,"href":"https:\/\/arantv.az\/index.php?rest_route=%2Fwp%2Fv2%2Fcategories&post=758981"},{"taxonomy":"post_tag","embeddable":true,"href":"https:\/\/arantv.az\/index.php?rest_route=%2Fwp%2Fv2%2Ftags&post=758981"}],"curies":[{"name":"wp","href":"https:\/\/api.w.org\/{rel}","templated":true}]}}